{"id":1658,"date":"2009-03-26T16:10:20","date_gmt":"2009-03-26T15:10:20","guid":{"rendered":"http:\/\/www.article-marketing.eu\/comunicati\/senza-categoria\/mautica-charter-vacanza-in-barca-e-vela-isole-eoile\/"},"modified":"2018-06-04T20:14:17","modified_gmt":"2018-06-04T18:14:17","slug":"mautica-charter-vacanza-in-barca-e-vela-isole-eoile","status":"publish","type":"post","link":"https:\/\/www.article-marketing.eu\/comunicati\/viaggi-e-vacanze\/viaggi-e-turismo\/mautica-charter-vacanza-in-barca-e-vela-isole-eoile\/","title":{"rendered":"Mautica Charter Vacanza in barca e vela Isole Eoile"},"content":{"rendered":"<p>Mautica Charter \u00e9 l&#8217;amore per il mare!<\/p>\n<p>http:\/\/www.mauticacharter.com\/rotte_tirreno.asp?IDr=51<\/p>\n<p>Anni di lavoro e amore per questo mondo ci hanno consentito di sviluppare un servizio capace di soddisfare le esigenze di tutti i nostri Clienti, garantendo sempre professionalit\u00e0 e disponibilit\u00e0 a 360\u00b0 nel noleggio di barche a vela e a motore con o senza skipper.<\/p>\n<p>VACANZA IN BARCA alle Isole EOLIE<\/p>\n<p>Sicilia , Isole Eolie<\/p>\n<p>Le isole Eolie sono situate a Nord-Est della Sicilia in un angolo di paradiso , sono le sette meraviglie del Mediterraneo, un paradiso in cui convivono colori e sapori naturali , bagnati in un mare azzurrissimo.<\/p>\n<p>Le Eolie ospitano 5 Riserve Naturali Orientate, 2 Riserve Naturali Integrali, 8 Siti d\u2019Importanza Comunitaria, sono state nominate patrimonio dell\u2019 umanit\u00e0dall&#8217; UNESCO.<\/p>\n<p>Panarea, Lipari, Stromboli, Salina, Vulcano, Filicudi, Alicudi, sono le sette isole di origine vulcanica, le varie eruzioni che si sono alternate nei secoli hanno fatto si che si creasse un paesaggio particolarmente affascinante e selvaggio caratterizzato da&nbsp; suggestivi angoli costieri dove si sono generate naturalmente grotte, scogliere, obelischi, faraglioni, lisce pareti, spiagge nere circondate da un mare di grande attrattiva faunistica; <\/p>\n<p>ancora oggi troviamo vulcani attivi, antichi crateri, spiagge fossili, sorgenti termali ..un vero paradiso alla portata di tutti..<\/p>\n<p>La vacanza in barca ti concede il privilegio assoluto di scoprire questi angoli naturali e godere dell&#8217;assoluto silenzio rotto solo dal rumore del mare,<\/p>\n<p>Panarea: <\/p>\n<p>&nbsp;<\/p>\n<p>\u00e8 tra le piu\u2019 piccole delle Eolie , misura solo 3,4 km\u00b2, senza considerare tutti i vari atolli che la circondano e che contribuiscono ad accrescere la bellezza del paesaggio , L&#8217;approdo pi\u00f9 importante e scalo commerciale e turistico \u00e8 nella localit\u00e0 San Pietro, la principale contrada dove si concentra l&#8217;odierno abitato. A livello storico Panarea \u00e8 testimone di secoli e secoli di vita, a partire dall\u2019et\u00e0 preistorica, \u00e8 sicuramente la piu\u2019 turistica tra le varie isole e dispone di tutti i confort&nbsp; utili al turista.<\/p>\n<p>Vulcano: <\/p>\n<p>&nbsp;<\/p>\n<p>(frazione di Lipari ) \u00e8 un&#8217;isola di 21 km\u00b2, pare si sia originata dalla fusione di piu\u2019 vulcani, ancor oggi attivi che si manifestano attraverso : fumarole, getti di vapore e per&nbsp; la presenza di fanghi sulfurei dalle apprezzate propriet\u00e0 terapeutiche.&nbsp; \u00c8 una tra le isole piu\u2019 selvagge poco indicata per chi \u00e8 alla ricerca di tutte le comodit\u00e0!<\/p>\n<p>Stromboli: <\/p>\n<p>una delle isole piu\u2019 tranquille, il posto ideale per famiglie o per chi vuole stare in totale relax solo a contatto con la natura, \u00e8 ricco di&nbsp; piccole oasi di spiagge dove fare il bagno indisturbati , nei pressi di Stromboli si trova lo scoglio di Strombolicchio, residuo dell&#8217;antico camino vulcanico,&nbsp; su questo atollo vi \u00e8&nbsp; un faro della Marina attivo ma disabitato, spesso le imbarcazioni&nbsp; lo raggiungono per permettere ai turisti per fare il bagno.<\/p>\n<p>&nbsp;<\/p>\n<p>Lipari:<\/p>\n<p>\u00e8 la piu\u2019 grande dell\u2019isola 37,6 km\u00b2,dotata di centri commerciali, poste, banche, bancomat, ristoranti, ecc.. questa \u00e8 avvolta da secoli e secoli di stroria ha visto nel corso dei secoli la successione di parecchie culture, considerando che tra i primi abitanti vi \u00e8 l\u2019uomo preistorico, si puo\u2019 considerare un vero proprio museo a cielo aperto, ricco di tracce del passato.<\/p>\n<p>&nbsp;<\/p>\n<p>Alicudi:<\/p>\n<p>circa 6 km\u00b2, \u00e8 costituita da piccolo molo dove attraccano traghetti ed aliscafi, il mare \u00e8 accessibile solamente tramite scogli o spiaggette di sassi., \u00e8 bellissima percorrerla a piedi in cui \u00e8 impossibile non imbattersi nei mille colori offerti da agavi, fichi d&#8217;india, capperi in fiore, bouganville rosse, rosa, viola, arancio e, naturalmente, eriche, la parte alta dell\u2019isola \u00e8 invece caratterizzata da una flora differente che ricorda quella di un bosco. <\/p>\n<p>&nbsp;<\/p>\n<p>&nbsp;Filicudi:<\/p>\n<p>\u00e8 un&#8217;isola di 9,7 km\u00b2, costituita da due porti: quello dove approdano quasi tutte le navi, i traghetti e gli aliscafi,che&nbsp; \u00e8 naturalmente la zona pi\u00f9 frequentata e &quot;commerciale&quot; dell&#8217;Isola , ed uno piu\u2019 piccolino definito di emergenza per giornate in cui si presentano condizioni metereologiche negative:\u201d Percorino mare\u201d, sono molteplici i luoghi d\u2019interesse da visitare: la sede del Museo Eoliano in localit\u00e0 porto, il villaggio neolitico sul promontorio di Capo Graziano, le Macine, accessibili dalla mulattiera che conduce al villaggio neolitico, la Grotta del Bue Marino, lo scoglio del Giafante: uno scoglio basaltico a nord dell&#8217;isola che si erge dal mare ed ha una forma che ricorda vagamente un elefante, da cui il nome in siciliano &quot;Giafante&quot;, \u00e9 il risultato di una eruzione vulcanica, della quale \u00e8 rimasta soltanto la colonna lavica centrale, la sede del Museo Eoliano in localit\u00e0 porto ecc..<\/p>\n<p>Salina: <\/p>\n<p>&nbsp;misura 26,8 km\u00b2 ed \u00e8 la seconda per estensione e per popolazione dopo Lipari, di una bellezza indefinibile per arte, storia, archeologia, colori e sapori \u00e8 una tra le isole Eolie piu\u2019 belle che meritano di essere visitate.<\/p>\n<p>&nbsp;<\/p>\n<p>&nbsp;<\/p>\n<p>&nbsp;<\/p>\n<p>&nbsp;<\/p>\n<p><\/p>\n<p>&nbsp;<\/p>\n","protected":false},"excerpt":{"rendered":"<p>MAUTICA CHARTER<br \/>\nSiamo operativi nell\u2019Adriatico centrale e Tirreno, inoltre sviluppiamo una rete di partnership in tutto il Mediterraneo con armatori, societ\u00e0 e privati di cui garantiamo la massima efficienza e con i quali condividiamo l\u2019etica aziendale( qualit\u00e0 del servizio, delle \u2019imbarcazioni) e l\u2019etica del mare (rispetto delle acque e sano divertimento)<\/p>\n","protected":false},"author":10,"featured_media":0,"comment_status":"open","ping_status":"open","sticky":false,"template":"","format":"standard","meta":{"cybocfi_hide_featured_image":"","footnotes":""},"categories":[2],"tags":[1234,1082,5422,1736,5415,712,2948,5416,1086],"class_list":["post-1658","post","type-post","status-publish","format-standard","hentry","category-viaggi-e-turismo","tag-catamarano","tag-corsica","tag-croazia-barche-a-vela","tag-eolie","tag-motore","tag-noleggio","tag-nolo","tag-ponza","tag-sardegna"],"yoast_head":"<!-- This site is optimized with the Yoast SEO plugin v27.0 - https:\/\/yoast.com\/product\/yoast-seo-wordpress\/ -->\n<title>Mautica Charter Vacanza in barca e vela Isole Eoile - Article Marketing<\/title>\n<meta name=\"robots\" content=\"index, follow, max-snippet:-1, max-image-preview:large, max-video-preview:-1\" \/>\n<link rel=\"canonical\" href=\"https:\/\/www.article-marketing.eu\/comunicati\/viaggi-e-vacanze\/viaggi-e-turismo\/mautica-charter-vacanza-in-barca-e-vela-isole-eoile\/\" \/>\n<meta property=\"og:locale\" content=\"it_IT\" \/>\n<meta property=\"og:type\" content=\"article\" \/>\n<meta property=\"og:title\" content=\"Mautica Charter Vacanza in barca e vela Isole Eoile - Article Marketing\" \/>\n<meta property=\"og:description\" content=\"MAUTICA CHARTER Siamo operativi nell\u2019Adriatico centrale e Tirreno, inoltre sviluppiamo una rete di partnership in tutto il Mediterraneo con armatori, societ\u00e0 e privati di cui garantiamo la massima efficienza e con i quali condividiamo l\u2019etica aziendale( qualit\u00e0 del servizio, delle \u2019imbarcazioni) e l\u2019etica del mare (rispetto delle acque e sano divertimento)\" \/>\n<meta property=\"og:url\" content=\"https:\/\/www.article-marketing.eu\/comunicati\/viaggi-e-vacanze\/viaggi-e-turismo\/mautica-charter-vacanza-in-barca-e-vela-isole-eoile\/\" \/>\n<meta property=\"og:site_name\" content=\"Article Marketing\" \/>\n<meta property=\"article:published_time\" content=\"2009-03-26T15:10:20+00:00\" \/>\n<meta property=\"article:modified_time\" content=\"2018-06-04T18:14:17+00:00\" \/>\n<meta name=\"author\" content=\"Redazione Comunicati Stampa\" \/>\n<meta name=\"twitter:card\" content=\"summary_large_image\" \/>\n<meta name=\"twitter:label1\" content=\"Scritto da\" \/>\n\t<meta name=\"twitter:data1\" content=\"Redazione Comunicati Stampa\" \/>\n\t<meta name=\"twitter:label2\" content=\"Tempo di lettura stimato\" \/>\n\t<meta name=\"twitter:data2\" content=\"4 minuti\" \/>\n<script type=\"application\/ld+json\" class=\"yoast-schema-graph\">{\"@context\":\"https:\/\/schema.org\",\"@graph\":[{\"@type\":\"Article\",\"@id\":\"https:\/\/www.article-marketing.eu\/comunicati\/viaggi-e-vacanze\/viaggi-e-turismo\/mautica-charter-vacanza-in-barca-e-vela-isole-eoile\/#article\",\"isPartOf\":{\"@id\":\"https:\/\/www.article-marketing.eu\/comunicati\/viaggi-e-vacanze\/viaggi-e-turismo\/mautica-charter-vacanza-in-barca-e-vela-isole-eoile\/\"},\"author\":{\"name\":\"Redazione Comunicati Stampa\",\"@id\":\"https:\/\/www.article-marketing.eu\/comunicati\/#\/schema\/person\/44372e4d4d0fa797b18e03ed1ace9017\"},\"headline\":\"Mautica Charter Vacanza in barca e vela Isole Eoile\",\"datePublished\":\"2009-03-26T15:10:20+00:00\",\"dateModified\":\"2018-06-04T18:14:17+00:00\",\"mainEntityOfPage\":{\"@id\":\"https:\/\/www.article-marketing.eu\/comunicati\/viaggi-e-vacanze\/viaggi-e-turismo\/mautica-charter-vacanza-in-barca-e-vela-isole-eoile\/\"},\"wordCount\":771,\"commentCount\":0,\"keywords\":[\"catamarano\",\"Corsica\",\"Croazia barche a vela\",\"eolie\",\"motore\",\"noleggio\",\"nolo\",\"ponza\",\"sardegna\"],\"articleSection\":[\"Viaggi e Turismo\"],\"inLanguage\":\"it-IT\",\"potentialAction\":[{\"@type\":\"CommentAction\",\"name\":\"Comment\",\"target\":[\"https:\/\/www.article-marketing.eu\/comunicati\/viaggi-e-vacanze\/viaggi-e-turismo\/mautica-charter-vacanza-in-barca-e-vela-isole-eoile\/#respond\"]}]},{\"@type\":\"WebPage\",\"@id\":\"https:\/\/www.article-marketing.eu\/comunicati\/viaggi-e-vacanze\/viaggi-e-turismo\/mautica-charter-vacanza-in-barca-e-vela-isole-eoile\/\",\"url\":\"https:\/\/www.article-marketing.eu\/comunicati\/viaggi-e-vacanze\/viaggi-e-turismo\/mautica-charter-vacanza-in-barca-e-vela-isole-eoile\/\",\"name\":\"Mautica Charter Vacanza in barca e vela Isole Eoile - Article Marketing\",\"isPartOf\":{\"@id\":\"https:\/\/www.article-marketing.eu\/comunicati\/#website\"},\"datePublished\":\"2009-03-26T15:10:20+00:00\",\"dateModified\":\"2018-06-04T18:14:17+00:00\",\"author\":{\"@id\":\"https:\/\/www.article-marketing.eu\/comunicati\/#\/schema\/person\/44372e4d4d0fa797b18e03ed1ace9017\"},\"breadcrumb\":{\"@id\":\"https:\/\/www.article-marketing.eu\/comunicati\/viaggi-e-vacanze\/viaggi-e-turismo\/mautica-charter-vacanza-in-barca-e-vela-isole-eoile\/#breadcrumb\"},\"inLanguage\":\"it-IT\",\"potentialAction\":[{\"@type\":\"ReadAction\",\"target\":[\"https:\/\/www.article-marketing.eu\/comunicati\/viaggi-e-vacanze\/viaggi-e-turismo\/mautica-charter-vacanza-in-barca-e-vela-isole-eoile\/\"]}]},{\"@type\":\"BreadcrumbList\",\"@id\":\"https:\/\/www.article-marketing.eu\/comunicati\/viaggi-e-vacanze\/viaggi-e-turismo\/mautica-charter-vacanza-in-barca-e-vela-isole-eoile\/#breadcrumb\",\"itemListElement\":[{\"@type\":\"ListItem\",\"position\":1,\"name\":\"Home\",\"item\":\"https:\/\/www.article-marketing.eu\/comunicati\/\"},{\"@type\":\"ListItem\",\"position\":2,\"name\":\"Mautica Charter Vacanza in barca e vela Isole Eoile\"}]},{\"@type\":\"WebSite\",\"@id\":\"https:\/\/www.article-marketing.eu\/comunicati\/#website\",\"url\":\"https:\/\/www.article-marketing.eu\/comunicati\/\",\"name\":\"Article Marketing\",\"description\":\"article marketing &amp; press release\",\"potentialAction\":[{\"@type\":\"SearchAction\",\"target\":{\"@type\":\"EntryPoint\",\"urlTemplate\":\"https:\/\/www.article-marketing.eu\/comunicati\/?s={search_term_string}\"},\"query-input\":{\"@type\":\"PropertyValueSpecification\",\"valueRequired\":true,\"valueName\":\"search_term_string\"}}],\"inLanguage\":\"it-IT\"},{\"@type\":\"Person\",\"@id\":\"https:\/\/www.article-marketing.eu\/comunicati\/#\/schema\/person\/44372e4d4d0fa797b18e03ed1ace9017\",\"name\":\"Redazione Comunicati Stampa\",\"image\":{\"@type\":\"ImageObject\",\"inLanguage\":\"it-IT\",\"@id\":\"https:\/\/www.article-marketing.eu\/comunicati\/#\/schema\/person\/image\/\",\"url\":\"https:\/\/secure.gravatar.com\/avatar\/50e5c6421d3072f42e7ace803501602c60d75233d34e29fd05feb91c8760b792?s=96&d=mm&r=g\",\"contentUrl\":\"https:\/\/secure.gravatar.com\/avatar\/50e5c6421d3072f42e7ace803501602c60d75233d34e29fd05feb91c8760b792?s=96&d=mm&r=g\",\"caption\":\"Redazione Comunicati Stampa\"},\"url\":\"https:\/\/www.article-marketing.eu\/comunicati\/author\/redazione-comunicati-stampa\/\"}]}<\/script>\n<!-- \/ Yoast SEO plugin. -->","yoast_head_json":{"title":"Mautica Charter Vacanza in barca e vela Isole Eoile - Article Marketing","robots":{"index":"index","follow":"follow","max-snippet":"max-snippet:-1","max-image-preview":"max-image-preview:large","max-video-preview":"max-video-preview:-1"},"canonical":"https:\/\/www.article-marketing.eu\/comunicati\/viaggi-e-vacanze\/viaggi-e-turismo\/mautica-charter-vacanza-in-barca-e-vela-isole-eoile\/","og_locale":"it_IT","og_type":"article","og_title":"Mautica Charter Vacanza in barca e vela Isole Eoile - Article Marketing","og_description":"MAUTICA CHARTER Siamo operativi nell\u2019Adriatico centrale e Tirreno, inoltre sviluppiamo una rete di partnership in tutto il Mediterraneo con armatori, societ\u00e0 e privati di cui garantiamo la massima efficienza e con i quali condividiamo l\u2019etica aziendale( qualit\u00e0 del servizio, delle \u2019imbarcazioni) e l\u2019etica del mare (rispetto delle acque e sano divertimento)","og_url":"https:\/\/www.article-marketing.eu\/comunicati\/viaggi-e-vacanze\/viaggi-e-turismo\/mautica-charter-vacanza-in-barca-e-vela-isole-eoile\/","og_site_name":"Article Marketing","article_published_time":"2009-03-26T15:10:20+00:00","article_modified_time":"2018-06-04T18:14:17+00:00","author":"Redazione Comunicati Stampa","twitter_card":"summary_large_image","twitter_misc":{"Scritto da":"Redazione Comunicati Stampa","Tempo di lettura stimato":"4 minuti"},"schema":{"@context":"https:\/\/schema.org","@graph":[{"@type":"Article","@id":"https:\/\/www.article-marketing.eu\/comunicati\/viaggi-e-vacanze\/viaggi-e-turismo\/mautica-charter-vacanza-in-barca-e-vela-isole-eoile\/#article","isPartOf":{"@id":"https:\/\/www.article-marketing.eu\/comunicati\/viaggi-e-vacanze\/viaggi-e-turismo\/mautica-charter-vacanza-in-barca-e-vela-isole-eoile\/"},"author":{"name":"Redazione Comunicati Stampa","@id":"https:\/\/www.article-marketing.eu\/comunicati\/#\/schema\/person\/44372e4d4d0fa797b18e03ed1ace9017"},"headline":"Mautica Charter Vacanza in barca e vela Isole Eoile","datePublished":"2009-03-26T15:10:20+00:00","dateModified":"2018-06-04T18:14:17+00:00","mainEntityOfPage":{"@id":"https:\/\/www.article-marketing.eu\/comunicati\/viaggi-e-vacanze\/viaggi-e-turismo\/mautica-charter-vacanza-in-barca-e-vela-isole-eoile\/"},"wordCount":771,"commentCount":0,"keywords":["catamarano","Corsica","Croazia barche a vela","eolie","motore","noleggio","nolo","ponza","sardegna"],"articleSection":["Viaggi e Turismo"],"inLanguage":"it-IT","potentialAction":[{"@type":"CommentAction","name":"Comment","target":["https:\/\/www.article-marketing.eu\/comunicati\/viaggi-e-vacanze\/viaggi-e-turismo\/mautica-charter-vacanza-in-barca-e-vela-isole-eoile\/#respond"]}]},{"@type":"WebPage","@id":"https:\/\/www.article-marketing.eu\/comunicati\/viaggi-e-vacanze\/viaggi-e-turismo\/mautica-charter-vacanza-in-barca-e-vela-isole-eoile\/","url":"https:\/\/www.article-marketing.eu\/comunicati\/viaggi-e-vacanze\/viaggi-e-turismo\/mautica-charter-vacanza-in-barca-e-vela-isole-eoile\/","name":"Mautica Charter Vacanza in barca e vela Isole Eoile - Article Marketing","isPartOf":{"@id":"https:\/\/www.article-marketing.eu\/comunicati\/#website"},"datePublished":"2009-03-26T15:10:20+00:00","dateModified":"2018-06-04T18:14:17+00:00","author":{"@id":"https:\/\/www.article-marketing.eu\/comunicati\/#\/schema\/person\/44372e4d4d0fa797b18e03ed1ace9017"},"breadcrumb":{"@id":"https:\/\/www.article-marketing.eu\/comunicati\/viaggi-e-vacanze\/viaggi-e-turismo\/mautica-charter-vacanza-in-barca-e-vela-isole-eoile\/#breadcrumb"},"inLanguage":"it-IT","potentialAction":[{"@type":"ReadAction","target":["https:\/\/www.article-marketing.eu\/comunicati\/viaggi-e-vacanze\/viaggi-e-turismo\/mautica-charter-vacanza-in-barca-e-vela-isole-eoile\/"]}]},{"@type":"BreadcrumbList","@id":"https:\/\/www.article-marketing.eu\/comunicati\/viaggi-e-vacanze\/viaggi-e-turismo\/mautica-charter-vacanza-in-barca-e-vela-isole-eoile\/#breadcrumb","itemListElement":[{"@type":"ListItem","position":1,"name":"Home","item":"https:\/\/www.article-marketing.eu\/comunicati\/"},{"@type":"ListItem","position":2,"name":"Mautica Charter Vacanza in barca e vela Isole Eoile"}]},{"@type":"WebSite","@id":"https:\/\/www.article-marketing.eu\/comunicati\/#website","url":"https:\/\/www.article-marketing.eu\/comunicati\/","name":"Article Marketing","description":"article marketing &amp; press release","potentialAction":[{"@type":"SearchAction","target":{"@type":"EntryPoint","urlTemplate":"https:\/\/www.article-marketing.eu\/comunicati\/?s={search_term_string}"},"query-input":{"@type":"PropertyValueSpecification","valueRequired":true,"valueName":"search_term_string"}}],"inLanguage":"it-IT"},{"@type":"Person","@id":"https:\/\/www.article-marketing.eu\/comunicati\/#\/schema\/person\/44372e4d4d0fa797b18e03ed1ace9017","name":"Redazione Comunicati Stampa","image":{"@type":"ImageObject","inLanguage":"it-IT","@id":"https:\/\/www.article-marketing.eu\/comunicati\/#\/schema\/person\/image\/","url":"https:\/\/secure.gravatar.com\/avatar\/50e5c6421d3072f42e7ace803501602c60d75233d34e29fd05feb91c8760b792?s=96&d=mm&r=g","contentUrl":"https:\/\/secure.gravatar.com\/avatar\/50e5c6421d3072f42e7ace803501602c60d75233d34e29fd05feb91c8760b792?s=96&d=mm&r=g","caption":"Redazione Comunicati Stampa"},"url":"https:\/\/www.article-marketing.eu\/comunicati\/author\/redazione-comunicati-stampa\/"}]}},"_links":{"self":[{"href":"https:\/\/www.article-marketing.eu\/comunicati\/wp-json\/wp\/v2\/posts\/1658","targetHints":{"allow":["GET"]}}],"collection":[{"href":"https:\/\/www.article-marketing.eu\/comunicati\/wp-json\/wp\/v2\/posts"}],"about":[{"href":"https:\/\/www.article-marketing.eu\/comunicati\/wp-json\/wp\/v2\/types\/post"}],"author":[{"embeddable":true,"href":"https:\/\/www.article-marketing.eu\/comunicati\/wp-json\/wp\/v2\/users\/10"}],"replies":[{"embeddable":true,"href":"https:\/\/www.article-marketing.eu\/comunicati\/wp-json\/wp\/v2\/comments?post=1658"}],"version-history":[{"count":1,"href":"https:\/\/www.article-marketing.eu\/comunicati\/wp-json\/wp\/v2\/posts\/1658\/revisions"}],"predecessor-version":[{"id":55407,"href":"https:\/\/www.article-marketing.eu\/comunicati\/wp-json\/wp\/v2\/posts\/1658\/revisions\/55407"}],"wp:attachment":[{"href":"https:\/\/www.article-marketing.eu\/comunicati\/wp-json\/wp\/v2\/media?parent=1658"}],"wp:term":[{"taxonomy":"category","embeddable":true,"href":"https:\/\/www.article-marketing.eu\/comunicati\/wp-json\/wp\/v2\/categories?post=1658"},{"taxonomy":"post_tag","embeddable":true,"href":"https:\/\/www.article-marketing.eu\/comunicati\/wp-json\/wp\/v2\/tags?post=1658"}],"curies":[{"name":"wp","href":"https:\/\/api.w.org\/{rel}","templated":true}]}}