{"id":1660,"date":"2009-03-26T16:16:39","date_gmt":"2009-03-26T15:16:39","guid":{"rendered":"http:\/\/www.article-marketing.eu\/comunicati\/senza-categoria\/domenica-29-marzo-raiz-in-concerto-%40-arteria\/"},"modified":"2009-03-26T16:16:39","modified_gmt":"2009-03-26T15:16:39","slug":"domenica-29-marzo-raiz-in-concerto-%40-arteria","status":"publish","type":"post","link":"https:\/\/www.article-marketing.eu\/comunicati\/comunicati-stampa\/eventi\/domenica-29-marzo-raiz-in-concerto-%40-arteria\/","title":{"rendered":"Domenica 29 marzo RAIZ in concerto @ Arteria"},"content":{"rendered":"<p>Domenica 29 marzo esclusivo live acustico di RAIZ a Arteria per SALOTTO MUZIKA, rassegna organizzata dall\u2019 etichetta indipendente La Fabbrica in collaborazione con Arteria (vicolo Broglio 1\/e \u2013 Bologna).<\/p>\n<p>RAIZ, voce storica degli Almamegretta, sar\u00e0 in tour nei mesi di Marzo \u2013 Aprile &#8211; Maggio con un esclusivo live acustico per presentare agli ascoltatori e al pubblico il nuovo album \u201cUNO\u201d (uscito lo scorso 28 settembre per la Universal).<br \/>\nRaiz, alla voce, sar\u00e0 accompagnato da Giuseppe De Trizio alla chitarra e Fabrizio Piepoli alle percussioni.<\/p>\n<p>Raiz estrarr\u00e0 dalla valigia che lo accompagna nel suo viaggio acustico di \u201cUNO\u201d gli strumenti della tradizione, per raccontare un pentagramma di mediterraneo, poesia e immaginazione. La musica senza passaporto e l\u2019immagine di una Napoli di sangue e speranza, di tradizione e dolore, di canto e passione.. Un ritorno alla melodia e alla parola che prescinde dal tempo del reggae.<br \/>\n\u201cUno\u201d \u00e8 un ritorno alle sonorit\u00e0 che fecero degli Almamegretta una delle band pi\u00f9 innovative degli anni Novanta, grazie al loro unico e personalissimo stile: una centrifuga fra dub, ascendenze etniche, reggae e funky, affrontati senza timore n\u00e9 reverenza nei confronti dei modelli stranieri.<br \/>\nE\u2019 un album che si serve di un lirismo popolare, accosta reggae e tango ai profumi mediterranei, rilegge in maniera esemplare Jerusalem di Alpha Blondie, in tutta la sua attualit\u00e0, si cala nei chiaroscuri del presente ma non impedisce di sognare.<\/p>\n<p>Dopo \u201cWOP\u201d, il suo primo lavoro da solista che rappresentava un\u2019avventura fuori da quella che si poteva considerare per tanto tempo la sua casa (ovvero gli Almamegretta), RAIZ torna con un lavoro in cui \u00e8 presente (quasi) una sola lingua, quella della sua citt\u00e0 \u2013 Napoli \u2013 che, almeno per chi ci \u00e8 nato respirandone ogni vicolo e ogni folata di vento, acqua e sale, non si pu\u00f2 eludere.<br \/>\nNella realizzazione di \u201cUno\u201d RAIZ si \u00e8 servito di molti e diversificati soggetti, (da Giuseppe De Trizio a Teresa De Sio) ma tutti impegnati in una ricerca di unitariet\u00e0 che rappresenta proprio il punto di approdo di questo lavoro.<br \/>\n\u201cUno\u201d, oltre a chiudersi con due versioni dub di Statte Cc\u00e0 e Jerusalem, firmate da Bill Laswell, \u00e8 affiancato da un secondo cd, \u201cUno+\u201d che affronta le canzoni da una prospettiva pi\u00f9 alchemica, esponendole ai remix pi\u00f9 disparati, firmati fra gli altri da Boosta, Max Brigante, Almamegretta.<br \/>\nI musicisti:<br \/>\nGiuseppe De Trizio(chitarre, mandolino) e Fabrizio Piepoli (canto, percussioni, chitarre) noti per illavoro musicale svolto con Radicanto, nel loro percorso artistico vantano collaborazioni con alcunitra i massimi esponenti della musica di tradizione, di quella antica, ma anche d&#8217;autore e jazz, sia in contesti cinematografici(Craj), che in quelli live e discografici (Teresa De Sio, Raiz, Giovanni Lindo Ferretti, Tabul\u00e8, Micrologus, Michel Godard).<br \/>\nHanno dato vita a colonne sonore per il cinema, il teatro e la televisione e si sono esibiti nei maggiori festival europei.<br \/>\nAll&#8217;attivo vantano sei cd con Radicanto ed uno con il trio Tabul\u00e8 prodotti con la C.N.I., la Venus dischi e le edizioni musicali Coccodrillo e Terzo Millennio.<br \/>\nIl loro ultimo cd con Radicanto, pubblicato nel mese di dicembre 2008, &#8220;il mondo alla rovescia&#8221; realizzato in duo, raccoglie i frutti di una scrupolosa dedizione attraverso la scoperta e la riscrittura, sotto una nuova forma autorale di canzone, della memoria storica del patrimonio musicale, rituale e di una sperimentazione che ha portato alla riscoperta della freschezza e del fascino musicale di questo repertorio tradizionale e soprattutto alla scoperta delle sue possibilit\u00e0 moderne all\u2019interno del mondo della musica mediterranea.<\/p>\n<p>Opening act: ore 21 Nicodemo<\/p>\n<p>Autore di testi e musiche, Nicodemo, nella vita reale Nicola Pellegrino, propone uno spettacolo il cui percorso si colora d&#8217;intimit\u00e0, spesso di silenzio (quando assordante), isteria post-esaurimento, voglia di rivoluzione culturale.<br \/>\nLa poesia, le trame in versione acustica, le incursioni elettroniche, le immagini rievocative, queste sono le componenti di un intenso momento di musica d&#8217;autore. Le canzoni, tutte dedicate a chi cede ai sensi. Un&#8217;ora e trenta in cui, l&#8217;insieme di ci\u00f2 che accade, \u00e8 partecipativo; in cui sono gli eventi a dettare i tempi ed i modi di \u201cconversazione\u201d.<br \/>\nI testi, non sempre autobiografici, rispecchiano un po&#8217; quelli che sono i<br \/>\ntempi in cui viviamo con un accenno nostalgico al passato e, le musiche,<br \/>\nspesso concepite con la chitarra sul divano di casa, dal vivo, vengono eseguite in trio. Accanto a Nicodemo, voce, chitarra acustica e microkorg, l&#8217;inseparabile Gaetano Maiorano (costola storica del progetto del cantautore) alle chitarre e cori ed Alessandro De Marino al clarinetto elettronico e programmazioni.<br \/>\nGrazie a Fabio Monetti, tutte le canzoni sono \u201ctradotte visivamente\u201d dalla<br \/>\nproiezione di immagini elettroniche, una vera e propria mostra fotografica contestuale ai racconti.<br \/>\nNicodemo&#8230; il cantautore postmoderno!<\/p>\n<p>La serata sar\u00e0 trasmessa in diretta live sul web da RADIO RANA (www.radiorana.it)<br \/>\ne i concerti saranno introdotti da brevi colloqui in collaborazione con Flashmusica.<\/p>\n<p>www.arteria.bo.it<\/p>\n","protected":false},"excerpt":{"rendered":"<p>Domenica 29 marzo esclusivo live acustico di RAIZ a Arteria per SALOTTO MUZIKA, rassegna organizzata dall\u2019 etichetta indipendente La Fabbrica in collaborazione con Arteria (vicolo Broglio 1\/e \u2013 Bologna).<\/p>\n","protected":false},"author":10,"featured_media":0,"comment_status":"open","ping_status":"open","sticky":false,"template":"","format":"standard","meta":{"cybocfi_hide_featured_image":"","footnotes":""},"categories":[388],"tags":[5426,2556,2058,5427,45,5425],"class_list":["post-1660","post","type-post","status-publish","format-standard","hentry","category-eventi","tag-arteria","tag-bologna","tag-concerto","tag-live","tag-musica","tag-raiz"],"yoast_head":"<!-- This site is optimized with the Yoast SEO plugin v27.0 - https:\/\/yoast.com\/product\/yoast-seo-wordpress\/ -->\n<title>Domenica 29 marzo RAIZ in concerto @ Arteria - Article Marketing<\/title>\n<meta name=\"robots\" content=\"index, follow, max-snippet:-1, max-image-preview:large, max-video-preview:-1\" \/>\n<link rel=\"canonical\" href=\"https:\/\/www.article-marketing.eu\/comunicati\/comunicati-stampa\/eventi\/domenica-29-marzo-raiz-in-concerto-@-arteria\/\" \/>\n<meta property=\"og:locale\" content=\"it_IT\" \/>\n<meta property=\"og:type\" content=\"article\" \/>\n<meta property=\"og:title\" content=\"Domenica 29 marzo RAIZ in concerto @ Arteria - Article Marketing\" \/>\n<meta property=\"og:description\" content=\"Domenica 29 marzo esclusivo live acustico di RAIZ a Arteria per SALOTTO MUZIKA, rassegna organizzata dall\u2019 etichetta indipendente La Fabbrica in collaborazione con Arteria (vicolo Broglio 1\/e \u2013 Bologna).\" \/>\n<meta property=\"og:url\" content=\"https:\/\/www.article-marketing.eu\/comunicati\/comunicati-stampa\/eventi\/domenica-29-marzo-raiz-in-concerto-@-arteria\/\" \/>\n<meta property=\"og:site_name\" content=\"Article Marketing\" \/>\n<meta property=\"article:published_time\" content=\"2009-03-26T15:16:39+00:00\" \/>\n<meta name=\"author\" content=\"Redazione Comunicati Stampa\" \/>\n<meta name=\"twitter:card\" content=\"summary_large_image\" \/>\n<meta name=\"twitter:label1\" content=\"Scritto da\" \/>\n\t<meta name=\"twitter:data1\" content=\"Redazione Comunicati Stampa\" \/>\n\t<meta name=\"twitter:label2\" content=\"Tempo di lettura stimato\" \/>\n\t<meta name=\"twitter:data2\" content=\"4 minuti\" \/>\n<script type=\"application\/ld+json\" class=\"yoast-schema-graph\">{\"@context\":\"https:\/\/schema.org\",\"@graph\":[{\"@type\":\"Article\",\"@id\":\"https:\/\/www.article-marketing.eu\/comunicati\/comunicati-stampa\/eventi\/domenica-29-marzo-raiz-in-concerto-%40-arteria\/#article\",\"isPartOf\":{\"@id\":\"https:\/\/www.article-marketing.eu\/comunicati\/comunicati-stampa\/eventi\/domenica-29-marzo-raiz-in-concerto-%40-arteria\/\"},\"author\":{\"name\":\"Redazione Comunicati Stampa\",\"@id\":\"https:\/\/www.article-marketing.eu\/comunicati\/#\/schema\/person\/44372e4d4d0fa797b18e03ed1ace9017\"},\"headline\":\"Domenica 29 marzo RAIZ in concerto @ Arteria\",\"datePublished\":\"2009-03-26T15:16:39+00:00\",\"mainEntityOfPage\":{\"@id\":\"https:\/\/www.article-marketing.eu\/comunicati\/comunicati-stampa\/eventi\/domenica-29-marzo-raiz-in-concerto-%40-arteria\/\"},\"wordCount\":799,\"commentCount\":0,\"keywords\":[\"arteria\",\"Bologna\",\"concerto\",\"live\",\"musica\",\"raiz\"],\"articleSection\":[\"Eventi\"],\"inLanguage\":\"it-IT\",\"potentialAction\":[{\"@type\":\"CommentAction\",\"name\":\"Comment\",\"target\":[\"https:\/\/www.article-marketing.eu\/comunicati\/comunicati-stampa\/eventi\/domenica-29-marzo-raiz-in-concerto-%40-arteria\/#respond\"]}]},{\"@type\":\"WebPage\",\"@id\":\"https:\/\/www.article-marketing.eu\/comunicati\/comunicati-stampa\/eventi\/domenica-29-marzo-raiz-in-concerto-%40-arteria\/\",\"url\":\"https:\/\/www.article-marketing.eu\/comunicati\/comunicati-stampa\/eventi\/domenica-29-marzo-raiz-in-concerto-%40-arteria\/\",\"name\":\"Domenica 29 marzo RAIZ in concerto @ Arteria - Article Marketing\",\"isPartOf\":{\"@id\":\"https:\/\/www.article-marketing.eu\/comunicati\/#website\"},\"datePublished\":\"2009-03-26T15:16:39+00:00\",\"author\":{\"@id\":\"https:\/\/www.article-marketing.eu\/comunicati\/#\/schema\/person\/44372e4d4d0fa797b18e03ed1ace9017\"},\"breadcrumb\":{\"@id\":\"https:\/\/www.article-marketing.eu\/comunicati\/comunicati-stampa\/eventi\/domenica-29-marzo-raiz-in-concerto-%40-arteria\/#breadcrumb\"},\"inLanguage\":\"it-IT\",\"potentialAction\":[{\"@type\":\"ReadAction\",\"target\":[\"https:\/\/www.article-marketing.eu\/comunicati\/comunicati-stampa\/eventi\/domenica-29-marzo-raiz-in-concerto-%40-arteria\/\"]}]},{\"@type\":\"BreadcrumbList\",\"@id\":\"https:\/\/www.article-marketing.eu\/comunicati\/comunicati-stampa\/eventi\/domenica-29-marzo-raiz-in-concerto-%40-arteria\/#breadcrumb\",\"itemListElement\":[{\"@type\":\"ListItem\",\"position\":1,\"name\":\"Home\",\"item\":\"https:\/\/www.article-marketing.eu\/comunicati\/\"},{\"@type\":\"ListItem\",\"position\":2,\"name\":\"Domenica 29 marzo RAIZ in concerto @ Arteria\"}]},{\"@type\":\"WebSite\",\"@id\":\"https:\/\/www.article-marketing.eu\/comunicati\/#website\",\"url\":\"https:\/\/www.article-marketing.eu\/comunicati\/\",\"name\":\"Article Marketing\",\"description\":\"article marketing &amp; press release\",\"potentialAction\":[{\"@type\":\"SearchAction\",\"target\":{\"@type\":\"EntryPoint\",\"urlTemplate\":\"https:\/\/www.article-marketing.eu\/comunicati\/?s={search_term_string}\"},\"query-input\":{\"@type\":\"PropertyValueSpecification\",\"valueRequired\":true,\"valueName\":\"search_term_string\"}}],\"inLanguage\":\"it-IT\"},{\"@type\":\"Person\",\"@id\":\"https:\/\/www.article-marketing.eu\/comunicati\/#\/schema\/person\/44372e4d4d0fa797b18e03ed1ace9017\",\"name\":\"Redazione Comunicati Stampa\",\"image\":{\"@type\":\"ImageObject\",\"inLanguage\":\"it-IT\",\"@id\":\"https:\/\/www.article-marketing.eu\/comunicati\/#\/schema\/person\/image\/\",\"url\":\"https:\/\/secure.gravatar.com\/avatar\/50e5c6421d3072f42e7ace803501602c60d75233d34e29fd05feb91c8760b792?s=96&d=mm&r=g\",\"contentUrl\":\"https:\/\/secure.gravatar.com\/avatar\/50e5c6421d3072f42e7ace803501602c60d75233d34e29fd05feb91c8760b792?s=96&d=mm&r=g\",\"caption\":\"Redazione Comunicati Stampa\"},\"url\":\"https:\/\/www.article-marketing.eu\/comunicati\/author\/redazione-comunicati-stampa\/\"}]}<\/script>\n<!-- \/ Yoast SEO plugin. -->","yoast_head_json":{"title":"Domenica 29 marzo RAIZ in concerto @ Arteria - Article Marketing","robots":{"index":"index","follow":"follow","max-snippet":"max-snippet:-1","max-image-preview":"max-image-preview:large","max-video-preview":"max-video-preview:-1"},"canonical":"https:\/\/www.article-marketing.eu\/comunicati\/comunicati-stampa\/eventi\/domenica-29-marzo-raiz-in-concerto-@-arteria\/","og_locale":"it_IT","og_type":"article","og_title":"Domenica 29 marzo RAIZ in concerto @ Arteria - Article Marketing","og_description":"Domenica 29 marzo esclusivo live acustico di RAIZ a Arteria per SALOTTO MUZIKA, rassegna organizzata dall\u2019 etichetta indipendente La Fabbrica in collaborazione con Arteria (vicolo Broglio 1\/e \u2013 Bologna).","og_url":"https:\/\/www.article-marketing.eu\/comunicati\/comunicati-stampa\/eventi\/domenica-29-marzo-raiz-in-concerto-@-arteria\/","og_site_name":"Article Marketing","article_published_time":"2009-03-26T15:16:39+00:00","author":"Redazione Comunicati Stampa","twitter_card":"summary_large_image","twitter_misc":{"Scritto da":"Redazione Comunicati Stampa","Tempo di lettura stimato":"4 minuti"},"schema":{"@context":"https:\/\/schema.org","@graph":[{"@type":"Article","@id":"https:\/\/www.article-marketing.eu\/comunicati\/comunicati-stampa\/eventi\/domenica-29-marzo-raiz-in-concerto-%40-arteria\/#article","isPartOf":{"@id":"https:\/\/www.article-marketing.eu\/comunicati\/comunicati-stampa\/eventi\/domenica-29-marzo-raiz-in-concerto-%40-arteria\/"},"author":{"name":"Redazione Comunicati Stampa","@id":"https:\/\/www.article-marketing.eu\/comunicati\/#\/schema\/person\/44372e4d4d0fa797b18e03ed1ace9017"},"headline":"Domenica 29 marzo RAIZ in concerto @ Arteria","datePublished":"2009-03-26T15:16:39+00:00","mainEntityOfPage":{"@id":"https:\/\/www.article-marketing.eu\/comunicati\/comunicati-stampa\/eventi\/domenica-29-marzo-raiz-in-concerto-%40-arteria\/"},"wordCount":799,"commentCount":0,"keywords":["arteria","Bologna","concerto","live","musica","raiz"],"articleSection":["Eventi"],"inLanguage":"it-IT","potentialAction":[{"@type":"CommentAction","name":"Comment","target":["https:\/\/www.article-marketing.eu\/comunicati\/comunicati-stampa\/eventi\/domenica-29-marzo-raiz-in-concerto-%40-arteria\/#respond"]}]},{"@type":"WebPage","@id":"https:\/\/www.article-marketing.eu\/comunicati\/comunicati-stampa\/eventi\/domenica-29-marzo-raiz-in-concerto-%40-arteria\/","url":"https:\/\/www.article-marketing.eu\/comunicati\/comunicati-stampa\/eventi\/domenica-29-marzo-raiz-in-concerto-%40-arteria\/","name":"Domenica 29 marzo RAIZ in concerto @ Arteria - Article Marketing","isPartOf":{"@id":"https:\/\/www.article-marketing.eu\/comunicati\/#website"},"datePublished":"2009-03-26T15:16:39+00:00","author":{"@id":"https:\/\/www.article-marketing.eu\/comunicati\/#\/schema\/person\/44372e4d4d0fa797b18e03ed1ace9017"},"breadcrumb":{"@id":"https:\/\/www.article-marketing.eu\/comunicati\/comunicati-stampa\/eventi\/domenica-29-marzo-raiz-in-concerto-%40-arteria\/#breadcrumb"},"inLanguage":"it-IT","potentialAction":[{"@type":"ReadAction","target":["https:\/\/www.article-marketing.eu\/comunicati\/comunicati-stampa\/eventi\/domenica-29-marzo-raiz-in-concerto-%40-arteria\/"]}]},{"@type":"BreadcrumbList","@id":"https:\/\/www.article-marketing.eu\/comunicati\/comunicati-stampa\/eventi\/domenica-29-marzo-raiz-in-concerto-%40-arteria\/#breadcrumb","itemListElement":[{"@type":"ListItem","position":1,"name":"Home","item":"https:\/\/www.article-marketing.eu\/comunicati\/"},{"@type":"ListItem","position":2,"name":"Domenica 29 marzo RAIZ in concerto @ Arteria"}]},{"@type":"WebSite","@id":"https:\/\/www.article-marketing.eu\/comunicati\/#website","url":"https:\/\/www.article-marketing.eu\/comunicati\/","name":"Article Marketing","description":"article marketing &amp; press release","potentialAction":[{"@type":"SearchAction","target":{"@type":"EntryPoint","urlTemplate":"https:\/\/www.article-marketing.eu\/comunicati\/?s={search_term_string}"},"query-input":{"@type":"PropertyValueSpecification","valueRequired":true,"valueName":"search_term_string"}}],"inLanguage":"it-IT"},{"@type":"Person","@id":"https:\/\/www.article-marketing.eu\/comunicati\/#\/schema\/person\/44372e4d4d0fa797b18e03ed1ace9017","name":"Redazione Comunicati Stampa","image":{"@type":"ImageObject","inLanguage":"it-IT","@id":"https:\/\/www.article-marketing.eu\/comunicati\/#\/schema\/person\/image\/","url":"https:\/\/secure.gravatar.com\/avatar\/50e5c6421d3072f42e7ace803501602c60d75233d34e29fd05feb91c8760b792?s=96&d=mm&r=g","contentUrl":"https:\/\/secure.gravatar.com\/avatar\/50e5c6421d3072f42e7ace803501602c60d75233d34e29fd05feb91c8760b792?s=96&d=mm&r=g","caption":"Redazione Comunicati Stampa"},"url":"https:\/\/www.article-marketing.eu\/comunicati\/author\/redazione-comunicati-stampa\/"}]}},"_links":{"self":[{"href":"https:\/\/www.article-marketing.eu\/comunicati\/wp-json\/wp\/v2\/posts\/1660","targetHints":{"allow":["GET"]}}],"collection":[{"href":"https:\/\/www.article-marketing.eu\/comunicati\/wp-json\/wp\/v2\/posts"}],"about":[{"href":"https:\/\/www.article-marketing.eu\/comunicati\/wp-json\/wp\/v2\/types\/post"}],"author":[{"embeddable":true,"href":"https:\/\/www.article-marketing.eu\/comunicati\/wp-json\/wp\/v2\/users\/10"}],"replies":[{"embeddable":true,"href":"https:\/\/www.article-marketing.eu\/comunicati\/wp-json\/wp\/v2\/comments?post=1660"}],"version-history":[{"count":0,"href":"https:\/\/www.article-marketing.eu\/comunicati\/wp-json\/wp\/v2\/posts\/1660\/revisions"}],"wp:attachment":[{"href":"https:\/\/www.article-marketing.eu\/comunicati\/wp-json\/wp\/v2\/media?parent=1660"}],"wp:term":[{"taxonomy":"category","embeddable":true,"href":"https:\/\/www.article-marketing.eu\/comunicati\/wp-json\/wp\/v2\/categories?post=1660"},{"taxonomy":"post_tag","embeddable":true,"href":"https:\/\/www.article-marketing.eu\/comunicati\/wp-json\/wp\/v2\/tags?post=1660"}],"curies":[{"name":"wp","href":"https:\/\/api.w.org\/{rel}","templated":true}]}}