{"id":16621,"date":"2011-05-25T12:36:21","date_gmt":"2011-05-25T10:36:21","guid":{"rendered":"http:\/\/www.article-marketing.eu\/comunicati\/senza-categoria\/maranza-la-terrazza-del-sole-della-valle-isarco\/"},"modified":"2011-05-25T12:36:21","modified_gmt":"2011-05-25T10:36:21","slug":"maranza-la-terrazza-del-sole-della-valle-isarco","status":"publish","type":"post","link":"https:\/\/www.article-marketing.eu\/comunicati\/viaggi-e-vacanze\/viaggi-e-turismo\/maranza-la-terrazza-del-sole-della-valle-isarco\/","title":{"rendered":"Maranza, la terrazza del sole della Valle Isarco"},"content":{"rendered":"<p><a href=\"http:\/\/www.maranza.org\">Maranza<\/a> &egrave; una localit&agrave; turistica della <strong>Valle Isarco<\/strong>, in Alto Adige. Questo paesino montano &egrave; una frazione del comune di <strong>Rio Pusteria<\/strong>,in provincia di Bolzano e si trova a 1414 m.s.l.m.<\/p>\n<p>Maranza, <strong>Meransen<\/strong> in tedesco, &egrave; un luogo unico e incantevole: &egrave; nota a tutti come <strong>la terrazza del<\/strong> <strong>sole<\/strong> della Valle Isarco, per il suo orientamento verso sud, che la rende uno dei punti pi&ugrave; esposti al sole di tutta la regione; &egrave; circondata da <strong>boschi<\/strong> e <strong>prati<\/strong> lussureggianti ed &egrave; incorniciata da <strong>vette <\/strong>maestose.<\/p>\n<p>Questo angolo di paradiso, immerso in una natura incontaminata, pu&ograve; essere la meta ideale per delle vacanze, visto la pluralit&agrave; di esigenze che &egrave; in grado di soddisfare.<\/p>\n<p>A Maranza, gli amanti degli sport invernali, potrebbero trovare la loro &ldquo;mecca&rdquo;. Infatti, questo paese alpino fa parte dell&rsquo;<strong>area sciistica Gitschberg-Jocht<\/strong>al, nella quale &egrave; possibile praticare sci, sci di fondo e slittino su un totale di <strong>44 km di<\/strong> <strong>piste<\/strong> e <strong>16 impianti di risalita<\/strong>. Gitschberg si trova a un&rsquo;altitudine che va dai 1400 ai 2500 m . Direttamente a Maranza, troviamo <strong>due impianti<\/strong> con relative discese, adatti a bambini e principianti. La <strong>cabinovia Nisselbahn<\/strong> in 15 minuti porta al monte Gitschberg, che &egrave; dotato di <strong>21 km di piste: 9 km di livello facile, 10 km di livello medio e 2 km di<\/strong> <strong>livello difficile<\/strong>, con la famosa <strong>pista nera Sergerwiese<\/strong>. Complessivamente a Gitschberg troviamo <strong>2 cabinovie, 2 seggiovie e 4 impianti sciistici<\/strong>. Nell&rsquo; area sciistica Jochtal sono presenti <strong>21 km di piste<\/strong>, fra le quali &egrave; compresa una <strong>pista omologata<\/strong>, per sciare come campioni. In questa zona sono presenti molte strutture ricettive create per i bambini. All&rsquo; entrata del paese sono collocati 2 skilift, <strong>Tasa e Schilling<\/strong>, che portano a delle discese facili e finiscono presso una stazione a valle dello <strong>skilift Schwandt<\/strong>, che porta verso punti pi&ugrave; alti della montagna. Per coloro che praticano lo sci di fondo, in quest&rsquo;area vengono proposte tre alternative: la prima a <strong>Maranza con 2 piste<\/strong> per un totale di 16 km e con un grado di difficolt&agrave; medio-facile; la seconda a <strong>Valles<\/strong>, con un <strong>anello di 8 km<\/strong>, adatto anche per i bambini e la terza possibilit&agrave; &egrave; data dalla <strong>malga di<\/strong> <strong>Rodengo<\/strong>, con una pista medio-facile e di 15 km.<\/p>\n<p>Nel periodo estivo, Maranza e i suoi dintorni offrono una miriade di <strong>escursioni.<\/strong>Le camminate sono divise per gradi di difficolt&agrave;: ci sono passeggiate di livello facile, come il <strong>percorso ad anello<\/strong> <strong>a Maranza<\/strong> (7 km) o <strong>Maranza-Rio Pusteria<\/strong> (4,3 km); oppure per le persone pi&ugrave; allenate, sono segnalati i percorsi con un livello difficile, come la <strong>passeggiata Aica-Spinga<\/strong> (7,4 km) o <strong>dall&rsquo; Alpe di Rodengo alla Cima<\/strong> <strong>Lasta <\/strong>(20 km). Oppure si possono percorrere i percorsi tematici, come <strong>&ldquo;L&rsquo; oro delle api&rdquo; <\/strong>o il <strong>&ldquo;Percorso<\/strong> <strong>Kneipp Altfasstal&rdquo;.<\/strong><\/p>\n<p>A Maranza, per il vostro soggiorno, troverete un&rsquo;ampia scelta di <strong>hotel<\/strong>, pronti a soddisfare ogni vostra esigenza. La maggior parte di questi alberghi, accoglienti ed eleganti, sono arredati secondo lo <strong>stile suedtirolese<\/strong> e offrono delle <strong>aree wellness<\/strong>, nelle quali saranno a vostra disposizione esperti per i diversi trattamenti, come la <strong>sauna finlandese<\/strong>,il <strong>bagno turco<\/strong>, la <strong>cromoterapia<\/strong>, e tanti altri.<\/p>\n<p>Altea<\/p>\n","protected":false},"excerpt":{"rendered":"<p>Maranza \u00e8 una localit\u00e0 turistica della Valle Isarco in Alto Adige ed \u00e8 una frazione del comune di Rio Pusteria, in provincia di Bolzano. E&#8217; conosciuta come la terrazza del sole, per la sua esposizione verso sud. Questo paese di montagna \u00e8 la meta ideale per le vacanze sia estive che invernali. Infatti, durante le prime \u00e8 possibile avventurarsi in diverse escursioni e in percorsi tematici; mentre, durante le seconde, troviamo 44 km di piste e 16 impianti di risalita, che ci permettono di praticare sci, sci di fondo e slittino. Inoltre, a Maranza e nei suoi dintorni, troviamo hotel, accoglienti e raffinati, con i migliori esperti nelle aree wellness.<\/p>\n","protected":false},"author":10,"featured_media":0,"comment_status":"open","ping_status":"open","sticky":false,"template":"","format":"standard","meta":{"cybocfi_hide_featured_image":"","footnotes":""},"categories":[2],"tags":[],"class_list":["post-16621","post","type-post","status-publish","format-standard","hentry","category-viaggi-e-turismo"],"yoast_head":"<!-- This site is optimized with the Yoast SEO plugin v27.0 - https:\/\/yoast.com\/product\/yoast-seo-wordpress\/ -->\n<title>Maranza, la terrazza del sole della Valle Isarco - Article Marketing<\/title>\n<meta name=\"robots\" content=\"index, follow, max-snippet:-1, max-image-preview:large, max-video-preview:-1\" \/>\n<link rel=\"canonical\" href=\"https:\/\/www.article-marketing.eu\/comunicati\/viaggi-e-vacanze\/viaggi-e-turismo\/maranza-la-terrazza-del-sole-della-valle-isarco\/\" \/>\n<meta property=\"og:locale\" content=\"it_IT\" \/>\n<meta property=\"og:type\" content=\"article\" \/>\n<meta property=\"og:title\" content=\"Maranza, la terrazza del sole della Valle Isarco - Article Marketing\" \/>\n<meta property=\"og:description\" content=\"Maranza \u00e8 una localit\u00e0 turistica della Valle Isarco in Alto Adige ed \u00e8 una frazione del comune di Rio Pusteria, in provincia di Bolzano. E&#039; conosciuta come la terrazza del sole, per la sua esposizione verso sud. Questo paese di montagna \u00e8 la meta ideale per le vacanze sia estive che invernali. Infatti, durante le prime \u00e8 possibile avventurarsi in diverse escursioni e in percorsi tematici; mentre, durante le seconde, troviamo 44 km di piste e 16 impianti di risalita, che ci permettono di praticare sci, sci di fondo e slittino. Inoltre, a Maranza e nei suoi dintorni, troviamo hotel, accoglienti e raffinati, con i migliori esperti nelle aree wellness.\" \/>\n<meta property=\"og:url\" content=\"https:\/\/www.article-marketing.eu\/comunicati\/viaggi-e-vacanze\/viaggi-e-turismo\/maranza-la-terrazza-del-sole-della-valle-isarco\/\" \/>\n<meta property=\"og:site_name\" content=\"Article Marketing\" \/>\n<meta property=\"article:published_time\" content=\"2011-05-25T10:36:21+00:00\" \/>\n<meta name=\"author\" content=\"Redazione Comunicati Stampa\" \/>\n<meta name=\"twitter:card\" content=\"summary_large_image\" \/>\n<meta name=\"twitter:label1\" content=\"Scritto da\" \/>\n\t<meta name=\"twitter:data1\" content=\"Redazione Comunicati Stampa\" \/>\n\t<meta name=\"twitter:label2\" content=\"Tempo di lettura stimato\" \/>\n\t<meta name=\"twitter:data2\" content=\"3 minuti\" \/>\n<script type=\"application\/ld+json\" class=\"yoast-schema-graph\">{\"@context\":\"https:\/\/schema.org\",\"@graph\":[{\"@type\":\"Article\",\"@id\":\"https:\/\/www.article-marketing.eu\/comunicati\/viaggi-e-vacanze\/viaggi-e-turismo\/maranza-la-terrazza-del-sole-della-valle-isarco\/#article\",\"isPartOf\":{\"@id\":\"https:\/\/www.article-marketing.eu\/comunicati\/viaggi-e-vacanze\/viaggi-e-turismo\/maranza-la-terrazza-del-sole-della-valle-isarco\/\"},\"author\":{\"name\":\"Redazione Comunicati Stampa\",\"@id\":\"https:\/\/www.article-marketing.eu\/comunicati\/#\/schema\/person\/44372e4d4d0fa797b18e03ed1ace9017\"},\"headline\":\"Maranza, la terrazza del sole della Valle Isarco\",\"datePublished\":\"2011-05-25T10:36:21+00:00\",\"mainEntityOfPage\":{\"@id\":\"https:\/\/www.article-marketing.eu\/comunicati\/viaggi-e-vacanze\/viaggi-e-turismo\/maranza-la-terrazza-del-sole-della-valle-isarco\/\"},\"wordCount\":538,\"commentCount\":0,\"articleSection\":[\"Viaggi e Turismo\"],\"inLanguage\":\"it-IT\",\"potentialAction\":[{\"@type\":\"CommentAction\",\"name\":\"Comment\",\"target\":[\"https:\/\/www.article-marketing.eu\/comunicati\/viaggi-e-vacanze\/viaggi-e-turismo\/maranza-la-terrazza-del-sole-della-valle-isarco\/#respond\"]}]},{\"@type\":\"WebPage\",\"@id\":\"https:\/\/www.article-marketing.eu\/comunicati\/viaggi-e-vacanze\/viaggi-e-turismo\/maranza-la-terrazza-del-sole-della-valle-isarco\/\",\"url\":\"https:\/\/www.article-marketing.eu\/comunicati\/viaggi-e-vacanze\/viaggi-e-turismo\/maranza-la-terrazza-del-sole-della-valle-isarco\/\",\"name\":\"Maranza, la terrazza del sole della Valle Isarco - Article Marketing\",\"isPartOf\":{\"@id\":\"https:\/\/www.article-marketing.eu\/comunicati\/#website\"},\"datePublished\":\"2011-05-25T10:36:21+00:00\",\"author\":{\"@id\":\"https:\/\/www.article-marketing.eu\/comunicati\/#\/schema\/person\/44372e4d4d0fa797b18e03ed1ace9017\"},\"breadcrumb\":{\"@id\":\"https:\/\/www.article-marketing.eu\/comunicati\/viaggi-e-vacanze\/viaggi-e-turismo\/maranza-la-terrazza-del-sole-della-valle-isarco\/#breadcrumb\"},\"inLanguage\":\"it-IT\",\"potentialAction\":[{\"@type\":\"ReadAction\",\"target\":[\"https:\/\/www.article-marketing.eu\/comunicati\/viaggi-e-vacanze\/viaggi-e-turismo\/maranza-la-terrazza-del-sole-della-valle-isarco\/\"]}]},{\"@type\":\"BreadcrumbList\",\"@id\":\"https:\/\/www.article-marketing.eu\/comunicati\/viaggi-e-vacanze\/viaggi-e-turismo\/maranza-la-terrazza-del-sole-della-valle-isarco\/#breadcrumb\",\"itemListElement\":[{\"@type\":\"ListItem\",\"position\":1,\"name\":\"Home\",\"item\":\"https:\/\/www.article-marketing.eu\/comunicati\/\"},{\"@type\":\"ListItem\",\"position\":2,\"name\":\"Maranza, la terrazza del sole della Valle Isarco\"}]},{\"@type\":\"WebSite\",\"@id\":\"https:\/\/www.article-marketing.eu\/comunicati\/#website\",\"url\":\"https:\/\/www.article-marketing.eu\/comunicati\/\",\"name\":\"Article Marketing\",\"description\":\"article marketing &amp; press release\",\"potentialAction\":[{\"@type\":\"SearchAction\",\"target\":{\"@type\":\"EntryPoint\",\"urlTemplate\":\"https:\/\/www.article-marketing.eu\/comunicati\/?s={search_term_string}\"},\"query-input\":{\"@type\":\"PropertyValueSpecification\",\"valueRequired\":true,\"valueName\":\"search_term_string\"}}],\"inLanguage\":\"it-IT\"},{\"@type\":\"Person\",\"@id\":\"https:\/\/www.article-marketing.eu\/comunicati\/#\/schema\/person\/44372e4d4d0fa797b18e03ed1ace9017\",\"name\":\"Redazione Comunicati Stampa\",\"image\":{\"@type\":\"ImageObject\",\"inLanguage\":\"it-IT\",\"@id\":\"https:\/\/www.article-marketing.eu\/comunicati\/#\/schema\/person\/image\/\",\"url\":\"https:\/\/secure.gravatar.com\/avatar\/50e5c6421d3072f42e7ace803501602c60d75233d34e29fd05feb91c8760b792?s=96&d=mm&r=g\",\"contentUrl\":\"https:\/\/secure.gravatar.com\/avatar\/50e5c6421d3072f42e7ace803501602c60d75233d34e29fd05feb91c8760b792?s=96&d=mm&r=g\",\"caption\":\"Redazione Comunicati Stampa\"},\"url\":\"https:\/\/www.article-marketing.eu\/comunicati\/author\/redazione-comunicati-stampa\/\"}]}<\/script>\n<!-- \/ Yoast SEO plugin. -->","yoast_head_json":{"title":"Maranza, la terrazza del sole della Valle Isarco - Article Marketing","robots":{"index":"index","follow":"follow","max-snippet":"max-snippet:-1","max-image-preview":"max-image-preview:large","max-video-preview":"max-video-preview:-1"},"canonical":"https:\/\/www.article-marketing.eu\/comunicati\/viaggi-e-vacanze\/viaggi-e-turismo\/maranza-la-terrazza-del-sole-della-valle-isarco\/","og_locale":"it_IT","og_type":"article","og_title":"Maranza, la terrazza del sole della Valle Isarco - Article Marketing","og_description":"Maranza \u00e8 una localit\u00e0 turistica della Valle Isarco in Alto Adige ed \u00e8 una frazione del comune di Rio Pusteria, in provincia di Bolzano. E' conosciuta come la terrazza del sole, per la sua esposizione verso sud. Questo paese di montagna \u00e8 la meta ideale per le vacanze sia estive che invernali. Infatti, durante le prime \u00e8 possibile avventurarsi in diverse escursioni e in percorsi tematici; mentre, durante le seconde, troviamo 44 km di piste e 16 impianti di risalita, che ci permettono di praticare sci, sci di fondo e slittino. Inoltre, a Maranza e nei suoi dintorni, troviamo hotel, accoglienti e raffinati, con i migliori esperti nelle aree wellness.","og_url":"https:\/\/www.article-marketing.eu\/comunicati\/viaggi-e-vacanze\/viaggi-e-turismo\/maranza-la-terrazza-del-sole-della-valle-isarco\/","og_site_name":"Article Marketing","article_published_time":"2011-05-25T10:36:21+00:00","author":"Redazione Comunicati Stampa","twitter_card":"summary_large_image","twitter_misc":{"Scritto da":"Redazione Comunicati Stampa","Tempo di lettura stimato":"3 minuti"},"schema":{"@context":"https:\/\/schema.org","@graph":[{"@type":"Article","@id":"https:\/\/www.article-marketing.eu\/comunicati\/viaggi-e-vacanze\/viaggi-e-turismo\/maranza-la-terrazza-del-sole-della-valle-isarco\/#article","isPartOf":{"@id":"https:\/\/www.article-marketing.eu\/comunicati\/viaggi-e-vacanze\/viaggi-e-turismo\/maranza-la-terrazza-del-sole-della-valle-isarco\/"},"author":{"name":"Redazione Comunicati Stampa","@id":"https:\/\/www.article-marketing.eu\/comunicati\/#\/schema\/person\/44372e4d4d0fa797b18e03ed1ace9017"},"headline":"Maranza, la terrazza del sole della Valle Isarco","datePublished":"2011-05-25T10:36:21+00:00","mainEntityOfPage":{"@id":"https:\/\/www.article-marketing.eu\/comunicati\/viaggi-e-vacanze\/viaggi-e-turismo\/maranza-la-terrazza-del-sole-della-valle-isarco\/"},"wordCount":538,"commentCount":0,"articleSection":["Viaggi e Turismo"],"inLanguage":"it-IT","potentialAction":[{"@type":"CommentAction","name":"Comment","target":["https:\/\/www.article-marketing.eu\/comunicati\/viaggi-e-vacanze\/viaggi-e-turismo\/maranza-la-terrazza-del-sole-della-valle-isarco\/#respond"]}]},{"@type":"WebPage","@id":"https:\/\/www.article-marketing.eu\/comunicati\/viaggi-e-vacanze\/viaggi-e-turismo\/maranza-la-terrazza-del-sole-della-valle-isarco\/","url":"https:\/\/www.article-marketing.eu\/comunicati\/viaggi-e-vacanze\/viaggi-e-turismo\/maranza-la-terrazza-del-sole-della-valle-isarco\/","name":"Maranza, la terrazza del sole della Valle Isarco - Article Marketing","isPartOf":{"@id":"https:\/\/www.article-marketing.eu\/comunicati\/#website"},"datePublished":"2011-05-25T10:36:21+00:00","author":{"@id":"https:\/\/www.article-marketing.eu\/comunicati\/#\/schema\/person\/44372e4d4d0fa797b18e03ed1ace9017"},"breadcrumb":{"@id":"https:\/\/www.article-marketing.eu\/comunicati\/viaggi-e-vacanze\/viaggi-e-turismo\/maranza-la-terrazza-del-sole-della-valle-isarco\/#breadcrumb"},"inLanguage":"it-IT","potentialAction":[{"@type":"ReadAction","target":["https:\/\/www.article-marketing.eu\/comunicati\/viaggi-e-vacanze\/viaggi-e-turismo\/maranza-la-terrazza-del-sole-della-valle-isarco\/"]}]},{"@type":"BreadcrumbList","@id":"https:\/\/www.article-marketing.eu\/comunicati\/viaggi-e-vacanze\/viaggi-e-turismo\/maranza-la-terrazza-del-sole-della-valle-isarco\/#breadcrumb","itemListElement":[{"@type":"ListItem","position":1,"name":"Home","item":"https:\/\/www.article-marketing.eu\/comunicati\/"},{"@type":"ListItem","position":2,"name":"Maranza, la terrazza del sole della Valle Isarco"}]},{"@type":"WebSite","@id":"https:\/\/www.article-marketing.eu\/comunicati\/#website","url":"https:\/\/www.article-marketing.eu\/comunicati\/","name":"Article Marketing","description":"article marketing &amp; press release","potentialAction":[{"@type":"SearchAction","target":{"@type":"EntryPoint","urlTemplate":"https:\/\/www.article-marketing.eu\/comunicati\/?s={search_term_string}"},"query-input":{"@type":"PropertyValueSpecification","valueRequired":true,"valueName":"search_term_string"}}],"inLanguage":"it-IT"},{"@type":"Person","@id":"https:\/\/www.article-marketing.eu\/comunicati\/#\/schema\/person\/44372e4d4d0fa797b18e03ed1ace9017","name":"Redazione Comunicati Stampa","image":{"@type":"ImageObject","inLanguage":"it-IT","@id":"https:\/\/www.article-marketing.eu\/comunicati\/#\/schema\/person\/image\/","url":"https:\/\/secure.gravatar.com\/avatar\/50e5c6421d3072f42e7ace803501602c60d75233d34e29fd05feb91c8760b792?s=96&d=mm&r=g","contentUrl":"https:\/\/secure.gravatar.com\/avatar\/50e5c6421d3072f42e7ace803501602c60d75233d34e29fd05feb91c8760b792?s=96&d=mm&r=g","caption":"Redazione Comunicati Stampa"},"url":"https:\/\/www.article-marketing.eu\/comunicati\/author\/redazione-comunicati-stampa\/"}]}},"_links":{"self":[{"href":"https:\/\/www.article-marketing.eu\/comunicati\/wp-json\/wp\/v2\/posts\/16621","targetHints":{"allow":["GET"]}}],"collection":[{"href":"https:\/\/www.article-marketing.eu\/comunicati\/wp-json\/wp\/v2\/posts"}],"about":[{"href":"https:\/\/www.article-marketing.eu\/comunicati\/wp-json\/wp\/v2\/types\/post"}],"author":[{"embeddable":true,"href":"https:\/\/www.article-marketing.eu\/comunicati\/wp-json\/wp\/v2\/users\/10"}],"replies":[{"embeddable":true,"href":"https:\/\/www.article-marketing.eu\/comunicati\/wp-json\/wp\/v2\/comments?post=16621"}],"version-history":[{"count":0,"href":"https:\/\/www.article-marketing.eu\/comunicati\/wp-json\/wp\/v2\/posts\/16621\/revisions"}],"wp:attachment":[{"href":"https:\/\/www.article-marketing.eu\/comunicati\/wp-json\/wp\/v2\/media?parent=16621"}],"wp:term":[{"taxonomy":"category","embeddable":true,"href":"https:\/\/www.article-marketing.eu\/comunicati\/wp-json\/wp\/v2\/categories?post=16621"},{"taxonomy":"post_tag","embeddable":true,"href":"https:\/\/www.article-marketing.eu\/comunicati\/wp-json\/wp\/v2\/tags?post=16621"}],"curies":[{"name":"wp","href":"https:\/\/api.w.org\/{rel}","templated":true}]}}