{"id":1669,"date":"2009-03-27T12:49:04","date_gmt":"2009-03-27T11:49:04","guid":{"rendered":"http:\/\/www.article-marketing.eu\/comunicati\/senza-categoria\/milano-dal-28-3-al-3-4-porte-aperte-per-la-nuova-golf-plus-da-car-comauto-con-culti-dayspa\/"},"modified":"2009-03-27T12:49:04","modified_gmt":"2009-03-27T11:49:04","slug":"milano-dal-28-3-al-3-4-porte-aperte-per-la-nuova-golf-plus-da-car-comauto-con-culti-dayspa","status":"publish","type":"post","link":"https:\/\/www.article-marketing.eu\/comunicati\/motori\/milano-dal-28-3-al-3-4-porte-aperte-per-la-nuova-golf-plus-da-car-comauto-con-culti-dayspa\/","title":{"rendered":"Milano dal 28\/3 al 3\/4: Porte Aperte per la nuova Golf Plus  da CAR Comauto con Culti DaySpa"},"content":{"rendered":"<p>La Concessionaria Volkswagen di Milano con i suoi Eventi ricchi di vantaggi per chi vi aderisce, anche in questa occasione vuole stupire e soddisfare la propria clientela con un Porte Aperte che sposa appieno la filosofia della nuova Golf Plus: Relax Non Stop. Lo Showroom CAR Comauto di viale Certosa, grazie alla partnership realizzata tra il concessionario Volkwsagen e Culti DaySpa, che con i suoi oltre 1200 mq \u00e8 il punto di riferimento a Milano, e non solo, per la cura di s\u00e9, si trasformer\u00e0 una nuova dimensione di Comfort. Il personale CAR Comauto e gli operatori Culti saranno presenti per soddisfare ogni curiosit\u00e0 in una luonge all\u2019insegna del benessere, sia psicofisico che economico! <\/p>\n<p>CAR Comauto Eventi con Culti DaySpa: Porte Aperte Golf Plus Dal 28 Marzo al 3 Aprile 2009<br \/>\nShowroom Carcomauto Volkswagen<br \/>\nViale Certosa 9 \u2013 Milano<br \/>\nOrari: Lun\/Ven 9-12.30\/14.30-19<br \/>\nSab\/Dom 9-12.30\/15-19<br \/>\nwww.carcomauto.it <\/p>\n<p>Solo da CAR Comauto il mondo dell\u2019auto si trasforma ed accompagna il piacere della guida ad una sensazione di relax. Infatti, a tutti coloro che Acquisteranno la nuova Golf Plus durante la settimana di Porte Aperte, Carcomauto regaler\u00e0 l\u2019esclusivo percorso Culti \u201cRELAX TWIN MARESECCO e MASSAGGIO SUITE\u201d della durata di tre ore e riservato alla coppia. <\/p>\n<p>Ma non \u00e8 tutto, un interessante vantaggio sull\u2019acquisto \u00e8 previsto anche per quanti, sempre durante la settimana di presentazione, preferiranno un altro modello della gamma Volkswagen: a seconda del modello prescelto Carcomauto regaler\u00e0, oltre i vantaggi, le promozioni e gli ecoincentivi in corso sull\u2019acquisto di nuovo Carcomauto:<br \/>\n&#8211; l\u2019esclusivo percorso Culti \u201cRELAX TWIN MARESECCO\u201d della durata di due ore e riservato alla coppia<br \/>\n&#8211; l\u2019esclusivo percorso Culti \u201cRELAX TWIN MARESECCO e MASSAGGIO SUITE\u201d. <\/p>\n<p>Nuova Golf Plus: il piacere di guida assume una nuova dimensione di Comfort. <\/p>\n<p>Su tutti i posti godrete di una sensazione di spazio straordinaria, sia avanti che dietro, avrete maggiore libert\u00e0 di movimento sotto ogni aspetto. Testa, spalle e ginocchia potranno muoversi liberamente in ogni direzione. <\/p>\n<p>L&#8217;abitacolo di Golf Plus \u00e8 di dimensioni particolarmente larghe e offre spazio a non finire per ogni esigenza individuale. Perci\u00f2 Golf Plus offre ancora pi\u00f9 spazio per farvi godere la vita in modo rilassato. <\/p>\n<p>Grazie alla posizione del sedile rialzata, alla maggiore libert\u00e0 di movimento e ad una flessibilit\u00e0 particolarmente elevata del sedile posteriore, Golf Plus \u00e8 la risposta giusta alle esigenze dell&#8217;uomo e della donna moderni e attivi.<br \/>\nwww.carcomauto.it<\/p>\n<p>La Concessionaria Volkswagen di Milano con i suoi Eventi ricchi di vantaggi per chi vi aderisce, anche in questa occasione vuole stupire e soddisfare la propria clientela con un Porte Aperte che sposa appieno la filosofia della nuova Golf Plus: Relax Non Stop.  Lo Showroom CAR Comauto di viale Certosa, grazie alla partnership realizzata tra il concessionario Volkwsagen e Culti DaySpa, che con i suoi oltre 1200 mq \u00e8 il punto di riferimento a Milano, e non solo, per la cura di s\u00e9, si trasformer\u00e0 una nuova dimensione di Comfort. Il personale CAR Comauto e gli operatori Culti saranno presenti per soddisfare ogni curiosit\u00e0 in una luonge all\u2019insegna del benessere, sia psicofisico che economico!<\/p>\n","protected":false},"excerpt":{"rendered":"<p>CAR Comauto \u00e8 lieta di invitarvi alla settimana di Porte Aperte dedicata alla nuova Golf Plus, per scoprire tutte le novit\u00e0 dell\u2019ultima nata in casa Volkswagen. <\/p>\n<p>La Concessionaria Volkswagen di Milano con i suoi Eventi ricchi di vantaggi per chi vi aderisce, anche in questa occasione vuole stupire e soddisfare la propria clientela con un Porte Aperte che sposa appieno la filosofia della nuova Golf Plus: Relax Non Stop.  Lo Showroom CAR Comauto di viale Certosa, grazie alla partnership realizzata tra il concessionario Volkwsagen e Culti DaySpa, che con i suoi oltre 1200 mq \u00e8 il punto di riferimento a Milano, e non solo, per la cura di s\u00e9, si trasformer\u00e0 una nuova dimensione di Comfort. Il personale CAR Comauto e gli operatori Culti saranno presenti per soddisfare ogni curiosit\u00e0 in una luonge all\u2019insegna del benessere, sia psicofisico che economico!<\/p>\n","protected":false},"author":10,"featured_media":0,"comment_status":"open","ping_status":"open","sticky":false,"template":"","format":"standard","meta":{"cybocfi_hide_featured_image":"","footnotes":""},"categories":[479],"tags":[1235,3012,5440,5441,5439,3370,3009],"class_list":["post-1669","post","type-post","status-publish","format-standard","hentry","category-motori","tag-benessere","tag-carcomauto","tag-culti","tag-eco-incentivi","tag-nuova-golf-plus","tag-spa","tag-volkswagen"],"yoast_head":"<!-- This site is optimized with the Yoast SEO plugin v27.0 - https:\/\/yoast.com\/product\/yoast-seo-wordpress\/ -->\n<title>Milano dal 28\/3 al 3\/4: Porte Aperte per la nuova Golf Plus da CAR Comauto con Culti DaySpa - Article Marketing<\/title>\n<meta name=\"robots\" content=\"index, follow, max-snippet:-1, max-image-preview:large, max-video-preview:-1\" \/>\n<link rel=\"canonical\" href=\"https:\/\/www.article-marketing.eu\/comunicati\/motori\/milano-dal-28-3-al-3-4-porte-aperte-per-la-nuova-golf-plus-da-car-comauto-con-culti-dayspa\/\" \/>\n<meta property=\"og:locale\" content=\"it_IT\" \/>\n<meta property=\"og:type\" content=\"article\" \/>\n<meta property=\"og:title\" content=\"Milano dal 28\/3 al 3\/4: Porte Aperte per la nuova Golf Plus da CAR Comauto con Culti DaySpa - Article Marketing\" \/>\n<meta property=\"og:description\" content=\"CAR Comauto \u00e8 lieta di invitarvi alla settimana di Porte Aperte dedicata alla nuova Golf Plus, per scoprire tutte le novit\u00e0 dell\u2019ultima nata in casa Volkswagen.  La Concessionaria Volkswagen di Milano con i suoi Eventi ricchi di vantaggi per chi vi aderisce, anche in questa occasione vuole stupire e soddisfare la propria clientela con un Porte Aperte che sposa appieno la filosofia della nuova Golf Plus: Relax Non Stop. Lo Showroom CAR Comauto di viale Certosa, grazie alla partnership realizzata tra il concessionario Volkwsagen e Culti DaySpa, che con i suoi oltre 1200 mq \u00e8 il punto di riferimento a Milano, e non solo, per la cura di s\u00e9, si trasformer\u00e0 una nuova dimensione di Comfort. Il personale CAR Comauto e gli operatori Culti saranno presenti per soddisfare ogni curiosit\u00e0 in una luonge all\u2019insegna del benessere, sia psicofisico che economico!\" \/>\n<meta property=\"og:url\" content=\"https:\/\/www.article-marketing.eu\/comunicati\/motori\/milano-dal-28-3-al-3-4-porte-aperte-per-la-nuova-golf-plus-da-car-comauto-con-culti-dayspa\/\" \/>\n<meta property=\"og:site_name\" content=\"Article Marketing\" \/>\n<meta property=\"article:published_time\" content=\"2009-03-27T11:49:04+00:00\" \/>\n<meta name=\"author\" content=\"Redazione Comunicati Stampa\" \/>\n<meta name=\"twitter:card\" content=\"summary_large_image\" \/>\n<meta name=\"twitter:label1\" content=\"Scritto da\" \/>\n\t<meta name=\"twitter:data1\" content=\"Redazione Comunicati Stampa\" \/>\n\t<meta name=\"twitter:label2\" content=\"Tempo di lettura stimato\" \/>\n\t<meta name=\"twitter:data2\" content=\"3 minuti\" \/>\n<script type=\"application\/ld+json\" class=\"yoast-schema-graph\">{\"@context\":\"https:\/\/schema.org\",\"@graph\":[{\"@type\":\"Article\",\"@id\":\"https:\/\/www.article-marketing.eu\/comunicati\/motori\/milano-dal-28-3-al-3-4-porte-aperte-per-la-nuova-golf-plus-da-car-comauto-con-culti-dayspa\/#article\",\"isPartOf\":{\"@id\":\"https:\/\/www.article-marketing.eu\/comunicati\/motori\/milano-dal-28-3-al-3-4-porte-aperte-per-la-nuova-golf-plus-da-car-comauto-con-culti-dayspa\/\"},\"author\":{\"name\":\"Redazione Comunicati Stampa\",\"@id\":\"https:\/\/www.article-marketing.eu\/comunicati\/#\/schema\/person\/44372e4d4d0fa797b18e03ed1ace9017\"},\"headline\":\"Milano dal 28\/3 al 3\/4: Porte Aperte per la nuova Golf Plus da CAR Comauto con Culti DaySpa\",\"datePublished\":\"2009-03-27T11:49:04+00:00\",\"mainEntityOfPage\":{\"@id\":\"https:\/\/www.article-marketing.eu\/comunicati\/motori\/milano-dal-28-3-al-3-4-porte-aperte-per-la-nuova-golf-plus-da-car-comauto-con-culti-dayspa\/\"},\"wordCount\":523,\"commentCount\":0,\"keywords\":[\"benessere\",\"carcomauto\",\"Culti\",\"eco-incentivi\",\"Nuova Golf Plus\",\"spa\",\"volkswagen\"],\"articleSection\":[\"Motori\"],\"inLanguage\":\"it-IT\",\"potentialAction\":[{\"@type\":\"CommentAction\",\"name\":\"Comment\",\"target\":[\"https:\/\/www.article-marketing.eu\/comunicati\/motori\/milano-dal-28-3-al-3-4-porte-aperte-per-la-nuova-golf-plus-da-car-comauto-con-culti-dayspa\/#respond\"]}]},{\"@type\":\"WebPage\",\"@id\":\"https:\/\/www.article-marketing.eu\/comunicati\/motori\/milano-dal-28-3-al-3-4-porte-aperte-per-la-nuova-golf-plus-da-car-comauto-con-culti-dayspa\/\",\"url\":\"https:\/\/www.article-marketing.eu\/comunicati\/motori\/milano-dal-28-3-al-3-4-porte-aperte-per-la-nuova-golf-plus-da-car-comauto-con-culti-dayspa\/\",\"name\":\"Milano dal 28\/3 al 3\/4: Porte Aperte per la nuova Golf Plus da CAR Comauto con Culti DaySpa - Article Marketing\",\"isPartOf\":{\"@id\":\"https:\/\/www.article-marketing.eu\/comunicati\/#website\"},\"datePublished\":\"2009-03-27T11:49:04+00:00\",\"author\":{\"@id\":\"https:\/\/www.article-marketing.eu\/comunicati\/#\/schema\/person\/44372e4d4d0fa797b18e03ed1ace9017\"},\"breadcrumb\":{\"@id\":\"https:\/\/www.article-marketing.eu\/comunicati\/motori\/milano-dal-28-3-al-3-4-porte-aperte-per-la-nuova-golf-plus-da-car-comauto-con-culti-dayspa\/#breadcrumb\"},\"inLanguage\":\"it-IT\",\"potentialAction\":[{\"@type\":\"ReadAction\",\"target\":[\"https:\/\/www.article-marketing.eu\/comunicati\/motori\/milano-dal-28-3-al-3-4-porte-aperte-per-la-nuova-golf-plus-da-car-comauto-con-culti-dayspa\/\"]}]},{\"@type\":\"BreadcrumbList\",\"@id\":\"https:\/\/www.article-marketing.eu\/comunicati\/motori\/milano-dal-28-3-al-3-4-porte-aperte-per-la-nuova-golf-plus-da-car-comauto-con-culti-dayspa\/#breadcrumb\",\"itemListElement\":[{\"@type\":\"ListItem\",\"position\":1,\"name\":\"Home\",\"item\":\"https:\/\/www.article-marketing.eu\/comunicati\/\"},{\"@type\":\"ListItem\",\"position\":2,\"name\":\"Milano dal 28\/3 al 3\/4: Porte Aperte per la nuova Golf Plus da CAR Comauto con Culti DaySpa\"}]},{\"@type\":\"WebSite\",\"@id\":\"https:\/\/www.article-marketing.eu\/comunicati\/#website\",\"url\":\"https:\/\/www.article-marketing.eu\/comunicati\/\",\"name\":\"Article Marketing\",\"description\":\"article marketing &amp; press release\",\"potentialAction\":[{\"@type\":\"SearchAction\",\"target\":{\"@type\":\"EntryPoint\",\"urlTemplate\":\"https:\/\/www.article-marketing.eu\/comunicati\/?s={search_term_string}\"},\"query-input\":{\"@type\":\"PropertyValueSpecification\",\"valueRequired\":true,\"valueName\":\"search_term_string\"}}],\"inLanguage\":\"it-IT\"},{\"@type\":\"Person\",\"@id\":\"https:\/\/www.article-marketing.eu\/comunicati\/#\/schema\/person\/44372e4d4d0fa797b18e03ed1ace9017\",\"name\":\"Redazione Comunicati Stampa\",\"image\":{\"@type\":\"ImageObject\",\"inLanguage\":\"it-IT\",\"@id\":\"https:\/\/www.article-marketing.eu\/comunicati\/#\/schema\/person\/image\/\",\"url\":\"https:\/\/secure.gravatar.com\/avatar\/50e5c6421d3072f42e7ace803501602c60d75233d34e29fd05feb91c8760b792?s=96&d=mm&r=g\",\"contentUrl\":\"https:\/\/secure.gravatar.com\/avatar\/50e5c6421d3072f42e7ace803501602c60d75233d34e29fd05feb91c8760b792?s=96&d=mm&r=g\",\"caption\":\"Redazione Comunicati Stampa\"},\"url\":\"https:\/\/www.article-marketing.eu\/comunicati\/author\/redazione-comunicati-stampa\/\"}]}<\/script>\n<!-- \/ Yoast SEO plugin. -->","yoast_head_json":{"title":"Milano dal 28\/3 al 3\/4: Porte Aperte per la nuova Golf Plus da CAR Comauto con Culti DaySpa - Article Marketing","robots":{"index":"index","follow":"follow","max-snippet":"max-snippet:-1","max-image-preview":"max-image-preview:large","max-video-preview":"max-video-preview:-1"},"canonical":"https:\/\/www.article-marketing.eu\/comunicati\/motori\/milano-dal-28-3-al-3-4-porte-aperte-per-la-nuova-golf-plus-da-car-comauto-con-culti-dayspa\/","og_locale":"it_IT","og_type":"article","og_title":"Milano dal 28\/3 al 3\/4: Porte Aperte per la nuova Golf Plus da CAR Comauto con Culti DaySpa - Article Marketing","og_description":"CAR Comauto \u00e8 lieta di invitarvi alla settimana di Porte Aperte dedicata alla nuova Golf Plus, per scoprire tutte le novit\u00e0 dell\u2019ultima nata in casa Volkswagen.  La Concessionaria Volkswagen di Milano con i suoi Eventi ricchi di vantaggi per chi vi aderisce, anche in questa occasione vuole stupire e soddisfare la propria clientela con un Porte Aperte che sposa appieno la filosofia della nuova Golf Plus: Relax Non Stop. Lo Showroom CAR Comauto di viale Certosa, grazie alla partnership realizzata tra il concessionario Volkwsagen e Culti DaySpa, che con i suoi oltre 1200 mq \u00e8 il punto di riferimento a Milano, e non solo, per la cura di s\u00e9, si trasformer\u00e0 una nuova dimensione di Comfort. Il personale CAR Comauto e gli operatori Culti saranno presenti per soddisfare ogni curiosit\u00e0 in una luonge all\u2019insegna del benessere, sia psicofisico che economico!","og_url":"https:\/\/www.article-marketing.eu\/comunicati\/motori\/milano-dal-28-3-al-3-4-porte-aperte-per-la-nuova-golf-plus-da-car-comauto-con-culti-dayspa\/","og_site_name":"Article Marketing","article_published_time":"2009-03-27T11:49:04+00:00","author":"Redazione Comunicati Stampa","twitter_card":"summary_large_image","twitter_misc":{"Scritto da":"Redazione Comunicati Stampa","Tempo di lettura stimato":"3 minuti"},"schema":{"@context":"https:\/\/schema.org","@graph":[{"@type":"Article","@id":"https:\/\/www.article-marketing.eu\/comunicati\/motori\/milano-dal-28-3-al-3-4-porte-aperte-per-la-nuova-golf-plus-da-car-comauto-con-culti-dayspa\/#article","isPartOf":{"@id":"https:\/\/www.article-marketing.eu\/comunicati\/motori\/milano-dal-28-3-al-3-4-porte-aperte-per-la-nuova-golf-plus-da-car-comauto-con-culti-dayspa\/"},"author":{"name":"Redazione Comunicati Stampa","@id":"https:\/\/www.article-marketing.eu\/comunicati\/#\/schema\/person\/44372e4d4d0fa797b18e03ed1ace9017"},"headline":"Milano dal 28\/3 al 3\/4: Porte Aperte per la nuova Golf Plus da CAR Comauto con Culti DaySpa","datePublished":"2009-03-27T11:49:04+00:00","mainEntityOfPage":{"@id":"https:\/\/www.article-marketing.eu\/comunicati\/motori\/milano-dal-28-3-al-3-4-porte-aperte-per-la-nuova-golf-plus-da-car-comauto-con-culti-dayspa\/"},"wordCount":523,"commentCount":0,"keywords":["benessere","carcomauto","Culti","eco-incentivi","Nuova Golf Plus","spa","volkswagen"],"articleSection":["Motori"],"inLanguage":"it-IT","potentialAction":[{"@type":"CommentAction","name":"Comment","target":["https:\/\/www.article-marketing.eu\/comunicati\/motori\/milano-dal-28-3-al-3-4-porte-aperte-per-la-nuova-golf-plus-da-car-comauto-con-culti-dayspa\/#respond"]}]},{"@type":"WebPage","@id":"https:\/\/www.article-marketing.eu\/comunicati\/motori\/milano-dal-28-3-al-3-4-porte-aperte-per-la-nuova-golf-plus-da-car-comauto-con-culti-dayspa\/","url":"https:\/\/www.article-marketing.eu\/comunicati\/motori\/milano-dal-28-3-al-3-4-porte-aperte-per-la-nuova-golf-plus-da-car-comauto-con-culti-dayspa\/","name":"Milano dal 28\/3 al 3\/4: Porte Aperte per la nuova Golf Plus da CAR Comauto con Culti DaySpa - Article Marketing","isPartOf":{"@id":"https:\/\/www.article-marketing.eu\/comunicati\/#website"},"datePublished":"2009-03-27T11:49:04+00:00","author":{"@id":"https:\/\/www.article-marketing.eu\/comunicati\/#\/schema\/person\/44372e4d4d0fa797b18e03ed1ace9017"},"breadcrumb":{"@id":"https:\/\/www.article-marketing.eu\/comunicati\/motori\/milano-dal-28-3-al-3-4-porte-aperte-per-la-nuova-golf-plus-da-car-comauto-con-culti-dayspa\/#breadcrumb"},"inLanguage":"it-IT","potentialAction":[{"@type":"ReadAction","target":["https:\/\/www.article-marketing.eu\/comunicati\/motori\/milano-dal-28-3-al-3-4-porte-aperte-per-la-nuova-golf-plus-da-car-comauto-con-culti-dayspa\/"]}]},{"@type":"BreadcrumbList","@id":"https:\/\/www.article-marketing.eu\/comunicati\/motori\/milano-dal-28-3-al-3-4-porte-aperte-per-la-nuova-golf-plus-da-car-comauto-con-culti-dayspa\/#breadcrumb","itemListElement":[{"@type":"ListItem","position":1,"name":"Home","item":"https:\/\/www.article-marketing.eu\/comunicati\/"},{"@type":"ListItem","position":2,"name":"Milano dal 28\/3 al 3\/4: Porte Aperte per la nuova Golf Plus da CAR Comauto con Culti DaySpa"}]},{"@type":"WebSite","@id":"https:\/\/www.article-marketing.eu\/comunicati\/#website","url":"https:\/\/www.article-marketing.eu\/comunicati\/","name":"Article Marketing","description":"article marketing &amp; press release","potentialAction":[{"@type":"SearchAction","target":{"@type":"EntryPoint","urlTemplate":"https:\/\/www.article-marketing.eu\/comunicati\/?s={search_term_string}"},"query-input":{"@type":"PropertyValueSpecification","valueRequired":true,"valueName":"search_term_string"}}],"inLanguage":"it-IT"},{"@type":"Person","@id":"https:\/\/www.article-marketing.eu\/comunicati\/#\/schema\/person\/44372e4d4d0fa797b18e03ed1ace9017","name":"Redazione Comunicati Stampa","image":{"@type":"ImageObject","inLanguage":"it-IT","@id":"https:\/\/www.article-marketing.eu\/comunicati\/#\/schema\/person\/image\/","url":"https:\/\/secure.gravatar.com\/avatar\/50e5c6421d3072f42e7ace803501602c60d75233d34e29fd05feb91c8760b792?s=96&d=mm&r=g","contentUrl":"https:\/\/secure.gravatar.com\/avatar\/50e5c6421d3072f42e7ace803501602c60d75233d34e29fd05feb91c8760b792?s=96&d=mm&r=g","caption":"Redazione Comunicati Stampa"},"url":"https:\/\/www.article-marketing.eu\/comunicati\/author\/redazione-comunicati-stampa\/"}]}},"_links":{"self":[{"href":"https:\/\/www.article-marketing.eu\/comunicati\/wp-json\/wp\/v2\/posts\/1669","targetHints":{"allow":["GET"]}}],"collection":[{"href":"https:\/\/www.article-marketing.eu\/comunicati\/wp-json\/wp\/v2\/posts"}],"about":[{"href":"https:\/\/www.article-marketing.eu\/comunicati\/wp-json\/wp\/v2\/types\/post"}],"author":[{"embeddable":true,"href":"https:\/\/www.article-marketing.eu\/comunicati\/wp-json\/wp\/v2\/users\/10"}],"replies":[{"embeddable":true,"href":"https:\/\/www.article-marketing.eu\/comunicati\/wp-json\/wp\/v2\/comments?post=1669"}],"version-history":[{"count":0,"href":"https:\/\/www.article-marketing.eu\/comunicati\/wp-json\/wp\/v2\/posts\/1669\/revisions"}],"wp:attachment":[{"href":"https:\/\/www.article-marketing.eu\/comunicati\/wp-json\/wp\/v2\/media?parent=1669"}],"wp:term":[{"taxonomy":"category","embeddable":true,"href":"https:\/\/www.article-marketing.eu\/comunicati\/wp-json\/wp\/v2\/categories?post=1669"},{"taxonomy":"post_tag","embeddable":true,"href":"https:\/\/www.article-marketing.eu\/comunicati\/wp-json\/wp\/v2\/tags?post=1669"}],"curies":[{"name":"wp","href":"https:\/\/api.w.org\/{rel}","templated":true}]}}