{"id":1679,"date":"2009-03-30T11:14:11","date_gmt":"2009-03-30T09:14:11","guid":{"rendered":"http:\/\/www.article-marketing.eu\/comunicati\/senza-categoria\/e-nato-il-progetto-editoriale-volario\/"},"modified":"2018-06-04T20:14:19","modified_gmt":"2018-06-04T18:14:19","slug":"e-nato-il-progetto-editoriale-volario","status":"publish","type":"post","link":"https:\/\/www.article-marketing.eu\/comunicati\/comunicati-stampa\/servizi\/e-nato-il-progetto-editoriale-volario\/","title":{"rendered":"E&#8217; nato il progetto editoriale &#8220;Volario&#8221;"},"content":{"rendered":"<p style=\"TEXT-ALIGN: justify\">Volario \u00e8 uno strumento utile, di facile consultazione e comodo da conservare. Realizzato da Minoja Editore Srl, il progetto nasce dalla necessit\u00e0 di un\u2019unica pubblicazione che fornisca, in modo facile ed esauriente, tutte le informazioni utili per programmare i propri spostamenti aerei tra le diverse citt\u00e0 italiane. In questo modo, chi ha la necessit\u00e0 di raggiungere una determinata destinazione potr\u00e0 scegliere rapidamente tra tutte le possibili opzioni disponibili riguardo ad orari e vettori. Inoltre, \u00e8 piacevole come aspetto e formato: le pagine colorate, la grafica chiara, le immagini delle citt\u00e0 in ogni tabella riassuntiva ed il formato tascabile rendono Volario comodissimo da tenere in borsa, in valigia o in mano. <\/p>\n<p style=\"TEXT-ALIGN: justify\">La prima copia di Volario, (30.000 copie), \u00e8 disponibile gratuitamente presso le sale VIP degli aeroporti di Torino, Verona, Pisa, Genova, Milano e Roma, si trova inoltre negli alberghi delle catene Star Hotel ed alcuni Best Western, &nbsp;negli oltre 50 Business Centers, &nbsp;da Auto-Europa, societ\u00e0 di autonoleggio presente in quasi tutti gli aereoporti, &nbsp;infine spedito nominalmente ad oltre 1.000 manager.<\/p>\n<p style=\"TEXT-ALIGN: justify\">Le ricerche su internet, le telefonate agli aeroporti, i passaparola tra amici e colleghi per conoscere gli orari dei voli e come raggiungere gli aeroporti si possono evitare portando sempre con se e consultando questo comodo strumento, di facile e rapida lettura.<\/p>\n<p style=\"TEXT-ALIGN: justify\">Metiservice S.r.l., societ\u00e0 che gestisce il Business Center Treviso, ha recentemente ricevuto mandato per la rappresentanza commerciale di Volario. \u201c<em>Il nostro obiettivo&quot;<\/em>, dichiara Sergio Giarrizzo, Amministratore unico di Metiservice Srl,&nbsp; &quot;<em>\u00e8 far conoscere il nuovo mezzo informativo ad un profilo di aziende che ha necessit\u00e0 di entrare in contatto con un target medio-alto, quali imprenditori, manager, consulenti e professionisti, ad un costo contatto tra i pi\u00f9 bassi del mercato<\/em>\u201d.<\/p>\n<p style=\"TEXT-ALIGN: justify\">Per ricevere Volario, per qualunque info e per essere inseriti nella nuova edizione \u201cestate 2009\u201d che uscir\u00e0 in giugno, contattateci al numero telefonico &nbsp;0422&nbsp;694050&nbsp; oppure via mail info@metiservice.it.<\/p>\n<p style=\"TEXT-ALIGN: justify\"><em><u>A tutti coloro che chiameranno entro il 30 aprile 2009 offriremo un\u2019uscita gratuita, a fronte di uno spazio acquistato (sconto 50%).<\/u><\/em><\/p>\n","protected":false},"excerpt":{"rendered":"<p><i>Volario &#8211; Orario dei voli di linea nazionali &#8211;<\/i> \u00e8 uno strumento utile per chi viaggia all\u2019interno del territorio italiano. Si tratta di un servizio innovativo nonch\u00e9 unico in Italia, che riunisce in una unica guida tutti i voli operati dagli aeroporti italiani. E\u2019 una indispensabile compagna di viaggio, utilissima, aggiornata e che fornisce gli orari di tutte le compagnie aeree che operano nel nostro territorio.<\/p>\n","protected":false},"author":10,"featured_media":0,"comment_status":"open","ping_status":"open","sticky":false,"template":"","format":"standard","meta":{"cybocfi_hide_featured_image":"","footnotes":""},"categories":[321],"tags":[5473,5476,5475,5474],"class_list":["post-1679","post","type-post","status-publish","format-standard","hentry","category-servizi","tag-aeroporti-italiani","tag-metiservice","tag-orario-voli","tag-voli-di-linea-nazionali"],"yoast_head":"<!-- This site is optimized with the Yoast SEO plugin v27.0 - https:\/\/yoast.com\/product\/yoast-seo-wordpress\/ -->\n<title>E&#039; nato il progetto editoriale &quot;Volario&quot; - Article Marketing<\/title>\n<meta name=\"robots\" content=\"index, follow, max-snippet:-1, max-image-preview:large, max-video-preview:-1\" \/>\n<link rel=\"canonical\" href=\"https:\/\/www.article-marketing.eu\/comunicati\/comunicati-stampa\/servizi\/e-nato-il-progetto-editoriale-volario\/\" \/>\n<meta property=\"og:locale\" content=\"it_IT\" \/>\n<meta property=\"og:type\" content=\"article\" \/>\n<meta property=\"og:title\" content=\"E&#039; nato il progetto editoriale &quot;Volario&quot; - Article Marketing\" \/>\n<meta property=\"og:description\" content=\"Volario - Orario dei voli di linea nazionali - \u00e8 uno strumento utile per chi viaggia all\u2019interno del territorio italiano. Si tratta di un servizio innovativo nonch\u00e9 unico in Italia, che riunisce in una unica guida tutti i voli operati dagli aeroporti italiani. E\u2019 una indispensabile compagna di viaggio, utilissima, aggiornata e che fornisce gli orari di tutte le compagnie aeree che operano nel nostro territorio.\" \/>\n<meta property=\"og:url\" content=\"https:\/\/www.article-marketing.eu\/comunicati\/comunicati-stampa\/servizi\/e-nato-il-progetto-editoriale-volario\/\" \/>\n<meta property=\"og:site_name\" content=\"Article Marketing\" \/>\n<meta property=\"article:published_time\" content=\"2009-03-30T09:14:11+00:00\" \/>\n<meta property=\"article:modified_time\" content=\"2018-06-04T18:14:19+00:00\" \/>\n<meta name=\"author\" content=\"Redazione Comunicati Stampa\" \/>\n<meta name=\"twitter:card\" content=\"summary_large_image\" \/>\n<meta name=\"twitter:label1\" content=\"Scritto da\" \/>\n\t<meta name=\"twitter:data1\" content=\"Redazione Comunicati Stampa\" \/>\n\t<meta name=\"twitter:label2\" content=\"Tempo di lettura stimato\" \/>\n\t<meta name=\"twitter:data2\" content=\"2 minuti\" \/>\n<script type=\"application\/ld+json\" class=\"yoast-schema-graph\">{\"@context\":\"https:\/\/schema.org\",\"@graph\":[{\"@type\":\"Article\",\"@id\":\"https:\/\/www.article-marketing.eu\/comunicati\/comunicati-stampa\/servizi\/e-nato-il-progetto-editoriale-volario\/#article\",\"isPartOf\":{\"@id\":\"https:\/\/www.article-marketing.eu\/comunicati\/comunicati-stampa\/servizi\/e-nato-il-progetto-editoriale-volario\/\"},\"author\":{\"name\":\"Redazione Comunicati Stampa\",\"@id\":\"https:\/\/www.article-marketing.eu\/comunicati\/#\/schema\/person\/44372e4d4d0fa797b18e03ed1ace9017\"},\"headline\":\"E&#8217; nato il progetto editoriale &#8220;Volario&#8221;\",\"datePublished\":\"2009-03-30T09:14:11+00:00\",\"dateModified\":\"2018-06-04T18:14:19+00:00\",\"mainEntityOfPage\":{\"@id\":\"https:\/\/www.article-marketing.eu\/comunicati\/comunicati-stampa\/servizi\/e-nato-il-progetto-editoriale-volario\/\"},\"wordCount\":339,\"commentCount\":0,\"keywords\":[\"aeroporti italiani\",\"metiservice\",\"orario voli\",\"voli di linea nazionali\"],\"articleSection\":[\"Servizi\"],\"inLanguage\":\"it-IT\",\"potentialAction\":[{\"@type\":\"CommentAction\",\"name\":\"Comment\",\"target\":[\"https:\/\/www.article-marketing.eu\/comunicati\/comunicati-stampa\/servizi\/e-nato-il-progetto-editoriale-volario\/#respond\"]}]},{\"@type\":\"WebPage\",\"@id\":\"https:\/\/www.article-marketing.eu\/comunicati\/comunicati-stampa\/servizi\/e-nato-il-progetto-editoriale-volario\/\",\"url\":\"https:\/\/www.article-marketing.eu\/comunicati\/comunicati-stampa\/servizi\/e-nato-il-progetto-editoriale-volario\/\",\"name\":\"E' nato il progetto editoriale \\\"Volario\\\" - Article Marketing\",\"isPartOf\":{\"@id\":\"https:\/\/www.article-marketing.eu\/comunicati\/#website\"},\"datePublished\":\"2009-03-30T09:14:11+00:00\",\"dateModified\":\"2018-06-04T18:14:19+00:00\",\"author\":{\"@id\":\"https:\/\/www.article-marketing.eu\/comunicati\/#\/schema\/person\/44372e4d4d0fa797b18e03ed1ace9017\"},\"breadcrumb\":{\"@id\":\"https:\/\/www.article-marketing.eu\/comunicati\/comunicati-stampa\/servizi\/e-nato-il-progetto-editoriale-volario\/#breadcrumb\"},\"inLanguage\":\"it-IT\",\"potentialAction\":[{\"@type\":\"ReadAction\",\"target\":[\"https:\/\/www.article-marketing.eu\/comunicati\/comunicati-stampa\/servizi\/e-nato-il-progetto-editoriale-volario\/\"]}]},{\"@type\":\"BreadcrumbList\",\"@id\":\"https:\/\/www.article-marketing.eu\/comunicati\/comunicati-stampa\/servizi\/e-nato-il-progetto-editoriale-volario\/#breadcrumb\",\"itemListElement\":[{\"@type\":\"ListItem\",\"position\":1,\"name\":\"Home\",\"item\":\"https:\/\/www.article-marketing.eu\/comunicati\/\"},{\"@type\":\"ListItem\",\"position\":2,\"name\":\"E&#8217; nato il progetto editoriale &#8220;Volario&#8221;\"}]},{\"@type\":\"WebSite\",\"@id\":\"https:\/\/www.article-marketing.eu\/comunicati\/#website\",\"url\":\"https:\/\/www.article-marketing.eu\/comunicati\/\",\"name\":\"Article Marketing\",\"description\":\"article marketing &amp; press release\",\"potentialAction\":[{\"@type\":\"SearchAction\",\"target\":{\"@type\":\"EntryPoint\",\"urlTemplate\":\"https:\/\/www.article-marketing.eu\/comunicati\/?s={search_term_string}\"},\"query-input\":{\"@type\":\"PropertyValueSpecification\",\"valueRequired\":true,\"valueName\":\"search_term_string\"}}],\"inLanguage\":\"it-IT\"},{\"@type\":\"Person\",\"@id\":\"https:\/\/www.article-marketing.eu\/comunicati\/#\/schema\/person\/44372e4d4d0fa797b18e03ed1ace9017\",\"name\":\"Redazione Comunicati Stampa\",\"image\":{\"@type\":\"ImageObject\",\"inLanguage\":\"it-IT\",\"@id\":\"https:\/\/www.article-marketing.eu\/comunicati\/#\/schema\/person\/image\/\",\"url\":\"https:\/\/secure.gravatar.com\/avatar\/50e5c6421d3072f42e7ace803501602c60d75233d34e29fd05feb91c8760b792?s=96&d=mm&r=g\",\"contentUrl\":\"https:\/\/secure.gravatar.com\/avatar\/50e5c6421d3072f42e7ace803501602c60d75233d34e29fd05feb91c8760b792?s=96&d=mm&r=g\",\"caption\":\"Redazione Comunicati Stampa\"},\"url\":\"https:\/\/www.article-marketing.eu\/comunicati\/author\/redazione-comunicati-stampa\/\"}]}<\/script>\n<!-- \/ Yoast SEO plugin. -->","yoast_head_json":{"title":"E' nato il progetto editoriale \"Volario\" - Article Marketing","robots":{"index":"index","follow":"follow","max-snippet":"max-snippet:-1","max-image-preview":"max-image-preview:large","max-video-preview":"max-video-preview:-1"},"canonical":"https:\/\/www.article-marketing.eu\/comunicati\/comunicati-stampa\/servizi\/e-nato-il-progetto-editoriale-volario\/","og_locale":"it_IT","og_type":"article","og_title":"E' nato il progetto editoriale \"Volario\" - Article Marketing","og_description":"Volario - Orario dei voli di linea nazionali - \u00e8 uno strumento utile per chi viaggia all\u2019interno del territorio italiano. Si tratta di un servizio innovativo nonch\u00e9 unico in Italia, che riunisce in una unica guida tutti i voli operati dagli aeroporti italiani. E\u2019 una indispensabile compagna di viaggio, utilissima, aggiornata e che fornisce gli orari di tutte le compagnie aeree che operano nel nostro territorio.","og_url":"https:\/\/www.article-marketing.eu\/comunicati\/comunicati-stampa\/servizi\/e-nato-il-progetto-editoriale-volario\/","og_site_name":"Article Marketing","article_published_time":"2009-03-30T09:14:11+00:00","article_modified_time":"2018-06-04T18:14:19+00:00","author":"Redazione Comunicati Stampa","twitter_card":"summary_large_image","twitter_misc":{"Scritto da":"Redazione Comunicati Stampa","Tempo di lettura stimato":"2 minuti"},"schema":{"@context":"https:\/\/schema.org","@graph":[{"@type":"Article","@id":"https:\/\/www.article-marketing.eu\/comunicati\/comunicati-stampa\/servizi\/e-nato-il-progetto-editoriale-volario\/#article","isPartOf":{"@id":"https:\/\/www.article-marketing.eu\/comunicati\/comunicati-stampa\/servizi\/e-nato-il-progetto-editoriale-volario\/"},"author":{"name":"Redazione Comunicati Stampa","@id":"https:\/\/www.article-marketing.eu\/comunicati\/#\/schema\/person\/44372e4d4d0fa797b18e03ed1ace9017"},"headline":"E&#8217; nato il progetto editoriale &#8220;Volario&#8221;","datePublished":"2009-03-30T09:14:11+00:00","dateModified":"2018-06-04T18:14:19+00:00","mainEntityOfPage":{"@id":"https:\/\/www.article-marketing.eu\/comunicati\/comunicati-stampa\/servizi\/e-nato-il-progetto-editoriale-volario\/"},"wordCount":339,"commentCount":0,"keywords":["aeroporti italiani","metiservice","orario voli","voli di linea nazionali"],"articleSection":["Servizi"],"inLanguage":"it-IT","potentialAction":[{"@type":"CommentAction","name":"Comment","target":["https:\/\/www.article-marketing.eu\/comunicati\/comunicati-stampa\/servizi\/e-nato-il-progetto-editoriale-volario\/#respond"]}]},{"@type":"WebPage","@id":"https:\/\/www.article-marketing.eu\/comunicati\/comunicati-stampa\/servizi\/e-nato-il-progetto-editoriale-volario\/","url":"https:\/\/www.article-marketing.eu\/comunicati\/comunicati-stampa\/servizi\/e-nato-il-progetto-editoriale-volario\/","name":"E' nato il progetto editoriale \"Volario\" - Article Marketing","isPartOf":{"@id":"https:\/\/www.article-marketing.eu\/comunicati\/#website"},"datePublished":"2009-03-30T09:14:11+00:00","dateModified":"2018-06-04T18:14:19+00:00","author":{"@id":"https:\/\/www.article-marketing.eu\/comunicati\/#\/schema\/person\/44372e4d4d0fa797b18e03ed1ace9017"},"breadcrumb":{"@id":"https:\/\/www.article-marketing.eu\/comunicati\/comunicati-stampa\/servizi\/e-nato-il-progetto-editoriale-volario\/#breadcrumb"},"inLanguage":"it-IT","potentialAction":[{"@type":"ReadAction","target":["https:\/\/www.article-marketing.eu\/comunicati\/comunicati-stampa\/servizi\/e-nato-il-progetto-editoriale-volario\/"]}]},{"@type":"BreadcrumbList","@id":"https:\/\/www.article-marketing.eu\/comunicati\/comunicati-stampa\/servizi\/e-nato-il-progetto-editoriale-volario\/#breadcrumb","itemListElement":[{"@type":"ListItem","position":1,"name":"Home","item":"https:\/\/www.article-marketing.eu\/comunicati\/"},{"@type":"ListItem","position":2,"name":"E&#8217; nato il progetto editoriale &#8220;Volario&#8221;"}]},{"@type":"WebSite","@id":"https:\/\/www.article-marketing.eu\/comunicati\/#website","url":"https:\/\/www.article-marketing.eu\/comunicati\/","name":"Article Marketing","description":"article marketing &amp; press release","potentialAction":[{"@type":"SearchAction","target":{"@type":"EntryPoint","urlTemplate":"https:\/\/www.article-marketing.eu\/comunicati\/?s={search_term_string}"},"query-input":{"@type":"PropertyValueSpecification","valueRequired":true,"valueName":"search_term_string"}}],"inLanguage":"it-IT"},{"@type":"Person","@id":"https:\/\/www.article-marketing.eu\/comunicati\/#\/schema\/person\/44372e4d4d0fa797b18e03ed1ace9017","name":"Redazione Comunicati Stampa","image":{"@type":"ImageObject","inLanguage":"it-IT","@id":"https:\/\/www.article-marketing.eu\/comunicati\/#\/schema\/person\/image\/","url":"https:\/\/secure.gravatar.com\/avatar\/50e5c6421d3072f42e7ace803501602c60d75233d34e29fd05feb91c8760b792?s=96&d=mm&r=g","contentUrl":"https:\/\/secure.gravatar.com\/avatar\/50e5c6421d3072f42e7ace803501602c60d75233d34e29fd05feb91c8760b792?s=96&d=mm&r=g","caption":"Redazione Comunicati Stampa"},"url":"https:\/\/www.article-marketing.eu\/comunicati\/author\/redazione-comunicati-stampa\/"}]}},"_links":{"self":[{"href":"https:\/\/www.article-marketing.eu\/comunicati\/wp-json\/wp\/v2\/posts\/1679","targetHints":{"allow":["GET"]}}],"collection":[{"href":"https:\/\/www.article-marketing.eu\/comunicati\/wp-json\/wp\/v2\/posts"}],"about":[{"href":"https:\/\/www.article-marketing.eu\/comunicati\/wp-json\/wp\/v2\/types\/post"}],"author":[{"embeddable":true,"href":"https:\/\/www.article-marketing.eu\/comunicati\/wp-json\/wp\/v2\/users\/10"}],"replies":[{"embeddable":true,"href":"https:\/\/www.article-marketing.eu\/comunicati\/wp-json\/wp\/v2\/comments?post=1679"}],"version-history":[{"count":1,"href":"https:\/\/www.article-marketing.eu\/comunicati\/wp-json\/wp\/v2\/posts\/1679\/revisions"}],"predecessor-version":[{"id":55411,"href":"https:\/\/www.article-marketing.eu\/comunicati\/wp-json\/wp\/v2\/posts\/1679\/revisions\/55411"}],"wp:attachment":[{"href":"https:\/\/www.article-marketing.eu\/comunicati\/wp-json\/wp\/v2\/media?parent=1679"}],"wp:term":[{"taxonomy":"category","embeddable":true,"href":"https:\/\/www.article-marketing.eu\/comunicati\/wp-json\/wp\/v2\/categories?post=1679"},{"taxonomy":"post_tag","embeddable":true,"href":"https:\/\/www.article-marketing.eu\/comunicati\/wp-json\/wp\/v2\/tags?post=1679"}],"curies":[{"name":"wp","href":"https:\/\/api.w.org\/{rel}","templated":true}]}}