{"id":1681,"date":"2009-03-30T12:59:09","date_gmt":"2009-03-30T10:59:09","guid":{"rendered":"http:\/\/www.article-marketing.eu\/comunicati\/senza-categoria\/praga-biennale-photo-1-giuliano-ravazzini\/"},"modified":"2009-03-30T12:59:09","modified_gmt":"2009-03-30T10:59:09","slug":"praga-biennale-photo-1-giuliano-ravazzini","status":"publish","type":"post","link":"https:\/\/www.article-marketing.eu\/comunicati\/arte-e-cultura\/praga-biennale-photo-1-giuliano-ravazzini\/","title":{"rendered":"PRAGA BIENNALE PHOTO 1, GIULIANO RAVAZZINI"},"content":{"rendered":"<p>Repubblica Ceca, Praga<\/p>\n<p>Prague Biennale Photo 1-Karlin Hall Thamova 8 CZ<\/p>\n<p>Open Space <\/p>\n<p><strong><a href=\"mailto:info@praguebiennale.org-\">info@praguebiennale.org-<\/a> <\/strong><strong>info@baiarte.com<\/strong><\/p>\n<p>14 maggio&nbsp; 26 luglio 2009<\/p>\n<p>  Giuliano Ravazzini<br \/>\n  Dimore Bestiali<\/p>\n<p>l\u2019artista presenta <\/p>\n<p>i migliori \u201ctemplate\u201d selezionati dalla monumentale indagine <\/p>\n<p>Dimore Bestiali. <\/p>\n<p>Geniale e di grande spessore, questa analitica ricerca sugli animali, che silenziosi e addomesticati vivono accanto all&#8217;uomo, conducendo esistenze parallele e complementari. In ambienti extraurbani ed estranei ai sistemi produttivi, sopravvivono infatti, quasi etnie in estinzione, animali domestici allevati dall&#8217;uomo con modalit\u00e0 relazionali in cui emergono cura, creativit\u00e0 e compensazione. Tutto ci\u00f2 e&#8217; quanto lasciano intendere le dimore degli animali (per estensione bestiali), dove si conclude il ciclo di impiego di numerosi oggetti che, decontestualizzati, opportunamente modificati, vengono riammessi ad una funzione d&#8217;uso, raggiungendo in taluni casi, l&#8217;apice delle pi\u00f9 ingegnose e fantasiose costruzioni architettoniche. Ed un occhio attento, che indaga sul territorio, come quello di Giuliano Ravazzini, decodifica queste inconsuete strutture abitative, esaltandone tutte le peculiarit\u00e0, attraverso un iter operativo dalla documentazione fotografica alla rielaborazione artistica. <\/p>\n<p>Pertanto, oggetti, animali e costruzioni varie vengono estrapolati dal contesto e restituiti nelle loro linee essenziali. In questo processo di epurazione tutto diventa altro: un vecchio bidone assume le sembianze di uno strano contenitore dimenticato dagli extraterrestri, l&#8217;ultimo recipiente di scarto sembra piuttosto un oggetto hi tech di ultima invenzione; anche la testa di una gallina, fermamente salda su di un lungo e flessuoso collo, esprime una regalit\u00e0 da sempre in competizione con quella del tacchino. <br \/>L&#8217;artista e&#8217; entrato in relazione con gli animali, visitati a domicilio. <\/p>\n<p>Ha osservato il loro habitat, perfetta fusione di stili e logiche, umana ed animale, dove sono confluiti infatti tutto ci\u00f2 che all&#8217;uomo non serve pi\u00f9, riadattato quindi per gli animali e da loro stessi plasmato, giacch\u00e8 ognuno ha il proprio modus vivendi. <\/p>\n<p>&nbsp;<\/p>\n<p>Mia Bianchi Saghater<\/p>\n<p>&nbsp;<\/p>\n<p>  Giuliano Ravazzini, Sassuolo (MO) 1960.<br \/>\n  Artista italiano, non convenzionale, precursore di tematiche e simbologie, interprete di progetti interdisciplinari di confine, fotografo, scultore e performer, produttore di eventi backbone, Giuliano Ravazzini \u00e8 certamente un personaggio singolare che traccia un solco evidente nel&nbsp; panorama artistico contemporaneo, e che recentemente si \u00e8 dedicato&nbsp; a tematiche legate ai simboli (<em>Stauros<\/em>) alla natura e alle sue emergenze <em>(Hortus, Dimore Bestiali, Un Hub nell\u2019idrosfera, Migrazioni di Microazioni).&nbsp; <\/em><br \/>\n  La sua \u00e8 una produzione artistica che procede lungo sentieri in parte gi\u00e0 praticati da artisti come Joseph Beuys, Richard Long, ma se l\u2019attenzione alle tematiche \u00e8 la stessa, differente \u00e8 invece l\u2019approccio, Ravazzini separa in modo totale la sua vita, dal suo essere artista. In lui vi \u00e8 qualcosa di radicale nell\u2019osservare, e lo fa da lontano e con discrezione, il suo occhio indaga irrefrenabile aspetti e prospettive che si rivelano poi eminentemente centrali.<br \/>\n  Egli rappresenta e visualizza concetti usando molteplici linguaggi, la sua poetica non \u00e8 riconoscibile da stilemi estetici, il filo che conduce le sue ricerche \u00e8 piuttosto di tipo concettuale.<\/p>\n<p>Le sue azioni, le sue immagini e le sue opere sono colme di simbolismi che sconfinano nel sacro ma anche di citazioni del mondo naturale riferimenti alla religione cattolica e soprattutto, al mondo animale. <\/p>\n<p>In lui c\u2019\u00e8 una&nbsp; percezione della natura mite e amica, ma anche mortale e <\/p>\n<p>crudele, l\u2019istinto dell\u2019artista non represso e sfrenato lo priva di quella&nbsp; morale, <\/p>\n<p>tipica prerogativa umana e lo spinge ad indagare pi\u00f9 a fondo in una sorta di soglia, di confine dove tutto per lui diventa pi\u00f9 chiaro.<\/p>\n<p>Come uno sciamano visionario opera in piena libert\u00e0, soffrendo dei propri limiti, egli invoca una pi\u00f9 ampia percezione, desiderando un\u2019armonia tra uomo e natura.<\/p>\n<p>&nbsp;<\/p>\n<p>Ilario Baudanza<\/p>\n<p>&nbsp;<\/p>\n","protected":false},"excerpt":{"rendered":"<p>Ecco le DIMORE BESTIALI, riconosciuto e riconoscibile progetto che Giuliano Ravazzini mostra a Praga, alla prima Biennale di fotografia (Prague Biennale Photo 1).<br \/>\nOltre ad una serie dei migliori template accuratamente selezionati, l\u2019artista attiver\u00e0<br \/>\nin real view action diverse location a Telc e a Cesky Krumlov.<\/p>\n","protected":false},"author":10,"featured_media":0,"comment_status":"open","ping_status":"open","sticky":false,"template":"","format":"standard","meta":{"cybocfi_hide_featured_image":"","footnotes":""},"categories":[27],"tags":[5482,5479,5481,5480,2591,2609,1634],"class_list":["post-1681","post","type-post","status-publish","format-standard","hentry","category-arte-e-cultura","tag-bestiali","tag-biennale","tag-dimore","tag-giuliano","tag-photo","tag-praga","tag-ravazzini"],"yoast_head":"<!-- This site is optimized with the Yoast SEO plugin v27.0 - https:\/\/yoast.com\/product\/yoast-seo-wordpress\/ -->\n<title>PRAGA BIENNALE PHOTO 1, GIULIANO RAVAZZINI - Article Marketing<\/title>\n<meta name=\"robots\" content=\"index, follow, max-snippet:-1, max-image-preview:large, max-video-preview:-1\" \/>\n<link rel=\"canonical\" href=\"https:\/\/www.article-marketing.eu\/comunicati\/arte-e-cultura\/praga-biennale-photo-1-giuliano-ravazzini\/\" \/>\n<meta property=\"og:locale\" content=\"it_IT\" \/>\n<meta property=\"og:type\" content=\"article\" \/>\n<meta property=\"og:title\" content=\"PRAGA BIENNALE PHOTO 1, GIULIANO RAVAZZINI - Article Marketing\" \/>\n<meta property=\"og:description\" content=\"Ecco le DIMORE BESTIALI, riconosciuto e riconoscibile progetto che Giuliano Ravazzini mostra a Praga, alla prima Biennale di fotografia (Prague Biennale Photo 1). Oltre ad una serie dei migliori template accuratamente selezionati, l\u2019artista attiver\u00e0 in real view action diverse location a Telc e a Cesky Krumlov.\" \/>\n<meta property=\"og:url\" content=\"https:\/\/www.article-marketing.eu\/comunicati\/arte-e-cultura\/praga-biennale-photo-1-giuliano-ravazzini\/\" \/>\n<meta property=\"og:site_name\" content=\"Article Marketing\" \/>\n<meta property=\"article:published_time\" content=\"2009-03-30T10:59:09+00:00\" \/>\n<meta name=\"author\" content=\"Redazione Comunicati Stampa\" \/>\n<meta name=\"twitter:card\" content=\"summary_large_image\" \/>\n<meta name=\"twitter:label1\" content=\"Scritto da\" \/>\n\t<meta name=\"twitter:data1\" content=\"Redazione Comunicati Stampa\" \/>\n\t<meta name=\"twitter:label2\" content=\"Tempo di lettura stimato\" \/>\n\t<meta name=\"twitter:data2\" content=\"3 minuti\" \/>\n<script type=\"application\/ld+json\" class=\"yoast-schema-graph\">{\"@context\":\"https:\/\/schema.org\",\"@graph\":[{\"@type\":\"Article\",\"@id\":\"https:\/\/www.article-marketing.eu\/comunicati\/arte-e-cultura\/praga-biennale-photo-1-giuliano-ravazzini\/#article\",\"isPartOf\":{\"@id\":\"https:\/\/www.article-marketing.eu\/comunicati\/arte-e-cultura\/praga-biennale-photo-1-giuliano-ravazzini\/\"},\"author\":{\"name\":\"Redazione Comunicati Stampa\",\"@id\":\"https:\/\/www.article-marketing.eu\/comunicati\/#\/schema\/person\/44372e4d4d0fa797b18e03ed1ace9017\"},\"headline\":\"PRAGA BIENNALE PHOTO 1, GIULIANO RAVAZZINI\",\"datePublished\":\"2009-03-30T10:59:09+00:00\",\"mainEntityOfPage\":{\"@id\":\"https:\/\/www.article-marketing.eu\/comunicati\/arte-e-cultura\/praga-biennale-photo-1-giuliano-ravazzini\/\"},\"wordCount\":594,\"commentCount\":0,\"keywords\":[\"bestiali\",\"biennale\",\"dimore\",\"giuliano\",\"photo\",\"praga\",\"ravazzini\"],\"articleSection\":[\"Arte e cultura\"],\"inLanguage\":\"it-IT\",\"potentialAction\":[{\"@type\":\"CommentAction\",\"name\":\"Comment\",\"target\":[\"https:\/\/www.article-marketing.eu\/comunicati\/arte-e-cultura\/praga-biennale-photo-1-giuliano-ravazzini\/#respond\"]}]},{\"@type\":\"WebPage\",\"@id\":\"https:\/\/www.article-marketing.eu\/comunicati\/arte-e-cultura\/praga-biennale-photo-1-giuliano-ravazzini\/\",\"url\":\"https:\/\/www.article-marketing.eu\/comunicati\/arte-e-cultura\/praga-biennale-photo-1-giuliano-ravazzini\/\",\"name\":\"PRAGA BIENNALE PHOTO 1, GIULIANO RAVAZZINI - Article Marketing\",\"isPartOf\":{\"@id\":\"https:\/\/www.article-marketing.eu\/comunicati\/#website\"},\"datePublished\":\"2009-03-30T10:59:09+00:00\",\"author\":{\"@id\":\"https:\/\/www.article-marketing.eu\/comunicati\/#\/schema\/person\/44372e4d4d0fa797b18e03ed1ace9017\"},\"breadcrumb\":{\"@id\":\"https:\/\/www.article-marketing.eu\/comunicati\/arte-e-cultura\/praga-biennale-photo-1-giuliano-ravazzini\/#breadcrumb\"},\"inLanguage\":\"it-IT\",\"potentialAction\":[{\"@type\":\"ReadAction\",\"target\":[\"https:\/\/www.article-marketing.eu\/comunicati\/arte-e-cultura\/praga-biennale-photo-1-giuliano-ravazzini\/\"]}]},{\"@type\":\"BreadcrumbList\",\"@id\":\"https:\/\/www.article-marketing.eu\/comunicati\/arte-e-cultura\/praga-biennale-photo-1-giuliano-ravazzini\/#breadcrumb\",\"itemListElement\":[{\"@type\":\"ListItem\",\"position\":1,\"name\":\"Home\",\"item\":\"https:\/\/www.article-marketing.eu\/comunicati\/\"},{\"@type\":\"ListItem\",\"position\":2,\"name\":\"PRAGA BIENNALE PHOTO 1, GIULIANO RAVAZZINI\"}]},{\"@type\":\"WebSite\",\"@id\":\"https:\/\/www.article-marketing.eu\/comunicati\/#website\",\"url\":\"https:\/\/www.article-marketing.eu\/comunicati\/\",\"name\":\"Article Marketing\",\"description\":\"article marketing &amp; press release\",\"potentialAction\":[{\"@type\":\"SearchAction\",\"target\":{\"@type\":\"EntryPoint\",\"urlTemplate\":\"https:\/\/www.article-marketing.eu\/comunicati\/?s={search_term_string}\"},\"query-input\":{\"@type\":\"PropertyValueSpecification\",\"valueRequired\":true,\"valueName\":\"search_term_string\"}}],\"inLanguage\":\"it-IT\"},{\"@type\":\"Person\",\"@id\":\"https:\/\/www.article-marketing.eu\/comunicati\/#\/schema\/person\/44372e4d4d0fa797b18e03ed1ace9017\",\"name\":\"Redazione Comunicati Stampa\",\"image\":{\"@type\":\"ImageObject\",\"inLanguage\":\"it-IT\",\"@id\":\"https:\/\/www.article-marketing.eu\/comunicati\/#\/schema\/person\/image\/\",\"url\":\"https:\/\/secure.gravatar.com\/avatar\/50e5c6421d3072f42e7ace803501602c60d75233d34e29fd05feb91c8760b792?s=96&d=mm&r=g\",\"contentUrl\":\"https:\/\/secure.gravatar.com\/avatar\/50e5c6421d3072f42e7ace803501602c60d75233d34e29fd05feb91c8760b792?s=96&d=mm&r=g\",\"caption\":\"Redazione Comunicati Stampa\"},\"url\":\"https:\/\/www.article-marketing.eu\/comunicati\/author\/redazione-comunicati-stampa\/\"}]}<\/script>\n<!-- \/ Yoast SEO plugin. -->","yoast_head_json":{"title":"PRAGA BIENNALE PHOTO 1, GIULIANO RAVAZZINI - Article Marketing","robots":{"index":"index","follow":"follow","max-snippet":"max-snippet:-1","max-image-preview":"max-image-preview:large","max-video-preview":"max-video-preview:-1"},"canonical":"https:\/\/www.article-marketing.eu\/comunicati\/arte-e-cultura\/praga-biennale-photo-1-giuliano-ravazzini\/","og_locale":"it_IT","og_type":"article","og_title":"PRAGA BIENNALE PHOTO 1, GIULIANO RAVAZZINI - Article Marketing","og_description":"Ecco le DIMORE BESTIALI, riconosciuto e riconoscibile progetto che Giuliano Ravazzini mostra a Praga, alla prima Biennale di fotografia (Prague Biennale Photo 1). Oltre ad una serie dei migliori template accuratamente selezionati, l\u2019artista attiver\u00e0 in real view action diverse location a Telc e a Cesky Krumlov.","og_url":"https:\/\/www.article-marketing.eu\/comunicati\/arte-e-cultura\/praga-biennale-photo-1-giuliano-ravazzini\/","og_site_name":"Article Marketing","article_published_time":"2009-03-30T10:59:09+00:00","author":"Redazione Comunicati Stampa","twitter_card":"summary_large_image","twitter_misc":{"Scritto da":"Redazione Comunicati Stampa","Tempo di lettura stimato":"3 minuti"},"schema":{"@context":"https:\/\/schema.org","@graph":[{"@type":"Article","@id":"https:\/\/www.article-marketing.eu\/comunicati\/arte-e-cultura\/praga-biennale-photo-1-giuliano-ravazzini\/#article","isPartOf":{"@id":"https:\/\/www.article-marketing.eu\/comunicati\/arte-e-cultura\/praga-biennale-photo-1-giuliano-ravazzini\/"},"author":{"name":"Redazione Comunicati Stampa","@id":"https:\/\/www.article-marketing.eu\/comunicati\/#\/schema\/person\/44372e4d4d0fa797b18e03ed1ace9017"},"headline":"PRAGA BIENNALE PHOTO 1, GIULIANO RAVAZZINI","datePublished":"2009-03-30T10:59:09+00:00","mainEntityOfPage":{"@id":"https:\/\/www.article-marketing.eu\/comunicati\/arte-e-cultura\/praga-biennale-photo-1-giuliano-ravazzini\/"},"wordCount":594,"commentCount":0,"keywords":["bestiali","biennale","dimore","giuliano","photo","praga","ravazzini"],"articleSection":["Arte e cultura"],"inLanguage":"it-IT","potentialAction":[{"@type":"CommentAction","name":"Comment","target":["https:\/\/www.article-marketing.eu\/comunicati\/arte-e-cultura\/praga-biennale-photo-1-giuliano-ravazzini\/#respond"]}]},{"@type":"WebPage","@id":"https:\/\/www.article-marketing.eu\/comunicati\/arte-e-cultura\/praga-biennale-photo-1-giuliano-ravazzini\/","url":"https:\/\/www.article-marketing.eu\/comunicati\/arte-e-cultura\/praga-biennale-photo-1-giuliano-ravazzini\/","name":"PRAGA BIENNALE PHOTO 1, GIULIANO RAVAZZINI - Article Marketing","isPartOf":{"@id":"https:\/\/www.article-marketing.eu\/comunicati\/#website"},"datePublished":"2009-03-30T10:59:09+00:00","author":{"@id":"https:\/\/www.article-marketing.eu\/comunicati\/#\/schema\/person\/44372e4d4d0fa797b18e03ed1ace9017"},"breadcrumb":{"@id":"https:\/\/www.article-marketing.eu\/comunicati\/arte-e-cultura\/praga-biennale-photo-1-giuliano-ravazzini\/#breadcrumb"},"inLanguage":"it-IT","potentialAction":[{"@type":"ReadAction","target":["https:\/\/www.article-marketing.eu\/comunicati\/arte-e-cultura\/praga-biennale-photo-1-giuliano-ravazzini\/"]}]},{"@type":"BreadcrumbList","@id":"https:\/\/www.article-marketing.eu\/comunicati\/arte-e-cultura\/praga-biennale-photo-1-giuliano-ravazzini\/#breadcrumb","itemListElement":[{"@type":"ListItem","position":1,"name":"Home","item":"https:\/\/www.article-marketing.eu\/comunicati\/"},{"@type":"ListItem","position":2,"name":"PRAGA BIENNALE PHOTO 1, GIULIANO RAVAZZINI"}]},{"@type":"WebSite","@id":"https:\/\/www.article-marketing.eu\/comunicati\/#website","url":"https:\/\/www.article-marketing.eu\/comunicati\/","name":"Article Marketing","description":"article marketing &amp; press release","potentialAction":[{"@type":"SearchAction","target":{"@type":"EntryPoint","urlTemplate":"https:\/\/www.article-marketing.eu\/comunicati\/?s={search_term_string}"},"query-input":{"@type":"PropertyValueSpecification","valueRequired":true,"valueName":"search_term_string"}}],"inLanguage":"it-IT"},{"@type":"Person","@id":"https:\/\/www.article-marketing.eu\/comunicati\/#\/schema\/person\/44372e4d4d0fa797b18e03ed1ace9017","name":"Redazione Comunicati Stampa","image":{"@type":"ImageObject","inLanguage":"it-IT","@id":"https:\/\/www.article-marketing.eu\/comunicati\/#\/schema\/person\/image\/","url":"https:\/\/secure.gravatar.com\/avatar\/50e5c6421d3072f42e7ace803501602c60d75233d34e29fd05feb91c8760b792?s=96&d=mm&r=g","contentUrl":"https:\/\/secure.gravatar.com\/avatar\/50e5c6421d3072f42e7ace803501602c60d75233d34e29fd05feb91c8760b792?s=96&d=mm&r=g","caption":"Redazione Comunicati Stampa"},"url":"https:\/\/www.article-marketing.eu\/comunicati\/author\/redazione-comunicati-stampa\/"}]}},"_links":{"self":[{"href":"https:\/\/www.article-marketing.eu\/comunicati\/wp-json\/wp\/v2\/posts\/1681","targetHints":{"allow":["GET"]}}],"collection":[{"href":"https:\/\/www.article-marketing.eu\/comunicati\/wp-json\/wp\/v2\/posts"}],"about":[{"href":"https:\/\/www.article-marketing.eu\/comunicati\/wp-json\/wp\/v2\/types\/post"}],"author":[{"embeddable":true,"href":"https:\/\/www.article-marketing.eu\/comunicati\/wp-json\/wp\/v2\/users\/10"}],"replies":[{"embeddable":true,"href":"https:\/\/www.article-marketing.eu\/comunicati\/wp-json\/wp\/v2\/comments?post=1681"}],"version-history":[{"count":0,"href":"https:\/\/www.article-marketing.eu\/comunicati\/wp-json\/wp\/v2\/posts\/1681\/revisions"}],"wp:attachment":[{"href":"https:\/\/www.article-marketing.eu\/comunicati\/wp-json\/wp\/v2\/media?parent=1681"}],"wp:term":[{"taxonomy":"category","embeddable":true,"href":"https:\/\/www.article-marketing.eu\/comunicati\/wp-json\/wp\/v2\/categories?post=1681"},{"taxonomy":"post_tag","embeddable":true,"href":"https:\/\/www.article-marketing.eu\/comunicati\/wp-json\/wp\/v2\/tags?post=1681"}],"curies":[{"name":"wp","href":"https:\/\/api.w.org\/{rel}","templated":true}]}}