{"id":16929,"date":"2011-06-01T15:27:06","date_gmt":"2011-06-01T13:27:06","guid":{"rendered":"http:\/\/www.article-marketing.eu\/comunicati\/senza-categoria\/rimini-unestate-glamour\/"},"modified":"2011-06-01T15:27:06","modified_gmt":"2011-06-01T13:27:06","slug":"rimini-unestate-glamour","status":"publish","type":"post","link":"https:\/\/www.article-marketing.eu\/comunicati\/viaggi-e-vacanze\/viaggi-e-turismo\/rimini-unestate-glamour\/","title":{"rendered":"Rimini, un&#8217;estate glamour Rimini, un&#8217;estate glamour"},"content":{"rendered":"<p>Sar&agrave; un&#8217;estate con un cartellone di eventi a cinque stellle. Tutte le strutture alberghiere, <a href=\"http:\/\/www.hotelstresa.com\">hotel 3 stelle rimini<\/a>, hotel 2 stelle rimini fronte mare si sono organizzati con offerte all inclusive rimini senza precedenti. Si parte sabato con la sfilada di moda Beautiful Fashion Night, alle 21 piazzale Roma, che sar&agrave; presentata da Elenoire Casalegno, con Melita Toniolo e Melissa Satta. Da sabato fino al 5 settembre non ci sar&agrave; un weekend senza eventi. Il calendario &egrave; risultato di un grande sforzo con risultati come mai in passato. L&#8217;amministrazione ha fatto delle scelte sulla base di una pregettualit&agrave;, tenendo presenti determinati obiettivi: la qualit&agrave;, l&#8217;innovazione, la creazione di presenze e visibilit&agrave; sui media. Questo per Gobbi il file rouge che lega tutta l&#8217;estate a Riccione. Dopo maggio, caratterizzato da eventi sportivi arriviamo a giugno spostandoci in viale Ceccarini e lungomare, concentrandoci su moda e glamour. Un riordino degli eventi anche in seguito ai tagli del settore. Non sono stati confermati appuntamenti un tantum o legati alla tradizione, dei quali se ne occuperanno i comitati completando l&#8217;offerta turistica anche rivolgendosi a un target pi&ugrave; popolare. Non sono stati riempiti semplicemente buchi in base all&#8217;offerta e alle opportunit&agrave; avute, ma &egrave; stata fatta una selezione e scelti eventi che hanno la possibilit&agrave; di crescere sempre pi&ugrave; in termini di qualit&agrave; e di trattativa. Il 16 giugno in piazzale Roma sar&agrave; la volta della selezione di Miss Italia, il 18 giugno Festival degli anni Ottanta, che vedr&agrave; gruppo di musicisti sfidarsi a colpi delle cover pi&ugrave; gettonate. L&#8217;evento Vitasnella Dance Award animer&agrave; invece il weekend dal 24 al 26 giugno con stage di fitness e casting aperti per la finale nazionale Vitasnella. La notte rosa porter&agrave; l&#8217;intero cast di Amici 2011, il 2 luglio &egrave; in programma il concerto di Virginio, Annalisa e Alessandra Amoroso. Dal 4 al 6 luglio il palazzo dei congressi ospiter&agrave; il Trade Show, le Giornate internazionali del cinema, appuntamento in cui si incontreranno i principali cineasti per assistere alla produzione di lanciare nelle sale il prossimo autunno. Dall&#8217;8 al 10 luglio si svolger&agrave; il Campionato femminile di Brach Volley seguiti dalle telecamere di Sky. Il 16 luglio il palco di piazzale Roma ospiter&agrave; il Comedy Central Show, una passerella di cabarettisti emergenti e altri di Zelig presentata dall&#8217;ex Miss Italia Cristina Chiabotto spalleggiata da Serenza Garitta e Mauro Pulpito. Riccione Moda Italia andr&agrave; in scena a villa Mussolini dal 21 al 23 luglio. Dal 27 al 31 luglio sar&agrave; la volta di Dance Experience che prevede stage di danza urbana con i migliori ballerini e coreografi internazionali. L&#8217;evento organizzato dalla Cruisin culminer&agrave; con l&#8217;elezione di Miss Wellness. Il 30 luglio &egrave; attesa la prima ballerina dell&#8217;Opera di Parigi Eleonora Abbagnato. Dal 1 al 7 agosto Riccione diventer&agrave; la capitale europea delle Smart, con il raduno internazionale, dove sono attesi migliaia di partecipanti. Sempre pi&ugrave; saldo il legame tra la Perla Verde e Radio DeeJay che trasmetter&agrave; in diretta dalla piazzatta del Faro di viale Ceccarini. Il programma dei concerti prevede Caparezza (8 agosto) i Mod&agrave; (18 agosto) e Jovanotti il 14 agosto. Settembre si aprir&agrave; con una settimana di eventi motoristici sulla scia del MotoMondiale con eventi e mostre sul lungomare.<\/p>\n","protected":false},"excerpt":{"rendered":"<p>Sar\u00e0 un&#8217;estate con un cartellone di eventi a cinque stellle.<br \/>Tutte le strutture alberghiere, hotel 3 stelle rimini, hotel 2 stelle rimini fronte mare si sono organizzati con offerte all inclusive rimini senza precedenti.<br \/>Si parte sabato con la sfilada di moda Beautiful Fashion Night, alle 21 piazzale Roma, che sar\u00e0 presentata da Elenoire Casalegno, con Melita Toniolo e Melissa Satta.<br \/>Da sabato fino al 5 settembre non ci sar\u00e0 un weekend senza eventi.<br \/>Il calendario \u00e8 risultato di un grande sforzo con risultati come mai in passato.<\/p>\n","protected":false},"author":10,"featured_media":0,"comment_status":"open","ping_status":"open","sticky":false,"template":"","format":"standard","meta":{"cybocfi_hide_featured_image":"","footnotes":""},"categories":[2],"tags":[26477],"class_list":["post-16929","post","type-post","status-publish","format-standard","hentry","category-viaggi-e-turismo","tag-hotel-in-rimini"],"yoast_head":"<!-- This site is optimized with the Yoast SEO plugin v27.0 - https:\/\/yoast.com\/product\/yoast-seo-wordpress\/ -->\n<title>Rimini, un&#039;estate glamour Rimini, un&#039;estate glamour - Article Marketing<\/title>\n<meta name=\"robots\" content=\"index, follow, max-snippet:-1, max-image-preview:large, max-video-preview:-1\" \/>\n<link rel=\"canonical\" href=\"https:\/\/www.article-marketing.eu\/comunicati\/viaggi-e-vacanze\/viaggi-e-turismo\/rimini-unestate-glamour\/\" \/>\n<meta property=\"og:locale\" content=\"it_IT\" \/>\n<meta property=\"og:type\" content=\"article\" \/>\n<meta property=\"og:title\" content=\"Rimini, un&#039;estate glamour Rimini, un&#039;estate glamour - Article Marketing\" \/>\n<meta property=\"og:description\" content=\"Sar\u00e0 un&#039;estate con un cartellone di eventi a cinque stellle.Tutte le strutture alberghiere, hotel 3 stelle rimini, hotel 2 stelle rimini fronte mare si sono organizzati con offerte all inclusive rimini senza precedenti.Si parte sabato con la sfilada di moda Beautiful Fashion Night, alle 21 piazzale Roma, che sar\u00e0 presentata da Elenoire Casalegno, con Melita Toniolo e Melissa Satta.Da sabato fino al 5 settembre non ci sar\u00e0 un weekend senza eventi.Il calendario \u00e8 risultato di un grande sforzo con risultati come mai in passato.\" \/>\n<meta property=\"og:url\" content=\"https:\/\/www.article-marketing.eu\/comunicati\/viaggi-e-vacanze\/viaggi-e-turismo\/rimini-unestate-glamour\/\" \/>\n<meta property=\"og:site_name\" content=\"Article Marketing\" \/>\n<meta property=\"article:published_time\" content=\"2011-06-01T13:27:06+00:00\" \/>\n<meta name=\"author\" content=\"Redazione Comunicati Stampa\" \/>\n<meta name=\"twitter:card\" content=\"summary_large_image\" \/>\n<meta name=\"twitter:label1\" content=\"Scritto da\" \/>\n\t<meta name=\"twitter:data1\" content=\"Redazione Comunicati Stampa\" \/>\n\t<meta name=\"twitter:label2\" content=\"Tempo di lettura stimato\" \/>\n\t<meta name=\"twitter:data2\" content=\"3 minuti\" \/>\n<script type=\"application\/ld+json\" class=\"yoast-schema-graph\">{\"@context\":\"https:\/\/schema.org\",\"@graph\":[{\"@type\":\"Article\",\"@id\":\"https:\/\/www.article-marketing.eu\/comunicati\/viaggi-e-vacanze\/viaggi-e-turismo\/rimini-unestate-glamour\/#article\",\"isPartOf\":{\"@id\":\"https:\/\/www.article-marketing.eu\/comunicati\/viaggi-e-vacanze\/viaggi-e-turismo\/rimini-unestate-glamour\/\"},\"author\":{\"name\":\"Redazione Comunicati Stampa\",\"@id\":\"https:\/\/www.article-marketing.eu\/comunicati\/#\/schema\/person\/44372e4d4d0fa797b18e03ed1ace9017\"},\"headline\":\"Rimini, un&#8217;estate glamour Rimini, un&#8217;estate glamour\",\"datePublished\":\"2011-06-01T13:27:06+00:00\",\"mainEntityOfPage\":{\"@id\":\"https:\/\/www.article-marketing.eu\/comunicati\/viaggi-e-vacanze\/viaggi-e-turismo\/rimini-unestate-glamour\/\"},\"wordCount\":542,\"commentCount\":0,\"keywords\":[\"hotel in rimini\"],\"articleSection\":[\"Viaggi e Turismo\"],\"inLanguage\":\"it-IT\",\"potentialAction\":[{\"@type\":\"CommentAction\",\"name\":\"Comment\",\"target\":[\"https:\/\/www.article-marketing.eu\/comunicati\/viaggi-e-vacanze\/viaggi-e-turismo\/rimini-unestate-glamour\/#respond\"]}]},{\"@type\":\"WebPage\",\"@id\":\"https:\/\/www.article-marketing.eu\/comunicati\/viaggi-e-vacanze\/viaggi-e-turismo\/rimini-unestate-glamour\/\",\"url\":\"https:\/\/www.article-marketing.eu\/comunicati\/viaggi-e-vacanze\/viaggi-e-turismo\/rimini-unestate-glamour\/\",\"name\":\"Rimini, un'estate glamour Rimini, un'estate glamour - Article Marketing\",\"isPartOf\":{\"@id\":\"https:\/\/www.article-marketing.eu\/comunicati\/#website\"},\"datePublished\":\"2011-06-01T13:27:06+00:00\",\"author\":{\"@id\":\"https:\/\/www.article-marketing.eu\/comunicati\/#\/schema\/person\/44372e4d4d0fa797b18e03ed1ace9017\"},\"breadcrumb\":{\"@id\":\"https:\/\/www.article-marketing.eu\/comunicati\/viaggi-e-vacanze\/viaggi-e-turismo\/rimini-unestate-glamour\/#breadcrumb\"},\"inLanguage\":\"it-IT\",\"potentialAction\":[{\"@type\":\"ReadAction\",\"target\":[\"https:\/\/www.article-marketing.eu\/comunicati\/viaggi-e-vacanze\/viaggi-e-turismo\/rimini-unestate-glamour\/\"]}]},{\"@type\":\"BreadcrumbList\",\"@id\":\"https:\/\/www.article-marketing.eu\/comunicati\/viaggi-e-vacanze\/viaggi-e-turismo\/rimini-unestate-glamour\/#breadcrumb\",\"itemListElement\":[{\"@type\":\"ListItem\",\"position\":1,\"name\":\"Home\",\"item\":\"https:\/\/www.article-marketing.eu\/comunicati\/\"},{\"@type\":\"ListItem\",\"position\":2,\"name\":\"Rimini, un&#8217;estate glamour Rimini, un&#8217;estate glamour\"}]},{\"@type\":\"WebSite\",\"@id\":\"https:\/\/www.article-marketing.eu\/comunicati\/#website\",\"url\":\"https:\/\/www.article-marketing.eu\/comunicati\/\",\"name\":\"Article Marketing\",\"description\":\"article marketing &amp; press release\",\"potentialAction\":[{\"@type\":\"SearchAction\",\"target\":{\"@type\":\"EntryPoint\",\"urlTemplate\":\"https:\/\/www.article-marketing.eu\/comunicati\/?s={search_term_string}\"},\"query-input\":{\"@type\":\"PropertyValueSpecification\",\"valueRequired\":true,\"valueName\":\"search_term_string\"}}],\"inLanguage\":\"it-IT\"},{\"@type\":\"Person\",\"@id\":\"https:\/\/www.article-marketing.eu\/comunicati\/#\/schema\/person\/44372e4d4d0fa797b18e03ed1ace9017\",\"name\":\"Redazione Comunicati Stampa\",\"image\":{\"@type\":\"ImageObject\",\"inLanguage\":\"it-IT\",\"@id\":\"https:\/\/www.article-marketing.eu\/comunicati\/#\/schema\/person\/image\/\",\"url\":\"https:\/\/secure.gravatar.com\/avatar\/50e5c6421d3072f42e7ace803501602c60d75233d34e29fd05feb91c8760b792?s=96&d=mm&r=g\",\"contentUrl\":\"https:\/\/secure.gravatar.com\/avatar\/50e5c6421d3072f42e7ace803501602c60d75233d34e29fd05feb91c8760b792?s=96&d=mm&r=g\",\"caption\":\"Redazione Comunicati Stampa\"},\"url\":\"https:\/\/www.article-marketing.eu\/comunicati\/author\/redazione-comunicati-stampa\/\"}]}<\/script>\n<!-- \/ Yoast SEO plugin. -->","yoast_head_json":{"title":"Rimini, un'estate glamour Rimini, un'estate glamour - Article Marketing","robots":{"index":"index","follow":"follow","max-snippet":"max-snippet:-1","max-image-preview":"max-image-preview:large","max-video-preview":"max-video-preview:-1"},"canonical":"https:\/\/www.article-marketing.eu\/comunicati\/viaggi-e-vacanze\/viaggi-e-turismo\/rimini-unestate-glamour\/","og_locale":"it_IT","og_type":"article","og_title":"Rimini, un'estate glamour Rimini, un'estate glamour - Article Marketing","og_description":"Sar\u00e0 un'estate con un cartellone di eventi a cinque stellle.Tutte le strutture alberghiere, hotel 3 stelle rimini, hotel 2 stelle rimini fronte mare si sono organizzati con offerte all inclusive rimini senza precedenti.Si parte sabato con la sfilada di moda Beautiful Fashion Night, alle 21 piazzale Roma, che sar\u00e0 presentata da Elenoire Casalegno, con Melita Toniolo e Melissa Satta.Da sabato fino al 5 settembre non ci sar\u00e0 un weekend senza eventi.Il calendario \u00e8 risultato di un grande sforzo con risultati come mai in passato.","og_url":"https:\/\/www.article-marketing.eu\/comunicati\/viaggi-e-vacanze\/viaggi-e-turismo\/rimini-unestate-glamour\/","og_site_name":"Article Marketing","article_published_time":"2011-06-01T13:27:06+00:00","author":"Redazione Comunicati Stampa","twitter_card":"summary_large_image","twitter_misc":{"Scritto da":"Redazione Comunicati Stampa","Tempo di lettura stimato":"3 minuti"},"schema":{"@context":"https:\/\/schema.org","@graph":[{"@type":"Article","@id":"https:\/\/www.article-marketing.eu\/comunicati\/viaggi-e-vacanze\/viaggi-e-turismo\/rimini-unestate-glamour\/#article","isPartOf":{"@id":"https:\/\/www.article-marketing.eu\/comunicati\/viaggi-e-vacanze\/viaggi-e-turismo\/rimini-unestate-glamour\/"},"author":{"name":"Redazione Comunicati Stampa","@id":"https:\/\/www.article-marketing.eu\/comunicati\/#\/schema\/person\/44372e4d4d0fa797b18e03ed1ace9017"},"headline":"Rimini, un&#8217;estate glamour Rimini, un&#8217;estate glamour","datePublished":"2011-06-01T13:27:06+00:00","mainEntityOfPage":{"@id":"https:\/\/www.article-marketing.eu\/comunicati\/viaggi-e-vacanze\/viaggi-e-turismo\/rimini-unestate-glamour\/"},"wordCount":542,"commentCount":0,"keywords":["hotel in rimini"],"articleSection":["Viaggi e Turismo"],"inLanguage":"it-IT","potentialAction":[{"@type":"CommentAction","name":"Comment","target":["https:\/\/www.article-marketing.eu\/comunicati\/viaggi-e-vacanze\/viaggi-e-turismo\/rimini-unestate-glamour\/#respond"]}]},{"@type":"WebPage","@id":"https:\/\/www.article-marketing.eu\/comunicati\/viaggi-e-vacanze\/viaggi-e-turismo\/rimini-unestate-glamour\/","url":"https:\/\/www.article-marketing.eu\/comunicati\/viaggi-e-vacanze\/viaggi-e-turismo\/rimini-unestate-glamour\/","name":"Rimini, un'estate glamour Rimini, un'estate glamour - Article Marketing","isPartOf":{"@id":"https:\/\/www.article-marketing.eu\/comunicati\/#website"},"datePublished":"2011-06-01T13:27:06+00:00","author":{"@id":"https:\/\/www.article-marketing.eu\/comunicati\/#\/schema\/person\/44372e4d4d0fa797b18e03ed1ace9017"},"breadcrumb":{"@id":"https:\/\/www.article-marketing.eu\/comunicati\/viaggi-e-vacanze\/viaggi-e-turismo\/rimini-unestate-glamour\/#breadcrumb"},"inLanguage":"it-IT","potentialAction":[{"@type":"ReadAction","target":["https:\/\/www.article-marketing.eu\/comunicati\/viaggi-e-vacanze\/viaggi-e-turismo\/rimini-unestate-glamour\/"]}]},{"@type":"BreadcrumbList","@id":"https:\/\/www.article-marketing.eu\/comunicati\/viaggi-e-vacanze\/viaggi-e-turismo\/rimini-unestate-glamour\/#breadcrumb","itemListElement":[{"@type":"ListItem","position":1,"name":"Home","item":"https:\/\/www.article-marketing.eu\/comunicati\/"},{"@type":"ListItem","position":2,"name":"Rimini, un&#8217;estate glamour Rimini, un&#8217;estate glamour"}]},{"@type":"WebSite","@id":"https:\/\/www.article-marketing.eu\/comunicati\/#website","url":"https:\/\/www.article-marketing.eu\/comunicati\/","name":"Article Marketing","description":"article marketing &amp; press release","potentialAction":[{"@type":"SearchAction","target":{"@type":"EntryPoint","urlTemplate":"https:\/\/www.article-marketing.eu\/comunicati\/?s={search_term_string}"},"query-input":{"@type":"PropertyValueSpecification","valueRequired":true,"valueName":"search_term_string"}}],"inLanguage":"it-IT"},{"@type":"Person","@id":"https:\/\/www.article-marketing.eu\/comunicati\/#\/schema\/person\/44372e4d4d0fa797b18e03ed1ace9017","name":"Redazione Comunicati Stampa","image":{"@type":"ImageObject","inLanguage":"it-IT","@id":"https:\/\/www.article-marketing.eu\/comunicati\/#\/schema\/person\/image\/","url":"https:\/\/secure.gravatar.com\/avatar\/50e5c6421d3072f42e7ace803501602c60d75233d34e29fd05feb91c8760b792?s=96&d=mm&r=g","contentUrl":"https:\/\/secure.gravatar.com\/avatar\/50e5c6421d3072f42e7ace803501602c60d75233d34e29fd05feb91c8760b792?s=96&d=mm&r=g","caption":"Redazione Comunicati Stampa"},"url":"https:\/\/www.article-marketing.eu\/comunicati\/author\/redazione-comunicati-stampa\/"}]}},"_links":{"self":[{"href":"https:\/\/www.article-marketing.eu\/comunicati\/wp-json\/wp\/v2\/posts\/16929","targetHints":{"allow":["GET"]}}],"collection":[{"href":"https:\/\/www.article-marketing.eu\/comunicati\/wp-json\/wp\/v2\/posts"}],"about":[{"href":"https:\/\/www.article-marketing.eu\/comunicati\/wp-json\/wp\/v2\/types\/post"}],"author":[{"embeddable":true,"href":"https:\/\/www.article-marketing.eu\/comunicati\/wp-json\/wp\/v2\/users\/10"}],"replies":[{"embeddable":true,"href":"https:\/\/www.article-marketing.eu\/comunicati\/wp-json\/wp\/v2\/comments?post=16929"}],"version-history":[{"count":0,"href":"https:\/\/www.article-marketing.eu\/comunicati\/wp-json\/wp\/v2\/posts\/16929\/revisions"}],"wp:attachment":[{"href":"https:\/\/www.article-marketing.eu\/comunicati\/wp-json\/wp\/v2\/media?parent=16929"}],"wp:term":[{"taxonomy":"category","embeddable":true,"href":"https:\/\/www.article-marketing.eu\/comunicati\/wp-json\/wp\/v2\/categories?post=16929"},{"taxonomy":"post_tag","embeddable":true,"href":"https:\/\/www.article-marketing.eu\/comunicati\/wp-json\/wp\/v2\/tags?post=16929"}],"curies":[{"name":"wp","href":"https:\/\/api.w.org\/{rel}","templated":true}]}}