{"id":16946,"date":"2011-06-02T16:04:28","date_gmt":"2011-06-02T14:04:28","guid":{"rendered":"http:\/\/www.article-marketing.eu\/comunicati\/senza-categoria\/novit%252525c3%252525a0-editoriali-la-passione-per-il-tonno-prende-forma\/"},"modified":"2011-06-02T16:04:28","modified_gmt":"2011-06-02T14:04:28","slug":"novit%252525c3%252525a0-editoriali-la-passione-per-il-tonno-prende-forma","status":"publish","type":"post","link":"https:\/\/www.article-marketing.eu\/comunicati\/casa\/cucina\/novit%252525c3%252525a0-editoriali-la-passione-per-il-tonno-prende-forma\/","title":{"rendered":"Novit\u00e0 editoriali: la passione per il tonno prende forma!"},"content":{"rendered":"<p><strong>Novit&agrave; editoriali: la passione per il tonno prende forma!<\/strong><br \/><em style=\"mso-bidi-font-style: normal;\">A tutto Tonno<\/em> di Stefania Guidotti &egrave; un libro di cucina interamente dedicato al tonno rosso e alla sua capacit&agrave; di deliziarci il palato quando preparato con tale maestria. Chi ha avuto il piacere di provare questi piatti ne &egrave; rimasto entusiasta: si tratta infatti di ricette originali che esaltano il gusto a volte deciso, a volte delicato, di questo pesce. L&rsquo;autrice &egrave; nata e risiede in Sardegna, nel Sulcis-Iglesiente, dove, da appassionata della cucina, &egrave; da sempre intenta ad elaborare nuovi manicaretti ispirandosi spesso alla &ldquo;materia prima&rdquo; locale. In questo caso &egrave; il tonno rosso di Carloforte ad esser stato elevato a dignit&agrave; d&rsquo;arte! Il libro &egrave; stato pubblicato in due edizioni: quella classica rivolta a tutti, e quella speciale per Bimby, in cui le capacit&agrave; di questo famosissimo robot da cucina vengono utilizzate a pieno. Di seguito alcune righe tratte dalla prefazione del libro e una delle prelibatissime ricette nella versione per il Bimby. <\/p>\n<p>Dopo anni di identificazione del tonno con la scatoletta del supermercato, questo prezioso pesce &egrave; stato ampiamente rivalutato e, complice la sfrenata passione dei giapponesi per il tonno del Mare Nostrum, anche noi italiani abbiamo riscoperto il suo immenso valore gastronomico. Gli chef pi&ugrave; rinomati si sfidano nel preparare ricette con il tonno rosso, spesso anche in versione sushi. Questo libro non ambisce a gareggiare con i grandi nomi della cucina, ma &egrave; frutto di una passione personale alimentata dal fatto di vivere in una cittadina del Sulcis, in Sardegna, a pochi chilometri da luoghi di storica tradizione della pesca nelle tonnare, cosa questa che mi ha permesso di conoscerlo e apprezzarlo al meglio. Il fascino del mare, della cruenta lotta dell&rsquo;uomo con l&rsquo;animale, contribuiscono ad accrescere l&rsquo;interesse per questo che non possiamo definire un semplice cibo. Detto ci&ograve;, sperando che il libro vi piaccia. Buon lavoro e buon appetito! <br \/>Stefania Guidotti<br \/><a><\/a><a><\/a><a>Fregola con tonno e melanzane<\/a><br \/>Ingredienti<br \/>350 gr di fregola media, 350 gr di melanzana, 350 gr di tonno fresco tagliato a pezzettini, 1\/2 cipolla piccola, 2 spicchi di aglio, 1 mazzetto di basilico, 500 gr di pomodorini pachino tagliati piccoli (o un barattolo di polpa di pomodori piccolo), 50 gr di olio e.v., sale q.b., 650 gr di acqua.<br \/>Esecuzione<br \/>Lavare la melanzana. Tagliarla a piccoli dadini. Metterla in un colapasta, salarla e fargli perdere l&rsquo;amaro. Dopo una mezz&rsquo;ora lavare e asciugare bene. Nel boccale mettere l&rsquo;aglio e la cipolla tagliata a pezzi. Tritare 8 sec. vel. 6\/7. Aggiungere l&rsquo;olio, il tonno a pezzetti e la melanzana. Insaporire 5 min. 100&deg; vel. 1, antiorario. Unire il pomodoro e il basilico spezzettato. Cuocere 8 minuti 100&deg; vel. 1 antiorario. Aggiungere la fregola, l&rsquo;acqua e il sale. Cuocere 20 minuti circa 100&deg; vel. 1, antiorario. Assaggiare ogni tanto per controllare la cottura poich&eacute; si tratta di un tipo di pasta con un tempo di cottura molto variabile. Deve risultare come un risotto abbastanza cremoso, non far asciugare troppo. Se necessario aggiungere un po&rsquo; di acqua o brodo vegetale. <\/p>\n<p>Per maggiori informazioni <a><\/a><a><\/a><a>Fregola con tonno e melanzane<\/a><br \/>Ingredienti<br \/>350 gr di fregola media, 350 gr di melanzana, 350 gr di tonno fresco tagliato a pezzettini, 1\/2 cipolla piccola, 2 spicchi di aglio, 1 mazzetto di basilico, 500 gr di pomodorini pachino tagliati piccoli (o un barattolo di polpa di pomodori piccolo), 50 gr di olio e.v., sale q.b., 650 gr di acqua.<br \/>Esecuzione<br \/>Lavare la melanzana. Tagliarla a piccoli dadini. Metterla in un colapasta, salarla e fargli perdere l&rsquo;amaro. Dopo una mezz&rsquo;ora lavare e asciugare bene. Nel boccale mettere l&rsquo;aglio e la cipolla tagliata a pezzi. Tritare 8 sec. vel. 6\/7. Aggiungere l&rsquo;olio, il tonno a pezzetti e la melanzana. Insaporire 5 min. 100&deg; vel. 1, antiorario. Unire il pomodoro e il basilico spezzettato. Cuocere 8 minuti 100&deg; vel. 1 antiorario. Aggiungere la fregola, l&rsquo;acqua e il sale. Cuocere 20 minuti circa 100&deg; vel. 1, antiorario. Assaggiare ogni tanto per controllare la cottura poich&eacute; si tratta di un tipo di pasta con un tempo di cottura molto variabile. Deve risultare come un risotto abbastanza cremoso, non far asciugare troppo. Se necessario aggiungere un po&rsquo; di acqua o brodo vegetale. <\/p>\n<p>Per maggiori informazioni clicca qui<\/p>\n","protected":false},"excerpt":{"rendered":"<p>Novit\u00e0 editoriali: la passione per il tonno prende forma!<\/p>\n<p>A tutto Tonno di Stefania Guidotti \u00e8 un libro di cucina interamente dedicato al tonno rosso e alla sua capacit\u00e0 di deliziarci il palato quando preparato con tale maestria. Chi ha avuto il piacere di provare questi piatti ne \u00e8 rimasto entusiasta: si tratta infatti di ricette originali che esaltano il gusto a volte deciso, a volte delicato, di questo pesce. <\/p>\n","protected":false},"author":10,"featured_media":0,"comment_status":"open","ping_status":"open","sticky":false,"template":"","format":"standard","meta":{"cybocfi_hide_featured_image":"","footnotes":""},"categories":[944],"tags":[27032,27035,1423,27033,27034,27031],"class_list":["post-16946","post","type-post","status-publish","format-standard","hentry","category-cucina","tag-bimby","tag-carloforte","tag-cucina","tag-sulcis","tag-sulcis-iglesiente","tag-tonno"],"yoast_head":"<!-- This site is optimized with the Yoast SEO plugin v27.0 - https:\/\/yoast.com\/product\/yoast-seo-wordpress\/ -->\n<title>Novit\u00e0 editoriali: la passione per il tonno prende forma! - Article Marketing<\/title>\n<meta name=\"robots\" content=\"index, follow, max-snippet:-1, max-image-preview:large, max-video-preview:-1\" \/>\n<link rel=\"canonical\" href=\"https:\/\/www.article-marketing.eu\/comunicati\/casa\/cucina\/novit%2525c3%2525a0-editoriali-la-passione-per-il-tonno-prende-forma\/\" \/>\n<meta property=\"og:locale\" content=\"it_IT\" \/>\n<meta property=\"og:type\" content=\"article\" \/>\n<meta property=\"og:title\" content=\"Novit\u00e0 editoriali: la passione per il tonno prende forma! - Article Marketing\" \/>\n<meta property=\"og:description\" content=\"Novit\u00e0 editoriali: la passione per il tonno prende forma!A tutto Tonno di Stefania Guidotti \u00e8 un libro di cucina interamente dedicato al tonno rosso e alla sua capacit\u00e0 di deliziarci il palato quando preparato con tale maestria. Chi ha avuto il piacere di provare questi piatti ne \u00e8 rimasto entusiasta: si tratta infatti di ricette originali che esaltano il gusto a volte deciso, a volte delicato, di questo pesce.\" \/>\n<meta property=\"og:url\" content=\"https:\/\/www.article-marketing.eu\/comunicati\/casa\/cucina\/novit%2525c3%2525a0-editoriali-la-passione-per-il-tonno-prende-forma\/\" \/>\n<meta property=\"og:site_name\" content=\"Article Marketing\" \/>\n<meta property=\"article:published_time\" content=\"2011-06-02T14:04:28+00:00\" \/>\n<meta name=\"author\" content=\"Redazione Comunicati Stampa\" \/>\n<meta name=\"twitter:card\" content=\"summary_large_image\" \/>\n<meta name=\"twitter:label1\" content=\"Scritto da\" \/>\n\t<meta name=\"twitter:data1\" content=\"Redazione Comunicati Stampa\" \/>\n\t<meta name=\"twitter:label2\" content=\"Tempo di lettura stimato\" \/>\n\t<meta name=\"twitter:data2\" content=\"4 minuti\" \/>\n<script type=\"application\/ld+json\" class=\"yoast-schema-graph\">{\"@context\":\"https:\/\/schema.org\",\"@graph\":[{\"@type\":\"Article\",\"@id\":\"https:\/\/www.article-marketing.eu\/comunicati\/casa\/cucina\/novit%252525c3%252525a0-editoriali-la-passione-per-il-tonno-prende-forma\/#article\",\"isPartOf\":{\"@id\":\"https:\/\/www.article-marketing.eu\/comunicati\/casa\/cucina\/novit%252525c3%252525a0-editoriali-la-passione-per-il-tonno-prende-forma\/\"},\"author\":{\"name\":\"Redazione Comunicati Stampa\",\"@id\":\"https:\/\/www.article-marketing.eu\/comunicati\/#\/schema\/person\/44372e4d4d0fa797b18e03ed1ace9017\"},\"headline\":\"Novit\u00e0 editoriali: la passione per il tonno prende forma!\",\"datePublished\":\"2011-06-02T14:04:28+00:00\",\"mainEntityOfPage\":{\"@id\":\"https:\/\/www.article-marketing.eu\/comunicati\/casa\/cucina\/novit%252525c3%252525a0-editoriali-la-passione-per-il-tonno-prende-forma\/\"},\"wordCount\":718,\"commentCount\":0,\"keywords\":[\"bimby\",\"carloforte\",\"cucina\",\"sulcis\",\"sulcis-iglesiente\",\"tonno\"],\"articleSection\":[\"Cucina\"],\"inLanguage\":\"it-IT\",\"potentialAction\":[{\"@type\":\"CommentAction\",\"name\":\"Comment\",\"target\":[\"https:\/\/www.article-marketing.eu\/comunicati\/casa\/cucina\/novit%252525c3%252525a0-editoriali-la-passione-per-il-tonno-prende-forma\/#respond\"]}]},{\"@type\":\"WebPage\",\"@id\":\"https:\/\/www.article-marketing.eu\/comunicati\/casa\/cucina\/novit%252525c3%252525a0-editoriali-la-passione-per-il-tonno-prende-forma\/\",\"url\":\"https:\/\/www.article-marketing.eu\/comunicati\/casa\/cucina\/novit%252525c3%252525a0-editoriali-la-passione-per-il-tonno-prende-forma\/\",\"name\":\"Novit\u00e0 editoriali: la passione per il tonno prende forma! - Article Marketing\",\"isPartOf\":{\"@id\":\"https:\/\/www.article-marketing.eu\/comunicati\/#website\"},\"datePublished\":\"2011-06-02T14:04:28+00:00\",\"author\":{\"@id\":\"https:\/\/www.article-marketing.eu\/comunicati\/#\/schema\/person\/44372e4d4d0fa797b18e03ed1ace9017\"},\"breadcrumb\":{\"@id\":\"https:\/\/www.article-marketing.eu\/comunicati\/casa\/cucina\/novit%252525c3%252525a0-editoriali-la-passione-per-il-tonno-prende-forma\/#breadcrumb\"},\"inLanguage\":\"it-IT\",\"potentialAction\":[{\"@type\":\"ReadAction\",\"target\":[\"https:\/\/www.article-marketing.eu\/comunicati\/casa\/cucina\/novit%252525c3%252525a0-editoriali-la-passione-per-il-tonno-prende-forma\/\"]}]},{\"@type\":\"BreadcrumbList\",\"@id\":\"https:\/\/www.article-marketing.eu\/comunicati\/casa\/cucina\/novit%252525c3%252525a0-editoriali-la-passione-per-il-tonno-prende-forma\/#breadcrumb\",\"itemListElement\":[{\"@type\":\"ListItem\",\"position\":1,\"name\":\"Home\",\"item\":\"https:\/\/www.article-marketing.eu\/comunicati\/\"},{\"@type\":\"ListItem\",\"position\":2,\"name\":\"Novit\u00e0 editoriali: la passione per il tonno prende forma!\"}]},{\"@type\":\"WebSite\",\"@id\":\"https:\/\/www.article-marketing.eu\/comunicati\/#website\",\"url\":\"https:\/\/www.article-marketing.eu\/comunicati\/\",\"name\":\"Article Marketing\",\"description\":\"article marketing &amp; press release\",\"potentialAction\":[{\"@type\":\"SearchAction\",\"target\":{\"@type\":\"EntryPoint\",\"urlTemplate\":\"https:\/\/www.article-marketing.eu\/comunicati\/?s={search_term_string}\"},\"query-input\":{\"@type\":\"PropertyValueSpecification\",\"valueRequired\":true,\"valueName\":\"search_term_string\"}}],\"inLanguage\":\"it-IT\"},{\"@type\":\"Person\",\"@id\":\"https:\/\/www.article-marketing.eu\/comunicati\/#\/schema\/person\/44372e4d4d0fa797b18e03ed1ace9017\",\"name\":\"Redazione Comunicati Stampa\",\"image\":{\"@type\":\"ImageObject\",\"inLanguage\":\"it-IT\",\"@id\":\"https:\/\/www.article-marketing.eu\/comunicati\/#\/schema\/person\/image\/\",\"url\":\"https:\/\/secure.gravatar.com\/avatar\/50e5c6421d3072f42e7ace803501602c60d75233d34e29fd05feb91c8760b792?s=96&d=mm&r=g\",\"contentUrl\":\"https:\/\/secure.gravatar.com\/avatar\/50e5c6421d3072f42e7ace803501602c60d75233d34e29fd05feb91c8760b792?s=96&d=mm&r=g\",\"caption\":\"Redazione Comunicati Stampa\"},\"url\":\"https:\/\/www.article-marketing.eu\/comunicati\/author\/redazione-comunicati-stampa\/\"}]}<\/script>\n<!-- \/ Yoast SEO plugin. -->","yoast_head_json":{"title":"Novit\u00e0 editoriali: la passione per il tonno prende forma! - Article Marketing","robots":{"index":"index","follow":"follow","max-snippet":"max-snippet:-1","max-image-preview":"max-image-preview:large","max-video-preview":"max-video-preview:-1"},"canonical":"https:\/\/www.article-marketing.eu\/comunicati\/casa\/cucina\/novit%2525c3%2525a0-editoriali-la-passione-per-il-tonno-prende-forma\/","og_locale":"it_IT","og_type":"article","og_title":"Novit\u00e0 editoriali: la passione per il tonno prende forma! - Article Marketing","og_description":"Novit\u00e0 editoriali: la passione per il tonno prende forma!A tutto Tonno di Stefania Guidotti \u00e8 un libro di cucina interamente dedicato al tonno rosso e alla sua capacit\u00e0 di deliziarci il palato quando preparato con tale maestria. Chi ha avuto il piacere di provare questi piatti ne \u00e8 rimasto entusiasta: si tratta infatti di ricette originali che esaltano il gusto a volte deciso, a volte delicato, di questo pesce.","og_url":"https:\/\/www.article-marketing.eu\/comunicati\/casa\/cucina\/novit%2525c3%2525a0-editoriali-la-passione-per-il-tonno-prende-forma\/","og_site_name":"Article Marketing","article_published_time":"2011-06-02T14:04:28+00:00","author":"Redazione Comunicati Stampa","twitter_card":"summary_large_image","twitter_misc":{"Scritto da":"Redazione Comunicati Stampa","Tempo di lettura stimato":"4 minuti"},"schema":{"@context":"https:\/\/schema.org","@graph":[{"@type":"Article","@id":"https:\/\/www.article-marketing.eu\/comunicati\/casa\/cucina\/novit%252525c3%252525a0-editoriali-la-passione-per-il-tonno-prende-forma\/#article","isPartOf":{"@id":"https:\/\/www.article-marketing.eu\/comunicati\/casa\/cucina\/novit%252525c3%252525a0-editoriali-la-passione-per-il-tonno-prende-forma\/"},"author":{"name":"Redazione Comunicati Stampa","@id":"https:\/\/www.article-marketing.eu\/comunicati\/#\/schema\/person\/44372e4d4d0fa797b18e03ed1ace9017"},"headline":"Novit\u00e0 editoriali: la passione per il tonno prende forma!","datePublished":"2011-06-02T14:04:28+00:00","mainEntityOfPage":{"@id":"https:\/\/www.article-marketing.eu\/comunicati\/casa\/cucina\/novit%252525c3%252525a0-editoriali-la-passione-per-il-tonno-prende-forma\/"},"wordCount":718,"commentCount":0,"keywords":["bimby","carloforte","cucina","sulcis","sulcis-iglesiente","tonno"],"articleSection":["Cucina"],"inLanguage":"it-IT","potentialAction":[{"@type":"CommentAction","name":"Comment","target":["https:\/\/www.article-marketing.eu\/comunicati\/casa\/cucina\/novit%252525c3%252525a0-editoriali-la-passione-per-il-tonno-prende-forma\/#respond"]}]},{"@type":"WebPage","@id":"https:\/\/www.article-marketing.eu\/comunicati\/casa\/cucina\/novit%252525c3%252525a0-editoriali-la-passione-per-il-tonno-prende-forma\/","url":"https:\/\/www.article-marketing.eu\/comunicati\/casa\/cucina\/novit%252525c3%252525a0-editoriali-la-passione-per-il-tonno-prende-forma\/","name":"Novit\u00e0 editoriali: la passione per il tonno prende forma! - Article Marketing","isPartOf":{"@id":"https:\/\/www.article-marketing.eu\/comunicati\/#website"},"datePublished":"2011-06-02T14:04:28+00:00","author":{"@id":"https:\/\/www.article-marketing.eu\/comunicati\/#\/schema\/person\/44372e4d4d0fa797b18e03ed1ace9017"},"breadcrumb":{"@id":"https:\/\/www.article-marketing.eu\/comunicati\/casa\/cucina\/novit%252525c3%252525a0-editoriali-la-passione-per-il-tonno-prende-forma\/#breadcrumb"},"inLanguage":"it-IT","potentialAction":[{"@type":"ReadAction","target":["https:\/\/www.article-marketing.eu\/comunicati\/casa\/cucina\/novit%252525c3%252525a0-editoriali-la-passione-per-il-tonno-prende-forma\/"]}]},{"@type":"BreadcrumbList","@id":"https:\/\/www.article-marketing.eu\/comunicati\/casa\/cucina\/novit%252525c3%252525a0-editoriali-la-passione-per-il-tonno-prende-forma\/#breadcrumb","itemListElement":[{"@type":"ListItem","position":1,"name":"Home","item":"https:\/\/www.article-marketing.eu\/comunicati\/"},{"@type":"ListItem","position":2,"name":"Novit\u00e0 editoriali: la passione per il tonno prende forma!"}]},{"@type":"WebSite","@id":"https:\/\/www.article-marketing.eu\/comunicati\/#website","url":"https:\/\/www.article-marketing.eu\/comunicati\/","name":"Article Marketing","description":"article marketing &amp; press release","potentialAction":[{"@type":"SearchAction","target":{"@type":"EntryPoint","urlTemplate":"https:\/\/www.article-marketing.eu\/comunicati\/?s={search_term_string}"},"query-input":{"@type":"PropertyValueSpecification","valueRequired":true,"valueName":"search_term_string"}}],"inLanguage":"it-IT"},{"@type":"Person","@id":"https:\/\/www.article-marketing.eu\/comunicati\/#\/schema\/person\/44372e4d4d0fa797b18e03ed1ace9017","name":"Redazione Comunicati Stampa","image":{"@type":"ImageObject","inLanguage":"it-IT","@id":"https:\/\/www.article-marketing.eu\/comunicati\/#\/schema\/person\/image\/","url":"https:\/\/secure.gravatar.com\/avatar\/50e5c6421d3072f42e7ace803501602c60d75233d34e29fd05feb91c8760b792?s=96&d=mm&r=g","contentUrl":"https:\/\/secure.gravatar.com\/avatar\/50e5c6421d3072f42e7ace803501602c60d75233d34e29fd05feb91c8760b792?s=96&d=mm&r=g","caption":"Redazione Comunicati Stampa"},"url":"https:\/\/www.article-marketing.eu\/comunicati\/author\/redazione-comunicati-stampa\/"}]}},"_links":{"self":[{"href":"https:\/\/www.article-marketing.eu\/comunicati\/wp-json\/wp\/v2\/posts\/16946","targetHints":{"allow":["GET"]}}],"collection":[{"href":"https:\/\/www.article-marketing.eu\/comunicati\/wp-json\/wp\/v2\/posts"}],"about":[{"href":"https:\/\/www.article-marketing.eu\/comunicati\/wp-json\/wp\/v2\/types\/post"}],"author":[{"embeddable":true,"href":"https:\/\/www.article-marketing.eu\/comunicati\/wp-json\/wp\/v2\/users\/10"}],"replies":[{"embeddable":true,"href":"https:\/\/www.article-marketing.eu\/comunicati\/wp-json\/wp\/v2\/comments?post=16946"}],"version-history":[{"count":0,"href":"https:\/\/www.article-marketing.eu\/comunicati\/wp-json\/wp\/v2\/posts\/16946\/revisions"}],"wp:attachment":[{"href":"https:\/\/www.article-marketing.eu\/comunicati\/wp-json\/wp\/v2\/media?parent=16946"}],"wp:term":[{"taxonomy":"category","embeddable":true,"href":"https:\/\/www.article-marketing.eu\/comunicati\/wp-json\/wp\/v2\/categories?post=16946"},{"taxonomy":"post_tag","embeddable":true,"href":"https:\/\/www.article-marketing.eu\/comunicati\/wp-json\/wp\/v2\/tags?post=16946"}],"curies":[{"name":"wp","href":"https:\/\/api.w.org\/{rel}","templated":true}]}}