{"id":17007,"date":"2011-06-03T22:58:18","date_gmt":"2011-06-03T20:58:18","guid":{"rendered":"http:\/\/www.article-marketing.eu\/comunicati\/senza-categoria\/primo-week-end-di-giugno-a-roma-alla%2580%2599insegna-del-motor-show-2011\/"},"modified":"2011-06-03T22:58:18","modified_gmt":"2011-06-03T20:58:18","slug":"primo-week-end-di-giugno-a-roma-alla%2580%2599insegna-del-motor-show-2011","status":"publish","type":"post","link":"https:\/\/www.article-marketing.eu\/comunicati\/viaggi-e-vacanze\/destinazioni\/primo-week-end-di-giugno-a-roma-alla%2580%2599insegna-del-motor-show-2011\/","title":{"rendered":"Primo week end di giugno a Roma all\u2019insegna del Motor Show 2011"},"content":{"rendered":"<p>Roma offre sempre tanto a chi ci abita e a chi ci va per passare qualche piacevole giornata. Questo fine settimana nella Capitale si terr&agrave; la 56esima edizione del Motor Show di Roma. Certo non &egrave; un evento conosciuto come il sempre verde Motor Show di Bologna, ma &egrave; comunque un interessante raduno auto.<br \/>La manifestazione si aprir&agrave; quest&rsquo;oggi presso lo storico Circolo Canottieri Aniene di Roma e, stando alle <strong><a href=\"http:\/\/www.3bmeteo.com\/meteo_regione-lazio.htm?giorno=6\">Previsioni Meteo Lazio a 6 Giorni<\/a>,<\/strong> dovrebbe essere il posto ideale per lo showroom. L&rsquo;evento di quest&rsquo;anno sar&agrave; dedicato allo Speciale di Motor sui 150 anni dell&rsquo;Unit&agrave; d&rsquo;Italia. In questa edizione interverranno anche diverse autorit&agrave; e dirigenti delle principali case automobilistiche per discutere della situazione del settore auto che non &egrave; delle pi&ugrave; rosee.<br \/>Le giornate del 4 e 5 giugno saranno molto intense e le protagoniste assolute restano le auto e i grandi marchi del nostro mercato e di quello estero. Per gli amanti delle auto potenti questo &egrave; il posto giusto, infatti saranno presenti anche Lamborghini e Ferrari. Ma non solo i bolidi saranno presenti, infatti avremo la possibilit&agrave; di apprezzare anche vetture nuove delle tante Case che saranno presenti, vedi: Alfa Romeo, Infiniti, e diverse marche straniere.<br \/>Nelle due giornate sono in programma diversi eventi che si svolgeranno per lo pi&ugrave; in una pista di oltre 1&rsquo;500 mq. Il meglio della produzione automobilistica elettrica e ibrida faranno la loro parata su una pista di ghiaccio dell&rsquo;Axel che verr&agrave; animata dalle ecologiche e silenziose vetture che danzeranno insieme a delle pattinatrici professioniste. Accanto alla classica veste di salone all&rsquo;aperto ad ingresso completamente gratuito, il Roma Motor Show 2011 abbina la novit&agrave; dello show sulla pista di ghiaccio dell&rsquo;Axel di Piazza Mancini, in Via Martino Longhi. Molto attesa anche la sfilata degli abiti Blunauta per il ModAuto Gala. Ad indossare gli abiti saranno le pattinatrici. Quindi da quello che possiamo percepire ci rendiamo conto che saranno due giorni dove non vedremo solo auto ma anche altri spettacoli di rilievo.<br \/>Domenica 5 giugno, se il clima sar&agrave; quello che il <strong>Meteo Lazio 5 giorni<\/strong> dice, potremo assistere anche alla sfilata che decreter&agrave; Miss Roma Motor Show, quindi vedremo in passerella delle bellezza naturali e non solo alle vetture d&rsquo;epoca del Colosseum Club Veicoli di Roma. A tal proposito possiamo dire che ci sar&agrave; anche la partecipazione dell&rsquo;Esercito italiano con loro vetture.<br \/>Gli organizzatori del Motor Show di Roma 2011 si aspettano una buona partecipazione di pubblico e molto probabilmente le attese saranno rispettate se il meteo dovesse reggere in una situazione stabile, infatti questa &egrave; l&rsquo;incognita pi&ugrave; grande.<\/p>\n","protected":false},"excerpt":{"rendered":"<p>A Roma si svolger\u00e0 un Motor Show un p\u00f2 particolare perch\u00e8 oltre alle auto saranno presenti anche altri spettacoli interessanti.<\/p>\n","protected":false},"author":10,"featured_media":0,"comment_status":"open","ping_status":"open","sticky":false,"template":"","format":"standard","meta":{"cybocfi_hide_featured_image":"","footnotes":""},"categories":[143],"tags":[7877,27099],"class_list":["post-17007","post","type-post","status-publish","format-standard","hentry","category-destinazioni","tag-eventi-roma","tag-motor-show-roma"],"yoast_head":"<!-- This site is optimized with the Yoast SEO plugin v27.0 - https:\/\/yoast.com\/product\/yoast-seo-wordpress\/ -->\n<title>Primo week end di giugno a Roma all\u2019insegna del Motor Show 2011 - Article Marketing<\/title>\n<meta name=\"robots\" content=\"index, follow, max-snippet:-1, max-image-preview:large, max-video-preview:-1\" \/>\n<link rel=\"canonical\" href=\"https:\/\/www.article-marketing.eu\/comunicati\/viaggi-e-vacanze\/destinazioni\/primo-week-end-di-giugno-a-roma-alla%80%99insegna-del-motor-show-2011\/\" \/>\n<meta property=\"og:locale\" content=\"it_IT\" \/>\n<meta property=\"og:type\" content=\"article\" \/>\n<meta property=\"og:title\" content=\"Primo week end di giugno a Roma all\u2019insegna del Motor Show 2011 - Article Marketing\" \/>\n<meta property=\"og:description\" content=\"A Roma si svolger\u00e0 un Motor Show un p\u00f2 particolare perch\u00e8 oltre alle auto saranno presenti anche altri spettacoli interessanti.\" \/>\n<meta property=\"og:url\" content=\"https:\/\/www.article-marketing.eu\/comunicati\/viaggi-e-vacanze\/destinazioni\/primo-week-end-di-giugno-a-roma-alla%80%99insegna-del-motor-show-2011\/\" \/>\n<meta property=\"og:site_name\" content=\"Article Marketing\" \/>\n<meta property=\"article:published_time\" content=\"2011-06-03T20:58:18+00:00\" \/>\n<meta name=\"author\" content=\"Redazione Comunicati Stampa\" \/>\n<meta name=\"twitter:card\" content=\"summary_large_image\" \/>\n<meta name=\"twitter:label1\" content=\"Scritto da\" \/>\n\t<meta name=\"twitter:data1\" content=\"Redazione Comunicati Stampa\" \/>\n\t<meta name=\"twitter:label2\" content=\"Tempo di lettura stimato\" \/>\n\t<meta name=\"twitter:data2\" content=\"2 minuti\" \/>\n<script type=\"application\/ld+json\" class=\"yoast-schema-graph\">{\"@context\":\"https:\/\/schema.org\",\"@graph\":[{\"@type\":\"Article\",\"@id\":\"https:\/\/www.article-marketing.eu\/comunicati\/viaggi-e-vacanze\/destinazioni\/primo-week-end-di-giugno-a-roma-alla%2580%2599insegna-del-motor-show-2011\/#article\",\"isPartOf\":{\"@id\":\"https:\/\/www.article-marketing.eu\/comunicati\/viaggi-e-vacanze\/destinazioni\/primo-week-end-di-giugno-a-roma-alla%2580%2599insegna-del-motor-show-2011\/\"},\"author\":{\"name\":\"Redazione Comunicati Stampa\",\"@id\":\"https:\/\/www.article-marketing.eu\/comunicati\/#\/schema\/person\/44372e4d4d0fa797b18e03ed1ace9017\"},\"headline\":\"Primo week end di giugno a Roma all\u2019insegna del Motor Show 2011\",\"datePublished\":\"2011-06-03T20:58:18+00:00\",\"mainEntityOfPage\":{\"@id\":\"https:\/\/www.article-marketing.eu\/comunicati\/viaggi-e-vacanze\/destinazioni\/primo-week-end-di-giugno-a-roma-alla%2580%2599insegna-del-motor-show-2011\/\"},\"wordCount\":468,\"commentCount\":0,\"keywords\":[\"eventi roma\",\"motor show roma\"],\"articleSection\":[\"Destinazioni\"],\"inLanguage\":\"it-IT\",\"potentialAction\":[{\"@type\":\"CommentAction\",\"name\":\"Comment\",\"target\":[\"https:\/\/www.article-marketing.eu\/comunicati\/viaggi-e-vacanze\/destinazioni\/primo-week-end-di-giugno-a-roma-alla%2580%2599insegna-del-motor-show-2011\/#respond\"]}]},{\"@type\":\"WebPage\",\"@id\":\"https:\/\/www.article-marketing.eu\/comunicati\/viaggi-e-vacanze\/destinazioni\/primo-week-end-di-giugno-a-roma-alla%2580%2599insegna-del-motor-show-2011\/\",\"url\":\"https:\/\/www.article-marketing.eu\/comunicati\/viaggi-e-vacanze\/destinazioni\/primo-week-end-di-giugno-a-roma-alla%2580%2599insegna-del-motor-show-2011\/\",\"name\":\"Primo week end di giugno a Roma all\u2019insegna del Motor Show 2011 - Article Marketing\",\"isPartOf\":{\"@id\":\"https:\/\/www.article-marketing.eu\/comunicati\/#website\"},\"datePublished\":\"2011-06-03T20:58:18+00:00\",\"author\":{\"@id\":\"https:\/\/www.article-marketing.eu\/comunicati\/#\/schema\/person\/44372e4d4d0fa797b18e03ed1ace9017\"},\"breadcrumb\":{\"@id\":\"https:\/\/www.article-marketing.eu\/comunicati\/viaggi-e-vacanze\/destinazioni\/primo-week-end-di-giugno-a-roma-alla%2580%2599insegna-del-motor-show-2011\/#breadcrumb\"},\"inLanguage\":\"it-IT\",\"potentialAction\":[{\"@type\":\"ReadAction\",\"target\":[\"https:\/\/www.article-marketing.eu\/comunicati\/viaggi-e-vacanze\/destinazioni\/primo-week-end-di-giugno-a-roma-alla%2580%2599insegna-del-motor-show-2011\/\"]}]},{\"@type\":\"BreadcrumbList\",\"@id\":\"https:\/\/www.article-marketing.eu\/comunicati\/viaggi-e-vacanze\/destinazioni\/primo-week-end-di-giugno-a-roma-alla%2580%2599insegna-del-motor-show-2011\/#breadcrumb\",\"itemListElement\":[{\"@type\":\"ListItem\",\"position\":1,\"name\":\"Home\",\"item\":\"https:\/\/www.article-marketing.eu\/comunicati\/\"},{\"@type\":\"ListItem\",\"position\":2,\"name\":\"Primo week end di giugno a Roma all\u2019insegna del Motor Show 2011\"}]},{\"@type\":\"WebSite\",\"@id\":\"https:\/\/www.article-marketing.eu\/comunicati\/#website\",\"url\":\"https:\/\/www.article-marketing.eu\/comunicati\/\",\"name\":\"Article Marketing\",\"description\":\"article marketing &amp; press release\",\"potentialAction\":[{\"@type\":\"SearchAction\",\"target\":{\"@type\":\"EntryPoint\",\"urlTemplate\":\"https:\/\/www.article-marketing.eu\/comunicati\/?s={search_term_string}\"},\"query-input\":{\"@type\":\"PropertyValueSpecification\",\"valueRequired\":true,\"valueName\":\"search_term_string\"}}],\"inLanguage\":\"it-IT\"},{\"@type\":\"Person\",\"@id\":\"https:\/\/www.article-marketing.eu\/comunicati\/#\/schema\/person\/44372e4d4d0fa797b18e03ed1ace9017\",\"name\":\"Redazione Comunicati Stampa\",\"image\":{\"@type\":\"ImageObject\",\"inLanguage\":\"it-IT\",\"@id\":\"https:\/\/www.article-marketing.eu\/comunicati\/#\/schema\/person\/image\/\",\"url\":\"https:\/\/secure.gravatar.com\/avatar\/50e5c6421d3072f42e7ace803501602c60d75233d34e29fd05feb91c8760b792?s=96&d=mm&r=g\",\"contentUrl\":\"https:\/\/secure.gravatar.com\/avatar\/50e5c6421d3072f42e7ace803501602c60d75233d34e29fd05feb91c8760b792?s=96&d=mm&r=g\",\"caption\":\"Redazione Comunicati Stampa\"},\"url\":\"https:\/\/www.article-marketing.eu\/comunicati\/author\/redazione-comunicati-stampa\/\"}]}<\/script>\n<!-- \/ Yoast SEO plugin. -->","yoast_head_json":{"title":"Primo week end di giugno a Roma all\u2019insegna del Motor Show 2011 - Article Marketing","robots":{"index":"index","follow":"follow","max-snippet":"max-snippet:-1","max-image-preview":"max-image-preview:large","max-video-preview":"max-video-preview:-1"},"canonical":"https:\/\/www.article-marketing.eu\/comunicati\/viaggi-e-vacanze\/destinazioni\/primo-week-end-di-giugno-a-roma-alla%80%99insegna-del-motor-show-2011\/","og_locale":"it_IT","og_type":"article","og_title":"Primo week end di giugno a Roma all\u2019insegna del Motor Show 2011 - Article Marketing","og_description":"A Roma si svolger\u00e0 un Motor Show un p\u00f2 particolare perch\u00e8 oltre alle auto saranno presenti anche altri spettacoli interessanti.","og_url":"https:\/\/www.article-marketing.eu\/comunicati\/viaggi-e-vacanze\/destinazioni\/primo-week-end-di-giugno-a-roma-alla%80%99insegna-del-motor-show-2011\/","og_site_name":"Article Marketing","article_published_time":"2011-06-03T20:58:18+00:00","author":"Redazione Comunicati Stampa","twitter_card":"summary_large_image","twitter_misc":{"Scritto da":"Redazione Comunicati Stampa","Tempo di lettura stimato":"2 minuti"},"schema":{"@context":"https:\/\/schema.org","@graph":[{"@type":"Article","@id":"https:\/\/www.article-marketing.eu\/comunicati\/viaggi-e-vacanze\/destinazioni\/primo-week-end-di-giugno-a-roma-alla%2580%2599insegna-del-motor-show-2011\/#article","isPartOf":{"@id":"https:\/\/www.article-marketing.eu\/comunicati\/viaggi-e-vacanze\/destinazioni\/primo-week-end-di-giugno-a-roma-alla%2580%2599insegna-del-motor-show-2011\/"},"author":{"name":"Redazione Comunicati Stampa","@id":"https:\/\/www.article-marketing.eu\/comunicati\/#\/schema\/person\/44372e4d4d0fa797b18e03ed1ace9017"},"headline":"Primo week end di giugno a Roma all\u2019insegna del Motor Show 2011","datePublished":"2011-06-03T20:58:18+00:00","mainEntityOfPage":{"@id":"https:\/\/www.article-marketing.eu\/comunicati\/viaggi-e-vacanze\/destinazioni\/primo-week-end-di-giugno-a-roma-alla%2580%2599insegna-del-motor-show-2011\/"},"wordCount":468,"commentCount":0,"keywords":["eventi roma","motor show roma"],"articleSection":["Destinazioni"],"inLanguage":"it-IT","potentialAction":[{"@type":"CommentAction","name":"Comment","target":["https:\/\/www.article-marketing.eu\/comunicati\/viaggi-e-vacanze\/destinazioni\/primo-week-end-di-giugno-a-roma-alla%2580%2599insegna-del-motor-show-2011\/#respond"]}]},{"@type":"WebPage","@id":"https:\/\/www.article-marketing.eu\/comunicati\/viaggi-e-vacanze\/destinazioni\/primo-week-end-di-giugno-a-roma-alla%2580%2599insegna-del-motor-show-2011\/","url":"https:\/\/www.article-marketing.eu\/comunicati\/viaggi-e-vacanze\/destinazioni\/primo-week-end-di-giugno-a-roma-alla%2580%2599insegna-del-motor-show-2011\/","name":"Primo week end di giugno a Roma all\u2019insegna del Motor Show 2011 - Article Marketing","isPartOf":{"@id":"https:\/\/www.article-marketing.eu\/comunicati\/#website"},"datePublished":"2011-06-03T20:58:18+00:00","author":{"@id":"https:\/\/www.article-marketing.eu\/comunicati\/#\/schema\/person\/44372e4d4d0fa797b18e03ed1ace9017"},"breadcrumb":{"@id":"https:\/\/www.article-marketing.eu\/comunicati\/viaggi-e-vacanze\/destinazioni\/primo-week-end-di-giugno-a-roma-alla%2580%2599insegna-del-motor-show-2011\/#breadcrumb"},"inLanguage":"it-IT","potentialAction":[{"@type":"ReadAction","target":["https:\/\/www.article-marketing.eu\/comunicati\/viaggi-e-vacanze\/destinazioni\/primo-week-end-di-giugno-a-roma-alla%2580%2599insegna-del-motor-show-2011\/"]}]},{"@type":"BreadcrumbList","@id":"https:\/\/www.article-marketing.eu\/comunicati\/viaggi-e-vacanze\/destinazioni\/primo-week-end-di-giugno-a-roma-alla%2580%2599insegna-del-motor-show-2011\/#breadcrumb","itemListElement":[{"@type":"ListItem","position":1,"name":"Home","item":"https:\/\/www.article-marketing.eu\/comunicati\/"},{"@type":"ListItem","position":2,"name":"Primo week end di giugno a Roma all\u2019insegna del Motor Show 2011"}]},{"@type":"WebSite","@id":"https:\/\/www.article-marketing.eu\/comunicati\/#website","url":"https:\/\/www.article-marketing.eu\/comunicati\/","name":"Article Marketing","description":"article marketing &amp; press release","potentialAction":[{"@type":"SearchAction","target":{"@type":"EntryPoint","urlTemplate":"https:\/\/www.article-marketing.eu\/comunicati\/?s={search_term_string}"},"query-input":{"@type":"PropertyValueSpecification","valueRequired":true,"valueName":"search_term_string"}}],"inLanguage":"it-IT"},{"@type":"Person","@id":"https:\/\/www.article-marketing.eu\/comunicati\/#\/schema\/person\/44372e4d4d0fa797b18e03ed1ace9017","name":"Redazione Comunicati Stampa","image":{"@type":"ImageObject","inLanguage":"it-IT","@id":"https:\/\/www.article-marketing.eu\/comunicati\/#\/schema\/person\/image\/","url":"https:\/\/secure.gravatar.com\/avatar\/50e5c6421d3072f42e7ace803501602c60d75233d34e29fd05feb91c8760b792?s=96&d=mm&r=g","contentUrl":"https:\/\/secure.gravatar.com\/avatar\/50e5c6421d3072f42e7ace803501602c60d75233d34e29fd05feb91c8760b792?s=96&d=mm&r=g","caption":"Redazione Comunicati Stampa"},"url":"https:\/\/www.article-marketing.eu\/comunicati\/author\/redazione-comunicati-stampa\/"}]}},"_links":{"self":[{"href":"https:\/\/www.article-marketing.eu\/comunicati\/wp-json\/wp\/v2\/posts\/17007","targetHints":{"allow":["GET"]}}],"collection":[{"href":"https:\/\/www.article-marketing.eu\/comunicati\/wp-json\/wp\/v2\/posts"}],"about":[{"href":"https:\/\/www.article-marketing.eu\/comunicati\/wp-json\/wp\/v2\/types\/post"}],"author":[{"embeddable":true,"href":"https:\/\/www.article-marketing.eu\/comunicati\/wp-json\/wp\/v2\/users\/10"}],"replies":[{"embeddable":true,"href":"https:\/\/www.article-marketing.eu\/comunicati\/wp-json\/wp\/v2\/comments?post=17007"}],"version-history":[{"count":0,"href":"https:\/\/www.article-marketing.eu\/comunicati\/wp-json\/wp\/v2\/posts\/17007\/revisions"}],"wp:attachment":[{"href":"https:\/\/www.article-marketing.eu\/comunicati\/wp-json\/wp\/v2\/media?parent=17007"}],"wp:term":[{"taxonomy":"category","embeddable":true,"href":"https:\/\/www.article-marketing.eu\/comunicati\/wp-json\/wp\/v2\/categories?post=17007"},{"taxonomy":"post_tag","embeddable":true,"href":"https:\/\/www.article-marketing.eu\/comunicati\/wp-json\/wp\/v2\/tags?post=17007"}],"curies":[{"name":"wp","href":"https:\/\/api.w.org\/{rel}","templated":true}]}}