{"id":1708,"date":"2009-04-03T15:49:22","date_gmt":"2009-04-03T13:49:22","guid":{"rendered":"http:\/\/www.article-marketing.eu\/comunicati\/senza-categoria\/roma-natale-di-roma-dal-5-al-21-aprile-2009\/"},"modified":"2009-04-03T15:49:22","modified_gmt":"2009-04-03T13:49:22","slug":"roma-natale-di-roma-dal-5-al-21-aprile-2009","status":"publish","type":"post","link":"https:\/\/www.article-marketing.eu\/comunicati\/comunicati-stampa\/eventi\/roma-natale-di-roma-dal-5-al-21-aprile-2009\/","title":{"rendered":"Roma: Natale di Roma, dal 5 al 21 Aprile 2009"},"content":{"rendered":"<p style=\"TEXT-ALIGN: justify\">Da sette anni i Romani festeggiano il compleanno della propria citt\u00e0 con una grande festa che comprende sfilate, rievocazioni storiche, mostre, un concorso per le scuole e addirittura l\u2019elezione della Dea Roma. L\u2019organizzazione dell\u2019evento, che permette ai moltissimi turisti che riempiono le migliori <a href=\"http:\/\/it.flashbooking.com\/navigation\/europa_italia_roma_pensione_all.html\">Guest House di Roma<\/a> di tornare indietro ai tempi dell\u2019Impero Romano, \u00e8 affidata al Gruppo storico romano, un\u2019associazione creata nel 1994 da alcune persone accomunate dall\u2019amore per la citt\u00e0 eterna e per la sua storia, e che propone diverse attivit\u00e0, quali spettacoli teatrali, gruppi di danza, e addirittura una scuola di gladiatura. Il Natale di Roma \u00e8 per\u00f2 forse l\u2019evento pi\u00f9 importante realizzato dal Gruppo Storico Romano, e ogni anno coinvolge, oltre alla suddetta associazione, un gran numero di gruppi storici provenienti da tutta Italia e da vari altri paesi. <\/p>\n<p style=\"TEXT-ALIGN: justify\">Anche se la data fissata per il compleanno della citt\u00e0 \u00e8 il 21 aprile, le celebrazioni iniziano qualche settimana prima, pi\u00f9 precisamente il 5 aprile, con l\u2019esposizione delle opere realizzate per il concorso \u201c21 aprile 753 a.C.: nasce Roma\u201d, cui partecipano studenti di scuole elementari, medie e superiori. I ragazzi sono chiamati a realizzare un lavoro che abbia come tema un personaggio, un episodio o un oggetto propri del periodo compreso tra l\u2019anno della fondazione di Roma (753 a.C.) e la caduta dell\u2019Impero Romano d\u2019Occidente (476 d.C.). L\u2019atto finale di un altro concorso, quello di \u201cDea Roma\u201d 2009, si svolger\u00e0 invece il 15 aprile, con l\u2019incoronazione della ragazza che meglio sapr\u00e0 interpretare la dea Roma, una divinit\u00e0 molto cara ai Romani. La ragazza, che sar\u00e0 scelta tra un gruppo di candidate provenienti da tutta Italia e dagli altri paesi che un tempo erano sotto il dominio romano, avr\u00e0 l\u2019onore di indossare il costume da Dea Roma e di sfilare alla testa del grande corteo storico che si svolger\u00e0 per le strade di Roma il 19 aprile. <\/p>\n<p style=\"TEXT-ALIGN: justify\">I festeggiamenti entreranno per\u00f2 nel vivo il 18 aprile, con la cerimonia di apertura della Porta Appia, oggi Porta San Sebastiano, cui seguiranno altre importanti cerimonie: i ludi gladiatori (una rievocazione dei combattimenti uomo contro uomo che tanto appassionavano i Romani un tempo), la cerimonia del matrimonio presso il teatro di Marcello, e la Cerimonia delle Vestali presso il tempio di Vesta (le vestali erano le sacerdotesse consacrate alla Dea Vesta, e sono legate al mito della nascita di Roma in quanto Rea Silvia, la madre di Romolo e Remo, era appunto una vestale). <\/p>\n<p style=\"TEXT-ALIGN: justify\">Ma l\u2019evento pi\u00f9 atteso, che spinge molti turisti ad organizzare una vacanza a Roma, \u00e8 sicuramente la grande parata storica, che si svolger\u00e0 il 19 aprile coinvolgendo un migliaio di rievocatori provenienti da tutto il&nbsp; mondo, e che partendo dal Circo Massimo, e passando davanti ad alcuni dei simboli di Roma, come i Fori Imperiali e il Colosseo, far\u00e0 rivivere personaggi e immagini della Roma imperiale. Dopo la sfilata, trattenetevi ancora qualche giorno nel vostro bed and breakfast economico: il 21 aprile, al Circo Massimo, si terr\u00e0 infatti la grande rievocazione della fondazione di Roma con la rappresentazione del \u201cTracciato del solco\u201d, gesto con cui Remolo segn\u00f2 il perimetro della citt\u00e0. <\/p>\n<p style=\"TEXT-ALIGN: justify\">&nbsp;<\/p>\n<p style=\"TEXT-ALIGN: justify\">Biglietto: evento gratuito<\/p>\n<p style=\"TEXT-ALIGN: justify\">Date: 5 \u2013 21 Aprile 2009 <\/p>\n<p style=\"TEXT-ALIGN: justify\">Dove: Roma, Italia<\/p>\n<p style=\"TEXT-ALIGN: justify\">\n","protected":false},"excerpt":{"rendered":"<p>Secondo la leggenda, la citt\u00e0 di Roma venne fondata il 21 aprile del 753 a.C. da Romolo. Tale data venne fissata dallo storico Varrone (116 \u2013 27 a.C.) basandosi sui calcoli effettuati dall\u2019astrologo Lucio Taruzio, e anche se non ci sono documenti o reperti storici che confermino questa data, il 21 aprile \u00e8 da sempre considerato come il compleanno della citt\u00e0.<\/p>\n","protected":false},"author":10,"featured_media":0,"comment_status":"open","ping_status":"open","sticky":false,"template":"","format":"standard","meta":{"cybocfi_hide_featured_image":"","footnotes":""},"categories":[388],"tags":[1069,5560,5559,936,5561],"class_list":["post-1708","post","type-post","status-publish","format-standard","hentry","category-eventi","tag-concorsi","tag-gruppi-storici","tag-natale-di-roma","tag-parata","tag-rievocazioni-storiche"],"yoast_head":"<!-- This site is optimized with the Yoast SEO plugin v27.0 - https:\/\/yoast.com\/product\/yoast-seo-wordpress\/ -->\n<title>Roma: Natale di Roma, dal 5 al 21 Aprile 2009 - Article Marketing<\/title>\n<meta name=\"robots\" content=\"index, follow, max-snippet:-1, max-image-preview:large, max-video-preview:-1\" \/>\n<link rel=\"canonical\" href=\"https:\/\/www.article-marketing.eu\/comunicati\/comunicati-stampa\/eventi\/roma-natale-di-roma-dal-5-al-21-aprile-2009\/\" \/>\n<meta property=\"og:locale\" content=\"it_IT\" \/>\n<meta property=\"og:type\" content=\"article\" \/>\n<meta property=\"og:title\" content=\"Roma: Natale di Roma, dal 5 al 21 Aprile 2009 - Article Marketing\" \/>\n<meta property=\"og:description\" content=\"Secondo la leggenda, la citt\u00e0 di Roma venne fondata il 21 aprile del 753 a.C. da Romolo. Tale data venne fissata dallo storico Varrone (116 \u2013 27 a.C.) basandosi sui calcoli effettuati dall\u2019astrologo Lucio Taruzio, e anche se non ci sono documenti o reperti storici che confermino questa data, il 21 aprile \u00e8 da sempre considerato come il compleanno della citt\u00e0.\" \/>\n<meta property=\"og:url\" content=\"https:\/\/www.article-marketing.eu\/comunicati\/comunicati-stampa\/eventi\/roma-natale-di-roma-dal-5-al-21-aprile-2009\/\" \/>\n<meta property=\"og:site_name\" content=\"Article Marketing\" \/>\n<meta property=\"article:published_time\" content=\"2009-04-03T13:49:22+00:00\" \/>\n<meta name=\"author\" content=\"Redazione Comunicati Stampa\" \/>\n<meta name=\"twitter:card\" content=\"summary_large_image\" \/>\n<meta name=\"twitter:label1\" content=\"Scritto da\" \/>\n\t<meta name=\"twitter:data1\" content=\"Redazione Comunicati Stampa\" \/>\n\t<meta name=\"twitter:label2\" content=\"Tempo di lettura stimato\" \/>\n\t<meta name=\"twitter:data2\" content=\"3 minuti\" \/>\n<script type=\"application\/ld+json\" class=\"yoast-schema-graph\">{\"@context\":\"https:\/\/schema.org\",\"@graph\":[{\"@type\":\"Article\",\"@id\":\"https:\/\/www.article-marketing.eu\/comunicati\/comunicati-stampa\/eventi\/roma-natale-di-roma-dal-5-al-21-aprile-2009\/#article\",\"isPartOf\":{\"@id\":\"https:\/\/www.article-marketing.eu\/comunicati\/comunicati-stampa\/eventi\/roma-natale-di-roma-dal-5-al-21-aprile-2009\/\"},\"author\":{\"name\":\"Redazione Comunicati Stampa\",\"@id\":\"https:\/\/www.article-marketing.eu\/comunicati\/#\/schema\/person\/44372e4d4d0fa797b18e03ed1ace9017\"},\"headline\":\"Roma: Natale di Roma, dal 5 al 21 Aprile 2009\",\"datePublished\":\"2009-04-03T13:49:22+00:00\",\"mainEntityOfPage\":{\"@id\":\"https:\/\/www.article-marketing.eu\/comunicati\/comunicati-stampa\/eventi\/roma-natale-di-roma-dal-5-al-21-aprile-2009\/\"},\"wordCount\":532,\"commentCount\":0,\"keywords\":[\"concorsi\",\"gruppi storici\",\"natale di Roma\",\"parata\",\"rievocazioni storiche\"],\"articleSection\":[\"Eventi\"],\"inLanguage\":\"it-IT\",\"potentialAction\":[{\"@type\":\"CommentAction\",\"name\":\"Comment\",\"target\":[\"https:\/\/www.article-marketing.eu\/comunicati\/comunicati-stampa\/eventi\/roma-natale-di-roma-dal-5-al-21-aprile-2009\/#respond\"]}]},{\"@type\":\"WebPage\",\"@id\":\"https:\/\/www.article-marketing.eu\/comunicati\/comunicati-stampa\/eventi\/roma-natale-di-roma-dal-5-al-21-aprile-2009\/\",\"url\":\"https:\/\/www.article-marketing.eu\/comunicati\/comunicati-stampa\/eventi\/roma-natale-di-roma-dal-5-al-21-aprile-2009\/\",\"name\":\"Roma: Natale di Roma, dal 5 al 21 Aprile 2009 - Article Marketing\",\"isPartOf\":{\"@id\":\"https:\/\/www.article-marketing.eu\/comunicati\/#website\"},\"datePublished\":\"2009-04-03T13:49:22+00:00\",\"author\":{\"@id\":\"https:\/\/www.article-marketing.eu\/comunicati\/#\/schema\/person\/44372e4d4d0fa797b18e03ed1ace9017\"},\"breadcrumb\":{\"@id\":\"https:\/\/www.article-marketing.eu\/comunicati\/comunicati-stampa\/eventi\/roma-natale-di-roma-dal-5-al-21-aprile-2009\/#breadcrumb\"},\"inLanguage\":\"it-IT\",\"potentialAction\":[{\"@type\":\"ReadAction\",\"target\":[\"https:\/\/www.article-marketing.eu\/comunicati\/comunicati-stampa\/eventi\/roma-natale-di-roma-dal-5-al-21-aprile-2009\/\"]}]},{\"@type\":\"BreadcrumbList\",\"@id\":\"https:\/\/www.article-marketing.eu\/comunicati\/comunicati-stampa\/eventi\/roma-natale-di-roma-dal-5-al-21-aprile-2009\/#breadcrumb\",\"itemListElement\":[{\"@type\":\"ListItem\",\"position\":1,\"name\":\"Home\",\"item\":\"https:\/\/www.article-marketing.eu\/comunicati\/\"},{\"@type\":\"ListItem\",\"position\":2,\"name\":\"Roma: Natale di Roma, dal 5 al 21 Aprile 2009\"}]},{\"@type\":\"WebSite\",\"@id\":\"https:\/\/www.article-marketing.eu\/comunicati\/#website\",\"url\":\"https:\/\/www.article-marketing.eu\/comunicati\/\",\"name\":\"Article Marketing\",\"description\":\"article marketing &amp; press release\",\"potentialAction\":[{\"@type\":\"SearchAction\",\"target\":{\"@type\":\"EntryPoint\",\"urlTemplate\":\"https:\/\/www.article-marketing.eu\/comunicati\/?s={search_term_string}\"},\"query-input\":{\"@type\":\"PropertyValueSpecification\",\"valueRequired\":true,\"valueName\":\"search_term_string\"}}],\"inLanguage\":\"it-IT\"},{\"@type\":\"Person\",\"@id\":\"https:\/\/www.article-marketing.eu\/comunicati\/#\/schema\/person\/44372e4d4d0fa797b18e03ed1ace9017\",\"name\":\"Redazione Comunicati Stampa\",\"image\":{\"@type\":\"ImageObject\",\"inLanguage\":\"it-IT\",\"@id\":\"https:\/\/www.article-marketing.eu\/comunicati\/#\/schema\/person\/image\/\",\"url\":\"https:\/\/secure.gravatar.com\/avatar\/50e5c6421d3072f42e7ace803501602c60d75233d34e29fd05feb91c8760b792?s=96&d=mm&r=g\",\"contentUrl\":\"https:\/\/secure.gravatar.com\/avatar\/50e5c6421d3072f42e7ace803501602c60d75233d34e29fd05feb91c8760b792?s=96&d=mm&r=g\",\"caption\":\"Redazione Comunicati Stampa\"},\"url\":\"https:\/\/www.article-marketing.eu\/comunicati\/author\/redazione-comunicati-stampa\/\"}]}<\/script>\n<!-- \/ Yoast SEO plugin. -->","yoast_head_json":{"title":"Roma: Natale di Roma, dal 5 al 21 Aprile 2009 - Article Marketing","robots":{"index":"index","follow":"follow","max-snippet":"max-snippet:-1","max-image-preview":"max-image-preview:large","max-video-preview":"max-video-preview:-1"},"canonical":"https:\/\/www.article-marketing.eu\/comunicati\/comunicati-stampa\/eventi\/roma-natale-di-roma-dal-5-al-21-aprile-2009\/","og_locale":"it_IT","og_type":"article","og_title":"Roma: Natale di Roma, dal 5 al 21 Aprile 2009 - Article Marketing","og_description":"Secondo la leggenda, la citt\u00e0 di Roma venne fondata il 21 aprile del 753 a.C. da Romolo. Tale data venne fissata dallo storico Varrone (116 \u2013 27 a.C.) basandosi sui calcoli effettuati dall\u2019astrologo Lucio Taruzio, e anche se non ci sono documenti o reperti storici che confermino questa data, il 21 aprile \u00e8 da sempre considerato come il compleanno della citt\u00e0.","og_url":"https:\/\/www.article-marketing.eu\/comunicati\/comunicati-stampa\/eventi\/roma-natale-di-roma-dal-5-al-21-aprile-2009\/","og_site_name":"Article Marketing","article_published_time":"2009-04-03T13:49:22+00:00","author":"Redazione Comunicati Stampa","twitter_card":"summary_large_image","twitter_misc":{"Scritto da":"Redazione Comunicati Stampa","Tempo di lettura stimato":"3 minuti"},"schema":{"@context":"https:\/\/schema.org","@graph":[{"@type":"Article","@id":"https:\/\/www.article-marketing.eu\/comunicati\/comunicati-stampa\/eventi\/roma-natale-di-roma-dal-5-al-21-aprile-2009\/#article","isPartOf":{"@id":"https:\/\/www.article-marketing.eu\/comunicati\/comunicati-stampa\/eventi\/roma-natale-di-roma-dal-5-al-21-aprile-2009\/"},"author":{"name":"Redazione Comunicati Stampa","@id":"https:\/\/www.article-marketing.eu\/comunicati\/#\/schema\/person\/44372e4d4d0fa797b18e03ed1ace9017"},"headline":"Roma: Natale di Roma, dal 5 al 21 Aprile 2009","datePublished":"2009-04-03T13:49:22+00:00","mainEntityOfPage":{"@id":"https:\/\/www.article-marketing.eu\/comunicati\/comunicati-stampa\/eventi\/roma-natale-di-roma-dal-5-al-21-aprile-2009\/"},"wordCount":532,"commentCount":0,"keywords":["concorsi","gruppi storici","natale di Roma","parata","rievocazioni storiche"],"articleSection":["Eventi"],"inLanguage":"it-IT","potentialAction":[{"@type":"CommentAction","name":"Comment","target":["https:\/\/www.article-marketing.eu\/comunicati\/comunicati-stampa\/eventi\/roma-natale-di-roma-dal-5-al-21-aprile-2009\/#respond"]}]},{"@type":"WebPage","@id":"https:\/\/www.article-marketing.eu\/comunicati\/comunicati-stampa\/eventi\/roma-natale-di-roma-dal-5-al-21-aprile-2009\/","url":"https:\/\/www.article-marketing.eu\/comunicati\/comunicati-stampa\/eventi\/roma-natale-di-roma-dal-5-al-21-aprile-2009\/","name":"Roma: Natale di Roma, dal 5 al 21 Aprile 2009 - Article Marketing","isPartOf":{"@id":"https:\/\/www.article-marketing.eu\/comunicati\/#website"},"datePublished":"2009-04-03T13:49:22+00:00","author":{"@id":"https:\/\/www.article-marketing.eu\/comunicati\/#\/schema\/person\/44372e4d4d0fa797b18e03ed1ace9017"},"breadcrumb":{"@id":"https:\/\/www.article-marketing.eu\/comunicati\/comunicati-stampa\/eventi\/roma-natale-di-roma-dal-5-al-21-aprile-2009\/#breadcrumb"},"inLanguage":"it-IT","potentialAction":[{"@type":"ReadAction","target":["https:\/\/www.article-marketing.eu\/comunicati\/comunicati-stampa\/eventi\/roma-natale-di-roma-dal-5-al-21-aprile-2009\/"]}]},{"@type":"BreadcrumbList","@id":"https:\/\/www.article-marketing.eu\/comunicati\/comunicati-stampa\/eventi\/roma-natale-di-roma-dal-5-al-21-aprile-2009\/#breadcrumb","itemListElement":[{"@type":"ListItem","position":1,"name":"Home","item":"https:\/\/www.article-marketing.eu\/comunicati\/"},{"@type":"ListItem","position":2,"name":"Roma: Natale di Roma, dal 5 al 21 Aprile 2009"}]},{"@type":"WebSite","@id":"https:\/\/www.article-marketing.eu\/comunicati\/#website","url":"https:\/\/www.article-marketing.eu\/comunicati\/","name":"Article Marketing","description":"article marketing &amp; press release","potentialAction":[{"@type":"SearchAction","target":{"@type":"EntryPoint","urlTemplate":"https:\/\/www.article-marketing.eu\/comunicati\/?s={search_term_string}"},"query-input":{"@type":"PropertyValueSpecification","valueRequired":true,"valueName":"search_term_string"}}],"inLanguage":"it-IT"},{"@type":"Person","@id":"https:\/\/www.article-marketing.eu\/comunicati\/#\/schema\/person\/44372e4d4d0fa797b18e03ed1ace9017","name":"Redazione Comunicati Stampa","image":{"@type":"ImageObject","inLanguage":"it-IT","@id":"https:\/\/www.article-marketing.eu\/comunicati\/#\/schema\/person\/image\/","url":"https:\/\/secure.gravatar.com\/avatar\/50e5c6421d3072f42e7ace803501602c60d75233d34e29fd05feb91c8760b792?s=96&d=mm&r=g","contentUrl":"https:\/\/secure.gravatar.com\/avatar\/50e5c6421d3072f42e7ace803501602c60d75233d34e29fd05feb91c8760b792?s=96&d=mm&r=g","caption":"Redazione Comunicati Stampa"},"url":"https:\/\/www.article-marketing.eu\/comunicati\/author\/redazione-comunicati-stampa\/"}]}},"_links":{"self":[{"href":"https:\/\/www.article-marketing.eu\/comunicati\/wp-json\/wp\/v2\/posts\/1708","targetHints":{"allow":["GET"]}}],"collection":[{"href":"https:\/\/www.article-marketing.eu\/comunicati\/wp-json\/wp\/v2\/posts"}],"about":[{"href":"https:\/\/www.article-marketing.eu\/comunicati\/wp-json\/wp\/v2\/types\/post"}],"author":[{"embeddable":true,"href":"https:\/\/www.article-marketing.eu\/comunicati\/wp-json\/wp\/v2\/users\/10"}],"replies":[{"embeddable":true,"href":"https:\/\/www.article-marketing.eu\/comunicati\/wp-json\/wp\/v2\/comments?post=1708"}],"version-history":[{"count":0,"href":"https:\/\/www.article-marketing.eu\/comunicati\/wp-json\/wp\/v2\/posts\/1708\/revisions"}],"wp:attachment":[{"href":"https:\/\/www.article-marketing.eu\/comunicati\/wp-json\/wp\/v2\/media?parent=1708"}],"wp:term":[{"taxonomy":"category","embeddable":true,"href":"https:\/\/www.article-marketing.eu\/comunicati\/wp-json\/wp\/v2\/categories?post=1708"},{"taxonomy":"post_tag","embeddable":true,"href":"https:\/\/www.article-marketing.eu\/comunicati\/wp-json\/wp\/v2\/tags?post=1708"}],"curies":[{"name":"wp","href":"https:\/\/api.w.org\/{rel}","templated":true}]}}