{"id":17161,"date":"2011-06-08T17:15:23","date_gmt":"2011-06-08T15:15:23","guid":{"rendered":"http:\/\/www.article-marketing.eu\/comunicati\/senza-categoria\/article_2-2\/"},"modified":"2018-07-10T05:29:12","modified_gmt":"2018-07-10T03:29:12","slug":"article_2-2","status":"publish","type":"post","link":"https:\/\/www.article-marketing.eu\/comunicati\/salute-e-benessere\/article_2-2\/","title":{"rendered":"Gli aspetti psicologici dell\u2019adozione: il parere dell\u2019esperta Silvia Lanfranchi"},"content":{"rendered":"<p><em>L&#8217;adozione &egrave; la possibilit&agrave; pi&ugrave; concreta di avere un figlio, quando non &egrave; possibile concepirlo in modo naturale, ma cosa comporta psicologicamente ed emotivamente una scelta del genere?<\/em> Luned&igrave; abbiamo iniziato a parlarne con<strong> Silvia Lanfranchi<\/strong>, psicologa e psicoterapeuta, consulente dell&#8217;ente per le<strong> adozioni internazionali<\/strong> AFN, specializzata sui temi legati alle emozioni e le risorse nell&#8217;infanzia e nella famiglia, e le difficolt&agrave; dell&#8217;apprendimento e curatrice della rubrica &#8220;Adottando con amore&#8221; su Fiorentini si nasce, un portale web dedicato alle famiglie con bambini da 0 a 13 anni di Firenze e dintorni. Ecco di seguito la seconda parte dell&#8217;intervista in cui<strong> Silvia Lanfranch<\/strong>i ci parla dell&#8217;<strong>aspetto psicologico<\/strong>, legato tanto alle lunghe attese burocratiche, quanto all&#8217;arrivo di un <strong>figlio adottivo<\/strong>.<br \/> <strong>Mamme nella rete<\/strong>&#8211; Tempo fa un utente di mamme nella rete ci poneva questa domanda: &#8220;Convivo con il mio compagno da pi&ugrave; di tre anni e a luglio mi sposo. Ho 35 anni, lui 41. Anche se conviviamo da tanto tempo lui ha da pochi mesi fatto il suo cambio di residenza. La sua residenza risultava ancora a casa dei genitori. Devo aspettare tre anni per fare domanda di adozione? Posso dimostrare in altro modo la nostra convivenza?&#8221;<br \/>A questo proposito, quali sono le difficolt&agrave; burocratiche maggiori che si devono affrontare nel nostro paese? <strong>Dott.ssa Silvia Lanfranchi<\/strong>&#8211; Specificatamente alla convivenza, s&igrave;, pu&ograve; essere dimostrata in altro modo, o con autocertificazione o testimonianze o cointestazione delle bollette. La procedura varia a seconda del tribunale a cui si fa domanda.<br \/>Per quanto riguarda le <strong>difficolt&agrave; burocratiche<\/strong>, le maggiori sono la grande quantit&agrave; di documenti da presentare e soprattutto il tempo di attesa. Molti accertamenti sono necessari per la tutela della coppia o dei minori stessi, poi ci sono tempi tecnici causati da lunghe liste di attesa. La tempistica varia a seconda del paese dove fai <strong>richiesta di adozione<\/strong>, del numero e dell&#8217;et&agrave; dei minori per cui si fa richiesta e delle loro condizioni di salute. Da un <strong>punto di vista psicologico<\/strong> &egrave; importante che la coppia sia consapevole fin da subito i tempi che ci saranno di attesa, e che abbia la possibilit&agrave; di sostenere e condividere le emozioni, le ansie le paure come le gioie di questo percorso lungo ma intenso, sia che siano accompagnati da professionisti dei servizi ASL o dell&#8217;Ente scelto che anche da altre coppie, che hanno iniziato lo stesso viaggio. &Egrave; importante anche approfittare dei tempi di attesa per prepararsi all&#8217;arrivo del minori studiando la lingua e la cultura del paese scelto, per avvicinarsi al mondo del bambino. Infine la cosa pi&ugrave; importante, a mio avviso, &egrave; che continuino a coltivare e nutrire il loro rapporto di coppia che &egrave; alla base della genitorialit&agrave; stessa. <br \/><strong>MNR<\/strong>-Affidamento e adozione, quali sono le differenze? &Egrave; pi&ugrave; facile adottare un bambino di cui si ha l&#8217;affidamento o meno? <strong>Dott.ssa Silvia Lanfranchi<\/strong>&#8211; Sia l&#8217;affidamento che le <strong>adozioni <\/strong>sono l&#8217;incontro fra il desiderio di avere un bambino della coppia e la ricerca e il diritto di un bambino di avere una famiglia che gli dia l&#8217;amore e cura. In entrambi i percorsi c&#8217;&egrave; la voglia di accogliere un minore: la differenza sta nel periodo, poich&eacute; l&#8217;<strong>affidamento<\/strong> &egrave; temporaneo e comporta la presenza occasionale dei genitori naturali, poich&eacute; &egrave; visto come un sostegno a loro in un periodo di difficolt&agrave;. L&#8217;adozione &egrave; invece permanente. Pu&ograve; capitare che l&#8217;affido diventi <strong>adozione<\/strong> o che si prolunghi per anni e anni, dipende dalla situazione. Le due situazioni comportano dunque dinamiche e problematiche simili ma diverse. L&#8217;importante &egrave; che la coppia scelga un percorso che si sente di fare e si confronti spesso, sia all&#8217;interno della coppia stessa, sia con altre coppie e con esperti nel caso di bisogno. <strong>MNR<\/strong>-Cosa comporta dal <strong>punto di vista psicologico\/emotivo<\/strong> l&#8217;adozione tanto per i genitori quanto per i bambini? Che differenze ci sono rispetto a quest&#8217;aspetto, se ci sono, fra <strong>adozioni nazionali<\/strong> e <strong>internazionali<\/strong>? <strong>Dott.ssa Silvia Lanfranchi<\/strong>&#8211; Dal punto di vista<strong> psicologico<\/strong>, l&#8217;arrivo di uno o pi&ugrave; bambini, ha un impatto grosso a livello <strong>emotivo<\/strong>, sia per le emozioni forti che porta con s&eacute; che per il cambio di equilibrio intrafamiliare e personale. Sia i genitori di pancia che di cuore affrontano un grosso cambiamento, quindi &egrave; importante essere molto uniti e flessibili. Chiaramente le problematiche che possono emergere cambiano da coppia a coppia. In linea generale i maggiori pensieri dei <strong>genitori adottivi <\/strong>riguardano la storia del bambino, come dirgli che &egrave; stato adottato e a che et&agrave;, come parlargli dei loro genitori di pancia e del momento in cui i bambini saranno grandi e potranno dire &ldquo;non sei davvero mia madre\/padre quindi faccio quello che voglio&rdquo;. L&#8217;importante in questi casi secondo me &egrave; tornare al desiderio di avere un figlio e donargli il proprio amore, offrirgli la possibilit&agrave; di crescere in una famiglia ed avere un futuro sereno. Come affermava una <strong>coppia adottiva<\/strong> del nostro Ente &ldquo;i bambini in fondo non sono orchi&rdquo;, &egrave; possibile trovare un modo, anche confrontandosi fra di s&eacute; e con l&#8217;esterno, per affrontare qualsiasi fase dello sviluppo del bambino e dello sviluppo del rapporto fra i genitori e il piccolo. Si &egrave; madre e padre anche crescendo ed occupandosi del minore, come &egrave; molto ben descritto nella poesia trascritta nella domanda precedente. Fra <strong>adozioni nazionali e internazionali<\/strong> non ci sono particolari differenze, nelle internazionali &egrave; molto importante sapere bene la cultura e le tradizioni dello Stato scelto, se possibile anche parte della lingua, delle ricette, degli odori al fine di avvicinarsi al mondo del bambino. Ugualmente importante &egrave; stare il pi&ugrave; possibile nel Paese natio del minore. Concludendo &egrave; basilare conoscere pi&ugrave; cose possibili sul bambino sia a livello nazionale che internazionale per potergli andare incontro ed empatizzare con lui sin dai primi momenti della conoscenza. Per avere maggiori informazioni sul tema delle <strong>adozioni <\/strong>e sull&#8217;aspetto burocratico che queste comportano<strong> leggi la prima parte dell&#8217;intervista.<\/strong> <strong>Silvia Lanfranchi<\/strong> cura la rubrica Adottando con amore su Fiorentinisicresce<br \/>Per info e foto: press@mammenellarete.it<br \/>www.mammenellarete.it &ndash; <br class=\"Apple-interchange-newline\" \/><\/p>\n","protected":false},"excerpt":{"rendered":"<p>L&#8217;adozione \u00e8 la possibilit\u00e0 pi\u00f9 concreta di avere un figlio, quando non \u00e8 possibile concepirlo in modo naturale, ma cosa comporta psicologicamente ed emotivamente una scelta del genere?<\/p>\n","protected":false},"author":10,"featured_media":0,"comment_status":"open","ping_status":"open","sticky":false,"template":"","format":"standard","meta":{"cybocfi_hide_featured_image":"","footnotes":""},"categories":[265],"tags":[27284,27285,18954,27162,27286],"class_list":["post-17161","post","type-post","status-publish","format-standard","hentry","category-salute-e-benessere","tag-adottare","tag-adottare-un-bambino","tag-adozione","tag-adozioni","tag-figli-adottivi"],"yoast_head":"<!-- This site is optimized with the Yoast SEO plugin v27.0 - https:\/\/yoast.com\/product\/yoast-seo-wordpress\/ -->\n<title>Gli aspetti psicologici dell\u2019adozione: il parere dell\u2019esperta Silvia Lanfranchi - Article Marketing<\/title>\n<meta name=\"robots\" content=\"index, follow, max-snippet:-1, max-image-preview:large, max-video-preview:-1\" \/>\n<link rel=\"canonical\" href=\"https:\/\/www.article-marketing.eu\/comunicati\/salute-e-benessere\/article_2-2\/\" \/>\n<meta property=\"og:locale\" content=\"it_IT\" \/>\n<meta property=\"og:type\" content=\"article\" \/>\n<meta property=\"og:title\" content=\"Gli aspetti psicologici dell\u2019adozione: il parere dell\u2019esperta Silvia Lanfranchi - Article Marketing\" \/>\n<meta property=\"og:description\" content=\"L&#039;adozione \u00e8 la possibilit\u00e0 pi\u00f9 concreta di avere un figlio, quando non \u00e8 possibile concepirlo in modo naturale, ma cosa comporta psicologicamente ed emotivamente una scelta del genere?\" \/>\n<meta property=\"og:url\" content=\"https:\/\/www.article-marketing.eu\/comunicati\/salute-e-benessere\/article_2-2\/\" \/>\n<meta property=\"og:site_name\" content=\"Article Marketing\" \/>\n<meta property=\"article:published_time\" content=\"2011-06-08T15:15:23+00:00\" \/>\n<meta property=\"article:modified_time\" content=\"2018-07-10T03:29:12+00:00\" \/>\n<meta name=\"author\" content=\"Redazione Comunicati Stampa\" \/>\n<meta name=\"twitter:card\" content=\"summary_large_image\" \/>\n<meta name=\"twitter:label1\" content=\"Scritto da\" \/>\n\t<meta name=\"twitter:data1\" content=\"Redazione Comunicati Stampa\" \/>\n\t<meta name=\"twitter:label2\" content=\"Tempo di lettura stimato\" \/>\n\t<meta name=\"twitter:data2\" content=\"5 minuti\" \/>\n<script type=\"application\/ld+json\" class=\"yoast-schema-graph\">{\"@context\":\"https:\/\/schema.org\",\"@graph\":[{\"@type\":\"Article\",\"@id\":\"https:\/\/www.article-marketing.eu\/comunicati\/salute-e-benessere\/article_2-2\/#article\",\"isPartOf\":{\"@id\":\"https:\/\/www.article-marketing.eu\/comunicati\/salute-e-benessere\/article_2-2\/\"},\"author\":{\"name\":\"Redazione Comunicati Stampa\",\"@id\":\"https:\/\/www.article-marketing.eu\/comunicati\/#\/schema\/person\/44372e4d4d0fa797b18e03ed1ace9017\"},\"headline\":\"Gli aspetti psicologici dell\u2019adozione: il parere dell\u2019esperta Silvia Lanfranchi\",\"datePublished\":\"2011-06-08T15:15:23+00:00\",\"dateModified\":\"2018-07-10T03:29:12+00:00\",\"mainEntityOfPage\":{\"@id\":\"https:\/\/www.article-marketing.eu\/comunicati\/salute-e-benessere\/article_2-2\/\"},\"wordCount\":1030,\"commentCount\":0,\"keywords\":[\"adottare\",\"adottare un bambino\",\"adozione\",\"adozioni\",\"figli adottivi\"],\"articleSection\":[\"Salute e benessere\"],\"inLanguage\":\"it-IT\",\"potentialAction\":[{\"@type\":\"CommentAction\",\"name\":\"Comment\",\"target\":[\"https:\/\/www.article-marketing.eu\/comunicati\/salute-e-benessere\/article_2-2\/#respond\"]}]},{\"@type\":\"WebPage\",\"@id\":\"https:\/\/www.article-marketing.eu\/comunicati\/salute-e-benessere\/article_2-2\/\",\"url\":\"https:\/\/www.article-marketing.eu\/comunicati\/salute-e-benessere\/article_2-2\/\",\"name\":\"Gli aspetti psicologici dell\u2019adozione: il parere dell\u2019esperta Silvia Lanfranchi - Article Marketing\",\"isPartOf\":{\"@id\":\"https:\/\/www.article-marketing.eu\/comunicati\/#website\"},\"datePublished\":\"2011-06-08T15:15:23+00:00\",\"dateModified\":\"2018-07-10T03:29:12+00:00\",\"author\":{\"@id\":\"https:\/\/www.article-marketing.eu\/comunicati\/#\/schema\/person\/44372e4d4d0fa797b18e03ed1ace9017\"},\"breadcrumb\":{\"@id\":\"https:\/\/www.article-marketing.eu\/comunicati\/salute-e-benessere\/article_2-2\/#breadcrumb\"},\"inLanguage\":\"it-IT\",\"potentialAction\":[{\"@type\":\"ReadAction\",\"target\":[\"https:\/\/www.article-marketing.eu\/comunicati\/salute-e-benessere\/article_2-2\/\"]}]},{\"@type\":\"BreadcrumbList\",\"@id\":\"https:\/\/www.article-marketing.eu\/comunicati\/salute-e-benessere\/article_2-2\/#breadcrumb\",\"itemListElement\":[{\"@type\":\"ListItem\",\"position\":1,\"name\":\"Home\",\"item\":\"https:\/\/www.article-marketing.eu\/comunicati\/\"},{\"@type\":\"ListItem\",\"position\":2,\"name\":\"Gli aspetti psicologici dell\u2019adozione: il parere dell\u2019esperta Silvia Lanfranchi\"}]},{\"@type\":\"WebSite\",\"@id\":\"https:\/\/www.article-marketing.eu\/comunicati\/#website\",\"url\":\"https:\/\/www.article-marketing.eu\/comunicati\/\",\"name\":\"Article Marketing\",\"description\":\"article marketing &amp; press release\",\"potentialAction\":[{\"@type\":\"SearchAction\",\"target\":{\"@type\":\"EntryPoint\",\"urlTemplate\":\"https:\/\/www.article-marketing.eu\/comunicati\/?s={search_term_string}\"},\"query-input\":{\"@type\":\"PropertyValueSpecification\",\"valueRequired\":true,\"valueName\":\"search_term_string\"}}],\"inLanguage\":\"it-IT\"},{\"@type\":\"Person\",\"@id\":\"https:\/\/www.article-marketing.eu\/comunicati\/#\/schema\/person\/44372e4d4d0fa797b18e03ed1ace9017\",\"name\":\"Redazione Comunicati Stampa\",\"image\":{\"@type\":\"ImageObject\",\"inLanguage\":\"it-IT\",\"@id\":\"https:\/\/www.article-marketing.eu\/comunicati\/#\/schema\/person\/image\/\",\"url\":\"https:\/\/secure.gravatar.com\/avatar\/50e5c6421d3072f42e7ace803501602c60d75233d34e29fd05feb91c8760b792?s=96&d=mm&r=g\",\"contentUrl\":\"https:\/\/secure.gravatar.com\/avatar\/50e5c6421d3072f42e7ace803501602c60d75233d34e29fd05feb91c8760b792?s=96&d=mm&r=g\",\"caption\":\"Redazione Comunicati Stampa\"},\"url\":\"https:\/\/www.article-marketing.eu\/comunicati\/author\/redazione-comunicati-stampa\/\"}]}<\/script>\n<!-- \/ Yoast SEO plugin. -->","yoast_head_json":{"title":"Gli aspetti psicologici dell\u2019adozione: il parere dell\u2019esperta Silvia Lanfranchi - Article Marketing","robots":{"index":"index","follow":"follow","max-snippet":"max-snippet:-1","max-image-preview":"max-image-preview:large","max-video-preview":"max-video-preview:-1"},"canonical":"https:\/\/www.article-marketing.eu\/comunicati\/salute-e-benessere\/article_2-2\/","og_locale":"it_IT","og_type":"article","og_title":"Gli aspetti psicologici dell\u2019adozione: il parere dell\u2019esperta Silvia Lanfranchi - Article Marketing","og_description":"L'adozione \u00e8 la possibilit\u00e0 pi\u00f9 concreta di avere un figlio, quando non \u00e8 possibile concepirlo in modo naturale, ma cosa comporta psicologicamente ed emotivamente una scelta del genere?","og_url":"https:\/\/www.article-marketing.eu\/comunicati\/salute-e-benessere\/article_2-2\/","og_site_name":"Article Marketing","article_published_time":"2011-06-08T15:15:23+00:00","article_modified_time":"2018-07-10T03:29:12+00:00","author":"Redazione Comunicati Stampa","twitter_card":"summary_large_image","twitter_misc":{"Scritto da":"Redazione Comunicati Stampa","Tempo di lettura stimato":"5 minuti"},"schema":{"@context":"https:\/\/schema.org","@graph":[{"@type":"Article","@id":"https:\/\/www.article-marketing.eu\/comunicati\/salute-e-benessere\/article_2-2\/#article","isPartOf":{"@id":"https:\/\/www.article-marketing.eu\/comunicati\/salute-e-benessere\/article_2-2\/"},"author":{"name":"Redazione Comunicati Stampa","@id":"https:\/\/www.article-marketing.eu\/comunicati\/#\/schema\/person\/44372e4d4d0fa797b18e03ed1ace9017"},"headline":"Gli aspetti psicologici dell\u2019adozione: il parere dell\u2019esperta Silvia Lanfranchi","datePublished":"2011-06-08T15:15:23+00:00","dateModified":"2018-07-10T03:29:12+00:00","mainEntityOfPage":{"@id":"https:\/\/www.article-marketing.eu\/comunicati\/salute-e-benessere\/article_2-2\/"},"wordCount":1030,"commentCount":0,"keywords":["adottare","adottare un bambino","adozione","adozioni","figli adottivi"],"articleSection":["Salute e benessere"],"inLanguage":"it-IT","potentialAction":[{"@type":"CommentAction","name":"Comment","target":["https:\/\/www.article-marketing.eu\/comunicati\/salute-e-benessere\/article_2-2\/#respond"]}]},{"@type":"WebPage","@id":"https:\/\/www.article-marketing.eu\/comunicati\/salute-e-benessere\/article_2-2\/","url":"https:\/\/www.article-marketing.eu\/comunicati\/salute-e-benessere\/article_2-2\/","name":"Gli aspetti psicologici dell\u2019adozione: il parere dell\u2019esperta Silvia Lanfranchi - Article Marketing","isPartOf":{"@id":"https:\/\/www.article-marketing.eu\/comunicati\/#website"},"datePublished":"2011-06-08T15:15:23+00:00","dateModified":"2018-07-10T03:29:12+00:00","author":{"@id":"https:\/\/www.article-marketing.eu\/comunicati\/#\/schema\/person\/44372e4d4d0fa797b18e03ed1ace9017"},"breadcrumb":{"@id":"https:\/\/www.article-marketing.eu\/comunicati\/salute-e-benessere\/article_2-2\/#breadcrumb"},"inLanguage":"it-IT","potentialAction":[{"@type":"ReadAction","target":["https:\/\/www.article-marketing.eu\/comunicati\/salute-e-benessere\/article_2-2\/"]}]},{"@type":"BreadcrumbList","@id":"https:\/\/www.article-marketing.eu\/comunicati\/salute-e-benessere\/article_2-2\/#breadcrumb","itemListElement":[{"@type":"ListItem","position":1,"name":"Home","item":"https:\/\/www.article-marketing.eu\/comunicati\/"},{"@type":"ListItem","position":2,"name":"Gli aspetti psicologici dell\u2019adozione: il parere dell\u2019esperta Silvia Lanfranchi"}]},{"@type":"WebSite","@id":"https:\/\/www.article-marketing.eu\/comunicati\/#website","url":"https:\/\/www.article-marketing.eu\/comunicati\/","name":"Article Marketing","description":"article marketing &amp; press release","potentialAction":[{"@type":"SearchAction","target":{"@type":"EntryPoint","urlTemplate":"https:\/\/www.article-marketing.eu\/comunicati\/?s={search_term_string}"},"query-input":{"@type":"PropertyValueSpecification","valueRequired":true,"valueName":"search_term_string"}}],"inLanguage":"it-IT"},{"@type":"Person","@id":"https:\/\/www.article-marketing.eu\/comunicati\/#\/schema\/person\/44372e4d4d0fa797b18e03ed1ace9017","name":"Redazione Comunicati Stampa","image":{"@type":"ImageObject","inLanguage":"it-IT","@id":"https:\/\/www.article-marketing.eu\/comunicati\/#\/schema\/person\/image\/","url":"https:\/\/secure.gravatar.com\/avatar\/50e5c6421d3072f42e7ace803501602c60d75233d34e29fd05feb91c8760b792?s=96&d=mm&r=g","contentUrl":"https:\/\/secure.gravatar.com\/avatar\/50e5c6421d3072f42e7ace803501602c60d75233d34e29fd05feb91c8760b792?s=96&d=mm&r=g","caption":"Redazione Comunicati Stampa"},"url":"https:\/\/www.article-marketing.eu\/comunicati\/author\/redazione-comunicati-stampa\/"}]}},"_links":{"self":[{"href":"https:\/\/www.article-marketing.eu\/comunicati\/wp-json\/wp\/v2\/posts\/17161","targetHints":{"allow":["GET"]}}],"collection":[{"href":"https:\/\/www.article-marketing.eu\/comunicati\/wp-json\/wp\/v2\/posts"}],"about":[{"href":"https:\/\/www.article-marketing.eu\/comunicati\/wp-json\/wp\/v2\/types\/post"}],"author":[{"embeddable":true,"href":"https:\/\/www.article-marketing.eu\/comunicati\/wp-json\/wp\/v2\/users\/10"}],"replies":[{"embeddable":true,"href":"https:\/\/www.article-marketing.eu\/comunicati\/wp-json\/wp\/v2\/comments?post=17161"}],"version-history":[{"count":2,"href":"https:\/\/www.article-marketing.eu\/comunicati\/wp-json\/wp\/v2\/posts\/17161\/revisions"}],"predecessor-version":[{"id":61598,"href":"https:\/\/www.article-marketing.eu\/comunicati\/wp-json\/wp\/v2\/posts\/17161\/revisions\/61598"}],"wp:attachment":[{"href":"https:\/\/www.article-marketing.eu\/comunicati\/wp-json\/wp\/v2\/media?parent=17161"}],"wp:term":[{"taxonomy":"category","embeddable":true,"href":"https:\/\/www.article-marketing.eu\/comunicati\/wp-json\/wp\/v2\/categories?post=17161"},{"taxonomy":"post_tag","embeddable":true,"href":"https:\/\/www.article-marketing.eu\/comunicati\/wp-json\/wp\/v2\/tags?post=17161"}],"curies":[{"name":"wp","href":"https:\/\/api.w.org\/{rel}","templated":true}]}}