{"id":1733,"date":"2009-04-07T15:43:44","date_gmt":"2009-04-07T13:43:44","guid":{"rendered":"http:\/\/www.article-marketing.eu\/comunicati\/senza-categoria\/roma-fuoriserie-dal-18-al-19-aprile-2009\/"},"modified":"2009-04-07T15:43:44","modified_gmt":"2009-04-07T13:43:44","slug":"roma-fuoriserie-dal-18-al-19-aprile-2009","status":"publish","type":"post","link":"https:\/\/www.article-marketing.eu\/comunicati\/comunicati-stampa\/eventi\/roma-fuoriserie-dal-18-al-19-aprile-2009\/","title":{"rendered":"Roma: Fuoriserie dal 18 al 19 Aprile 2009"},"content":{"rendered":"<p>La passione italiana per il mondo dell\u2019automobile trova una delle sue massime espressioni a Fuoriserie, uno dei pi\u00f9 importanti saloni dell\u2019automobile in Italia. La terza edizione di Fuoriserie si svolger\u00e0 a Roma dal 18 al 19 aprile, e tutti gli appassionati d\u2019auto d\u2019epoca, e non solo, sono gi\u00e0 posizionati sulla griglia di partenza e pronti a fare un viaggio a Roma per ammirare auto che hanno fatto la storia o per approfittare di qualche occasione per ampliare il proprio parco macchine. <\/p>\n<p>Il salone si compone di varie sezioni, e ospita numerosi eventi interessanti, volti a celebrare non solo le automobili italiane, ma tutti quei veicoli d\u2019epoca, quelle produzioni \u201cfuori serie\u201d che continuano ad affascinare appassionati di tutte le et\u00e0, che ogni anno alloggiano negli alberghi a 2 stelle della capitale. Una sezione della mostra \u00e8 dedicata ai pi\u00f9 importanti club automobilistici che operano in Italia e ai modelli di auto pi\u00f9 preziosi e rari, nonch\u00e9 alle scuderie che partecipano a varie gare. Molti sono i modelli storici che verranno celebrati in questa sezione: la Lancia Thema, di cui ricorre il 25\u00b0 anniversario, \u00e8 stata per molto tempo l\u2019auto simbolo delle classi dirigenziali, e gli appassionati di questo modello avranno l\u2019occasione di ammirare, durante la fiera, una rarissima Lancia Thema Limousine, di cui vennero prodotti solo 24 esemplari. Un altro marchio storico, Maserati, sar\u00e0 presente a Fuoriserie con una rassegna dei suoi modelli pi\u00f9 prestigiosi, mentre la Scuderia Romana La Tartaruga metter\u00e0 in mostra alcuni dei pezzi forti della sua collezione, come una Balilla del 1935, una Bianchina Cabrio del 1964, una Guzzi Falcone e una Lambretta 150. In un salone dell\u2019automobile italiano non possono inoltre mancare degli spazi dedicati a due dei modelli pi\u00f9 amati dagli italiani: la Topolino e la Fiat 500: a Fuoriserie saranno infatti presenti il Topolino Autoclub Italia e il Fiat 500 Club, che festegger\u00e0 i 25 anni di attivit\u00e0 mettendo in mostra alcune 500 storiche. <\/p>\n<p>Una seconda sezione del salone \u00e8 riservata ai principali commercianti d\u2019auto nazionali ed internazionale (Ferrari e Porsche, solo per fare due nomi illustri) e alla compravendita dei privati, che permette ai singoli cittadini di esporre le proprie auto, e che ha ottenuto un notevole successo nella scorsa edizione, attirando negli <a href=\"http:\/\/it.flashbooking.com\/navigation\/europa_italia_roma_ostello_all.html\">ostelli di Roma<\/a> un gran numero di potenziali compratori. <\/p>\n<p>Il salone \u00e8 anche un paradiso per tutti coloro che sono alla ricerca di pezzi di ricambio per le proprie auto d\u2019epoca: oltre 4000 m\u00b2 dell\u2019area espositiva di Fuoriserie sono infatti dedicati ai ricambi originali e agli accessori per auto e moto. <\/p>\n<p>Oltre a queste sezioni dedicate interamente al mondo dell\u2019automobile, sono previsti anche numerosi altri eventi culturali, che testimoniano come il mondo dei motori si sia spesso incontrato con altri mondi, come quello dei fumetti: per celebrare i 100 anni del marchio inglese Morgan, a Fuoriserie verr\u00e0 allestita una mostra su Julia Kendall, la protagonista del celebre fumetto creato da Giancarlo Berardi per Bonelli Editore, che veniva spesso ritratta a bordo della sua Morgan del 1967. <\/p>\n<p>Biglietti: 13,00 euro, ridotto 10,00 euro <\/p>\n<p>Date: 18 \u2013 19 Aprile 2009 <\/p>\n<p>Dove: Roma, Italia <\/p>\n","protected":false},"excerpt":{"rendered":"<p>Quando si parla di Made in Italy ci si riferisce anche al mondo dei motori: molte sono le case automobilistiche italiane famose nel mondo, e i modelli di alcune marche, come la Ferrari e la Maserati, sono diventati dei veri e proprio oggetti di culto.<\/p>\n","protected":false},"author":10,"featured_media":0,"comment_status":"open","ping_status":"open","sticky":false,"template":"","format":"standard","meta":{"cybocfi_hide_featured_image":"","footnotes":""},"categories":[388],"tags":[3310,353,5617,2437,562,1000,783],"class_list":["post-1733","post","type-post","status-publish","format-standard","hentry","category-eventi","tag-accessori","tag-auto","tag-auto-depoca","tag-fiera","tag-fumetti","tag-mostra","tag-motori"],"yoast_head":"<!-- This site is optimized with the Yoast SEO plugin v27.0 - https:\/\/yoast.com\/product\/yoast-seo-wordpress\/ -->\n<title>Roma: Fuoriserie dal 18 al 19 Aprile 2009 - Article Marketing<\/title>\n<meta name=\"robots\" content=\"index, follow, max-snippet:-1, max-image-preview:large, max-video-preview:-1\" \/>\n<link rel=\"canonical\" href=\"https:\/\/www.article-marketing.eu\/comunicati\/comunicati-stampa\/eventi\/roma-fuoriserie-dal-18-al-19-aprile-2009\/\" \/>\n<meta property=\"og:locale\" content=\"it_IT\" \/>\n<meta property=\"og:type\" content=\"article\" \/>\n<meta property=\"og:title\" content=\"Roma: Fuoriserie dal 18 al 19 Aprile 2009 - Article Marketing\" \/>\n<meta property=\"og:description\" content=\"Quando si parla di Made in Italy ci si riferisce anche al mondo dei motori: molte sono le case automobilistiche italiane famose nel mondo, e i modelli di alcune marche, come la Ferrari e la Maserati, sono diventati dei veri e proprio oggetti di culto.\" \/>\n<meta property=\"og:url\" content=\"https:\/\/www.article-marketing.eu\/comunicati\/comunicati-stampa\/eventi\/roma-fuoriserie-dal-18-al-19-aprile-2009\/\" \/>\n<meta property=\"og:site_name\" content=\"Article Marketing\" \/>\n<meta property=\"article:published_time\" content=\"2009-04-07T13:43:44+00:00\" \/>\n<meta name=\"author\" content=\"Redazione Comunicati Stampa\" \/>\n<meta name=\"twitter:card\" content=\"summary_large_image\" \/>\n<meta name=\"twitter:label1\" content=\"Scritto da\" \/>\n\t<meta name=\"twitter:data1\" content=\"Redazione Comunicati Stampa\" \/>\n\t<meta name=\"twitter:label2\" content=\"Tempo di lettura stimato\" \/>\n\t<meta name=\"twitter:data2\" content=\"2 minuti\" \/>\n<script type=\"application\/ld+json\" class=\"yoast-schema-graph\">{\"@context\":\"https:\/\/schema.org\",\"@graph\":[{\"@type\":\"Article\",\"@id\":\"https:\/\/www.article-marketing.eu\/comunicati\/comunicati-stampa\/eventi\/roma-fuoriserie-dal-18-al-19-aprile-2009\/#article\",\"isPartOf\":{\"@id\":\"https:\/\/www.article-marketing.eu\/comunicati\/comunicati-stampa\/eventi\/roma-fuoriserie-dal-18-al-19-aprile-2009\/\"},\"author\":{\"name\":\"Redazione Comunicati Stampa\",\"@id\":\"https:\/\/www.article-marketing.eu\/comunicati\/#\/schema\/person\/44372e4d4d0fa797b18e03ed1ace9017\"},\"headline\":\"Roma: Fuoriserie dal 18 al 19 Aprile 2009\",\"datePublished\":\"2009-04-07T13:43:44+00:00\",\"mainEntityOfPage\":{\"@id\":\"https:\/\/www.article-marketing.eu\/comunicati\/comunicati-stampa\/eventi\/roma-fuoriserie-dal-18-al-19-aprile-2009\/\"},\"wordCount\":503,\"commentCount\":0,\"keywords\":[\"accessori\",\"auto\",\"auto d'epoca\",\"fiera\",\"fumetti\",\"Mostra\",\"motori\"],\"articleSection\":[\"Eventi\"],\"inLanguage\":\"it-IT\",\"potentialAction\":[{\"@type\":\"CommentAction\",\"name\":\"Comment\",\"target\":[\"https:\/\/www.article-marketing.eu\/comunicati\/comunicati-stampa\/eventi\/roma-fuoriserie-dal-18-al-19-aprile-2009\/#respond\"]}]},{\"@type\":\"WebPage\",\"@id\":\"https:\/\/www.article-marketing.eu\/comunicati\/comunicati-stampa\/eventi\/roma-fuoriserie-dal-18-al-19-aprile-2009\/\",\"url\":\"https:\/\/www.article-marketing.eu\/comunicati\/comunicati-stampa\/eventi\/roma-fuoriserie-dal-18-al-19-aprile-2009\/\",\"name\":\"Roma: Fuoriserie dal 18 al 19 Aprile 2009 - Article Marketing\",\"isPartOf\":{\"@id\":\"https:\/\/www.article-marketing.eu\/comunicati\/#website\"},\"datePublished\":\"2009-04-07T13:43:44+00:00\",\"author\":{\"@id\":\"https:\/\/www.article-marketing.eu\/comunicati\/#\/schema\/person\/44372e4d4d0fa797b18e03ed1ace9017\"},\"breadcrumb\":{\"@id\":\"https:\/\/www.article-marketing.eu\/comunicati\/comunicati-stampa\/eventi\/roma-fuoriserie-dal-18-al-19-aprile-2009\/#breadcrumb\"},\"inLanguage\":\"it-IT\",\"potentialAction\":[{\"@type\":\"ReadAction\",\"target\":[\"https:\/\/www.article-marketing.eu\/comunicati\/comunicati-stampa\/eventi\/roma-fuoriserie-dal-18-al-19-aprile-2009\/\"]}]},{\"@type\":\"BreadcrumbList\",\"@id\":\"https:\/\/www.article-marketing.eu\/comunicati\/comunicati-stampa\/eventi\/roma-fuoriserie-dal-18-al-19-aprile-2009\/#breadcrumb\",\"itemListElement\":[{\"@type\":\"ListItem\",\"position\":1,\"name\":\"Home\",\"item\":\"https:\/\/www.article-marketing.eu\/comunicati\/\"},{\"@type\":\"ListItem\",\"position\":2,\"name\":\"Roma: Fuoriserie dal 18 al 19 Aprile 2009\"}]},{\"@type\":\"WebSite\",\"@id\":\"https:\/\/www.article-marketing.eu\/comunicati\/#website\",\"url\":\"https:\/\/www.article-marketing.eu\/comunicati\/\",\"name\":\"Article Marketing\",\"description\":\"article marketing &amp; press release\",\"potentialAction\":[{\"@type\":\"SearchAction\",\"target\":{\"@type\":\"EntryPoint\",\"urlTemplate\":\"https:\/\/www.article-marketing.eu\/comunicati\/?s={search_term_string}\"},\"query-input\":{\"@type\":\"PropertyValueSpecification\",\"valueRequired\":true,\"valueName\":\"search_term_string\"}}],\"inLanguage\":\"it-IT\"},{\"@type\":\"Person\",\"@id\":\"https:\/\/www.article-marketing.eu\/comunicati\/#\/schema\/person\/44372e4d4d0fa797b18e03ed1ace9017\",\"name\":\"Redazione Comunicati Stampa\",\"image\":{\"@type\":\"ImageObject\",\"inLanguage\":\"it-IT\",\"@id\":\"https:\/\/www.article-marketing.eu\/comunicati\/#\/schema\/person\/image\/\",\"url\":\"https:\/\/secure.gravatar.com\/avatar\/50e5c6421d3072f42e7ace803501602c60d75233d34e29fd05feb91c8760b792?s=96&d=mm&r=g\",\"contentUrl\":\"https:\/\/secure.gravatar.com\/avatar\/50e5c6421d3072f42e7ace803501602c60d75233d34e29fd05feb91c8760b792?s=96&d=mm&r=g\",\"caption\":\"Redazione Comunicati Stampa\"},\"url\":\"https:\/\/www.article-marketing.eu\/comunicati\/author\/redazione-comunicati-stampa\/\"}]}<\/script>\n<!-- \/ Yoast SEO plugin. -->","yoast_head_json":{"title":"Roma: Fuoriserie dal 18 al 19 Aprile 2009 - Article Marketing","robots":{"index":"index","follow":"follow","max-snippet":"max-snippet:-1","max-image-preview":"max-image-preview:large","max-video-preview":"max-video-preview:-1"},"canonical":"https:\/\/www.article-marketing.eu\/comunicati\/comunicati-stampa\/eventi\/roma-fuoriserie-dal-18-al-19-aprile-2009\/","og_locale":"it_IT","og_type":"article","og_title":"Roma: Fuoriserie dal 18 al 19 Aprile 2009 - Article Marketing","og_description":"Quando si parla di Made in Italy ci si riferisce anche al mondo dei motori: molte sono le case automobilistiche italiane famose nel mondo, e i modelli di alcune marche, come la Ferrari e la Maserati, sono diventati dei veri e proprio oggetti di culto.","og_url":"https:\/\/www.article-marketing.eu\/comunicati\/comunicati-stampa\/eventi\/roma-fuoriserie-dal-18-al-19-aprile-2009\/","og_site_name":"Article Marketing","article_published_time":"2009-04-07T13:43:44+00:00","author":"Redazione Comunicati Stampa","twitter_card":"summary_large_image","twitter_misc":{"Scritto da":"Redazione Comunicati Stampa","Tempo di lettura stimato":"2 minuti"},"schema":{"@context":"https:\/\/schema.org","@graph":[{"@type":"Article","@id":"https:\/\/www.article-marketing.eu\/comunicati\/comunicati-stampa\/eventi\/roma-fuoriserie-dal-18-al-19-aprile-2009\/#article","isPartOf":{"@id":"https:\/\/www.article-marketing.eu\/comunicati\/comunicati-stampa\/eventi\/roma-fuoriserie-dal-18-al-19-aprile-2009\/"},"author":{"name":"Redazione Comunicati Stampa","@id":"https:\/\/www.article-marketing.eu\/comunicati\/#\/schema\/person\/44372e4d4d0fa797b18e03ed1ace9017"},"headline":"Roma: Fuoriserie dal 18 al 19 Aprile 2009","datePublished":"2009-04-07T13:43:44+00:00","mainEntityOfPage":{"@id":"https:\/\/www.article-marketing.eu\/comunicati\/comunicati-stampa\/eventi\/roma-fuoriserie-dal-18-al-19-aprile-2009\/"},"wordCount":503,"commentCount":0,"keywords":["accessori","auto","auto d'epoca","fiera","fumetti","Mostra","motori"],"articleSection":["Eventi"],"inLanguage":"it-IT","potentialAction":[{"@type":"CommentAction","name":"Comment","target":["https:\/\/www.article-marketing.eu\/comunicati\/comunicati-stampa\/eventi\/roma-fuoriserie-dal-18-al-19-aprile-2009\/#respond"]}]},{"@type":"WebPage","@id":"https:\/\/www.article-marketing.eu\/comunicati\/comunicati-stampa\/eventi\/roma-fuoriserie-dal-18-al-19-aprile-2009\/","url":"https:\/\/www.article-marketing.eu\/comunicati\/comunicati-stampa\/eventi\/roma-fuoriserie-dal-18-al-19-aprile-2009\/","name":"Roma: Fuoriserie dal 18 al 19 Aprile 2009 - Article Marketing","isPartOf":{"@id":"https:\/\/www.article-marketing.eu\/comunicati\/#website"},"datePublished":"2009-04-07T13:43:44+00:00","author":{"@id":"https:\/\/www.article-marketing.eu\/comunicati\/#\/schema\/person\/44372e4d4d0fa797b18e03ed1ace9017"},"breadcrumb":{"@id":"https:\/\/www.article-marketing.eu\/comunicati\/comunicati-stampa\/eventi\/roma-fuoriserie-dal-18-al-19-aprile-2009\/#breadcrumb"},"inLanguage":"it-IT","potentialAction":[{"@type":"ReadAction","target":["https:\/\/www.article-marketing.eu\/comunicati\/comunicati-stampa\/eventi\/roma-fuoriserie-dal-18-al-19-aprile-2009\/"]}]},{"@type":"BreadcrumbList","@id":"https:\/\/www.article-marketing.eu\/comunicati\/comunicati-stampa\/eventi\/roma-fuoriserie-dal-18-al-19-aprile-2009\/#breadcrumb","itemListElement":[{"@type":"ListItem","position":1,"name":"Home","item":"https:\/\/www.article-marketing.eu\/comunicati\/"},{"@type":"ListItem","position":2,"name":"Roma: Fuoriserie dal 18 al 19 Aprile 2009"}]},{"@type":"WebSite","@id":"https:\/\/www.article-marketing.eu\/comunicati\/#website","url":"https:\/\/www.article-marketing.eu\/comunicati\/","name":"Article Marketing","description":"article marketing &amp; press release","potentialAction":[{"@type":"SearchAction","target":{"@type":"EntryPoint","urlTemplate":"https:\/\/www.article-marketing.eu\/comunicati\/?s={search_term_string}"},"query-input":{"@type":"PropertyValueSpecification","valueRequired":true,"valueName":"search_term_string"}}],"inLanguage":"it-IT"},{"@type":"Person","@id":"https:\/\/www.article-marketing.eu\/comunicati\/#\/schema\/person\/44372e4d4d0fa797b18e03ed1ace9017","name":"Redazione Comunicati Stampa","image":{"@type":"ImageObject","inLanguage":"it-IT","@id":"https:\/\/www.article-marketing.eu\/comunicati\/#\/schema\/person\/image\/","url":"https:\/\/secure.gravatar.com\/avatar\/50e5c6421d3072f42e7ace803501602c60d75233d34e29fd05feb91c8760b792?s=96&d=mm&r=g","contentUrl":"https:\/\/secure.gravatar.com\/avatar\/50e5c6421d3072f42e7ace803501602c60d75233d34e29fd05feb91c8760b792?s=96&d=mm&r=g","caption":"Redazione Comunicati Stampa"},"url":"https:\/\/www.article-marketing.eu\/comunicati\/author\/redazione-comunicati-stampa\/"}]}},"_links":{"self":[{"href":"https:\/\/www.article-marketing.eu\/comunicati\/wp-json\/wp\/v2\/posts\/1733","targetHints":{"allow":["GET"]}}],"collection":[{"href":"https:\/\/www.article-marketing.eu\/comunicati\/wp-json\/wp\/v2\/posts"}],"about":[{"href":"https:\/\/www.article-marketing.eu\/comunicati\/wp-json\/wp\/v2\/types\/post"}],"author":[{"embeddable":true,"href":"https:\/\/www.article-marketing.eu\/comunicati\/wp-json\/wp\/v2\/users\/10"}],"replies":[{"embeddable":true,"href":"https:\/\/www.article-marketing.eu\/comunicati\/wp-json\/wp\/v2\/comments?post=1733"}],"version-history":[{"count":0,"href":"https:\/\/www.article-marketing.eu\/comunicati\/wp-json\/wp\/v2\/posts\/1733\/revisions"}],"wp:attachment":[{"href":"https:\/\/www.article-marketing.eu\/comunicati\/wp-json\/wp\/v2\/media?parent=1733"}],"wp:term":[{"taxonomy":"category","embeddable":true,"href":"https:\/\/www.article-marketing.eu\/comunicati\/wp-json\/wp\/v2\/categories?post=1733"},{"taxonomy":"post_tag","embeddable":true,"href":"https:\/\/www.article-marketing.eu\/comunicati\/wp-json\/wp\/v2\/tags?post=1733"}],"curies":[{"name":"wp","href":"https:\/\/api.w.org\/{rel}","templated":true}]}}