{"id":1735,"date":"2009-04-07T17:15:46","date_gmt":"2009-04-07T15:15:46","guid":{"rendered":"http:\/\/www.article-marketing.eu\/comunicati\/senza-categoria\/faenza-centro-vivo-tu-nel-cuore-di-faenza\/"},"modified":"2018-06-04T20:14:26","modified_gmt":"2018-06-04T18:14:26","slug":"faenza-centro-vivo-tu-nel-cuore-di-faenza","status":"publish","type":"post","link":"https:\/\/www.article-marketing.eu\/comunicati\/economia-e-lavoro\/attivita-commerciali\/faenza-centro-vivo-tu-nel-cuore-di-faenza\/","title":{"rendered":"Faenza Centro Vivo. Tu nel cuore di Faenza"},"content":{"rendered":"<p style=\"TEXT-ALIGN: justify\">Alla base del progetto c\u2019\u00e8 la costituzione di un <strong>Club delle eccellenze faentine, <\/strong>formato dalle attivit\u00e0 commerciali, della ristorazione e culturali del centro storico. Il Club si propone e si rende visibile nel suo insieme, creando cos\u00ec un <strong>circuito di negozi di qualit\u00e0 <\/strong>nel quale il cliente pu\u00f2 fare shopping, ma anche usufruire di una serie di vantaggi e di proposte personalizzate. Fra questi vantaggi, che verranno incrementati nel tempo, ci sono: i <strong>buoni parcheggio<\/strong> utilizzabili nelle zone adiacenti al centro storico; il <strong>baby park<\/strong> gratuito dove i clienti possono lasciare in tutta tranquillit\u00e0 i propri figli (il sabato pomeriggio alla Casa di Pinocchio al Cinema Italia, una giornata al mese al Museo Carlo Zauli che organizzer\u00e0 iniziative ad hoc per i bambini); l\u2019attivazione di <strong>convenzioni<\/strong> per usufruire di sconti e riduzioni con diversi operatori del territorio (dalla piscina al circolo tennis, dalle palestre alle terme, dai corsi di cucina a quelli di lingua, fino all\u2019acquisto di prodotti nelle cantine e nella aziende agricole faentine). <\/p>\n<p style=\"TEXT-ALIGN: justify\">&nbsp;<\/p>\n<p style=\"TEXT-ALIGN: justify\"><strong>Ad oggi gli aderenti al progetto \u201cFaenza Centro Vivo\u201d sono quarantadue<\/strong>: 2 Piedi, Academy Parrucchieri Hair Fashion, Alessandro Borchi Occhiali, Beta Boutique, Borgo D&#8217;Oro di Silimbani Francesco, Bruno Liverani Donna, Calarese, Cartolibreria Sorelle Resta, Champion, Cinema in Centro, Coltelleria Chesi, Divarese, Donna Pi\u00f9, Estro parrucchieri, Fanti Elettrodomestici, Fuori di Taglia, Gardenia, Germano Zama, Il Matitone di Mollica Susanna, Intima di Sabrina, Key Gio, La Calzoteca, La Credenza Caf\u00e8, La Mangeria, La Novit\u00e0, L&#8217;Altro Caff\u00e8 di Luca Rossini, Linus Jazz, Loretta Casa Cucina, Lunablu, Macelleria Bosi, Macelleria Equina Bubani, Martin, Mengozzi &amp; Mazzoni, Museo Carlo Zauli, Oreficeria Giulianini, Osteria della Sghisa, Ottica Argurio, Pellicceria Matatia, Pellicceria Saviotti, Sara B, Silvana Profumeria Tutto per Capelli, Vir\u00f2, Xelle.<\/p>\n<p style=\"TEXT-ALIGN: justify\">&nbsp;<\/p>\n<p style=\"TEXT-ALIGN: justify\">\u201cFaenza Centro Vivo\u201d ha in programma anche una serie di iniziative ed eventi volti a rendere ancora pi\u00f9 vitale e dinamico tutto il centro storico. \u201c<strong><em>Corri in Centro<\/em><\/strong>\u201d \u00e8 un\u2019iniziativa legata al sito internet (www.faenzacentrovivo.it). Tra gli iscritti al sito, il computer estrarr\u00e0 <em>random<\/em> un paio di numeri di cellulare a settimana cui mander\u00e0 un SMS che segnaler\u00e0 di <\/p>\n<p style=\"TEXT-ALIGN: justify\">&nbsp;<\/p>\n<p style=\"TEXT-ALIGN: justify\">&nbsp;<\/p>\n<p style=\"TEXT-ALIGN: justify\">recarsi entro un\u2019ora in un negozio a ritirare una tessera del valore di 100 euro, da spendere all\u2019interno del circuito entro le ventiquattro ore successive.<\/p>\n<p style=\"TEXT-ALIGN: justify\">Il sito internet, che oltre ad una parte comune avr\u00e0 anche una pagina dedicata ad ogni singola attivit\u00e0 aderente al progetto, sar\u00e0 un importante strumento per mantenere costantemente aggiornati gli utenti su tutte le iniziative e le attivit\u00e0 predisposte e organizzate da \u201cFaenza Centro Vivo\u201d: orari di apertura, negozi convenzionati, iniziative in atto, regolamenti di partecipazione, news e contatti.<\/p>\n<p style=\"TEXT-ALIGN: justify\">Prossime iniziative che si concretizzeranno nel corso dell\u2019anno sono: <strong>\u201c<em>Cinema in Centro<\/em><\/strong><em>\u201d, <\/em>tra giugno e luglio una decina di serate con proiezioni cinematografiche, cene e musica dal vivo; <strong><em>\u201cSpesa in Centro\u201d,<\/em><\/strong><em> <\/em>da maggio a settembre verr\u00e0 allestito un grande supermercato aperto dalle 18 alle 22.<\/p>\n<p style=\"TEXT-ALIGN: justify\">&nbsp;<\/p>\n<p style=\"TEXT-ALIGN: justify\">In un momento di crisi economica come quello che sta attraversando tutta Italia, \u201cFaenza Centro Vivo\u201d permetter\u00e0 ai commercianti del centro storico manfredo di fare sistema per sviluppare modalit\u00e0 di promo-commercializzazione condivise, valorizzare i propri punti di forza, rafforzare la componente di servizio al fine di: favorire l&#8217;ampliamento del bacino di clienti, offrire ai propri clienti servizi a valore aggiunto, dare una visibilit\u00e0 maggiore alle iniziative<strong> <\/strong>realizzate dagli esercizi convenzionati, assicurare un efficace coordinamento tra i negozi aderenti, competere come sistema superando i particolarismi, relazionarsi in maniera pi\u00f9 efficace con le istituzioni.<\/p>\n<p style=\"TEXT-ALIGN: justify\">&nbsp;<\/p>\n<p style=\"TEXT-ALIGN: justify\">\u201cFaenza Centro Vivo. Tu nel cuore di Faenza\u201d \u00e8 un progetto curato da Faenza Fiere srl e sviluppato dal Gruppo Ph5.<\/p>\n<p style=\"TEXT-ALIGN: justify\">&nbsp;<\/p>\n","protected":false},"excerpt":{"rendered":"<p>Il centro storico di Faenza, incastonato dai suoi imponenti palazzi, percorso da eleganti viali e impreziosito da splendide piazze, \u00e8 il cuore ideale e pulsante della vita della citt\u00e0. Fra negozi, ristoranti, musei, sale cinematografiche, bar il centro storico di Faenza \u00e8 vivo, vitale e adesso ancora pi\u00f9 ricco di eventi e iniziative.<br \/>\nInfatti, in questo 2009 nasce \u201cFaenza Centro Vivo. Tu nel cuore di Faenza\u201d. Si tratta di un nuovo progetto di promo-valorizzazione del centro storico della citt\u00e0, al quale hanno gi\u00e0 aderito oltre quaranta attivit\u00e0 commerciali e culturali e presto se ne aggiungeranno altre.<\/p>\n","protected":false},"author":10,"featured_media":0,"comment_status":"open","ping_status":"open","sticky":false,"template":"","format":"standard","meta":{"cybocfi_hide_featured_image":"","footnotes":""},"categories":[413],"tags":[457],"class_list":["post-1735","post","type-post","status-publish","format-standard","hentry","category-attivita-commerciali","tag-commercio"],"yoast_head":"<!-- This site is optimized with the Yoast SEO plugin v27.0 - https:\/\/yoast.com\/product\/yoast-seo-wordpress\/ -->\n<title>Faenza Centro Vivo. Tu nel cuore di Faenza - Article Marketing<\/title>\n<meta name=\"robots\" content=\"index, follow, max-snippet:-1, max-image-preview:large, max-video-preview:-1\" \/>\n<link rel=\"canonical\" href=\"https:\/\/www.article-marketing.eu\/comunicati\/economia-e-lavoro\/attivita-commerciali\/faenza-centro-vivo-tu-nel-cuore-di-faenza\/\" \/>\n<meta property=\"og:locale\" content=\"it_IT\" \/>\n<meta property=\"og:type\" content=\"article\" \/>\n<meta property=\"og:title\" content=\"Faenza Centro Vivo. Tu nel cuore di Faenza - Article Marketing\" \/>\n<meta property=\"og:description\" content=\"Il centro storico di Faenza, incastonato dai suoi imponenti palazzi, percorso da eleganti viali e impreziosito da splendide piazze, \u00e8 il cuore ideale e pulsante della vita della citt\u00e0. Fra negozi, ristoranti, musei, sale cinematografiche, bar il centro storico di Faenza \u00e8 vivo, vitale e adesso ancora pi\u00f9 ricco di eventi e iniziative. Infatti, in questo 2009 nasce \u201cFaenza Centro Vivo. Tu nel cuore di Faenza\u201d. Si tratta di un nuovo progetto di promo-valorizzazione del centro storico della citt\u00e0, al quale hanno gi\u00e0 aderito oltre quaranta attivit\u00e0 commerciali e culturali e presto se ne aggiungeranno altre.\" \/>\n<meta property=\"og:url\" content=\"https:\/\/www.article-marketing.eu\/comunicati\/economia-e-lavoro\/attivita-commerciali\/faenza-centro-vivo-tu-nel-cuore-di-faenza\/\" \/>\n<meta property=\"og:site_name\" content=\"Article Marketing\" \/>\n<meta property=\"article:published_time\" content=\"2009-04-07T15:15:46+00:00\" \/>\n<meta property=\"article:modified_time\" content=\"2018-06-04T18:14:26+00:00\" \/>\n<meta name=\"author\" content=\"Redazione Comunicati Stampa\" \/>\n<meta name=\"twitter:card\" content=\"summary_large_image\" \/>\n<meta name=\"twitter:label1\" content=\"Scritto da\" \/>\n\t<meta name=\"twitter:data1\" content=\"Redazione Comunicati Stampa\" \/>\n\t<meta name=\"twitter:label2\" content=\"Tempo di lettura stimato\" \/>\n\t<meta name=\"twitter:data2\" content=\"3 minuti\" \/>\n<script type=\"application\/ld+json\" class=\"yoast-schema-graph\">{\"@context\":\"https:\/\/schema.org\",\"@graph\":[{\"@type\":\"Article\",\"@id\":\"https:\/\/www.article-marketing.eu\/comunicati\/economia-e-lavoro\/attivita-commerciali\/faenza-centro-vivo-tu-nel-cuore-di-faenza\/#article\",\"isPartOf\":{\"@id\":\"https:\/\/www.article-marketing.eu\/comunicati\/economia-e-lavoro\/attivita-commerciali\/faenza-centro-vivo-tu-nel-cuore-di-faenza\/\"},\"author\":{\"name\":\"Redazione Comunicati Stampa\",\"@id\":\"https:\/\/www.article-marketing.eu\/comunicati\/#\/schema\/person\/44372e4d4d0fa797b18e03ed1ace9017\"},\"headline\":\"Faenza Centro Vivo. Tu nel cuore di Faenza\",\"datePublished\":\"2009-04-07T15:15:46+00:00\",\"dateModified\":\"2018-06-04T18:14:26+00:00\",\"mainEntityOfPage\":{\"@id\":\"https:\/\/www.article-marketing.eu\/comunicati\/economia-e-lavoro\/attivita-commerciali\/faenza-centro-vivo-tu-nel-cuore-di-faenza\/\"},\"wordCount\":598,\"commentCount\":0,\"keywords\":[\"commercio\"],\"articleSection\":[\"Attivit\u00e0 Commerciali\"],\"inLanguage\":\"it-IT\",\"potentialAction\":[{\"@type\":\"CommentAction\",\"name\":\"Comment\",\"target\":[\"https:\/\/www.article-marketing.eu\/comunicati\/economia-e-lavoro\/attivita-commerciali\/faenza-centro-vivo-tu-nel-cuore-di-faenza\/#respond\"]}]},{\"@type\":\"WebPage\",\"@id\":\"https:\/\/www.article-marketing.eu\/comunicati\/economia-e-lavoro\/attivita-commerciali\/faenza-centro-vivo-tu-nel-cuore-di-faenza\/\",\"url\":\"https:\/\/www.article-marketing.eu\/comunicati\/economia-e-lavoro\/attivita-commerciali\/faenza-centro-vivo-tu-nel-cuore-di-faenza\/\",\"name\":\"Faenza Centro Vivo. Tu nel cuore di Faenza - Article Marketing\",\"isPartOf\":{\"@id\":\"https:\/\/www.article-marketing.eu\/comunicati\/#website\"},\"datePublished\":\"2009-04-07T15:15:46+00:00\",\"dateModified\":\"2018-06-04T18:14:26+00:00\",\"author\":{\"@id\":\"https:\/\/www.article-marketing.eu\/comunicati\/#\/schema\/person\/44372e4d4d0fa797b18e03ed1ace9017\"},\"breadcrumb\":{\"@id\":\"https:\/\/www.article-marketing.eu\/comunicati\/economia-e-lavoro\/attivita-commerciali\/faenza-centro-vivo-tu-nel-cuore-di-faenza\/#breadcrumb\"},\"inLanguage\":\"it-IT\",\"potentialAction\":[{\"@type\":\"ReadAction\",\"target\":[\"https:\/\/www.article-marketing.eu\/comunicati\/economia-e-lavoro\/attivita-commerciali\/faenza-centro-vivo-tu-nel-cuore-di-faenza\/\"]}]},{\"@type\":\"BreadcrumbList\",\"@id\":\"https:\/\/www.article-marketing.eu\/comunicati\/economia-e-lavoro\/attivita-commerciali\/faenza-centro-vivo-tu-nel-cuore-di-faenza\/#breadcrumb\",\"itemListElement\":[{\"@type\":\"ListItem\",\"position\":1,\"name\":\"Home\",\"item\":\"https:\/\/www.article-marketing.eu\/comunicati\/\"},{\"@type\":\"ListItem\",\"position\":2,\"name\":\"Faenza Centro Vivo. Tu nel cuore di Faenza\"}]},{\"@type\":\"WebSite\",\"@id\":\"https:\/\/www.article-marketing.eu\/comunicati\/#website\",\"url\":\"https:\/\/www.article-marketing.eu\/comunicati\/\",\"name\":\"Article Marketing\",\"description\":\"article marketing &amp; press release\",\"potentialAction\":[{\"@type\":\"SearchAction\",\"target\":{\"@type\":\"EntryPoint\",\"urlTemplate\":\"https:\/\/www.article-marketing.eu\/comunicati\/?s={search_term_string}\"},\"query-input\":{\"@type\":\"PropertyValueSpecification\",\"valueRequired\":true,\"valueName\":\"search_term_string\"}}],\"inLanguage\":\"it-IT\"},{\"@type\":\"Person\",\"@id\":\"https:\/\/www.article-marketing.eu\/comunicati\/#\/schema\/person\/44372e4d4d0fa797b18e03ed1ace9017\",\"name\":\"Redazione Comunicati Stampa\",\"image\":{\"@type\":\"ImageObject\",\"inLanguage\":\"it-IT\",\"@id\":\"https:\/\/www.article-marketing.eu\/comunicati\/#\/schema\/person\/image\/\",\"url\":\"https:\/\/secure.gravatar.com\/avatar\/50e5c6421d3072f42e7ace803501602c60d75233d34e29fd05feb91c8760b792?s=96&d=mm&r=g\",\"contentUrl\":\"https:\/\/secure.gravatar.com\/avatar\/50e5c6421d3072f42e7ace803501602c60d75233d34e29fd05feb91c8760b792?s=96&d=mm&r=g\",\"caption\":\"Redazione Comunicati Stampa\"},\"url\":\"https:\/\/www.article-marketing.eu\/comunicati\/author\/redazione-comunicati-stampa\/\"}]}<\/script>\n<!-- \/ Yoast SEO plugin. -->","yoast_head_json":{"title":"Faenza Centro Vivo. Tu nel cuore di Faenza - Article Marketing","robots":{"index":"index","follow":"follow","max-snippet":"max-snippet:-1","max-image-preview":"max-image-preview:large","max-video-preview":"max-video-preview:-1"},"canonical":"https:\/\/www.article-marketing.eu\/comunicati\/economia-e-lavoro\/attivita-commerciali\/faenza-centro-vivo-tu-nel-cuore-di-faenza\/","og_locale":"it_IT","og_type":"article","og_title":"Faenza Centro Vivo. Tu nel cuore di Faenza - Article Marketing","og_description":"Il centro storico di Faenza, incastonato dai suoi imponenti palazzi, percorso da eleganti viali e impreziosito da splendide piazze, \u00e8 il cuore ideale e pulsante della vita della citt\u00e0. Fra negozi, ristoranti, musei, sale cinematografiche, bar il centro storico di Faenza \u00e8 vivo, vitale e adesso ancora pi\u00f9 ricco di eventi e iniziative. Infatti, in questo 2009 nasce \u201cFaenza Centro Vivo. Tu nel cuore di Faenza\u201d. Si tratta di un nuovo progetto di promo-valorizzazione del centro storico della citt\u00e0, al quale hanno gi\u00e0 aderito oltre quaranta attivit\u00e0 commerciali e culturali e presto se ne aggiungeranno altre.","og_url":"https:\/\/www.article-marketing.eu\/comunicati\/economia-e-lavoro\/attivita-commerciali\/faenza-centro-vivo-tu-nel-cuore-di-faenza\/","og_site_name":"Article Marketing","article_published_time":"2009-04-07T15:15:46+00:00","article_modified_time":"2018-06-04T18:14:26+00:00","author":"Redazione Comunicati Stampa","twitter_card":"summary_large_image","twitter_misc":{"Scritto da":"Redazione Comunicati Stampa","Tempo di lettura stimato":"3 minuti"},"schema":{"@context":"https:\/\/schema.org","@graph":[{"@type":"Article","@id":"https:\/\/www.article-marketing.eu\/comunicati\/economia-e-lavoro\/attivita-commerciali\/faenza-centro-vivo-tu-nel-cuore-di-faenza\/#article","isPartOf":{"@id":"https:\/\/www.article-marketing.eu\/comunicati\/economia-e-lavoro\/attivita-commerciali\/faenza-centro-vivo-tu-nel-cuore-di-faenza\/"},"author":{"name":"Redazione Comunicati Stampa","@id":"https:\/\/www.article-marketing.eu\/comunicati\/#\/schema\/person\/44372e4d4d0fa797b18e03ed1ace9017"},"headline":"Faenza Centro Vivo. Tu nel cuore di Faenza","datePublished":"2009-04-07T15:15:46+00:00","dateModified":"2018-06-04T18:14:26+00:00","mainEntityOfPage":{"@id":"https:\/\/www.article-marketing.eu\/comunicati\/economia-e-lavoro\/attivita-commerciali\/faenza-centro-vivo-tu-nel-cuore-di-faenza\/"},"wordCount":598,"commentCount":0,"keywords":["commercio"],"articleSection":["Attivit\u00e0 Commerciali"],"inLanguage":"it-IT","potentialAction":[{"@type":"CommentAction","name":"Comment","target":["https:\/\/www.article-marketing.eu\/comunicati\/economia-e-lavoro\/attivita-commerciali\/faenza-centro-vivo-tu-nel-cuore-di-faenza\/#respond"]}]},{"@type":"WebPage","@id":"https:\/\/www.article-marketing.eu\/comunicati\/economia-e-lavoro\/attivita-commerciali\/faenza-centro-vivo-tu-nel-cuore-di-faenza\/","url":"https:\/\/www.article-marketing.eu\/comunicati\/economia-e-lavoro\/attivita-commerciali\/faenza-centro-vivo-tu-nel-cuore-di-faenza\/","name":"Faenza Centro Vivo. Tu nel cuore di Faenza - Article Marketing","isPartOf":{"@id":"https:\/\/www.article-marketing.eu\/comunicati\/#website"},"datePublished":"2009-04-07T15:15:46+00:00","dateModified":"2018-06-04T18:14:26+00:00","author":{"@id":"https:\/\/www.article-marketing.eu\/comunicati\/#\/schema\/person\/44372e4d4d0fa797b18e03ed1ace9017"},"breadcrumb":{"@id":"https:\/\/www.article-marketing.eu\/comunicati\/economia-e-lavoro\/attivita-commerciali\/faenza-centro-vivo-tu-nel-cuore-di-faenza\/#breadcrumb"},"inLanguage":"it-IT","potentialAction":[{"@type":"ReadAction","target":["https:\/\/www.article-marketing.eu\/comunicati\/economia-e-lavoro\/attivita-commerciali\/faenza-centro-vivo-tu-nel-cuore-di-faenza\/"]}]},{"@type":"BreadcrumbList","@id":"https:\/\/www.article-marketing.eu\/comunicati\/economia-e-lavoro\/attivita-commerciali\/faenza-centro-vivo-tu-nel-cuore-di-faenza\/#breadcrumb","itemListElement":[{"@type":"ListItem","position":1,"name":"Home","item":"https:\/\/www.article-marketing.eu\/comunicati\/"},{"@type":"ListItem","position":2,"name":"Faenza Centro Vivo. Tu nel cuore di Faenza"}]},{"@type":"WebSite","@id":"https:\/\/www.article-marketing.eu\/comunicati\/#website","url":"https:\/\/www.article-marketing.eu\/comunicati\/","name":"Article Marketing","description":"article marketing &amp; press release","potentialAction":[{"@type":"SearchAction","target":{"@type":"EntryPoint","urlTemplate":"https:\/\/www.article-marketing.eu\/comunicati\/?s={search_term_string}"},"query-input":{"@type":"PropertyValueSpecification","valueRequired":true,"valueName":"search_term_string"}}],"inLanguage":"it-IT"},{"@type":"Person","@id":"https:\/\/www.article-marketing.eu\/comunicati\/#\/schema\/person\/44372e4d4d0fa797b18e03ed1ace9017","name":"Redazione Comunicati Stampa","image":{"@type":"ImageObject","inLanguage":"it-IT","@id":"https:\/\/www.article-marketing.eu\/comunicati\/#\/schema\/person\/image\/","url":"https:\/\/secure.gravatar.com\/avatar\/50e5c6421d3072f42e7ace803501602c60d75233d34e29fd05feb91c8760b792?s=96&d=mm&r=g","contentUrl":"https:\/\/secure.gravatar.com\/avatar\/50e5c6421d3072f42e7ace803501602c60d75233d34e29fd05feb91c8760b792?s=96&d=mm&r=g","caption":"Redazione Comunicati Stampa"},"url":"https:\/\/www.article-marketing.eu\/comunicati\/author\/redazione-comunicati-stampa\/"}]}},"_links":{"self":[{"href":"https:\/\/www.article-marketing.eu\/comunicati\/wp-json\/wp\/v2\/posts\/1735","targetHints":{"allow":["GET"]}}],"collection":[{"href":"https:\/\/www.article-marketing.eu\/comunicati\/wp-json\/wp\/v2\/posts"}],"about":[{"href":"https:\/\/www.article-marketing.eu\/comunicati\/wp-json\/wp\/v2\/types\/post"}],"author":[{"embeddable":true,"href":"https:\/\/www.article-marketing.eu\/comunicati\/wp-json\/wp\/v2\/users\/10"}],"replies":[{"embeddable":true,"href":"https:\/\/www.article-marketing.eu\/comunicati\/wp-json\/wp\/v2\/comments?post=1735"}],"version-history":[{"count":1,"href":"https:\/\/www.article-marketing.eu\/comunicati\/wp-json\/wp\/v2\/posts\/1735\/revisions"}],"predecessor-version":[{"id":55427,"href":"https:\/\/www.article-marketing.eu\/comunicati\/wp-json\/wp\/v2\/posts\/1735\/revisions\/55427"}],"wp:attachment":[{"href":"https:\/\/www.article-marketing.eu\/comunicati\/wp-json\/wp\/v2\/media?parent=1735"}],"wp:term":[{"taxonomy":"category","embeddable":true,"href":"https:\/\/www.article-marketing.eu\/comunicati\/wp-json\/wp\/v2\/categories?post=1735"},{"taxonomy":"post_tag","embeddable":true,"href":"https:\/\/www.article-marketing.eu\/comunicati\/wp-json\/wp\/v2\/tags?post=1735"}],"curies":[{"name":"wp","href":"https:\/\/api.w.org\/{rel}","templated":true}]}}