{"id":17351,"date":"2011-06-15T12:04:50","date_gmt":"2011-06-15T10:04:50","guid":{"rendered":"http:\/\/www.article-marketing.eu\/comunicati\/senza-categoria\/men-in-flower-larte-va-in-vacanza-in-val-di-fassa\/"},"modified":"2011-06-15T12:04:50","modified_gmt":"2011-06-15T10:04:50","slug":"men-in-flower-larte-va-in-vacanza-in-val-di-fassa","status":"publish","type":"post","link":"https:\/\/www.article-marketing.eu\/comunicati\/arte-e-cultura\/men-in-flower-larte-va-in-vacanza-in-val-di-fassa\/","title":{"rendered":"&#8220;MEN IN FLOWER&#8221;: l&#8217;arte va in vacanza in Val di Fassa"},"content":{"rendered":"<p>I protagonisti dell&#8217;Arte Contemporanea accendono l&#8217;estate trentina: l&#8217;Active Hotel Olympic di Vigo ospiter&agrave; <strong>dal 25 Giugno al 30 Settembre 2011<\/strong> le opere originali di due tra gli scultori pi&ugrave; interessanti del panorama italiano: <strong>Annamaria Gelmi e Willy Verginer.<\/strong> <br \/>La mostra &egrave; organizzata da <strong style=\"mso-bidi-font-weight: normal;\">VacanzArte<\/strong>, associazione impegnata gi&agrave; da qualche anno a <strong style=\"mso-bidi-font-weight: normal;\">promuovere nuove forme di fruizione dell&rsquo;arte <\/strong>che coinvolgano il mondo del turismo. Il fine &egrave; quello di integrare il modello della visita &ldquo;mordi e fuggi&rdquo; al grande polo museale con <strong style=\"mso-bidi-font-weight: normal;\">un&rsquo;esperienza pi&ugrave; originale e completa di turismo culturale<\/strong> che proponga l&rsquo;arte anche nei piccoli centri contando sul potenziale offerto dalle strutture ricettive.<\/p>\n<p>Immerso nel verde brillante dei prati, all&#8217;ombra delle Dolomiti,<strong> l&#8217;Active Hotel Olympic si offre come luogo ideale per raccogliere il messaggio di due artisti per cui l&#8217;ambiente naturale non &egrave; solo fonte di ispirazione, ma costituisce parte integrante della poetica.<\/strong> <\/p>\n<p>Annamaria Gelmi ha studiato all&#8217;Istituto d&#8217;Arte di Trento, all&#8217;Accademia di Brera a Milano e all&#8217; Accademia di Venezia. Incanta per la sua capacit&agrave; di utilizzare materiali diversi, come <strong>il plexiglas, il metacrilato, i fogli di acetato, ma anche il ferro, la pietra e l&#8217;ottone<\/strong>. <\/p>\n<p><strong>Le opere si integrano con lo spazio in cui vengono collocate<\/strong>, attribuendogli valore, facendolo percepire in modo nuovo e diverso.<strong> <\/strong>Le sue sculture sono dunque <strong>sintetiche e minimaliste<\/strong>, in modo da catturare l&#8217;attenzione dell&#8217;osservatore attraverso un delicato cambiamento di prospettiva che <strong>non stravolge l&#8217;ambiente circostante ma lo arricchisce di significato<\/strong>. <a><\/a><\/p>\n<p>Willy Verginer ha frequentato gli ambienti dell&#8217;Accademia di Monaco, esponendo al MART di Rovereto, a New York e alla galleria Il Castello di Milano.<strong> <\/strong><\/p>\n<p><strong>Nelle botteghe di artigianato tradizionale ha appreso l&#8217;arte di intagliare il legno di pero e tiglio<\/strong>, alimentando un <strong>rapporto con la natura e la montagna<\/strong> che poi fonde in un universo misterioso di figure colorate. <strong>Persone e animali vibranti di acrilico che appartengono al nostro tempo<\/strong> e che, pur dominando lo spazio, appaiono distanti, distaccati e lontani. <\/p>\n<p><strong>La mostra verr&agrave; inaugurata Sabato 25 Giugno 2011 alle 18.30<\/strong> con gli interventi di Giorgia Lucchi, (Galleria Arte Boccanera Contemporanea), e Margherita Pisoni (Idea Turismo) ideatrici del progetto VacanzArte, e sar&agrave; seguita da una cena <em>in forma d&#8217;arte<\/em> con abbinamento di vini. <\/p>\n<p><strong>&#8220;Men in Flower&#8221; sar&agrave; aperta tutta l&#8217;estate, tutti i giorni dalle 10.00 alle 14.00 e dalle 20 alle 22.00, ed accoglier&agrave; gratuitamente tutti i visitatori.<\/strong><\/p>\n","protected":false},"excerpt":{"rendered":"<p>L&#8217;Arte Contemporanea con VACANZARTE accende l&#8217;estate trentina: l&#8217;Active Hotel Olympic ospiter\u00e0 dal 25 Giugno al 30 Settembre 2011 le opere di due tra gli scultori pi\u00f9 interessanti del panorama italiano: Gelmi e Verginer. La mostra \u00e8 organizzata da VacanzArte, con il fine di integrare il modello della visita mordi e fuggi ai poli museali con un\u2019esperienza originale e completa di turismo culturale.<\/p>\n","protected":false},"author":10,"featured_media":0,"comment_status":"open","ping_status":"open","sticky":false,"template":"","format":"standard","meta":{"cybocfi_hide_featured_image":"","footnotes":""},"categories":[27],"tags":[171,255,5618,598,3371],"class_list":["post-17351","post","type-post","status-publish","format-standard","hentry","category-arte-e-cultura","tag-arte","tag-hotel","tag-trentino","tag-vacanza","tag-wellness"],"yoast_head":"<!-- This site is optimized with the Yoast SEO plugin v27.0 - https:\/\/yoast.com\/product\/yoast-seo-wordpress\/ -->\n<title>&quot;MEN IN FLOWER&quot;: l&#039;arte va in vacanza in Val di Fassa - Article Marketing<\/title>\n<meta name=\"robots\" content=\"index, follow, max-snippet:-1, max-image-preview:large, max-video-preview:-1\" \/>\n<link rel=\"canonical\" href=\"https:\/\/www.article-marketing.eu\/comunicati\/arte-e-cultura\/men-in-flower-larte-va-in-vacanza-in-val-di-fassa\/\" \/>\n<meta property=\"og:locale\" content=\"it_IT\" \/>\n<meta property=\"og:type\" content=\"article\" \/>\n<meta property=\"og:title\" content=\"&quot;MEN IN FLOWER&quot;: l&#039;arte va in vacanza in Val di Fassa - Article Marketing\" \/>\n<meta property=\"og:description\" content=\"L&#039;Arte Contemporanea con VACANZARTE accende l&#039;estate trentina: l&#039;Active Hotel Olympic ospiter\u00e0 dal 25 Giugno al 30 Settembre 2011 le opere di due tra gli scultori pi\u00f9 interessanti del panorama italiano: Gelmi e Verginer. La mostra \u00e8 organizzata da VacanzArte, con il fine di integrare il modello della visita mordi e fuggi ai poli museali con un\u2019esperienza originale e completa di turismo culturale.\" \/>\n<meta property=\"og:url\" content=\"https:\/\/www.article-marketing.eu\/comunicati\/arte-e-cultura\/men-in-flower-larte-va-in-vacanza-in-val-di-fassa\/\" \/>\n<meta property=\"og:site_name\" content=\"Article Marketing\" \/>\n<meta property=\"article:published_time\" content=\"2011-06-15T10:04:50+00:00\" \/>\n<meta name=\"author\" content=\"Redazione Comunicati Stampa\" \/>\n<meta name=\"twitter:card\" content=\"summary_large_image\" \/>\n<meta name=\"twitter:label1\" content=\"Scritto da\" \/>\n\t<meta name=\"twitter:data1\" content=\"Redazione Comunicati Stampa\" \/>\n\t<meta name=\"twitter:label2\" content=\"Tempo di lettura stimato\" \/>\n\t<meta name=\"twitter:data2\" content=\"2 minuti\" \/>\n<script type=\"application\/ld+json\" class=\"yoast-schema-graph\">{\"@context\":\"https:\/\/schema.org\",\"@graph\":[{\"@type\":\"Article\",\"@id\":\"https:\/\/www.article-marketing.eu\/comunicati\/arte-e-cultura\/men-in-flower-larte-va-in-vacanza-in-val-di-fassa\/#article\",\"isPartOf\":{\"@id\":\"https:\/\/www.article-marketing.eu\/comunicati\/arte-e-cultura\/men-in-flower-larte-va-in-vacanza-in-val-di-fassa\/\"},\"author\":{\"name\":\"Redazione Comunicati Stampa\",\"@id\":\"https:\/\/www.article-marketing.eu\/comunicati\/#\/schema\/person\/44372e4d4d0fa797b18e03ed1ace9017\"},\"headline\":\"&#8220;MEN IN FLOWER&#8221;: l&#8217;arte va in vacanza in Val di Fassa\",\"datePublished\":\"2011-06-15T10:04:50+00:00\",\"mainEntityOfPage\":{\"@id\":\"https:\/\/www.article-marketing.eu\/comunicati\/arte-e-cultura\/men-in-flower-larte-va-in-vacanza-in-val-di-fassa\/\"},\"wordCount\":403,\"commentCount\":0,\"keywords\":[\"arte\",\"hotel\",\"Trentino\",\"vacanza\",\"wellness\"],\"articleSection\":[\"Arte e cultura\"],\"inLanguage\":\"it-IT\",\"potentialAction\":[{\"@type\":\"CommentAction\",\"name\":\"Comment\",\"target\":[\"https:\/\/www.article-marketing.eu\/comunicati\/arte-e-cultura\/men-in-flower-larte-va-in-vacanza-in-val-di-fassa\/#respond\"]}]},{\"@type\":\"WebPage\",\"@id\":\"https:\/\/www.article-marketing.eu\/comunicati\/arte-e-cultura\/men-in-flower-larte-va-in-vacanza-in-val-di-fassa\/\",\"url\":\"https:\/\/www.article-marketing.eu\/comunicati\/arte-e-cultura\/men-in-flower-larte-va-in-vacanza-in-val-di-fassa\/\",\"name\":\"\\\"MEN IN FLOWER\\\": l'arte va in vacanza in Val di Fassa - Article Marketing\",\"isPartOf\":{\"@id\":\"https:\/\/www.article-marketing.eu\/comunicati\/#website\"},\"datePublished\":\"2011-06-15T10:04:50+00:00\",\"author\":{\"@id\":\"https:\/\/www.article-marketing.eu\/comunicati\/#\/schema\/person\/44372e4d4d0fa797b18e03ed1ace9017\"},\"breadcrumb\":{\"@id\":\"https:\/\/www.article-marketing.eu\/comunicati\/arte-e-cultura\/men-in-flower-larte-va-in-vacanza-in-val-di-fassa\/#breadcrumb\"},\"inLanguage\":\"it-IT\",\"potentialAction\":[{\"@type\":\"ReadAction\",\"target\":[\"https:\/\/www.article-marketing.eu\/comunicati\/arte-e-cultura\/men-in-flower-larte-va-in-vacanza-in-val-di-fassa\/\"]}]},{\"@type\":\"BreadcrumbList\",\"@id\":\"https:\/\/www.article-marketing.eu\/comunicati\/arte-e-cultura\/men-in-flower-larte-va-in-vacanza-in-val-di-fassa\/#breadcrumb\",\"itemListElement\":[{\"@type\":\"ListItem\",\"position\":1,\"name\":\"Home\",\"item\":\"https:\/\/www.article-marketing.eu\/comunicati\/\"},{\"@type\":\"ListItem\",\"position\":2,\"name\":\"&#8220;MEN IN FLOWER&#8221;: l&#8217;arte va in vacanza in Val di Fassa\"}]},{\"@type\":\"WebSite\",\"@id\":\"https:\/\/www.article-marketing.eu\/comunicati\/#website\",\"url\":\"https:\/\/www.article-marketing.eu\/comunicati\/\",\"name\":\"Article Marketing\",\"description\":\"article marketing &amp; press release\",\"potentialAction\":[{\"@type\":\"SearchAction\",\"target\":{\"@type\":\"EntryPoint\",\"urlTemplate\":\"https:\/\/www.article-marketing.eu\/comunicati\/?s={search_term_string}\"},\"query-input\":{\"@type\":\"PropertyValueSpecification\",\"valueRequired\":true,\"valueName\":\"search_term_string\"}}],\"inLanguage\":\"it-IT\"},{\"@type\":\"Person\",\"@id\":\"https:\/\/www.article-marketing.eu\/comunicati\/#\/schema\/person\/44372e4d4d0fa797b18e03ed1ace9017\",\"name\":\"Redazione Comunicati Stampa\",\"image\":{\"@type\":\"ImageObject\",\"inLanguage\":\"it-IT\",\"@id\":\"https:\/\/www.article-marketing.eu\/comunicati\/#\/schema\/person\/image\/\",\"url\":\"https:\/\/secure.gravatar.com\/avatar\/50e5c6421d3072f42e7ace803501602c60d75233d34e29fd05feb91c8760b792?s=96&d=mm&r=g\",\"contentUrl\":\"https:\/\/secure.gravatar.com\/avatar\/50e5c6421d3072f42e7ace803501602c60d75233d34e29fd05feb91c8760b792?s=96&d=mm&r=g\",\"caption\":\"Redazione Comunicati Stampa\"},\"url\":\"https:\/\/www.article-marketing.eu\/comunicati\/author\/redazione-comunicati-stampa\/\"}]}<\/script>\n<!-- \/ Yoast SEO plugin. -->","yoast_head_json":{"title":"\"MEN IN FLOWER\": l'arte va in vacanza in Val di Fassa - Article Marketing","robots":{"index":"index","follow":"follow","max-snippet":"max-snippet:-1","max-image-preview":"max-image-preview:large","max-video-preview":"max-video-preview:-1"},"canonical":"https:\/\/www.article-marketing.eu\/comunicati\/arte-e-cultura\/men-in-flower-larte-va-in-vacanza-in-val-di-fassa\/","og_locale":"it_IT","og_type":"article","og_title":"\"MEN IN FLOWER\": l'arte va in vacanza in Val di Fassa - Article Marketing","og_description":"L'Arte Contemporanea con VACANZARTE accende l'estate trentina: l'Active Hotel Olympic ospiter\u00e0 dal 25 Giugno al 30 Settembre 2011 le opere di due tra gli scultori pi\u00f9 interessanti del panorama italiano: Gelmi e Verginer. La mostra \u00e8 organizzata da VacanzArte, con il fine di integrare il modello della visita mordi e fuggi ai poli museali con un\u2019esperienza originale e completa di turismo culturale.","og_url":"https:\/\/www.article-marketing.eu\/comunicati\/arte-e-cultura\/men-in-flower-larte-va-in-vacanza-in-val-di-fassa\/","og_site_name":"Article Marketing","article_published_time":"2011-06-15T10:04:50+00:00","author":"Redazione Comunicati Stampa","twitter_card":"summary_large_image","twitter_misc":{"Scritto da":"Redazione Comunicati Stampa","Tempo di lettura stimato":"2 minuti"},"schema":{"@context":"https:\/\/schema.org","@graph":[{"@type":"Article","@id":"https:\/\/www.article-marketing.eu\/comunicati\/arte-e-cultura\/men-in-flower-larte-va-in-vacanza-in-val-di-fassa\/#article","isPartOf":{"@id":"https:\/\/www.article-marketing.eu\/comunicati\/arte-e-cultura\/men-in-flower-larte-va-in-vacanza-in-val-di-fassa\/"},"author":{"name":"Redazione Comunicati Stampa","@id":"https:\/\/www.article-marketing.eu\/comunicati\/#\/schema\/person\/44372e4d4d0fa797b18e03ed1ace9017"},"headline":"&#8220;MEN IN FLOWER&#8221;: l&#8217;arte va in vacanza in Val di Fassa","datePublished":"2011-06-15T10:04:50+00:00","mainEntityOfPage":{"@id":"https:\/\/www.article-marketing.eu\/comunicati\/arte-e-cultura\/men-in-flower-larte-va-in-vacanza-in-val-di-fassa\/"},"wordCount":403,"commentCount":0,"keywords":["arte","hotel","Trentino","vacanza","wellness"],"articleSection":["Arte e cultura"],"inLanguage":"it-IT","potentialAction":[{"@type":"CommentAction","name":"Comment","target":["https:\/\/www.article-marketing.eu\/comunicati\/arte-e-cultura\/men-in-flower-larte-va-in-vacanza-in-val-di-fassa\/#respond"]}]},{"@type":"WebPage","@id":"https:\/\/www.article-marketing.eu\/comunicati\/arte-e-cultura\/men-in-flower-larte-va-in-vacanza-in-val-di-fassa\/","url":"https:\/\/www.article-marketing.eu\/comunicati\/arte-e-cultura\/men-in-flower-larte-va-in-vacanza-in-val-di-fassa\/","name":"\"MEN IN FLOWER\": l'arte va in vacanza in Val di Fassa - Article Marketing","isPartOf":{"@id":"https:\/\/www.article-marketing.eu\/comunicati\/#website"},"datePublished":"2011-06-15T10:04:50+00:00","author":{"@id":"https:\/\/www.article-marketing.eu\/comunicati\/#\/schema\/person\/44372e4d4d0fa797b18e03ed1ace9017"},"breadcrumb":{"@id":"https:\/\/www.article-marketing.eu\/comunicati\/arte-e-cultura\/men-in-flower-larte-va-in-vacanza-in-val-di-fassa\/#breadcrumb"},"inLanguage":"it-IT","potentialAction":[{"@type":"ReadAction","target":["https:\/\/www.article-marketing.eu\/comunicati\/arte-e-cultura\/men-in-flower-larte-va-in-vacanza-in-val-di-fassa\/"]}]},{"@type":"BreadcrumbList","@id":"https:\/\/www.article-marketing.eu\/comunicati\/arte-e-cultura\/men-in-flower-larte-va-in-vacanza-in-val-di-fassa\/#breadcrumb","itemListElement":[{"@type":"ListItem","position":1,"name":"Home","item":"https:\/\/www.article-marketing.eu\/comunicati\/"},{"@type":"ListItem","position":2,"name":"&#8220;MEN IN FLOWER&#8221;: l&#8217;arte va in vacanza in Val di Fassa"}]},{"@type":"WebSite","@id":"https:\/\/www.article-marketing.eu\/comunicati\/#website","url":"https:\/\/www.article-marketing.eu\/comunicati\/","name":"Article Marketing","description":"article marketing &amp; press release","potentialAction":[{"@type":"SearchAction","target":{"@type":"EntryPoint","urlTemplate":"https:\/\/www.article-marketing.eu\/comunicati\/?s={search_term_string}"},"query-input":{"@type":"PropertyValueSpecification","valueRequired":true,"valueName":"search_term_string"}}],"inLanguage":"it-IT"},{"@type":"Person","@id":"https:\/\/www.article-marketing.eu\/comunicati\/#\/schema\/person\/44372e4d4d0fa797b18e03ed1ace9017","name":"Redazione Comunicati Stampa","image":{"@type":"ImageObject","inLanguage":"it-IT","@id":"https:\/\/www.article-marketing.eu\/comunicati\/#\/schema\/person\/image\/","url":"https:\/\/secure.gravatar.com\/avatar\/50e5c6421d3072f42e7ace803501602c60d75233d34e29fd05feb91c8760b792?s=96&d=mm&r=g","contentUrl":"https:\/\/secure.gravatar.com\/avatar\/50e5c6421d3072f42e7ace803501602c60d75233d34e29fd05feb91c8760b792?s=96&d=mm&r=g","caption":"Redazione Comunicati Stampa"},"url":"https:\/\/www.article-marketing.eu\/comunicati\/author\/redazione-comunicati-stampa\/"}]}},"_links":{"self":[{"href":"https:\/\/www.article-marketing.eu\/comunicati\/wp-json\/wp\/v2\/posts\/17351","targetHints":{"allow":["GET"]}}],"collection":[{"href":"https:\/\/www.article-marketing.eu\/comunicati\/wp-json\/wp\/v2\/posts"}],"about":[{"href":"https:\/\/www.article-marketing.eu\/comunicati\/wp-json\/wp\/v2\/types\/post"}],"author":[{"embeddable":true,"href":"https:\/\/www.article-marketing.eu\/comunicati\/wp-json\/wp\/v2\/users\/10"}],"replies":[{"embeddable":true,"href":"https:\/\/www.article-marketing.eu\/comunicati\/wp-json\/wp\/v2\/comments?post=17351"}],"version-history":[{"count":0,"href":"https:\/\/www.article-marketing.eu\/comunicati\/wp-json\/wp\/v2\/posts\/17351\/revisions"}],"wp:attachment":[{"href":"https:\/\/www.article-marketing.eu\/comunicati\/wp-json\/wp\/v2\/media?parent=17351"}],"wp:term":[{"taxonomy":"category","embeddable":true,"href":"https:\/\/www.article-marketing.eu\/comunicati\/wp-json\/wp\/v2\/categories?post=17351"},{"taxonomy":"post_tag","embeddable":true,"href":"https:\/\/www.article-marketing.eu\/comunicati\/wp-json\/wp\/v2\/tags?post=17351"}],"curies":[{"name":"wp","href":"https:\/\/api.w.org\/{rel}","templated":true}]}}