{"id":17406,"date":"2011-06-16T14:34:39","date_gmt":"2011-06-16T12:34:39","guid":{"rendered":"http:\/\/www.article-marketing.eu\/comunicati\/senza-categoria\/fondi-europei-giovani-esperti-crescono\/"},"modified":"2011-06-16T14:34:39","modified_gmt":"2011-06-16T12:34:39","slug":"fondi-europei-giovani-esperti-crescono","status":"publish","type":"post","link":"https:\/\/www.article-marketing.eu\/comunicati\/economia-e-lavoro\/fondi-europei-giovani-esperti-crescono\/","title":{"rendered":"Fondi Europei: giovani esperti crescono"},"content":{"rendered":"<p>Gli studenti e i professionisti che amano progettare e lavorare in un contesto internazionale da oggi hanno la possibilit&agrave; di specializzarsi ed intraprendere la carriera di Europroject Manager, una figura emergente e sempre pi&ugrave; richiesta dal mercato. Ci&ograve; che contraddistingue un Europrogettista da un Project Manager &egrave; la capacit&agrave; di costruire percorsi progettuali trasversali ai diversi piani (locali, nazionali, comunitari) e di governare un territorio o un sistema attraverso un modello di gestione partecipata. L&rsquo;Europroject Manager ha una profonda conoscenza del contesto istituzionale e sociale di riferimento e delle politiche di sviluppo integrato e sviluppo sostenibile. Dal 1997 Eurogiovani forma professionisti esperti dei principali programmi dell&rsquo;Unione Europea e delle tecniche necessarie al reperimento di finanziamenti internazionali destinati a progetti comunitari. Ha partenariati con Regione Puglia, Province di Taranto e Lecce e numerosi Comuni e realt&agrave; private e pubbliche, tra cui l&#8217;Universit&agrave; del Salento e l&#8217;Universit&agrave; degli Studi di Bari &#8220;Aldo Moro&#8221;. Le tre sedi Eurogiovani nel Sud Italia: Eurogiovani Bari Master e Borse di studio Eurogiovani Lecce Master e Borse di studio Eurogiovani Trani Master e Borse di studio Eurogiovani opera nella Formazione Alta e nella Ricerca, con la progettazione di percorsi formativi altamente qualificati e fortemente specializzanti per stabilire un contatto diretto con il mondo del lavoro. L&rsquo;offerta formativa di Eurogiovani: Master in Europroject Manager di Eurogiovani Lecce Il Master in Europrogettazione 2007\/2013 &ndash; Europroject Manager a Lecce &egrave; un&#8217;iniziativa formativa di successo patrocinata della Presidenza del Consiglio-Dipartimento Politiche Comunitarie. Il Master forma la figura di consulente e progettista comunitario e si addice sia a destinatari con esperienza sia a destinatari poco esperti di progettazione internazionale. Al termine del corso sar&agrave; rilasciato un Attestato di Partecipazione e Frequenza e agli studenti universitari saranno riconosciuti 5 CFU &ndash; crediti formativi universitari. Master in Project Manager per la europrogettazione di Eurogiovani Trani Per diventare esperti in progettazione comunitaria ed utilizzare le molteplici opportunit&agrave; offerte dai Fondi Europei, Eurogiovani propone un Master intensivo di 5 giorni in Europrogettazione 2007\/2013 &ndash; Europroject Manager a Trani. Il corso adotta un approccio molto operativo e concreto grazie alla presenza di consulenti, valutatori e progettisti comunitari senior con esperienze pluriennali. Le iscrizioni sono aperte e rivolte sia a studenti universitari e laureati che a soggetti del settore pubblico e privato coinvolti in attivit&agrave; di europrogettazione e gestione di progetti con respiro internazionale. Eurogiovani &egrave; da sempre attenta ed interessata a trovare e formare nuovi talenti, per questo mette a disposizione delle Borse di Studio per merito: Borsa di studio Master in Progettazione europea di Eurogiovani Lecce Lo studente con la miglior media voti sul libretto universitario pu&ograve; usufruire di una borsa di studio a copertura parziale per il Master in Europrogettazione 2007\/2013 &ndash; Europroject Manager a Lecce. La borsa copre il 50% del valore totale della quota d&rsquo;iscrizione. Gli studenti interessati sono invitati a presentare la domanda borsa di studio in fase d&rsquo;iscrizione. Borsa di studio Master a Trani in Europroject Manager di Eurogiovani Gli studenti universitari che hanno ottenuto ottimi risultati scolastici possono richiedere una Borsa di Studio per il Master in Europrogettazione 2007\/2013 &ndash; Europroject Manager a Trani. La borsa di studio da diritto ad uno sconto di 190 euro sulla quota d&rsquo;iscrizione al master.<\/p>\n","protected":false},"excerpt":{"rendered":"<p>Ci\u00f2 che contraddistingue un Europrogettista da un Project Manager \u00e8 la capacit\u00e0 di costruire percorsi progettuali trasversali ai diversi piani.<\/p>\n","protected":false},"author":10,"featured_media":0,"comment_status":"open","ping_status":"open","sticky":false,"template":"","format":"standard","meta":{"cybocfi_hide_featured_image":"","footnotes":""},"categories":[59],"tags":[26494],"class_list":["post-17406","post","type-post","status-publish","format-standard","hentry","category-economia-e-lavoro","tag-eurogiovani"],"yoast_head":"<!-- This site is optimized with the Yoast SEO plugin v27.0 - https:\/\/yoast.com\/product\/yoast-seo-wordpress\/ -->\n<title>Fondi Europei: giovani esperti crescono - Article Marketing<\/title>\n<meta name=\"robots\" content=\"index, follow, max-snippet:-1, max-image-preview:large, max-video-preview:-1\" \/>\n<link rel=\"canonical\" href=\"https:\/\/www.article-marketing.eu\/comunicati\/economia-e-lavoro\/fondi-europei-giovani-esperti-crescono\/\" \/>\n<meta property=\"og:locale\" content=\"it_IT\" \/>\n<meta property=\"og:type\" content=\"article\" \/>\n<meta property=\"og:title\" content=\"Fondi Europei: giovani esperti crescono - Article Marketing\" \/>\n<meta property=\"og:description\" content=\"Ci\u00f2 che contraddistingue un Europrogettista da un Project Manager \u00e8 la capacit\u00e0 di costruire percorsi progettuali trasversali ai diversi piani.\" \/>\n<meta property=\"og:url\" content=\"https:\/\/www.article-marketing.eu\/comunicati\/economia-e-lavoro\/fondi-europei-giovani-esperti-crescono\/\" \/>\n<meta property=\"og:site_name\" content=\"Article Marketing\" \/>\n<meta property=\"article:published_time\" content=\"2011-06-16T12:34:39+00:00\" \/>\n<meta name=\"author\" content=\"Redazione Comunicati Stampa\" \/>\n<meta name=\"twitter:card\" content=\"summary_large_image\" \/>\n<meta name=\"twitter:label1\" content=\"Scritto da\" \/>\n\t<meta name=\"twitter:data1\" content=\"Redazione Comunicati Stampa\" \/>\n\t<meta name=\"twitter:label2\" content=\"Tempo di lettura stimato\" \/>\n\t<meta name=\"twitter:data2\" content=\"3 minuti\" \/>\n<script type=\"application\/ld+json\" class=\"yoast-schema-graph\">{\"@context\":\"https:\/\/schema.org\",\"@graph\":[{\"@type\":\"Article\",\"@id\":\"https:\/\/www.article-marketing.eu\/comunicati\/economia-e-lavoro\/fondi-europei-giovani-esperti-crescono\/#article\",\"isPartOf\":{\"@id\":\"https:\/\/www.article-marketing.eu\/comunicati\/economia-e-lavoro\/fondi-europei-giovani-esperti-crescono\/\"},\"author\":{\"name\":\"Redazione Comunicati Stampa\",\"@id\":\"https:\/\/www.article-marketing.eu\/comunicati\/#\/schema\/person\/44372e4d4d0fa797b18e03ed1ace9017\"},\"headline\":\"Fondi Europei: giovani esperti crescono\",\"datePublished\":\"2011-06-16T12:34:39+00:00\",\"mainEntityOfPage\":{\"@id\":\"https:\/\/www.article-marketing.eu\/comunicati\/economia-e-lavoro\/fondi-europei-giovani-esperti-crescono\/\"},\"wordCount\":550,\"commentCount\":0,\"keywords\":[\"eurogiovani\"],\"articleSection\":[\"Economia e lavoro\"],\"inLanguage\":\"it-IT\",\"potentialAction\":[{\"@type\":\"CommentAction\",\"name\":\"Comment\",\"target\":[\"https:\/\/www.article-marketing.eu\/comunicati\/economia-e-lavoro\/fondi-europei-giovani-esperti-crescono\/#respond\"]}]},{\"@type\":\"WebPage\",\"@id\":\"https:\/\/www.article-marketing.eu\/comunicati\/economia-e-lavoro\/fondi-europei-giovani-esperti-crescono\/\",\"url\":\"https:\/\/www.article-marketing.eu\/comunicati\/economia-e-lavoro\/fondi-europei-giovani-esperti-crescono\/\",\"name\":\"Fondi Europei: giovani esperti crescono - Article Marketing\",\"isPartOf\":{\"@id\":\"https:\/\/www.article-marketing.eu\/comunicati\/#website\"},\"datePublished\":\"2011-06-16T12:34:39+00:00\",\"author\":{\"@id\":\"https:\/\/www.article-marketing.eu\/comunicati\/#\/schema\/person\/44372e4d4d0fa797b18e03ed1ace9017\"},\"breadcrumb\":{\"@id\":\"https:\/\/www.article-marketing.eu\/comunicati\/economia-e-lavoro\/fondi-europei-giovani-esperti-crescono\/#breadcrumb\"},\"inLanguage\":\"it-IT\",\"potentialAction\":[{\"@type\":\"ReadAction\",\"target\":[\"https:\/\/www.article-marketing.eu\/comunicati\/economia-e-lavoro\/fondi-europei-giovani-esperti-crescono\/\"]}]},{\"@type\":\"BreadcrumbList\",\"@id\":\"https:\/\/www.article-marketing.eu\/comunicati\/economia-e-lavoro\/fondi-europei-giovani-esperti-crescono\/#breadcrumb\",\"itemListElement\":[{\"@type\":\"ListItem\",\"position\":1,\"name\":\"Home\",\"item\":\"https:\/\/www.article-marketing.eu\/comunicati\/\"},{\"@type\":\"ListItem\",\"position\":2,\"name\":\"Fondi Europei: giovani esperti crescono\"}]},{\"@type\":\"WebSite\",\"@id\":\"https:\/\/www.article-marketing.eu\/comunicati\/#website\",\"url\":\"https:\/\/www.article-marketing.eu\/comunicati\/\",\"name\":\"Article Marketing\",\"description\":\"article marketing &amp; press release\",\"potentialAction\":[{\"@type\":\"SearchAction\",\"target\":{\"@type\":\"EntryPoint\",\"urlTemplate\":\"https:\/\/www.article-marketing.eu\/comunicati\/?s={search_term_string}\"},\"query-input\":{\"@type\":\"PropertyValueSpecification\",\"valueRequired\":true,\"valueName\":\"search_term_string\"}}],\"inLanguage\":\"it-IT\"},{\"@type\":\"Person\",\"@id\":\"https:\/\/www.article-marketing.eu\/comunicati\/#\/schema\/person\/44372e4d4d0fa797b18e03ed1ace9017\",\"name\":\"Redazione Comunicati Stampa\",\"image\":{\"@type\":\"ImageObject\",\"inLanguage\":\"it-IT\",\"@id\":\"https:\/\/www.article-marketing.eu\/comunicati\/#\/schema\/person\/image\/\",\"url\":\"https:\/\/secure.gravatar.com\/avatar\/50e5c6421d3072f42e7ace803501602c60d75233d34e29fd05feb91c8760b792?s=96&d=mm&r=g\",\"contentUrl\":\"https:\/\/secure.gravatar.com\/avatar\/50e5c6421d3072f42e7ace803501602c60d75233d34e29fd05feb91c8760b792?s=96&d=mm&r=g\",\"caption\":\"Redazione Comunicati Stampa\"},\"url\":\"https:\/\/www.article-marketing.eu\/comunicati\/author\/redazione-comunicati-stampa\/\"}]}<\/script>\n<!-- \/ Yoast SEO plugin. -->","yoast_head_json":{"title":"Fondi Europei: giovani esperti crescono - Article Marketing","robots":{"index":"index","follow":"follow","max-snippet":"max-snippet:-1","max-image-preview":"max-image-preview:large","max-video-preview":"max-video-preview:-1"},"canonical":"https:\/\/www.article-marketing.eu\/comunicati\/economia-e-lavoro\/fondi-europei-giovani-esperti-crescono\/","og_locale":"it_IT","og_type":"article","og_title":"Fondi Europei: giovani esperti crescono - Article Marketing","og_description":"Ci\u00f2 che contraddistingue un Europrogettista da un Project Manager \u00e8 la capacit\u00e0 di costruire percorsi progettuali trasversali ai diversi piani.","og_url":"https:\/\/www.article-marketing.eu\/comunicati\/economia-e-lavoro\/fondi-europei-giovani-esperti-crescono\/","og_site_name":"Article Marketing","article_published_time":"2011-06-16T12:34:39+00:00","author":"Redazione Comunicati Stampa","twitter_card":"summary_large_image","twitter_misc":{"Scritto da":"Redazione Comunicati Stampa","Tempo di lettura stimato":"3 minuti"},"schema":{"@context":"https:\/\/schema.org","@graph":[{"@type":"Article","@id":"https:\/\/www.article-marketing.eu\/comunicati\/economia-e-lavoro\/fondi-europei-giovani-esperti-crescono\/#article","isPartOf":{"@id":"https:\/\/www.article-marketing.eu\/comunicati\/economia-e-lavoro\/fondi-europei-giovani-esperti-crescono\/"},"author":{"name":"Redazione Comunicati Stampa","@id":"https:\/\/www.article-marketing.eu\/comunicati\/#\/schema\/person\/44372e4d4d0fa797b18e03ed1ace9017"},"headline":"Fondi Europei: giovani esperti crescono","datePublished":"2011-06-16T12:34:39+00:00","mainEntityOfPage":{"@id":"https:\/\/www.article-marketing.eu\/comunicati\/economia-e-lavoro\/fondi-europei-giovani-esperti-crescono\/"},"wordCount":550,"commentCount":0,"keywords":["eurogiovani"],"articleSection":["Economia e lavoro"],"inLanguage":"it-IT","potentialAction":[{"@type":"CommentAction","name":"Comment","target":["https:\/\/www.article-marketing.eu\/comunicati\/economia-e-lavoro\/fondi-europei-giovani-esperti-crescono\/#respond"]}]},{"@type":"WebPage","@id":"https:\/\/www.article-marketing.eu\/comunicati\/economia-e-lavoro\/fondi-europei-giovani-esperti-crescono\/","url":"https:\/\/www.article-marketing.eu\/comunicati\/economia-e-lavoro\/fondi-europei-giovani-esperti-crescono\/","name":"Fondi Europei: giovani esperti crescono - Article Marketing","isPartOf":{"@id":"https:\/\/www.article-marketing.eu\/comunicati\/#website"},"datePublished":"2011-06-16T12:34:39+00:00","author":{"@id":"https:\/\/www.article-marketing.eu\/comunicati\/#\/schema\/person\/44372e4d4d0fa797b18e03ed1ace9017"},"breadcrumb":{"@id":"https:\/\/www.article-marketing.eu\/comunicati\/economia-e-lavoro\/fondi-europei-giovani-esperti-crescono\/#breadcrumb"},"inLanguage":"it-IT","potentialAction":[{"@type":"ReadAction","target":["https:\/\/www.article-marketing.eu\/comunicati\/economia-e-lavoro\/fondi-europei-giovani-esperti-crescono\/"]}]},{"@type":"BreadcrumbList","@id":"https:\/\/www.article-marketing.eu\/comunicati\/economia-e-lavoro\/fondi-europei-giovani-esperti-crescono\/#breadcrumb","itemListElement":[{"@type":"ListItem","position":1,"name":"Home","item":"https:\/\/www.article-marketing.eu\/comunicati\/"},{"@type":"ListItem","position":2,"name":"Fondi Europei: giovani esperti crescono"}]},{"@type":"WebSite","@id":"https:\/\/www.article-marketing.eu\/comunicati\/#website","url":"https:\/\/www.article-marketing.eu\/comunicati\/","name":"Article Marketing","description":"article marketing &amp; press release","potentialAction":[{"@type":"SearchAction","target":{"@type":"EntryPoint","urlTemplate":"https:\/\/www.article-marketing.eu\/comunicati\/?s={search_term_string}"},"query-input":{"@type":"PropertyValueSpecification","valueRequired":true,"valueName":"search_term_string"}}],"inLanguage":"it-IT"},{"@type":"Person","@id":"https:\/\/www.article-marketing.eu\/comunicati\/#\/schema\/person\/44372e4d4d0fa797b18e03ed1ace9017","name":"Redazione Comunicati Stampa","image":{"@type":"ImageObject","inLanguage":"it-IT","@id":"https:\/\/www.article-marketing.eu\/comunicati\/#\/schema\/person\/image\/","url":"https:\/\/secure.gravatar.com\/avatar\/50e5c6421d3072f42e7ace803501602c60d75233d34e29fd05feb91c8760b792?s=96&d=mm&r=g","contentUrl":"https:\/\/secure.gravatar.com\/avatar\/50e5c6421d3072f42e7ace803501602c60d75233d34e29fd05feb91c8760b792?s=96&d=mm&r=g","caption":"Redazione Comunicati Stampa"},"url":"https:\/\/www.article-marketing.eu\/comunicati\/author\/redazione-comunicati-stampa\/"}]}},"_links":{"self":[{"href":"https:\/\/www.article-marketing.eu\/comunicati\/wp-json\/wp\/v2\/posts\/17406","targetHints":{"allow":["GET"]}}],"collection":[{"href":"https:\/\/www.article-marketing.eu\/comunicati\/wp-json\/wp\/v2\/posts"}],"about":[{"href":"https:\/\/www.article-marketing.eu\/comunicati\/wp-json\/wp\/v2\/types\/post"}],"author":[{"embeddable":true,"href":"https:\/\/www.article-marketing.eu\/comunicati\/wp-json\/wp\/v2\/users\/10"}],"replies":[{"embeddable":true,"href":"https:\/\/www.article-marketing.eu\/comunicati\/wp-json\/wp\/v2\/comments?post=17406"}],"version-history":[{"count":0,"href":"https:\/\/www.article-marketing.eu\/comunicati\/wp-json\/wp\/v2\/posts\/17406\/revisions"}],"wp:attachment":[{"href":"https:\/\/www.article-marketing.eu\/comunicati\/wp-json\/wp\/v2\/media?parent=17406"}],"wp:term":[{"taxonomy":"category","embeddable":true,"href":"https:\/\/www.article-marketing.eu\/comunicati\/wp-json\/wp\/v2\/categories?post=17406"},{"taxonomy":"post_tag","embeddable":true,"href":"https:\/\/www.article-marketing.eu\/comunicati\/wp-json\/wp\/v2\/tags?post=17406"}],"curies":[{"name":"wp","href":"https:\/\/api.w.org\/{rel}","templated":true}]}}