{"id":1755,"date":"2009-04-09T11:28:57","date_gmt":"2009-04-09T09:28:57","guid":{"rendered":"http:\/\/www.article-marketing.eu\/comunicati\/senza-categoria\/raduno-nazionale-fiat-500-riccione\/"},"modified":"2018-06-04T20:14:28","modified_gmt":"2018-06-04T18:14:28","slug":"raduno-nazionale-fiat-500-riccione","status":"publish","type":"post","link":"https:\/\/www.article-marketing.eu\/comunicati\/viaggi-e-vacanze\/raduno-nazionale-fiat-500-riccione\/","title":{"rendered":"Raduno Nazionale Fiat 500 Riccione"},"content":{"rendered":"<p>Dal 08\/03\/2009 AL 08\/03\/2009 Per tutti gli appassionati di auto d\u2019epoca, il Fiat 500 Club Italia ha organizzato a Riccione l&#8217;8 marzo 2009 il Raduno Nazionale delle Fiat 500. Per tutti gli appassionati di auto d&#8217;epoca \u00e8 stato davvero un evento memorabile all\u2019insegna dell\u2019auto Italiana, che \u00e8 nata a Torino come utilitaria a rimodernizzata fino ai giorni nostri con la nuova 500. La storia di questo \u201covetto\u201d \u00e8 anche la storia dell\u2019Italia del secondo dopoguerra. <\/p>\n<p>Di un paese che, stanco degli stenti di un conflitto mondiale in cui si era cacciato suo malgrado, retoricamente \u201csognava l\u2019America\u201d. Era semplicemente l\u2019inseguimento di un sogno di benessere diffuso, di tranquillit\u00e0 sociale, che in quegli anni finalmente faceva capolino. \u00c8 in questo contesto che la 500 si affacci\u00f2 sul mercato: su un mercato fatto di \u201cproletari\u201d che sognavano di pensionare la \u201cVespa\u201d per una vera quattro ruote e di una borghesia che pian piano, dopo essersi fatta la \u201cmillecento\u201d, cercava una macchinetta per far muovere il rampollo neopatentato. Da non perdere anche la possibilit\u00e0 di prenotare un last minute nei tanti hotel di Rimini per soggiornare nella riviera romagnola. <\/p>\n<p>La Fiat 500, detta anche cinquino, ebbe inizio con l\u2019idea di Benito Mussolini col fatto che gli italiani avessero bisogno di una vettura economica che non superasse le 5000 lire, facendola diventare cos\u00ec una delle automobili pi\u00f9 famose italiane. Nel corso degli anni sono stati proposti numerosi modelli di questa bellissima automobile, allegra ed elegante nelle linee e sempre originale. Nel Raduno troveremo tutte le 500 che hanno fatto la storia\u2026..dalla famosa Topolino alla nuova 500; per tutti gli appassionati \u00e8 un\u2019occasione da non perdere!!<\/p>\n<p>Il punto d&#8217;incontro con tutti gli automobilisti interessati era piazzale Roma a Riccione alle ore 7.30, il piazzale si \u00e8 gremito di automobili vecchie e nuove ma tutte indiscutibilmente 500. Da qui si \u00e8 partiti per una divertente scoperta in 500 dell&#8217;entroterra romagnolo, stando vicino anche ad altri parchi di divertimento e agli hotel che si trovano vicino al parco di divertimenti Mirabilandia. C&#8217;\u00e8 stata inoltre una breve sosta a Gemmano, e anche qui c&#8217;\u00e8 stato il saluto delle autorit\u00e0 agli equipaggi e rinfresco. Verso mezzogiorno tutti di nuovo in moto con direzione la Riserva Naturale di Onferno, dove chi lo desidererava ha avuto la possibilit\u00e0 di visitare le famose grotte. Alle 13 circa, pranzo tradizionale, premiazioni e&#8230; arrivederci al 2010!<\/p>\n<p>Per chi volesse soggiornare nella bella localit\u00e0 di Riccione cogliendo l\u2019occasione assistere ad altri eventi o spettacoli che questo territorio offre di continuo, \u00e8 possibile farlo presso i molteplici alberghi rinomati attrezzati per tutti i tipi di esigenze e sempre pronti ad una accoglienza di prim\u2019ordine\u2026 Cogliendo cos\u00ec l\u2019occasione di visitare il centro con negozi raffinati, il mare con la sua spiaggia con sabbia finissima e l\u2019entroterra meraviglioso di Riccione! <\/p>\n<p>Maggiori informazioni sugli eventi di Riccione e dintorni e magari approfittarne per visitare il parco dell\u2019Italia in miniatura al numero 0541 680334.<\/p>\n","protected":false},"excerpt":{"rendered":"<p>Dal 08\/03\/2009 AL 08\/03\/2009 Per tutti gli appassionati di auto d\u2019epoca, il Fiat 500 Club Italia ha organizzato a Riccione l&#8217;8 marzo 2009 il Raduno Nazionale delle Fiat 500.<\/p>\n","protected":false},"author":10,"featured_media":0,"comment_status":"open","ping_status":"open","sticky":false,"template":"","format":"standard","meta":{"cybocfi_hide_featured_image":"","footnotes":""},"categories":[280],"tags":[5617,2273,456,5667,5666,1172,891,253],"class_list":["post-1755","post","type-post","status-publish","format-standard","hentry","category-viaggi-e-vacanze","tag-auto-depoca","tag-divertimento","tag-eventi","tag-fiat-500","tag-raduno","tag-riccione","tag-spettacoli","tag-turismo"],"yoast_head":"<!-- This site is optimized with the Yoast SEO plugin v27.0 - https:\/\/yoast.com\/product\/yoast-seo-wordpress\/ -->\n<title>Raduno Nazionale Fiat 500 Riccione - Article Marketing<\/title>\n<meta name=\"robots\" content=\"index, follow, max-snippet:-1, max-image-preview:large, max-video-preview:-1\" \/>\n<link rel=\"canonical\" href=\"https:\/\/www.article-marketing.eu\/comunicati\/viaggi-e-vacanze\/raduno-nazionale-fiat-500-riccione\/\" \/>\n<meta property=\"og:locale\" content=\"it_IT\" \/>\n<meta property=\"og:type\" content=\"article\" \/>\n<meta property=\"og:title\" content=\"Raduno Nazionale Fiat 500 Riccione - Article Marketing\" \/>\n<meta property=\"og:description\" content=\"Dal 08\/03\/2009 AL 08\/03\/2009 Per tutti gli appassionati di auto d\u2019epoca, il Fiat 500 Club Italia ha organizzato a Riccione l&#039;8 marzo 2009 il Raduno Nazionale delle Fiat 500.\" \/>\n<meta property=\"og:url\" content=\"https:\/\/www.article-marketing.eu\/comunicati\/viaggi-e-vacanze\/raduno-nazionale-fiat-500-riccione\/\" \/>\n<meta property=\"og:site_name\" content=\"Article Marketing\" \/>\n<meta property=\"article:published_time\" content=\"2009-04-09T09:28:57+00:00\" \/>\n<meta property=\"article:modified_time\" content=\"2018-06-04T18:14:28+00:00\" \/>\n<meta name=\"author\" content=\"Redazione Comunicati Stampa\" \/>\n<meta name=\"twitter:card\" content=\"summary_large_image\" \/>\n<meta name=\"twitter:label1\" content=\"Scritto da\" \/>\n\t<meta name=\"twitter:data1\" content=\"Redazione Comunicati Stampa\" \/>\n\t<meta name=\"twitter:label2\" content=\"Tempo di lettura stimato\" \/>\n\t<meta name=\"twitter:data2\" content=\"2 minuti\" \/>\n<script type=\"application\/ld+json\" class=\"yoast-schema-graph\">{\"@context\":\"https:\/\/schema.org\",\"@graph\":[{\"@type\":\"Article\",\"@id\":\"https:\/\/www.article-marketing.eu\/comunicati\/viaggi-e-vacanze\/raduno-nazionale-fiat-500-riccione\/#article\",\"isPartOf\":{\"@id\":\"https:\/\/www.article-marketing.eu\/comunicati\/viaggi-e-vacanze\/raduno-nazionale-fiat-500-riccione\/\"},\"author\":{\"name\":\"Redazione Comunicati Stampa\",\"@id\":\"https:\/\/www.article-marketing.eu\/comunicati\/#\/schema\/person\/44372e4d4d0fa797b18e03ed1ace9017\"},\"headline\":\"Raduno Nazionale Fiat 500 Riccione\",\"datePublished\":\"2009-04-09T09:28:57+00:00\",\"dateModified\":\"2018-06-04T18:14:28+00:00\",\"mainEntityOfPage\":{\"@id\":\"https:\/\/www.article-marketing.eu\/comunicati\/viaggi-e-vacanze\/raduno-nazionale-fiat-500-riccione\/\"},\"wordCount\":475,\"commentCount\":0,\"keywords\":[\"auto d'epoca\",\"divertimento\",\"eventi\",\"fiat 500\",\"raduno\",\"Riccione\",\"spettacoli\",\"turismo\"],\"articleSection\":[\"Viaggi e vacanze\"],\"inLanguage\":\"it-IT\",\"potentialAction\":[{\"@type\":\"CommentAction\",\"name\":\"Comment\",\"target\":[\"https:\/\/www.article-marketing.eu\/comunicati\/viaggi-e-vacanze\/raduno-nazionale-fiat-500-riccione\/#respond\"]}]},{\"@type\":\"WebPage\",\"@id\":\"https:\/\/www.article-marketing.eu\/comunicati\/viaggi-e-vacanze\/raduno-nazionale-fiat-500-riccione\/\",\"url\":\"https:\/\/www.article-marketing.eu\/comunicati\/viaggi-e-vacanze\/raduno-nazionale-fiat-500-riccione\/\",\"name\":\"Raduno Nazionale Fiat 500 Riccione - Article Marketing\",\"isPartOf\":{\"@id\":\"https:\/\/www.article-marketing.eu\/comunicati\/#website\"},\"datePublished\":\"2009-04-09T09:28:57+00:00\",\"dateModified\":\"2018-06-04T18:14:28+00:00\",\"author\":{\"@id\":\"https:\/\/www.article-marketing.eu\/comunicati\/#\/schema\/person\/44372e4d4d0fa797b18e03ed1ace9017\"},\"breadcrumb\":{\"@id\":\"https:\/\/www.article-marketing.eu\/comunicati\/viaggi-e-vacanze\/raduno-nazionale-fiat-500-riccione\/#breadcrumb\"},\"inLanguage\":\"it-IT\",\"potentialAction\":[{\"@type\":\"ReadAction\",\"target\":[\"https:\/\/www.article-marketing.eu\/comunicati\/viaggi-e-vacanze\/raduno-nazionale-fiat-500-riccione\/\"]}]},{\"@type\":\"BreadcrumbList\",\"@id\":\"https:\/\/www.article-marketing.eu\/comunicati\/viaggi-e-vacanze\/raduno-nazionale-fiat-500-riccione\/#breadcrumb\",\"itemListElement\":[{\"@type\":\"ListItem\",\"position\":1,\"name\":\"Home\",\"item\":\"https:\/\/www.article-marketing.eu\/comunicati\/\"},{\"@type\":\"ListItem\",\"position\":2,\"name\":\"Raduno Nazionale Fiat 500 Riccione\"}]},{\"@type\":\"WebSite\",\"@id\":\"https:\/\/www.article-marketing.eu\/comunicati\/#website\",\"url\":\"https:\/\/www.article-marketing.eu\/comunicati\/\",\"name\":\"Article Marketing\",\"description\":\"article marketing &amp; press release\",\"potentialAction\":[{\"@type\":\"SearchAction\",\"target\":{\"@type\":\"EntryPoint\",\"urlTemplate\":\"https:\/\/www.article-marketing.eu\/comunicati\/?s={search_term_string}\"},\"query-input\":{\"@type\":\"PropertyValueSpecification\",\"valueRequired\":true,\"valueName\":\"search_term_string\"}}],\"inLanguage\":\"it-IT\"},{\"@type\":\"Person\",\"@id\":\"https:\/\/www.article-marketing.eu\/comunicati\/#\/schema\/person\/44372e4d4d0fa797b18e03ed1ace9017\",\"name\":\"Redazione Comunicati Stampa\",\"image\":{\"@type\":\"ImageObject\",\"inLanguage\":\"it-IT\",\"@id\":\"https:\/\/www.article-marketing.eu\/comunicati\/#\/schema\/person\/image\/\",\"url\":\"https:\/\/secure.gravatar.com\/avatar\/50e5c6421d3072f42e7ace803501602c60d75233d34e29fd05feb91c8760b792?s=96&d=mm&r=g\",\"contentUrl\":\"https:\/\/secure.gravatar.com\/avatar\/50e5c6421d3072f42e7ace803501602c60d75233d34e29fd05feb91c8760b792?s=96&d=mm&r=g\",\"caption\":\"Redazione Comunicati Stampa\"},\"url\":\"https:\/\/www.article-marketing.eu\/comunicati\/author\/redazione-comunicati-stampa\/\"}]}<\/script>\n<!-- \/ Yoast SEO plugin. -->","yoast_head_json":{"title":"Raduno Nazionale Fiat 500 Riccione - Article Marketing","robots":{"index":"index","follow":"follow","max-snippet":"max-snippet:-1","max-image-preview":"max-image-preview:large","max-video-preview":"max-video-preview:-1"},"canonical":"https:\/\/www.article-marketing.eu\/comunicati\/viaggi-e-vacanze\/raduno-nazionale-fiat-500-riccione\/","og_locale":"it_IT","og_type":"article","og_title":"Raduno Nazionale Fiat 500 Riccione - Article Marketing","og_description":"Dal 08\/03\/2009 AL 08\/03\/2009 Per tutti gli appassionati di auto d\u2019epoca, il Fiat 500 Club Italia ha organizzato a Riccione l'8 marzo 2009 il Raduno Nazionale delle Fiat 500.","og_url":"https:\/\/www.article-marketing.eu\/comunicati\/viaggi-e-vacanze\/raduno-nazionale-fiat-500-riccione\/","og_site_name":"Article Marketing","article_published_time":"2009-04-09T09:28:57+00:00","article_modified_time":"2018-06-04T18:14:28+00:00","author":"Redazione Comunicati Stampa","twitter_card":"summary_large_image","twitter_misc":{"Scritto da":"Redazione Comunicati Stampa","Tempo di lettura stimato":"2 minuti"},"schema":{"@context":"https:\/\/schema.org","@graph":[{"@type":"Article","@id":"https:\/\/www.article-marketing.eu\/comunicati\/viaggi-e-vacanze\/raduno-nazionale-fiat-500-riccione\/#article","isPartOf":{"@id":"https:\/\/www.article-marketing.eu\/comunicati\/viaggi-e-vacanze\/raduno-nazionale-fiat-500-riccione\/"},"author":{"name":"Redazione Comunicati Stampa","@id":"https:\/\/www.article-marketing.eu\/comunicati\/#\/schema\/person\/44372e4d4d0fa797b18e03ed1ace9017"},"headline":"Raduno Nazionale Fiat 500 Riccione","datePublished":"2009-04-09T09:28:57+00:00","dateModified":"2018-06-04T18:14:28+00:00","mainEntityOfPage":{"@id":"https:\/\/www.article-marketing.eu\/comunicati\/viaggi-e-vacanze\/raduno-nazionale-fiat-500-riccione\/"},"wordCount":475,"commentCount":0,"keywords":["auto d'epoca","divertimento","eventi","fiat 500","raduno","Riccione","spettacoli","turismo"],"articleSection":["Viaggi e vacanze"],"inLanguage":"it-IT","potentialAction":[{"@type":"CommentAction","name":"Comment","target":["https:\/\/www.article-marketing.eu\/comunicati\/viaggi-e-vacanze\/raduno-nazionale-fiat-500-riccione\/#respond"]}]},{"@type":"WebPage","@id":"https:\/\/www.article-marketing.eu\/comunicati\/viaggi-e-vacanze\/raduno-nazionale-fiat-500-riccione\/","url":"https:\/\/www.article-marketing.eu\/comunicati\/viaggi-e-vacanze\/raduno-nazionale-fiat-500-riccione\/","name":"Raduno Nazionale Fiat 500 Riccione - Article Marketing","isPartOf":{"@id":"https:\/\/www.article-marketing.eu\/comunicati\/#website"},"datePublished":"2009-04-09T09:28:57+00:00","dateModified":"2018-06-04T18:14:28+00:00","author":{"@id":"https:\/\/www.article-marketing.eu\/comunicati\/#\/schema\/person\/44372e4d4d0fa797b18e03ed1ace9017"},"breadcrumb":{"@id":"https:\/\/www.article-marketing.eu\/comunicati\/viaggi-e-vacanze\/raduno-nazionale-fiat-500-riccione\/#breadcrumb"},"inLanguage":"it-IT","potentialAction":[{"@type":"ReadAction","target":["https:\/\/www.article-marketing.eu\/comunicati\/viaggi-e-vacanze\/raduno-nazionale-fiat-500-riccione\/"]}]},{"@type":"BreadcrumbList","@id":"https:\/\/www.article-marketing.eu\/comunicati\/viaggi-e-vacanze\/raduno-nazionale-fiat-500-riccione\/#breadcrumb","itemListElement":[{"@type":"ListItem","position":1,"name":"Home","item":"https:\/\/www.article-marketing.eu\/comunicati\/"},{"@type":"ListItem","position":2,"name":"Raduno Nazionale Fiat 500 Riccione"}]},{"@type":"WebSite","@id":"https:\/\/www.article-marketing.eu\/comunicati\/#website","url":"https:\/\/www.article-marketing.eu\/comunicati\/","name":"Article Marketing","description":"article marketing &amp; press release","potentialAction":[{"@type":"SearchAction","target":{"@type":"EntryPoint","urlTemplate":"https:\/\/www.article-marketing.eu\/comunicati\/?s={search_term_string}"},"query-input":{"@type":"PropertyValueSpecification","valueRequired":true,"valueName":"search_term_string"}}],"inLanguage":"it-IT"},{"@type":"Person","@id":"https:\/\/www.article-marketing.eu\/comunicati\/#\/schema\/person\/44372e4d4d0fa797b18e03ed1ace9017","name":"Redazione Comunicati Stampa","image":{"@type":"ImageObject","inLanguage":"it-IT","@id":"https:\/\/www.article-marketing.eu\/comunicati\/#\/schema\/person\/image\/","url":"https:\/\/secure.gravatar.com\/avatar\/50e5c6421d3072f42e7ace803501602c60d75233d34e29fd05feb91c8760b792?s=96&d=mm&r=g","contentUrl":"https:\/\/secure.gravatar.com\/avatar\/50e5c6421d3072f42e7ace803501602c60d75233d34e29fd05feb91c8760b792?s=96&d=mm&r=g","caption":"Redazione Comunicati Stampa"},"url":"https:\/\/www.article-marketing.eu\/comunicati\/author\/redazione-comunicati-stampa\/"}]}},"_links":{"self":[{"href":"https:\/\/www.article-marketing.eu\/comunicati\/wp-json\/wp\/v2\/posts\/1755","targetHints":{"allow":["GET"]}}],"collection":[{"href":"https:\/\/www.article-marketing.eu\/comunicati\/wp-json\/wp\/v2\/posts"}],"about":[{"href":"https:\/\/www.article-marketing.eu\/comunicati\/wp-json\/wp\/v2\/types\/post"}],"author":[{"embeddable":true,"href":"https:\/\/www.article-marketing.eu\/comunicati\/wp-json\/wp\/v2\/users\/10"}],"replies":[{"embeddable":true,"href":"https:\/\/www.article-marketing.eu\/comunicati\/wp-json\/wp\/v2\/comments?post=1755"}],"version-history":[{"count":1,"href":"https:\/\/www.article-marketing.eu\/comunicati\/wp-json\/wp\/v2\/posts\/1755\/revisions"}],"predecessor-version":[{"id":55431,"href":"https:\/\/www.article-marketing.eu\/comunicati\/wp-json\/wp\/v2\/posts\/1755\/revisions\/55431"}],"wp:attachment":[{"href":"https:\/\/www.article-marketing.eu\/comunicati\/wp-json\/wp\/v2\/media?parent=1755"}],"wp:term":[{"taxonomy":"category","embeddable":true,"href":"https:\/\/www.article-marketing.eu\/comunicati\/wp-json\/wp\/v2\/categories?post=1755"},{"taxonomy":"post_tag","embeddable":true,"href":"https:\/\/www.article-marketing.eu\/comunicati\/wp-json\/wp\/v2\/tags?post=1755"}],"curies":[{"name":"wp","href":"https:\/\/api.w.org\/{rel}","templated":true}]}}