{"id":1756,"date":"2009-04-09T16:55:35","date_gmt":"2009-04-09T14:55:35","guid":{"rendered":"http:\/\/www.article-marketing.eu\/comunicati\/senza-categoria\/concerto-del-primo-maggio-roma-1-maggio-2009\/"},"modified":"2009-04-09T16:55:35","modified_gmt":"2009-04-09T14:55:35","slug":"concerto-del-primo-maggio-roma-1-maggio-2009","status":"publish","type":"post","link":"https:\/\/www.article-marketing.eu\/comunicati\/comunicati-stampa\/eventi\/concerto-del-primo-maggio-roma-1-maggio-2009\/","title":{"rendered":"Concerto del Primo Maggio, Roma 1 Maggio 2009"},"content":{"rendered":"<p>Una giornata intera (il concerto comincia verso le 15:00 e si conclude a mezzanotte) dedicata alla musica e alla sua dimensione ideale, quella live: perch\u00e9 non c\u2019\u00e8 modo migliore di ascoltare e vivere la musica se non quella di sentirla uscire direttamente, e senza mediazioni di nessun tipo, dagli strumenti, dalla bocca e dal cuore di musicisti e cantanti. Lo sanno bene le migliaia di ragazzi che ogni anno accorrono a Roma da tutta Italia e anche dall\u2019estero, prenotando <a href=\"http:\/\/it.flashbooking.com\/navigation\/europa_italia_roma_ostello_all.html\">un ostello economico<\/a> nei pressi di Piazza San Giovani per ritemprarsi un po\u2019 dopo le \u201cfatiche\u201d del concerto, e che vivono questa esperienza con entusiasmo e spirito di festa. <\/p>\n<p>La scaletta del concerto, non ancora del tutto definita, presenta gi\u00e0 dei nomi di tutto rispetto: da Vasco Rossi, che ritorna al concerto del Primo Maggio dopo 10 anni di assenza (il titolo di una sua canzone, Il mondo che vorrei, d\u00e0 anche il titolo all\u2019evento), ad alcuni dei gruppi e cantanti pi\u00f9 energici della scena musicale italiana, come Bandabard\u00f2 e Caparezza, passando per nomi storici amati da pi\u00f9 generazioni (Edoardo Bennato e Nomadi). A rendere l\u2019evento ancora pi\u00f9 speciale, e a fare del concerto una vera e propria celebrazione del meglio della musica italiana, in particolare della scena rock, sul palco salir\u00e0 anche un supergruppo formato da alcuni componenti di due delle band rock pi\u00f9 apprezzate e amate d\u2019Italia: Manuel Agnelli degli Afterhours e Cristiano Godano e Gianni Maroccolo dei Marlene Kuntz, dei veri e propri animali da palcoscenico, il cui mix promette sicuramente bene. Il concerto del primo maggio si propone anche di promuovere le band emergenti, e infatti ad aprire l\u2019evento saranno i vincitori della rassegna \u201cPrimo maggio tutto l\u2019anno\u201d, una decina di gruppi selezionati su tutto il territorio nazionale che ci daranno l\u2019idea di come potrebbe essere la musica del futuro. <\/p>\n<p>Ma il concerto del Primo Maggio non \u00e8 solo un grande evento musicale e un\u2019occasione di festa per le migliaia di giovani che si mettono in viaggio verso Roma, \u00e8 anche uno spazio per riflettere e sensibilizzare giovani e non su importanti temi sociali, legati in particolare al mondo del lavoro. Il primo maggio \u00e8, prima di tutto, la festa dei lavoratori, e il concerto, che viene organizzato da CGIL, CISL e UIL, i tre principali sindacati italiani, viene legato ogni anno ad un tema importante e urgente: quest\u2019anno sar\u00e0 quello delle morti sul lavoro, e per dare un aiuto concreto \u00e8 stata istituita una raccolta fondi a favore degli orfani delle vittime sul lavoro. <\/p>\n<p>Se tutto questo non vi ha ancora convinto a prenotare un appartamento a Roma tenete conto che quest\u2019anno l\u2019evento verr\u00e0 presentato dal grande attore Sergio Castellitto, che promette di arricchire ulteriormente il concerto con la poesia (in particolare quella di Trilussa e Majakovskij), e vedr\u00e0 come ospite non musicale Marco Paolini, che probabilmente si esibir\u00e0 in una performance teatrale, facendo del concerto di Roma un evento culturale a tutto tondo. <\/p>\n<p>Biglietti: evento gratuito <\/p>\n<p>Data: 1 Maggio 2009 <\/p>\n<p>Dove: Piazza San Giovanni, Roma, Italia <\/p>\n<p>&nbsp;<\/p>\n","protected":false},"excerpt":{"rendered":"<p>La stagione dei grandi concerti rock in Italia si apre, come sempre, con il grande concerto del Primo Maggio di Roma. E per tutti gli amanti del rock e della buona musica dal vivo, questa \u00e8 un\u2019occasione davvero ghiotta: moltissime sono le band che si alternano ogni anno sul palco allestito in Piazza San Giovanni, offrendo una vetrina del meglio della musica italiana, ma ospitando anche degli importanti gruppi stranieri.<\/p>\n","protected":false},"author":10,"featured_media":0,"comment_status":"open","ping_status":"open","sticky":false,"template":"","format":"standard","meta":{"cybocfi_hide_featured_image":"","footnotes":""},"categories":[388],"tags":[1840,5668,1379,45,5669,4902],"class_list":["post-1756","post","type-post","status-publish","format-standard","hentry","category-eventi","tag-concerti","tag-concerto-primo-maggio","tag-festival","tag-musica","tag-musica-dal-vivo","tag-rock"],"yoast_head":"<!-- This site is optimized with the Yoast SEO plugin v27.0 - https:\/\/yoast.com\/product\/yoast-seo-wordpress\/ -->\n<title>Concerto del Primo Maggio, Roma 1 Maggio 2009 - Article Marketing<\/title>\n<meta name=\"robots\" content=\"index, follow, max-snippet:-1, max-image-preview:large, max-video-preview:-1\" \/>\n<link rel=\"canonical\" href=\"https:\/\/www.article-marketing.eu\/comunicati\/comunicati-stampa\/eventi\/concerto-del-primo-maggio-roma-1-maggio-2009\/\" \/>\n<meta property=\"og:locale\" content=\"it_IT\" \/>\n<meta property=\"og:type\" content=\"article\" \/>\n<meta property=\"og:title\" content=\"Concerto del Primo Maggio, Roma 1 Maggio 2009 - Article Marketing\" \/>\n<meta property=\"og:description\" content=\"La stagione dei grandi concerti rock in Italia si apre, come sempre, con il grande concerto del Primo Maggio di Roma. E per tutti gli amanti del rock e della buona musica dal vivo, questa \u00e8 un\u2019occasione davvero ghiotta: moltissime sono le band che si alternano ogni anno sul palco allestito in Piazza San Giovanni, offrendo una vetrina del meglio della musica italiana, ma ospitando anche degli importanti gruppi stranieri.\" \/>\n<meta property=\"og:url\" content=\"https:\/\/www.article-marketing.eu\/comunicati\/comunicati-stampa\/eventi\/concerto-del-primo-maggio-roma-1-maggio-2009\/\" \/>\n<meta property=\"og:site_name\" content=\"Article Marketing\" \/>\n<meta property=\"article:published_time\" content=\"2009-04-09T14:55:35+00:00\" \/>\n<meta name=\"author\" content=\"Redazione Comunicati Stampa\" \/>\n<meta name=\"twitter:card\" content=\"summary_large_image\" \/>\n<meta name=\"twitter:label1\" content=\"Scritto da\" \/>\n\t<meta name=\"twitter:data1\" content=\"Redazione Comunicati Stampa\" \/>\n\t<meta name=\"twitter:label2\" content=\"Tempo di lettura stimato\" \/>\n\t<meta name=\"twitter:data2\" content=\"3 minuti\" \/>\n<script type=\"application\/ld+json\" class=\"yoast-schema-graph\">{\"@context\":\"https:\/\/schema.org\",\"@graph\":[{\"@type\":\"Article\",\"@id\":\"https:\/\/www.article-marketing.eu\/comunicati\/comunicati-stampa\/eventi\/concerto-del-primo-maggio-roma-1-maggio-2009\/#article\",\"isPartOf\":{\"@id\":\"https:\/\/www.article-marketing.eu\/comunicati\/comunicati-stampa\/eventi\/concerto-del-primo-maggio-roma-1-maggio-2009\/\"},\"author\":{\"name\":\"Redazione Comunicati Stampa\",\"@id\":\"https:\/\/www.article-marketing.eu\/comunicati\/#\/schema\/person\/44372e4d4d0fa797b18e03ed1ace9017\"},\"headline\":\"Concerto del Primo Maggio, Roma 1 Maggio 2009\",\"datePublished\":\"2009-04-09T14:55:35+00:00\",\"mainEntityOfPage\":{\"@id\":\"https:\/\/www.article-marketing.eu\/comunicati\/comunicati-stampa\/eventi\/concerto-del-primo-maggio-roma-1-maggio-2009\/\"},\"wordCount\":511,\"commentCount\":0,\"keywords\":[\"concerti\",\"concerto Primo Maggio\",\"festival\",\"musica\",\"musica dal vivo\",\"rock\"],\"articleSection\":[\"Eventi\"],\"inLanguage\":\"it-IT\",\"potentialAction\":[{\"@type\":\"CommentAction\",\"name\":\"Comment\",\"target\":[\"https:\/\/www.article-marketing.eu\/comunicati\/comunicati-stampa\/eventi\/concerto-del-primo-maggio-roma-1-maggio-2009\/#respond\"]}]},{\"@type\":\"WebPage\",\"@id\":\"https:\/\/www.article-marketing.eu\/comunicati\/comunicati-stampa\/eventi\/concerto-del-primo-maggio-roma-1-maggio-2009\/\",\"url\":\"https:\/\/www.article-marketing.eu\/comunicati\/comunicati-stampa\/eventi\/concerto-del-primo-maggio-roma-1-maggio-2009\/\",\"name\":\"Concerto del Primo Maggio, Roma 1 Maggio 2009 - Article Marketing\",\"isPartOf\":{\"@id\":\"https:\/\/www.article-marketing.eu\/comunicati\/#website\"},\"datePublished\":\"2009-04-09T14:55:35+00:00\",\"author\":{\"@id\":\"https:\/\/www.article-marketing.eu\/comunicati\/#\/schema\/person\/44372e4d4d0fa797b18e03ed1ace9017\"},\"breadcrumb\":{\"@id\":\"https:\/\/www.article-marketing.eu\/comunicati\/comunicati-stampa\/eventi\/concerto-del-primo-maggio-roma-1-maggio-2009\/#breadcrumb\"},\"inLanguage\":\"it-IT\",\"potentialAction\":[{\"@type\":\"ReadAction\",\"target\":[\"https:\/\/www.article-marketing.eu\/comunicati\/comunicati-stampa\/eventi\/concerto-del-primo-maggio-roma-1-maggio-2009\/\"]}]},{\"@type\":\"BreadcrumbList\",\"@id\":\"https:\/\/www.article-marketing.eu\/comunicati\/comunicati-stampa\/eventi\/concerto-del-primo-maggio-roma-1-maggio-2009\/#breadcrumb\",\"itemListElement\":[{\"@type\":\"ListItem\",\"position\":1,\"name\":\"Home\",\"item\":\"https:\/\/www.article-marketing.eu\/comunicati\/\"},{\"@type\":\"ListItem\",\"position\":2,\"name\":\"Concerto del Primo Maggio, Roma 1 Maggio 2009\"}]},{\"@type\":\"WebSite\",\"@id\":\"https:\/\/www.article-marketing.eu\/comunicati\/#website\",\"url\":\"https:\/\/www.article-marketing.eu\/comunicati\/\",\"name\":\"Article Marketing\",\"description\":\"article marketing &amp; press release\",\"potentialAction\":[{\"@type\":\"SearchAction\",\"target\":{\"@type\":\"EntryPoint\",\"urlTemplate\":\"https:\/\/www.article-marketing.eu\/comunicati\/?s={search_term_string}\"},\"query-input\":{\"@type\":\"PropertyValueSpecification\",\"valueRequired\":true,\"valueName\":\"search_term_string\"}}],\"inLanguage\":\"it-IT\"},{\"@type\":\"Person\",\"@id\":\"https:\/\/www.article-marketing.eu\/comunicati\/#\/schema\/person\/44372e4d4d0fa797b18e03ed1ace9017\",\"name\":\"Redazione Comunicati Stampa\",\"image\":{\"@type\":\"ImageObject\",\"inLanguage\":\"it-IT\",\"@id\":\"https:\/\/www.article-marketing.eu\/comunicati\/#\/schema\/person\/image\/\",\"url\":\"https:\/\/secure.gravatar.com\/avatar\/50e5c6421d3072f42e7ace803501602c60d75233d34e29fd05feb91c8760b792?s=96&d=mm&r=g\",\"contentUrl\":\"https:\/\/secure.gravatar.com\/avatar\/50e5c6421d3072f42e7ace803501602c60d75233d34e29fd05feb91c8760b792?s=96&d=mm&r=g\",\"caption\":\"Redazione Comunicati Stampa\"},\"url\":\"https:\/\/www.article-marketing.eu\/comunicati\/author\/redazione-comunicati-stampa\/\"}]}<\/script>\n<!-- \/ Yoast SEO plugin. -->","yoast_head_json":{"title":"Concerto del Primo Maggio, Roma 1 Maggio 2009 - Article Marketing","robots":{"index":"index","follow":"follow","max-snippet":"max-snippet:-1","max-image-preview":"max-image-preview:large","max-video-preview":"max-video-preview:-1"},"canonical":"https:\/\/www.article-marketing.eu\/comunicati\/comunicati-stampa\/eventi\/concerto-del-primo-maggio-roma-1-maggio-2009\/","og_locale":"it_IT","og_type":"article","og_title":"Concerto del Primo Maggio, Roma 1 Maggio 2009 - Article Marketing","og_description":"La stagione dei grandi concerti rock in Italia si apre, come sempre, con il grande concerto del Primo Maggio di Roma. E per tutti gli amanti del rock e della buona musica dal vivo, questa \u00e8 un\u2019occasione davvero ghiotta: moltissime sono le band che si alternano ogni anno sul palco allestito in Piazza San Giovanni, offrendo una vetrina del meglio della musica italiana, ma ospitando anche degli importanti gruppi stranieri.","og_url":"https:\/\/www.article-marketing.eu\/comunicati\/comunicati-stampa\/eventi\/concerto-del-primo-maggio-roma-1-maggio-2009\/","og_site_name":"Article Marketing","article_published_time":"2009-04-09T14:55:35+00:00","author":"Redazione Comunicati Stampa","twitter_card":"summary_large_image","twitter_misc":{"Scritto da":"Redazione Comunicati Stampa","Tempo di lettura stimato":"3 minuti"},"schema":{"@context":"https:\/\/schema.org","@graph":[{"@type":"Article","@id":"https:\/\/www.article-marketing.eu\/comunicati\/comunicati-stampa\/eventi\/concerto-del-primo-maggio-roma-1-maggio-2009\/#article","isPartOf":{"@id":"https:\/\/www.article-marketing.eu\/comunicati\/comunicati-stampa\/eventi\/concerto-del-primo-maggio-roma-1-maggio-2009\/"},"author":{"name":"Redazione Comunicati Stampa","@id":"https:\/\/www.article-marketing.eu\/comunicati\/#\/schema\/person\/44372e4d4d0fa797b18e03ed1ace9017"},"headline":"Concerto del Primo Maggio, Roma 1 Maggio 2009","datePublished":"2009-04-09T14:55:35+00:00","mainEntityOfPage":{"@id":"https:\/\/www.article-marketing.eu\/comunicati\/comunicati-stampa\/eventi\/concerto-del-primo-maggio-roma-1-maggio-2009\/"},"wordCount":511,"commentCount":0,"keywords":["concerti","concerto Primo Maggio","festival","musica","musica dal vivo","rock"],"articleSection":["Eventi"],"inLanguage":"it-IT","potentialAction":[{"@type":"CommentAction","name":"Comment","target":["https:\/\/www.article-marketing.eu\/comunicati\/comunicati-stampa\/eventi\/concerto-del-primo-maggio-roma-1-maggio-2009\/#respond"]}]},{"@type":"WebPage","@id":"https:\/\/www.article-marketing.eu\/comunicati\/comunicati-stampa\/eventi\/concerto-del-primo-maggio-roma-1-maggio-2009\/","url":"https:\/\/www.article-marketing.eu\/comunicati\/comunicati-stampa\/eventi\/concerto-del-primo-maggio-roma-1-maggio-2009\/","name":"Concerto del Primo Maggio, Roma 1 Maggio 2009 - Article Marketing","isPartOf":{"@id":"https:\/\/www.article-marketing.eu\/comunicati\/#website"},"datePublished":"2009-04-09T14:55:35+00:00","author":{"@id":"https:\/\/www.article-marketing.eu\/comunicati\/#\/schema\/person\/44372e4d4d0fa797b18e03ed1ace9017"},"breadcrumb":{"@id":"https:\/\/www.article-marketing.eu\/comunicati\/comunicati-stampa\/eventi\/concerto-del-primo-maggio-roma-1-maggio-2009\/#breadcrumb"},"inLanguage":"it-IT","potentialAction":[{"@type":"ReadAction","target":["https:\/\/www.article-marketing.eu\/comunicati\/comunicati-stampa\/eventi\/concerto-del-primo-maggio-roma-1-maggio-2009\/"]}]},{"@type":"BreadcrumbList","@id":"https:\/\/www.article-marketing.eu\/comunicati\/comunicati-stampa\/eventi\/concerto-del-primo-maggio-roma-1-maggio-2009\/#breadcrumb","itemListElement":[{"@type":"ListItem","position":1,"name":"Home","item":"https:\/\/www.article-marketing.eu\/comunicati\/"},{"@type":"ListItem","position":2,"name":"Concerto del Primo Maggio, Roma 1 Maggio 2009"}]},{"@type":"WebSite","@id":"https:\/\/www.article-marketing.eu\/comunicati\/#website","url":"https:\/\/www.article-marketing.eu\/comunicati\/","name":"Article Marketing","description":"article marketing &amp; press release","potentialAction":[{"@type":"SearchAction","target":{"@type":"EntryPoint","urlTemplate":"https:\/\/www.article-marketing.eu\/comunicati\/?s={search_term_string}"},"query-input":{"@type":"PropertyValueSpecification","valueRequired":true,"valueName":"search_term_string"}}],"inLanguage":"it-IT"},{"@type":"Person","@id":"https:\/\/www.article-marketing.eu\/comunicati\/#\/schema\/person\/44372e4d4d0fa797b18e03ed1ace9017","name":"Redazione Comunicati Stampa","image":{"@type":"ImageObject","inLanguage":"it-IT","@id":"https:\/\/www.article-marketing.eu\/comunicati\/#\/schema\/person\/image\/","url":"https:\/\/secure.gravatar.com\/avatar\/50e5c6421d3072f42e7ace803501602c60d75233d34e29fd05feb91c8760b792?s=96&d=mm&r=g","contentUrl":"https:\/\/secure.gravatar.com\/avatar\/50e5c6421d3072f42e7ace803501602c60d75233d34e29fd05feb91c8760b792?s=96&d=mm&r=g","caption":"Redazione Comunicati Stampa"},"url":"https:\/\/www.article-marketing.eu\/comunicati\/author\/redazione-comunicati-stampa\/"}]}},"_links":{"self":[{"href":"https:\/\/www.article-marketing.eu\/comunicati\/wp-json\/wp\/v2\/posts\/1756","targetHints":{"allow":["GET"]}}],"collection":[{"href":"https:\/\/www.article-marketing.eu\/comunicati\/wp-json\/wp\/v2\/posts"}],"about":[{"href":"https:\/\/www.article-marketing.eu\/comunicati\/wp-json\/wp\/v2\/types\/post"}],"author":[{"embeddable":true,"href":"https:\/\/www.article-marketing.eu\/comunicati\/wp-json\/wp\/v2\/users\/10"}],"replies":[{"embeddable":true,"href":"https:\/\/www.article-marketing.eu\/comunicati\/wp-json\/wp\/v2\/comments?post=1756"}],"version-history":[{"count":0,"href":"https:\/\/www.article-marketing.eu\/comunicati\/wp-json\/wp\/v2\/posts\/1756\/revisions"}],"wp:attachment":[{"href":"https:\/\/www.article-marketing.eu\/comunicati\/wp-json\/wp\/v2\/media?parent=1756"}],"wp:term":[{"taxonomy":"category","embeddable":true,"href":"https:\/\/www.article-marketing.eu\/comunicati\/wp-json\/wp\/v2\/categories?post=1756"},{"taxonomy":"post_tag","embeddable":true,"href":"https:\/\/www.article-marketing.eu\/comunicati\/wp-json\/wp\/v2\/tags?post=1756"}],"curies":[{"name":"wp","href":"https:\/\/api.w.org\/{rel}","templated":true}]}}