{"id":1773,"date":"2009-04-15T11:13:36","date_gmt":"2009-04-15T09:13:36","guid":{"rendered":"http:\/\/www.article-marketing.eu\/comunicati\/senza-categoria\/giardini-dautore-mostra-mercato-di-piante-insolite-e-rarit%e0-botaniche-riccione\/"},"modified":"2018-06-04T20:14:29","modified_gmt":"2018-06-04T18:14:29","slug":"giardini-dautore-mostra-mercato-di-piante-insolite-e-rarit%e0-botaniche-riccione","status":"publish","type":"post","link":"https:\/\/www.article-marketing.eu\/comunicati\/comunicati-stampa\/eventi\/giardini-dautore-mostra-mercato-di-piante-insolite-e-rarit%e0-botaniche-riccione\/","title":{"rendered":"Giardini d&#8217;Autore: Mostra Mercato di Piante Insolite e Rarit\u00e0 Botaniche Riccione"},"content":{"rendered":"<p>Dal 21\/03\/2009 AL 22\/03\/2009 &#8211; Nel primo week end di primavera si \u00e8 svolto Giardini d\u2019Autore a Villa Lodi F\u00e8, residenza storica risalente ai primi del \u2018900 nel centro di Riccione. Giardini d\u2019Autore \u00e8 una mostra mercato di piante insolite, frutti antichi e rarit\u00e0 botaniche divertente quanto lo pu\u00f2 essere soggiornare in hotel vicino Gardaland. <\/p>\n<p>L\u2019evento \u00e8 stato rganizzato con il patrocinio del Comune di Riccione in collaborazione con l\u2019assessorato alla Cultura &#8211; Adipa e con l\u2019adesione di AIAPP (Associazione Italiana di Architettura del Paesaggio).<\/p>\n<p>Sono state due giorni interamente dedicati agli amanti del giardinaggio.<br \/>\nGiardini d\u2019Autore \u00e8 stata una vera esplosione di colori grazie ai vivaisti specializzati, provenienti da tutta Italia, che sono intervernuti all\u2019evento presentando le loro collezioni e le novit\u00e0 pi\u00f9 importanti del settore.<\/p>\n<p>Gli amanti del giardino hanno potuto trovare: piante aromatiche e officinali, frutti antichi, collezioni di glicini, rose antiche, bulbi e rizomi, papaveri da collezione collezioni di lavande, agrumi, prodotti per l\u2019orto, piante acquatiche, succulente, piante perenni, graminacee ornamentali e ancora variet\u00e0 insolite di orchidee, tillandsie, pelargonium a foglia profumata, peonie e tantissime altre rarit\u00e0 botaniche provenienti dallo studio e dalla ricerca di professionisti del settore ospitati in tutta la Romagna ed in particolare dagli alberghi di Cervia.<\/p>\n<p>Giardini d\u2019Autore \u00e8 l\u2019occasione per acquistare piante ornamentali insolite e da collezione per arredare giardini e terrazzi in occasione della bella stagione.<br \/>\nL\u2019obbiettivo di Giardini d\u2019Autore \u00e8 quello di favorire lo scambio culturale tra appassionati e professionisti; valorizzare la riscoperta di piante insolite, frutti antichi, rarit\u00e0 botaniche nuove, diffondere la conoscenza del verde; dar valore al costante lavoro dei professionisti legati al meraviglioso mondo del florovivaismo.<\/p>\n<p>All\u2019interno della mostra i visitatori hanno trovato, in un ambiente unico tante idee per l\u2019arredo giardino, stand di artigianato artistico di altissima qualit\u00e0, sete dipinte, cappelli e abbigliamento da giardino e ancora tanti prodotti tipici che la terra regala.<br \/>\nPer chi venisse da fuori e volesse partecipare a questo o altri, pu\u00f2 farlo benissimo negli ospitali alberghi di Riccione oppure negli alberghi di Bellaria.<\/p>\n<p>Il bilancio finale \u00e8 stato pi\u00f9 che positivo per Giardini d&#8217;Autore. Nonostante il maltempo e il forte vento della giornata di sabato, la prima edizione della mostra mercato di piante e rarit\u00e0 botaniche allestita presso i giardini di Villa Lod\u00ec F\u00e9 \u00e8 decollata con successo, registrando un boom di presenze nella giornata di domenica. Ben quattromila sono le presenze registrate complessivamente nelle due giornate, grazie anche ad un buona partecipazione di pubblico riccionese e numerosi turisti, appassionati, cultori e amanti del giardinaggio, venuti appositamente per visitare la mostra e acquistare piante ornamentali e da giardino.<\/p>\n<p>Giardini d\u2019autore era aperto ai visitatori Sabato 21 e Domenica 22 marzo 2009, presso Villa Lodi F\u00e8 &#8211; Riccione con orario continuato dalle 10:00 alle 18:00.<\/p>\n","protected":false},"excerpt":{"rendered":"<p>Dal 21\/03\/2009 AL 22\/03\/2009 &#8211; Nel primo week end di primavera si \u00e8 svolto Giardini d\u2019Autore a Villa Lodi F\u00e8, residenza storica risalente ai primi del \u2018900 nel centro di Riccione.<\/p>\n","protected":false},"author":10,"featured_media":0,"comment_status":"open","ping_status":"open","sticky":false,"template":"","format":"standard","meta":{"cybocfi_hide_featured_image":"","footnotes":""},"categories":[388],"tags":[5718,4670,904,4691,2900,3],"class_list":["post-1773","post","type-post","status-publish","format-standard","hentry","category-eventi","tag-alberghi-cervia","tag-alberghi-riccione","tag-fiori","tag-giardino","tag-piante","tag-vacanze"],"yoast_head":"<!-- This site is optimized with the Yoast SEO plugin v27.0 - https:\/\/yoast.com\/product\/yoast-seo-wordpress\/ -->\n<title>Giardini d&#039;Autore: Mostra Mercato di Piante Insolite e Rarit\u00e0 Botaniche Riccione - Article Marketing<\/title>\n<meta name=\"robots\" content=\"index, follow, max-snippet:-1, max-image-preview:large, max-video-preview:-1\" \/>\n<link rel=\"canonical\" href=\"https:\/\/www.article-marketing.eu\/comunicati\/comunicati-stampa\/eventi\/giardini-dautore-mostra-mercato-di-piante-insolite-e-rarit?-botaniche-riccione\/\" \/>\n<meta property=\"og:locale\" content=\"it_IT\" \/>\n<meta property=\"og:type\" content=\"article\" \/>\n<meta property=\"og:title\" content=\"Giardini d&#039;Autore: Mostra Mercato di Piante Insolite e Rarit\u00e0 Botaniche Riccione - Article Marketing\" \/>\n<meta property=\"og:description\" content=\"Dal 21\/03\/2009 AL 22\/03\/2009 - Nel primo week end di primavera si \u00e8 svolto Giardini d\u2019Autore a Villa Lodi F\u00e8, residenza storica risalente ai primi del \u2018900 nel centro di Riccione.\" \/>\n<meta property=\"og:url\" content=\"\" \/>\n<meta property=\"og:site_name\" content=\"Article Marketing\" \/>\n<meta property=\"article:published_time\" content=\"2009-04-15T09:13:36+00:00\" \/>\n<meta property=\"article:modified_time\" content=\"2018-06-04T18:14:29+00:00\" \/>\n<meta name=\"author\" content=\"Redazione Comunicati Stampa\" \/>\n<meta name=\"twitter:card\" content=\"summary_large_image\" \/>\n<meta name=\"twitter:label1\" content=\"Scritto da\" \/>\n\t<meta name=\"twitter:data1\" content=\"Redazione Comunicati Stampa\" \/>\n\t<meta name=\"twitter:label2\" content=\"Tempo di lettura stimato\" \/>\n\t<meta name=\"twitter:data2\" content=\"2 minuti\" \/>\n<script type=\"application\/ld+json\" class=\"yoast-schema-graph\">{\"@context\":\"https:\/\/schema.org\",\"@graph\":[{\"@type\":\"Article\",\"@id\":\"https:\/\/www.article-marketing.eu\/comunicati\/comunicati-stampa\/eventi\/giardini-dautore-mostra-mercato-di-piante-insolite-e-rarit%e0-botaniche-riccione\/#article\",\"isPartOf\":{\"@id\":\"https:\/\/www.article-marketing.eu\/comunicati\/comunicati-stampa\/eventi\/giardini-dautore-mostra-mercato-di-piante-insolite-e-rarit%e0-botaniche-riccione\/\"},\"author\":{\"name\":\"Redazione Comunicati Stampa\",\"@id\":\"https:\/\/www.article-marketing.eu\/comunicati\/#\/schema\/person\/44372e4d4d0fa797b18e03ed1ace9017\"},\"headline\":\"Giardini d&#8217;Autore: Mostra Mercato di Piante Insolite e Rarit\u00e0 Botaniche Riccione\",\"datePublished\":\"2009-04-15T09:13:36+00:00\",\"dateModified\":\"2018-06-04T18:14:29+00:00\",\"mainEntityOfPage\":{\"@id\":\"https:\/\/www.article-marketing.eu\/comunicati\/comunicati-stampa\/eventi\/giardini-dautore-mostra-mercato-di-piante-insolite-e-rarit%e0-botaniche-riccione\/\"},\"wordCount\":465,\"commentCount\":0,\"keywords\":[\"alberghi cervia\",\"alberghi riccione\",\"fiori\",\"giardino\",\"piante\",\"vacanze\"],\"articleSection\":[\"Eventi\"],\"inLanguage\":\"it-IT\",\"potentialAction\":[{\"@type\":\"CommentAction\",\"name\":\"Comment\",\"target\":[\"https:\/\/www.article-marketing.eu\/comunicati\/comunicati-stampa\/eventi\/giardini-dautore-mostra-mercato-di-piante-insolite-e-rarit%e0-botaniche-riccione\/#respond\"]}]},{\"@type\":\"WebPage\",\"@id\":\"https:\/\/www.article-marketing.eu\/comunicati\/comunicati-stampa\/eventi\/giardini-dautore-mostra-mercato-di-piante-insolite-e-rarit%e0-botaniche-riccione\/\",\"url\":\"https:\/\/www.article-marketing.eu\/comunicati\/comunicati-stampa\/eventi\/giardini-dautore-mostra-mercato-di-piante-insolite-e-rarit%e0-botaniche-riccione\/\",\"name\":\"Giardini d'Autore: Mostra Mercato di Piante Insolite e Rarit\u00e0 Botaniche Riccione - Article Marketing\",\"isPartOf\":{\"@id\":\"https:\/\/www.article-marketing.eu\/comunicati\/#website\"},\"datePublished\":\"2009-04-15T09:13:36+00:00\",\"dateModified\":\"2018-06-04T18:14:29+00:00\",\"author\":{\"@id\":\"https:\/\/www.article-marketing.eu\/comunicati\/#\/schema\/person\/44372e4d4d0fa797b18e03ed1ace9017\"},\"breadcrumb\":{\"@id\":\"https:\/\/www.article-marketing.eu\/comunicati\/comunicati-stampa\/eventi\/giardini-dautore-mostra-mercato-di-piante-insolite-e-rarit%e0-botaniche-riccione\/#breadcrumb\"},\"inLanguage\":\"it-IT\",\"potentialAction\":[{\"@type\":\"ReadAction\",\"target\":[\"https:\/\/www.article-marketing.eu\/comunicati\/comunicati-stampa\/eventi\/giardini-dautore-mostra-mercato-di-piante-insolite-e-rarit%e0-botaniche-riccione\/\"]}]},{\"@type\":\"BreadcrumbList\",\"@id\":\"https:\/\/www.article-marketing.eu\/comunicati\/comunicati-stampa\/eventi\/giardini-dautore-mostra-mercato-di-piante-insolite-e-rarit%e0-botaniche-riccione\/#breadcrumb\",\"itemListElement\":[{\"@type\":\"ListItem\",\"position\":1,\"name\":\"Home\",\"item\":\"https:\/\/www.article-marketing.eu\/comunicati\/\"},{\"@type\":\"ListItem\",\"position\":2,\"name\":\"Giardini d&#8217;Autore: Mostra Mercato di Piante Insolite e Rarit\u00e0 Botaniche Riccione\"}]},{\"@type\":\"WebSite\",\"@id\":\"https:\/\/www.article-marketing.eu\/comunicati\/#website\",\"url\":\"https:\/\/www.article-marketing.eu\/comunicati\/\",\"name\":\"Article Marketing\",\"description\":\"article marketing &amp; press release\",\"potentialAction\":[{\"@type\":\"SearchAction\",\"target\":{\"@type\":\"EntryPoint\",\"urlTemplate\":\"https:\/\/www.article-marketing.eu\/comunicati\/?s={search_term_string}\"},\"query-input\":{\"@type\":\"PropertyValueSpecification\",\"valueRequired\":true,\"valueName\":\"search_term_string\"}}],\"inLanguage\":\"it-IT\"},{\"@type\":\"Person\",\"@id\":\"https:\/\/www.article-marketing.eu\/comunicati\/#\/schema\/person\/44372e4d4d0fa797b18e03ed1ace9017\",\"name\":\"Redazione Comunicati Stampa\",\"image\":{\"@type\":\"ImageObject\",\"inLanguage\":\"it-IT\",\"@id\":\"https:\/\/www.article-marketing.eu\/comunicati\/#\/schema\/person\/image\/\",\"url\":\"https:\/\/secure.gravatar.com\/avatar\/50e5c6421d3072f42e7ace803501602c60d75233d34e29fd05feb91c8760b792?s=96&d=mm&r=g\",\"contentUrl\":\"https:\/\/secure.gravatar.com\/avatar\/50e5c6421d3072f42e7ace803501602c60d75233d34e29fd05feb91c8760b792?s=96&d=mm&r=g\",\"caption\":\"Redazione Comunicati Stampa\"},\"url\":\"https:\/\/www.article-marketing.eu\/comunicati\/author\/redazione-comunicati-stampa\/\"}]}<\/script>\n<!-- \/ Yoast SEO plugin. -->","yoast_head_json":{"title":"Giardini d'Autore: Mostra Mercato di Piante Insolite e Rarit\u00e0 Botaniche Riccione - Article Marketing","robots":{"index":"index","follow":"follow","max-snippet":"max-snippet:-1","max-image-preview":"max-image-preview:large","max-video-preview":"max-video-preview:-1"},"canonical":"https:\/\/www.article-marketing.eu\/comunicati\/comunicati-stampa\/eventi\/giardini-dautore-mostra-mercato-di-piante-insolite-e-rarit?-botaniche-riccione\/","og_locale":"it_IT","og_type":"article","og_title":"Giardini d'Autore: Mostra Mercato di Piante Insolite e Rarit\u00e0 Botaniche Riccione - Article Marketing","og_description":"Dal 21\/03\/2009 AL 22\/03\/2009 - Nel primo week end di primavera si \u00e8 svolto Giardini d\u2019Autore a Villa Lodi F\u00e8, residenza storica risalente ai primi del \u2018900 nel centro di Riccione.","og_url":"https:\/\/www.article-marketing.eu\/comunicati\/comunicati-stampa\/eventi\/giardini-dautore-mostra-mercato-di-piante-insolite-e-rarit?-botaniche-riccione\/","og_site_name":"Article Marketing","article_published_time":"2009-04-15T09:13:36+00:00","article_modified_time":"2018-06-04T18:14:29+00:00","author":"Redazione Comunicati Stampa","twitter_card":"summary_large_image","twitter_misc":{"Scritto da":"Redazione Comunicati Stampa","Tempo di lettura stimato":"2 minuti"},"schema":{"@context":"https:\/\/schema.org","@graph":[{"@type":"Article","@id":"https:\/\/www.article-marketing.eu\/comunicati\/comunicati-stampa\/eventi\/giardini-dautore-mostra-mercato-di-piante-insolite-e-rarit%e0-botaniche-riccione\/#article","isPartOf":{"@id":"https:\/\/www.article-marketing.eu\/comunicati\/comunicati-stampa\/eventi\/giardini-dautore-mostra-mercato-di-piante-insolite-e-rarit%e0-botaniche-riccione\/"},"author":{"name":"Redazione Comunicati Stampa","@id":"https:\/\/www.article-marketing.eu\/comunicati\/#\/schema\/person\/44372e4d4d0fa797b18e03ed1ace9017"},"headline":"Giardini d&#8217;Autore: Mostra Mercato di Piante Insolite e Rarit\u00e0 Botaniche Riccione","datePublished":"2009-04-15T09:13:36+00:00","dateModified":"2018-06-04T18:14:29+00:00","mainEntityOfPage":{"@id":"https:\/\/www.article-marketing.eu\/comunicati\/comunicati-stampa\/eventi\/giardini-dautore-mostra-mercato-di-piante-insolite-e-rarit%e0-botaniche-riccione\/"},"wordCount":465,"commentCount":0,"keywords":["alberghi cervia","alberghi riccione","fiori","giardino","piante","vacanze"],"articleSection":["Eventi"],"inLanguage":"it-IT","potentialAction":[{"@type":"CommentAction","name":"Comment","target":["https:\/\/www.article-marketing.eu\/comunicati\/comunicati-stampa\/eventi\/giardini-dautore-mostra-mercato-di-piante-insolite-e-rarit%e0-botaniche-riccione\/#respond"]}]},{"@type":"WebPage","@id":"https:\/\/www.article-marketing.eu\/comunicati\/comunicati-stampa\/eventi\/giardini-dautore-mostra-mercato-di-piante-insolite-e-rarit%e0-botaniche-riccione\/","url":"https:\/\/www.article-marketing.eu\/comunicati\/comunicati-stampa\/eventi\/giardini-dautore-mostra-mercato-di-piante-insolite-e-rarit%e0-botaniche-riccione\/","name":"Giardini d'Autore: Mostra Mercato di Piante Insolite e Rarit\u00e0 Botaniche Riccione - Article Marketing","isPartOf":{"@id":"https:\/\/www.article-marketing.eu\/comunicati\/#website"},"datePublished":"2009-04-15T09:13:36+00:00","dateModified":"2018-06-04T18:14:29+00:00","author":{"@id":"https:\/\/www.article-marketing.eu\/comunicati\/#\/schema\/person\/44372e4d4d0fa797b18e03ed1ace9017"},"breadcrumb":{"@id":"https:\/\/www.article-marketing.eu\/comunicati\/comunicati-stampa\/eventi\/giardini-dautore-mostra-mercato-di-piante-insolite-e-rarit%e0-botaniche-riccione\/#breadcrumb"},"inLanguage":"it-IT","potentialAction":[{"@type":"ReadAction","target":["https:\/\/www.article-marketing.eu\/comunicati\/comunicati-stampa\/eventi\/giardini-dautore-mostra-mercato-di-piante-insolite-e-rarit%e0-botaniche-riccione\/"]}]},{"@type":"BreadcrumbList","@id":"https:\/\/www.article-marketing.eu\/comunicati\/comunicati-stampa\/eventi\/giardini-dautore-mostra-mercato-di-piante-insolite-e-rarit%e0-botaniche-riccione\/#breadcrumb","itemListElement":[{"@type":"ListItem","position":1,"name":"Home","item":"https:\/\/www.article-marketing.eu\/comunicati\/"},{"@type":"ListItem","position":2,"name":"Giardini d&#8217;Autore: Mostra Mercato di Piante Insolite e Rarit\u00e0 Botaniche Riccione"}]},{"@type":"WebSite","@id":"https:\/\/www.article-marketing.eu\/comunicati\/#website","url":"https:\/\/www.article-marketing.eu\/comunicati\/","name":"Article Marketing","description":"article marketing &amp; press release","potentialAction":[{"@type":"SearchAction","target":{"@type":"EntryPoint","urlTemplate":"https:\/\/www.article-marketing.eu\/comunicati\/?s={search_term_string}"},"query-input":{"@type":"PropertyValueSpecification","valueRequired":true,"valueName":"search_term_string"}}],"inLanguage":"it-IT"},{"@type":"Person","@id":"https:\/\/www.article-marketing.eu\/comunicati\/#\/schema\/person\/44372e4d4d0fa797b18e03ed1ace9017","name":"Redazione Comunicati Stampa","image":{"@type":"ImageObject","inLanguage":"it-IT","@id":"https:\/\/www.article-marketing.eu\/comunicati\/#\/schema\/person\/image\/","url":"https:\/\/secure.gravatar.com\/avatar\/50e5c6421d3072f42e7ace803501602c60d75233d34e29fd05feb91c8760b792?s=96&d=mm&r=g","contentUrl":"https:\/\/secure.gravatar.com\/avatar\/50e5c6421d3072f42e7ace803501602c60d75233d34e29fd05feb91c8760b792?s=96&d=mm&r=g","caption":"Redazione Comunicati Stampa"},"url":"https:\/\/www.article-marketing.eu\/comunicati\/author\/redazione-comunicati-stampa\/"}]}},"_links":{"self":[{"href":"https:\/\/www.article-marketing.eu\/comunicati\/wp-json\/wp\/v2\/posts\/1773","targetHints":{"allow":["GET"]}}],"collection":[{"href":"https:\/\/www.article-marketing.eu\/comunicati\/wp-json\/wp\/v2\/posts"}],"about":[{"href":"https:\/\/www.article-marketing.eu\/comunicati\/wp-json\/wp\/v2\/types\/post"}],"author":[{"embeddable":true,"href":"https:\/\/www.article-marketing.eu\/comunicati\/wp-json\/wp\/v2\/users\/10"}],"replies":[{"embeddable":true,"href":"https:\/\/www.article-marketing.eu\/comunicati\/wp-json\/wp\/v2\/comments?post=1773"}],"version-history":[{"count":1,"href":"https:\/\/www.article-marketing.eu\/comunicati\/wp-json\/wp\/v2\/posts\/1773\/revisions"}],"predecessor-version":[{"id":55434,"href":"https:\/\/www.article-marketing.eu\/comunicati\/wp-json\/wp\/v2\/posts\/1773\/revisions\/55434"}],"wp:attachment":[{"href":"https:\/\/www.article-marketing.eu\/comunicati\/wp-json\/wp\/v2\/media?parent=1773"}],"wp:term":[{"taxonomy":"category","embeddable":true,"href":"https:\/\/www.article-marketing.eu\/comunicati\/wp-json\/wp\/v2\/categories?post=1773"},{"taxonomy":"post_tag","embeddable":true,"href":"https:\/\/www.article-marketing.eu\/comunicati\/wp-json\/wp\/v2\/tags?post=1773"}],"curies":[{"name":"wp","href":"https:\/\/api.w.org\/{rel}","templated":true}]}}