{"id":1777,"date":"2009-04-15T17:53:04","date_gmt":"2009-04-15T15:53:04","guid":{"rendered":"http:\/\/www.article-marketing.eu\/comunicati\/senza-categoria\/presentazione-blog-universo-minori\/"},"modified":"2009-04-15T17:53:04","modified_gmt":"2009-04-15T15:53:04","slug":"presentazione-blog-universo-minori","status":"publish","type":"post","link":"https:\/\/www.article-marketing.eu\/comunicati\/internet\/blog\/presentazione-blog-universo-minori\/","title":{"rendered":"Presentazione Blog \u201cUniverso Minori\u201d"},"content":{"rendered":"<p>Il 18 Aprile alle ore 11.00 presso la Sala Consiliare del Comune di Catanzaro, Palazzo De Nobili in via Jannoni, si terr\u00e0 la presentazione del blog \u201cUniverso Minori\u201d un ingresso tra il mondo dell&#8217;infanzia e dell&#8217;adolescenza. L&#8217;autrice del blog sar\u00e0 la Dott.ssa Rita TULELLI, laureata in Giurisprudenza, giornalista ed esperta in problematiche minorili. Si discuter\u00e0 in particolare della:<br \/>\nPromozione del benessere del ragazzo che cresce<br \/>\nI servizi per gli adolescenti<br \/>\nIl soggetto in et\u00e0 evolutiva e il rapporto con i media<br \/>\nIl lavoro minorile<br \/>\nLa tutela e la cura del soggetto in et\u00e0 evolutiva in difficolt\u00e0<br \/>\nLo sviluppo delle politiche per l&#8217;infanzia a livello regionale ed internazionale.<br \/>\nL&#8217;evento \u00e8 stato patrocinato dall&#8217;Assessorato alle Politiche Sociali del Comune di Catanzaro, moderatore della giornata sar\u00e0 il Dr. Eugenio RICCIO delegato del sindaco alla sicurezza, interverranno:<br \/>\nOn. Rosario OLIVO Sindaco di Catanzaro<br \/>\nProf. Domenico CERSOSIMO Vice Presidente Giunta Regione Calabria<br \/>\nDr. Orazio CIAMPA Procuratore Generale Capo Tribunale Minori Calabria-Basilicata<br \/>\nDr. Giuseppe ALTOMARE Dirigente Politiche Sociali Regione Calabria<br \/>\nDr. Sabatino VENTURA Assessore alle Politiche Sociali Comune di Catanzaro<br \/>\nProf. Armando VITALE Preside Liceo Classico Galluppi<br \/>\nPresentazione dell&#8217;autore; Universo Minori un ingresso tra il mondo dell&#8217;infanzia e dell&#8217;adolescenza, Dott.ssa Rita TULELLI<br \/>\nDott.ssa Nerina RENDA Funzionario dell&#8217;AREA IV Immigrazione e Diritto d&#8217;asilo della prefettura di Catanzaro<br \/>\nComm. PEZZUTTO Giorgio, Sost. Responsabile Sezione minori Questura di Catanzaro<br \/>\nConclusioni Dr. Quirino LEDDA Responsabile Legacoop Calabria<br \/>\nE&#8217; un evento organizzato da Andrea CANTELMI.<br \/>\n UNIVERSOMINORI.MYBLOG.IT<br \/>\nSponsor Tecnico Gruppo Ambita Coop<\/p>\n<p>Gruppo Ambita \u00e8 una societ\u00e0 cooperativa che si occupa di fornire servizi alle imprese. Il core services \u00e8 incentrato fortemente nel settore It: soluzioni web, applicativi gestionali, formazione, networking e design sono infatti i settori principali nei quali operiamo. L&#8217; obiettivo \u00e8 crescere con profili nuovi capaci di offrire un contributo importante nella fornitura di servizi e nella creazione di nuovi prodotti per il mercato. Sempre alla ricerca di soluzioni innovative che possano dare valore aggiunto ai nostri clienti e ottimizzare i loro processi aziendali portandoli a standard di qualit\u00e0 tali da fornire un decisivo vantaggio competitivo.<br \/>\nInfo: Tel\/Fax: +39 0961 33799 relazionicommerciali@gruppoambita.com www.gruppoambita.com <\/p>\n<p>Il progetto UM \u00e8 stato creato sulla piattaforma di Virgilio ed \u00e8 raggiungibile all&#8217;indirizzo UNIVERSOMINORI.MYBLOG.IT<br \/>\nDal punto di vista grafico \u00e8 strutturato in maniera molto semplice<br \/>\nsulla colonna di sinistra dall&#8217;alto verso il basso troviamo<br \/>\nla presentazione dell&#8217;autore e del blog<br \/>\nla rassegna stampa<br \/>\ngli articoli recenti<br \/>\nsulla colonna di destra troviamo<br \/>\n la newsletter la quale consente di essere aggiornati direttamente via email sulle ultime novit\u00e0 del sito e le varie categorie<br \/>\nsi pu\u00f2 notare in alto a sinistra la presenza del  marchio My Blog,<br \/>\nscelto dalla redazione della Community come migliore blog del giorno  il 2 Aprile con la storia di Perla, un raccontodi pura fantasia che narra la vicenda di una bambina che subiva maltrattamenti ed abusi sessuali da parte del padre. L&#8217;interesse suscitato sulla stampa e sul web ha permesso di raggiungere picchi di oltre 500 pagine viste in un giorno.<br \/>\nUM un ingresso tra il mondo dell&#8217;infanzia e dell&#8217;adolescenza&#8230;<\/p>\n","protected":false},"excerpt":{"rendered":"<p>Il 18 Aprile alle ore 11.00 presso la Sala Consiliare del Comune di Catanzaro, Palazzo De Nobili in via Jannoni, si terr\u00e0 la presentazione del blog \u201cUniverso Minori\u201d un ingresso tra il mondo dell&#8217;infanzia e dell&#8217;adolescenza. L&#8217;autrice del blog sar\u00e0 la Dott.ssa Rita TULELLI, laureata in Giurisprudenza, giornalista ed esperta in problematiche minorili. Si discuter\u00e0 in particolare<\/p>\n","protected":false},"author":10,"featured_media":0,"comment_status":"open","ping_status":"open","sticky":false,"template":"","format":"standard","meta":{"cybocfi_hide_featured_image":"","footnotes":""},"categories":[978],"tags":[5731,5729,5730,5728],"class_list":["post-1777","post","type-post","status-publish","format-standard","hentry","category-blog","tag-malessere-del-benessere","tag-problematiche-minorili","tag-stranieri-minori","tag-universo-minori"],"yoast_head":"<!-- This site is optimized with the Yoast SEO plugin v27.0 - https:\/\/yoast.com\/product\/yoast-seo-wordpress\/ -->\n<title>Presentazione Blog \u201cUniverso Minori\u201d - Article Marketing<\/title>\n<meta name=\"robots\" content=\"index, follow, max-snippet:-1, max-image-preview:large, max-video-preview:-1\" \/>\n<link rel=\"canonical\" href=\"https:\/\/www.article-marketing.eu\/comunicati\/internet\/blog\/presentazione-blog-universo-minori\/\" \/>\n<meta property=\"og:locale\" content=\"it_IT\" \/>\n<meta property=\"og:type\" content=\"article\" \/>\n<meta property=\"og:title\" content=\"Presentazione Blog \u201cUniverso Minori\u201d - Article Marketing\" \/>\n<meta property=\"og:description\" content=\"Il 18 Aprile alle ore 11.00 presso la Sala Consiliare del Comune di Catanzaro, Palazzo De Nobili in via Jannoni, si terr\u00e0 la presentazione del blog \u201cUniverso Minori\u201d un ingresso tra il mondo dell&#039;infanzia e dell&#039;adolescenza. L&#039;autrice del blog sar\u00e0 la Dott.ssa Rita TULELLI, laureata in Giurisprudenza, giornalista ed esperta in problematiche minorili. Si discuter\u00e0 in particolare\" \/>\n<meta property=\"og:url\" content=\"https:\/\/www.article-marketing.eu\/comunicati\/internet\/blog\/presentazione-blog-universo-minori\/\" \/>\n<meta property=\"og:site_name\" content=\"Article Marketing\" \/>\n<meta property=\"article:published_time\" content=\"2009-04-15T15:53:04+00:00\" \/>\n<meta name=\"author\" content=\"Redazione Comunicati Stampa\" \/>\n<meta name=\"twitter:card\" content=\"summary_large_image\" \/>\n<meta name=\"twitter:label1\" content=\"Scritto da\" \/>\n\t<meta name=\"twitter:data1\" content=\"Redazione Comunicati Stampa\" \/>\n\t<meta name=\"twitter:label2\" content=\"Tempo di lettura stimato\" \/>\n\t<meta name=\"twitter:data2\" content=\"2 minuti\" \/>\n<script type=\"application\/ld+json\" class=\"yoast-schema-graph\">{\"@context\":\"https:\/\/schema.org\",\"@graph\":[{\"@type\":\"Article\",\"@id\":\"https:\/\/www.article-marketing.eu\/comunicati\/internet\/blog\/presentazione-blog-universo-minori\/#article\",\"isPartOf\":{\"@id\":\"https:\/\/www.article-marketing.eu\/comunicati\/internet\/blog\/presentazione-blog-universo-minori\/\"},\"author\":{\"name\":\"Redazione Comunicati Stampa\",\"@id\":\"https:\/\/www.article-marketing.eu\/comunicati\/#\/schema\/person\/44372e4d4d0fa797b18e03ed1ace9017\"},\"headline\":\"Presentazione Blog \u201cUniverso Minori\u201d\",\"datePublished\":\"2009-04-15T15:53:04+00:00\",\"mainEntityOfPage\":{\"@id\":\"https:\/\/www.article-marketing.eu\/comunicati\/internet\/blog\/presentazione-blog-universo-minori\/\"},\"wordCount\":499,\"commentCount\":0,\"keywords\":[\"malessere del benessere\",\"problematiche minorili\",\"stranieri minori\",\"universo minori\"],\"articleSection\":[\"Blog\"],\"inLanguage\":\"it-IT\",\"potentialAction\":[{\"@type\":\"CommentAction\",\"name\":\"Comment\",\"target\":[\"https:\/\/www.article-marketing.eu\/comunicati\/internet\/blog\/presentazione-blog-universo-minori\/#respond\"]}]},{\"@type\":\"WebPage\",\"@id\":\"https:\/\/www.article-marketing.eu\/comunicati\/internet\/blog\/presentazione-blog-universo-minori\/\",\"url\":\"https:\/\/www.article-marketing.eu\/comunicati\/internet\/blog\/presentazione-blog-universo-minori\/\",\"name\":\"Presentazione Blog \u201cUniverso Minori\u201d - Article Marketing\",\"isPartOf\":{\"@id\":\"https:\/\/www.article-marketing.eu\/comunicati\/#website\"},\"datePublished\":\"2009-04-15T15:53:04+00:00\",\"author\":{\"@id\":\"https:\/\/www.article-marketing.eu\/comunicati\/#\/schema\/person\/44372e4d4d0fa797b18e03ed1ace9017\"},\"breadcrumb\":{\"@id\":\"https:\/\/www.article-marketing.eu\/comunicati\/internet\/blog\/presentazione-blog-universo-minori\/#breadcrumb\"},\"inLanguage\":\"it-IT\",\"potentialAction\":[{\"@type\":\"ReadAction\",\"target\":[\"https:\/\/www.article-marketing.eu\/comunicati\/internet\/blog\/presentazione-blog-universo-minori\/\"]}]},{\"@type\":\"BreadcrumbList\",\"@id\":\"https:\/\/www.article-marketing.eu\/comunicati\/internet\/blog\/presentazione-blog-universo-minori\/#breadcrumb\",\"itemListElement\":[{\"@type\":\"ListItem\",\"position\":1,\"name\":\"Home\",\"item\":\"https:\/\/www.article-marketing.eu\/comunicati\/\"},{\"@type\":\"ListItem\",\"position\":2,\"name\":\"Presentazione Blog \u201cUniverso Minori\u201d\"}]},{\"@type\":\"WebSite\",\"@id\":\"https:\/\/www.article-marketing.eu\/comunicati\/#website\",\"url\":\"https:\/\/www.article-marketing.eu\/comunicati\/\",\"name\":\"Article Marketing\",\"description\":\"article marketing &amp; press release\",\"potentialAction\":[{\"@type\":\"SearchAction\",\"target\":{\"@type\":\"EntryPoint\",\"urlTemplate\":\"https:\/\/www.article-marketing.eu\/comunicati\/?s={search_term_string}\"},\"query-input\":{\"@type\":\"PropertyValueSpecification\",\"valueRequired\":true,\"valueName\":\"search_term_string\"}}],\"inLanguage\":\"it-IT\"},{\"@type\":\"Person\",\"@id\":\"https:\/\/www.article-marketing.eu\/comunicati\/#\/schema\/person\/44372e4d4d0fa797b18e03ed1ace9017\",\"name\":\"Redazione Comunicati Stampa\",\"image\":{\"@type\":\"ImageObject\",\"inLanguage\":\"it-IT\",\"@id\":\"https:\/\/www.article-marketing.eu\/comunicati\/#\/schema\/person\/image\/\",\"url\":\"https:\/\/secure.gravatar.com\/avatar\/50e5c6421d3072f42e7ace803501602c60d75233d34e29fd05feb91c8760b792?s=96&d=mm&r=g\",\"contentUrl\":\"https:\/\/secure.gravatar.com\/avatar\/50e5c6421d3072f42e7ace803501602c60d75233d34e29fd05feb91c8760b792?s=96&d=mm&r=g\",\"caption\":\"Redazione Comunicati Stampa\"},\"url\":\"https:\/\/www.article-marketing.eu\/comunicati\/author\/redazione-comunicati-stampa\/\"}]}<\/script>\n<!-- \/ Yoast SEO plugin. -->","yoast_head_json":{"title":"Presentazione Blog \u201cUniverso Minori\u201d - Article Marketing","robots":{"index":"index","follow":"follow","max-snippet":"max-snippet:-1","max-image-preview":"max-image-preview:large","max-video-preview":"max-video-preview:-1"},"canonical":"https:\/\/www.article-marketing.eu\/comunicati\/internet\/blog\/presentazione-blog-universo-minori\/","og_locale":"it_IT","og_type":"article","og_title":"Presentazione Blog \u201cUniverso Minori\u201d - Article Marketing","og_description":"Il 18 Aprile alle ore 11.00 presso la Sala Consiliare del Comune di Catanzaro, Palazzo De Nobili in via Jannoni, si terr\u00e0 la presentazione del blog \u201cUniverso Minori\u201d un ingresso tra il mondo dell'infanzia e dell'adolescenza. L'autrice del blog sar\u00e0 la Dott.ssa Rita TULELLI, laureata in Giurisprudenza, giornalista ed esperta in problematiche minorili. Si discuter\u00e0 in particolare","og_url":"https:\/\/www.article-marketing.eu\/comunicati\/internet\/blog\/presentazione-blog-universo-minori\/","og_site_name":"Article Marketing","article_published_time":"2009-04-15T15:53:04+00:00","author":"Redazione Comunicati Stampa","twitter_card":"summary_large_image","twitter_misc":{"Scritto da":"Redazione Comunicati Stampa","Tempo di lettura stimato":"2 minuti"},"schema":{"@context":"https:\/\/schema.org","@graph":[{"@type":"Article","@id":"https:\/\/www.article-marketing.eu\/comunicati\/internet\/blog\/presentazione-blog-universo-minori\/#article","isPartOf":{"@id":"https:\/\/www.article-marketing.eu\/comunicati\/internet\/blog\/presentazione-blog-universo-minori\/"},"author":{"name":"Redazione Comunicati Stampa","@id":"https:\/\/www.article-marketing.eu\/comunicati\/#\/schema\/person\/44372e4d4d0fa797b18e03ed1ace9017"},"headline":"Presentazione Blog \u201cUniverso Minori\u201d","datePublished":"2009-04-15T15:53:04+00:00","mainEntityOfPage":{"@id":"https:\/\/www.article-marketing.eu\/comunicati\/internet\/blog\/presentazione-blog-universo-minori\/"},"wordCount":499,"commentCount":0,"keywords":["malessere del benessere","problematiche minorili","stranieri minori","universo minori"],"articleSection":["Blog"],"inLanguage":"it-IT","potentialAction":[{"@type":"CommentAction","name":"Comment","target":["https:\/\/www.article-marketing.eu\/comunicati\/internet\/blog\/presentazione-blog-universo-minori\/#respond"]}]},{"@type":"WebPage","@id":"https:\/\/www.article-marketing.eu\/comunicati\/internet\/blog\/presentazione-blog-universo-minori\/","url":"https:\/\/www.article-marketing.eu\/comunicati\/internet\/blog\/presentazione-blog-universo-minori\/","name":"Presentazione Blog \u201cUniverso Minori\u201d - Article Marketing","isPartOf":{"@id":"https:\/\/www.article-marketing.eu\/comunicati\/#website"},"datePublished":"2009-04-15T15:53:04+00:00","author":{"@id":"https:\/\/www.article-marketing.eu\/comunicati\/#\/schema\/person\/44372e4d4d0fa797b18e03ed1ace9017"},"breadcrumb":{"@id":"https:\/\/www.article-marketing.eu\/comunicati\/internet\/blog\/presentazione-blog-universo-minori\/#breadcrumb"},"inLanguage":"it-IT","potentialAction":[{"@type":"ReadAction","target":["https:\/\/www.article-marketing.eu\/comunicati\/internet\/blog\/presentazione-blog-universo-minori\/"]}]},{"@type":"BreadcrumbList","@id":"https:\/\/www.article-marketing.eu\/comunicati\/internet\/blog\/presentazione-blog-universo-minori\/#breadcrumb","itemListElement":[{"@type":"ListItem","position":1,"name":"Home","item":"https:\/\/www.article-marketing.eu\/comunicati\/"},{"@type":"ListItem","position":2,"name":"Presentazione Blog \u201cUniverso Minori\u201d"}]},{"@type":"WebSite","@id":"https:\/\/www.article-marketing.eu\/comunicati\/#website","url":"https:\/\/www.article-marketing.eu\/comunicati\/","name":"Article Marketing","description":"article marketing &amp; press release","potentialAction":[{"@type":"SearchAction","target":{"@type":"EntryPoint","urlTemplate":"https:\/\/www.article-marketing.eu\/comunicati\/?s={search_term_string}"},"query-input":{"@type":"PropertyValueSpecification","valueRequired":true,"valueName":"search_term_string"}}],"inLanguage":"it-IT"},{"@type":"Person","@id":"https:\/\/www.article-marketing.eu\/comunicati\/#\/schema\/person\/44372e4d4d0fa797b18e03ed1ace9017","name":"Redazione Comunicati Stampa","image":{"@type":"ImageObject","inLanguage":"it-IT","@id":"https:\/\/www.article-marketing.eu\/comunicati\/#\/schema\/person\/image\/","url":"https:\/\/secure.gravatar.com\/avatar\/50e5c6421d3072f42e7ace803501602c60d75233d34e29fd05feb91c8760b792?s=96&d=mm&r=g","contentUrl":"https:\/\/secure.gravatar.com\/avatar\/50e5c6421d3072f42e7ace803501602c60d75233d34e29fd05feb91c8760b792?s=96&d=mm&r=g","caption":"Redazione Comunicati Stampa"},"url":"https:\/\/www.article-marketing.eu\/comunicati\/author\/redazione-comunicati-stampa\/"}]}},"_links":{"self":[{"href":"https:\/\/www.article-marketing.eu\/comunicati\/wp-json\/wp\/v2\/posts\/1777","targetHints":{"allow":["GET"]}}],"collection":[{"href":"https:\/\/www.article-marketing.eu\/comunicati\/wp-json\/wp\/v2\/posts"}],"about":[{"href":"https:\/\/www.article-marketing.eu\/comunicati\/wp-json\/wp\/v2\/types\/post"}],"author":[{"embeddable":true,"href":"https:\/\/www.article-marketing.eu\/comunicati\/wp-json\/wp\/v2\/users\/10"}],"replies":[{"embeddable":true,"href":"https:\/\/www.article-marketing.eu\/comunicati\/wp-json\/wp\/v2\/comments?post=1777"}],"version-history":[{"count":0,"href":"https:\/\/www.article-marketing.eu\/comunicati\/wp-json\/wp\/v2\/posts\/1777\/revisions"}],"wp:attachment":[{"href":"https:\/\/www.article-marketing.eu\/comunicati\/wp-json\/wp\/v2\/media?parent=1777"}],"wp:term":[{"taxonomy":"category","embeddable":true,"href":"https:\/\/www.article-marketing.eu\/comunicati\/wp-json\/wp\/v2\/categories?post=1777"},{"taxonomy":"post_tag","embeddable":true,"href":"https:\/\/www.article-marketing.eu\/comunicati\/wp-json\/wp\/v2\/tags?post=1777"}],"curies":[{"name":"wp","href":"https:\/\/api.w.org\/{rel}","templated":true}]}}