{"id":17830,"date":"2011-06-30T15:19:49","date_gmt":"2011-06-30T13:19:49","guid":{"rendered":"http:\/\/www.article-marketing.eu\/comunicati\/senza-categoria\/la%80%99atlantide-italiana-%c3%a8-a-gabicce-mare\/"},"modified":"2018-07-10T04:35:15","modified_gmt":"2018-07-10T02:35:15","slug":"la%80%99atlantide-italiana-%c3%a8-a-gabicce-mare","status":"publish","type":"post","link":"https:\/\/www.article-marketing.eu\/comunicati\/viaggi-e-vacanze\/destinazioni\/la%80%99atlantide-italiana-%c3%a8-a-gabicce-mare\/","title":{"rendered":"L\u2019Atlantide italiana \u00e8 a Gabicce Mare"},"content":{"rendered":"<p>Tra le molte mete turistiche che fanno di Gabicce, il comune pi&ugrave; settentrionale della costa della regione Marche, una delle destinazioni turistiche preferite al confine con l&rsquo;Emilia Romagna, una &egrave; specialmente misteriosa ed affascinante: la citt&agrave; sommersa di Valbruna.<\/p>\n<p>Infatti, molti visitatori che scelgono di passare le loro vacanze a gabicce ci si recano attirati da questo enigma, sperando di scoprire alcun indizio sulla veracit&agrave; della leggenda, nel contempo godendo delle attrezzate e sabbiose spiagge ed il mare limpido, delle passeggiate tra i vicoli stretti del Borgo Gabicce di origine medievale e dai preziosi reliquiari e candelieri rimasti dopo i numerosi saccheggi all&rsquo;interno della Chiesa Parrochiale di S. Ermete del 909. Non solo questo, la costa di Gabicce &egrave; inoltre caratterizzate di alte scogliere che conformano un panorama spettacolare che si pu&ograve; contemplare al meglio dall&rsquo;alto di Colle San Bartolo, all&rsquo;interno del Parco Naturale di San Bartolo.<\/p>\n<p>Sono proprio queste acque paradisiache che oggi apportano ai vari alberghi gabicce i turisti, il luogo dove si sono trovate le prime testimonianze dell&rsquo;esistenza di questa citt&agrave; sotto l&rsquo;acqua battezzata come l&rsquo;Atlantide italiana o l&rsquo;Atlantide adriatica. I pescatori locali hanno pi&ugrave; volte recuperato dei reperti archeologici come il braccio di una statua, dei capitelli, uno stemma gentilizio ed altre rocce di forme insolite erose dalle correnti marine. A supportare queste scoperte, anche documenti storici e leggende popolari.<\/p>\n<p>La zona, attraversata da cinque corsi d&rsquo;acqua, potrebbe aver sofferto inondazioni e scosse tali da allagare la citt&agrave; e di averla sommersa per secoli prima che gli abitanti di Gabicce scoprissero i suoi resti e nascesse la leggenda.<\/p>\n<p>Sembra che questo centro abitato di origine greca si trovi sommerso nel litorale davanti al promontorio di Gabicce, nella zona oggi conosciuta come Baia della Vallugola, e che fosse, se non una citt&agrave; vera e propria come sostengono la maggioranza di guide dei vari hotel tre stelle gabicce, un centro marinaro o porto commerciale a grande attivit&agrave; (particolarmente nella commercializzazione di vino) in corrispondenza con il cippo dedicato a Giove Sereno, protettore della navigazione, trovato sul promontorio di Gabicce.<\/p>\n<p>Abitanti e pescatori affermano che tuffandosi nelle acque delle spiaggia gabicce mare sia possibile intuire i percorsi di strade e discernere la localizzazione di torri ed abitazioni. Alcuni affermano addirittura di contemplare nei giorni di acque pi&ugrave; limpide la punta del campanile della vecchia chiesa di Valbruna.<\/p>\n<p>C&rsquo;&egrave; ovviamente chi rifiuta l&rsquo;esistenza della citt&agrave; sommersa, argomentando che le roccie di forme particolari trovate da pescatori ma anche di archeologi e geologi sono in realt&agrave; testate di strato verticali del promontorio di Gabicce che il mare avrebbe colpito e che nelle posizioni verticali in cui sono cadute possono essere scambiate per muri. Lo stesso vale per i presunti capitelli e sassi collocati in disposizioni non casuali.<\/p>\n<p>Al margine delle polemiche sulla sua esistenza, Valbruna rimane un nome presente nella vita quotidiana di questa localit&agrave; turistica delle Marche dove, Atlantide italiana o meno, vale la pena soggiornare nei giorni estivi per la qualit&agrave; delle acque e il ricco patrimonio culturale.<\/p>\n<p><\/p>\n","protected":false},"excerpt":{"rendered":"<p>La citt\u00e0 sommersa di Valbruna \u00e8 uno dei misteri dell\u2019apprezzata localit\u00e0 balneare di Gabicce Mare.<\/p>\n","protected":false},"author":10,"featured_media":0,"comment_status":"open","ping_status":"open","sticky":false,"template":"","format":"standard","meta":{"cybocfi_hide_featured_image":"","footnotes":""},"categories":[143],"tags":[471,5537,12371,799],"class_list":["post-17830","post","type-post","status-publish","format-standard","hentry","category-destinazioni","tag-alberghi","tag-hotel-gabicce","tag-leggende","tag-mare"],"yoast_head":"<!-- This site is optimized with the Yoast SEO plugin v27.0 - https:\/\/yoast.com\/product\/yoast-seo-wordpress\/ -->\n<title>L\u2019Atlantide italiana \u00e8 a Gabicce Mare - Article Marketing<\/title>\n<meta name=\"robots\" content=\"index, follow, max-snippet:-1, max-image-preview:large, max-video-preview:-1\" \/>\n<link rel=\"canonical\" href=\"https:\/\/www.article-marketing.eu\/comunicati\/viaggi-e-vacanze\/destinazioni\/la??atlantide-italiana-\u00e8-a-gabicce-mare\/\" \/>\n<meta property=\"og:locale\" content=\"it_IT\" \/>\n<meta property=\"og:type\" content=\"article\" \/>\n<meta property=\"og:title\" content=\"L\u2019Atlantide italiana \u00e8 a Gabicce Mare - Article Marketing\" \/>\n<meta property=\"og:description\" content=\"La citt\u00e0 sommersa di Valbruna \u00e8 uno dei misteri dell\u2019apprezzata localit\u00e0 balneare di Gabicce Mare.\" \/>\n<meta property=\"og:url\" content=\"\" \/>\n<meta property=\"og:site_name\" content=\"Article Marketing\" \/>\n<meta property=\"article:published_time\" content=\"2011-06-30T13:19:49+00:00\" \/>\n<meta property=\"article:modified_time\" content=\"2018-07-10T02:35:15+00:00\" \/>\n<meta name=\"author\" content=\"Redazione Comunicati Stampa\" \/>\n<meta name=\"twitter:card\" content=\"summary_large_image\" \/>\n<meta name=\"twitter:label1\" content=\"Scritto da\" \/>\n\t<meta name=\"twitter:data1\" content=\"Redazione Comunicati Stampa\" \/>\n\t<meta name=\"twitter:label2\" content=\"Tempo di lettura stimato\" \/>\n\t<meta name=\"twitter:data2\" content=\"3 minuti\" \/>\n<script type=\"application\/ld+json\" class=\"yoast-schema-graph\">{\"@context\":\"https:\/\/schema.org\",\"@graph\":[{\"@type\":\"Article\",\"@id\":\"https:\/\/www.article-marketing.eu\/comunicati\/viaggi-e-vacanze\/destinazioni\/la%80%99atlantide-italiana-%c3%a8-a-gabicce-mare\/#article\",\"isPartOf\":{\"@id\":\"https:\/\/www.article-marketing.eu\/comunicati\/viaggi-e-vacanze\/destinazioni\/la%80%99atlantide-italiana-%c3%a8-a-gabicce-mare\/\"},\"author\":{\"name\":\"Redazione Comunicati Stampa\",\"@id\":\"https:\/\/www.article-marketing.eu\/comunicati\/#\/schema\/person\/44372e4d4d0fa797b18e03ed1ace9017\"},\"headline\":\"L\u2019Atlantide italiana \u00e8 a Gabicce Mare\",\"datePublished\":\"2011-06-30T13:19:49+00:00\",\"dateModified\":\"2018-07-10T02:35:15+00:00\",\"mainEntityOfPage\":{\"@id\":\"https:\/\/www.article-marketing.eu\/comunicati\/viaggi-e-vacanze\/destinazioni\/la%80%99atlantide-italiana-%c3%a8-a-gabicce-mare\/\"},\"wordCount\":540,\"commentCount\":0,\"keywords\":[\"alberghi\",\"hotel gabicce\",\"leggende\",\"mare\"],\"articleSection\":[\"Destinazioni\"],\"inLanguage\":\"it-IT\",\"potentialAction\":[{\"@type\":\"CommentAction\",\"name\":\"Comment\",\"target\":[\"https:\/\/www.article-marketing.eu\/comunicati\/viaggi-e-vacanze\/destinazioni\/la%80%99atlantide-italiana-%c3%a8-a-gabicce-mare\/#respond\"]}]},{\"@type\":\"WebPage\",\"@id\":\"https:\/\/www.article-marketing.eu\/comunicati\/viaggi-e-vacanze\/destinazioni\/la%80%99atlantide-italiana-%c3%a8-a-gabicce-mare\/\",\"url\":\"https:\/\/www.article-marketing.eu\/comunicati\/viaggi-e-vacanze\/destinazioni\/la%80%99atlantide-italiana-%c3%a8-a-gabicce-mare\/\",\"name\":\"L\u2019Atlantide italiana \u00e8 a Gabicce Mare - Article Marketing\",\"isPartOf\":{\"@id\":\"https:\/\/www.article-marketing.eu\/comunicati\/#website\"},\"datePublished\":\"2011-06-30T13:19:49+00:00\",\"dateModified\":\"2018-07-10T02:35:15+00:00\",\"author\":{\"@id\":\"https:\/\/www.article-marketing.eu\/comunicati\/#\/schema\/person\/44372e4d4d0fa797b18e03ed1ace9017\"},\"breadcrumb\":{\"@id\":\"https:\/\/www.article-marketing.eu\/comunicati\/viaggi-e-vacanze\/destinazioni\/la%80%99atlantide-italiana-%c3%a8-a-gabicce-mare\/#breadcrumb\"},\"inLanguage\":\"it-IT\",\"potentialAction\":[{\"@type\":\"ReadAction\",\"target\":[\"https:\/\/www.article-marketing.eu\/comunicati\/viaggi-e-vacanze\/destinazioni\/la%80%99atlantide-italiana-%c3%a8-a-gabicce-mare\/\"]}]},{\"@type\":\"BreadcrumbList\",\"@id\":\"https:\/\/www.article-marketing.eu\/comunicati\/viaggi-e-vacanze\/destinazioni\/la%80%99atlantide-italiana-%c3%a8-a-gabicce-mare\/#breadcrumb\",\"itemListElement\":[{\"@type\":\"ListItem\",\"position\":1,\"name\":\"Home\",\"item\":\"https:\/\/www.article-marketing.eu\/comunicati\/\"},{\"@type\":\"ListItem\",\"position\":2,\"name\":\"L\u2019Atlantide italiana \u00e8 a Gabicce Mare\"}]},{\"@type\":\"WebSite\",\"@id\":\"https:\/\/www.article-marketing.eu\/comunicati\/#website\",\"url\":\"https:\/\/www.article-marketing.eu\/comunicati\/\",\"name\":\"Article Marketing\",\"description\":\"article marketing &amp; press release\",\"potentialAction\":[{\"@type\":\"SearchAction\",\"target\":{\"@type\":\"EntryPoint\",\"urlTemplate\":\"https:\/\/www.article-marketing.eu\/comunicati\/?s={search_term_string}\"},\"query-input\":{\"@type\":\"PropertyValueSpecification\",\"valueRequired\":true,\"valueName\":\"search_term_string\"}}],\"inLanguage\":\"it-IT\"},{\"@type\":\"Person\",\"@id\":\"https:\/\/www.article-marketing.eu\/comunicati\/#\/schema\/person\/44372e4d4d0fa797b18e03ed1ace9017\",\"name\":\"Redazione Comunicati Stampa\",\"image\":{\"@type\":\"ImageObject\",\"inLanguage\":\"it-IT\",\"@id\":\"https:\/\/www.article-marketing.eu\/comunicati\/#\/schema\/person\/image\/\",\"url\":\"https:\/\/secure.gravatar.com\/avatar\/50e5c6421d3072f42e7ace803501602c60d75233d34e29fd05feb91c8760b792?s=96&d=mm&r=g\",\"contentUrl\":\"https:\/\/secure.gravatar.com\/avatar\/50e5c6421d3072f42e7ace803501602c60d75233d34e29fd05feb91c8760b792?s=96&d=mm&r=g\",\"caption\":\"Redazione Comunicati Stampa\"},\"url\":\"https:\/\/www.article-marketing.eu\/comunicati\/author\/redazione-comunicati-stampa\/\"}]}<\/script>\n<!-- \/ Yoast SEO plugin. -->","yoast_head_json":{"title":"L\u2019Atlantide italiana \u00e8 a Gabicce Mare - Article Marketing","robots":{"index":"index","follow":"follow","max-snippet":"max-snippet:-1","max-image-preview":"max-image-preview:large","max-video-preview":"max-video-preview:-1"},"canonical":"https:\/\/www.article-marketing.eu\/comunicati\/viaggi-e-vacanze\/destinazioni\/la??atlantide-italiana-\u00e8-a-gabicce-mare\/","og_locale":"it_IT","og_type":"article","og_title":"L\u2019Atlantide italiana \u00e8 a Gabicce Mare - Article Marketing","og_description":"La citt\u00e0 sommersa di Valbruna \u00e8 uno dei misteri dell\u2019apprezzata localit\u00e0 balneare di Gabicce Mare.","og_url":"https:\/\/www.article-marketing.eu\/comunicati\/viaggi-e-vacanze\/destinazioni\/la??atlantide-italiana-\u00e8-a-gabicce-mare\/","og_site_name":"Article Marketing","article_published_time":"2011-06-30T13:19:49+00:00","article_modified_time":"2018-07-10T02:35:15+00:00","author":"Redazione Comunicati Stampa","twitter_card":"summary_large_image","twitter_misc":{"Scritto da":"Redazione Comunicati Stampa","Tempo di lettura stimato":"3 minuti"},"schema":{"@context":"https:\/\/schema.org","@graph":[{"@type":"Article","@id":"https:\/\/www.article-marketing.eu\/comunicati\/viaggi-e-vacanze\/destinazioni\/la%80%99atlantide-italiana-%c3%a8-a-gabicce-mare\/#article","isPartOf":{"@id":"https:\/\/www.article-marketing.eu\/comunicati\/viaggi-e-vacanze\/destinazioni\/la%80%99atlantide-italiana-%c3%a8-a-gabicce-mare\/"},"author":{"name":"Redazione Comunicati Stampa","@id":"https:\/\/www.article-marketing.eu\/comunicati\/#\/schema\/person\/44372e4d4d0fa797b18e03ed1ace9017"},"headline":"L\u2019Atlantide italiana \u00e8 a Gabicce Mare","datePublished":"2011-06-30T13:19:49+00:00","dateModified":"2018-07-10T02:35:15+00:00","mainEntityOfPage":{"@id":"https:\/\/www.article-marketing.eu\/comunicati\/viaggi-e-vacanze\/destinazioni\/la%80%99atlantide-italiana-%c3%a8-a-gabicce-mare\/"},"wordCount":540,"commentCount":0,"keywords":["alberghi","hotel gabicce","leggende","mare"],"articleSection":["Destinazioni"],"inLanguage":"it-IT","potentialAction":[{"@type":"CommentAction","name":"Comment","target":["https:\/\/www.article-marketing.eu\/comunicati\/viaggi-e-vacanze\/destinazioni\/la%80%99atlantide-italiana-%c3%a8-a-gabicce-mare\/#respond"]}]},{"@type":"WebPage","@id":"https:\/\/www.article-marketing.eu\/comunicati\/viaggi-e-vacanze\/destinazioni\/la%80%99atlantide-italiana-%c3%a8-a-gabicce-mare\/","url":"https:\/\/www.article-marketing.eu\/comunicati\/viaggi-e-vacanze\/destinazioni\/la%80%99atlantide-italiana-%c3%a8-a-gabicce-mare\/","name":"L\u2019Atlantide italiana \u00e8 a Gabicce Mare - Article Marketing","isPartOf":{"@id":"https:\/\/www.article-marketing.eu\/comunicati\/#website"},"datePublished":"2011-06-30T13:19:49+00:00","dateModified":"2018-07-10T02:35:15+00:00","author":{"@id":"https:\/\/www.article-marketing.eu\/comunicati\/#\/schema\/person\/44372e4d4d0fa797b18e03ed1ace9017"},"breadcrumb":{"@id":"https:\/\/www.article-marketing.eu\/comunicati\/viaggi-e-vacanze\/destinazioni\/la%80%99atlantide-italiana-%c3%a8-a-gabicce-mare\/#breadcrumb"},"inLanguage":"it-IT","potentialAction":[{"@type":"ReadAction","target":["https:\/\/www.article-marketing.eu\/comunicati\/viaggi-e-vacanze\/destinazioni\/la%80%99atlantide-italiana-%c3%a8-a-gabicce-mare\/"]}]},{"@type":"BreadcrumbList","@id":"https:\/\/www.article-marketing.eu\/comunicati\/viaggi-e-vacanze\/destinazioni\/la%80%99atlantide-italiana-%c3%a8-a-gabicce-mare\/#breadcrumb","itemListElement":[{"@type":"ListItem","position":1,"name":"Home","item":"https:\/\/www.article-marketing.eu\/comunicati\/"},{"@type":"ListItem","position":2,"name":"L\u2019Atlantide italiana \u00e8 a Gabicce Mare"}]},{"@type":"WebSite","@id":"https:\/\/www.article-marketing.eu\/comunicati\/#website","url":"https:\/\/www.article-marketing.eu\/comunicati\/","name":"Article Marketing","description":"article marketing &amp; press release","potentialAction":[{"@type":"SearchAction","target":{"@type":"EntryPoint","urlTemplate":"https:\/\/www.article-marketing.eu\/comunicati\/?s={search_term_string}"},"query-input":{"@type":"PropertyValueSpecification","valueRequired":true,"valueName":"search_term_string"}}],"inLanguage":"it-IT"},{"@type":"Person","@id":"https:\/\/www.article-marketing.eu\/comunicati\/#\/schema\/person\/44372e4d4d0fa797b18e03ed1ace9017","name":"Redazione Comunicati Stampa","image":{"@type":"ImageObject","inLanguage":"it-IT","@id":"https:\/\/www.article-marketing.eu\/comunicati\/#\/schema\/person\/image\/","url":"https:\/\/secure.gravatar.com\/avatar\/50e5c6421d3072f42e7ace803501602c60d75233d34e29fd05feb91c8760b792?s=96&d=mm&r=g","contentUrl":"https:\/\/secure.gravatar.com\/avatar\/50e5c6421d3072f42e7ace803501602c60d75233d34e29fd05feb91c8760b792?s=96&d=mm&r=g","caption":"Redazione Comunicati Stampa"},"url":"https:\/\/www.article-marketing.eu\/comunicati\/author\/redazione-comunicati-stampa\/"}]}},"_links":{"self":[{"href":"https:\/\/www.article-marketing.eu\/comunicati\/wp-json\/wp\/v2\/posts\/17830","targetHints":{"allow":["GET"]}}],"collection":[{"href":"https:\/\/www.article-marketing.eu\/comunicati\/wp-json\/wp\/v2\/posts"}],"about":[{"href":"https:\/\/www.article-marketing.eu\/comunicati\/wp-json\/wp\/v2\/types\/post"}],"author":[{"embeddable":true,"href":"https:\/\/www.article-marketing.eu\/comunicati\/wp-json\/wp\/v2\/users\/10"}],"replies":[{"embeddable":true,"href":"https:\/\/www.article-marketing.eu\/comunicati\/wp-json\/wp\/v2\/comments?post=17830"}],"version-history":[{"count":1,"href":"https:\/\/www.article-marketing.eu\/comunicati\/wp-json\/wp\/v2\/posts\/17830\/revisions"}],"predecessor-version":[{"id":59412,"href":"https:\/\/www.article-marketing.eu\/comunicati\/wp-json\/wp\/v2\/posts\/17830\/revisions\/59412"}],"wp:attachment":[{"href":"https:\/\/www.article-marketing.eu\/comunicati\/wp-json\/wp\/v2\/media?parent=17830"}],"wp:term":[{"taxonomy":"category","embeddable":true,"href":"https:\/\/www.article-marketing.eu\/comunicati\/wp-json\/wp\/v2\/categories?post=17830"},{"taxonomy":"post_tag","embeddable":true,"href":"https:\/\/www.article-marketing.eu\/comunicati\/wp-json\/wp\/v2\/tags?post=17830"}],"curies":[{"name":"wp","href":"https:\/\/api.w.org\/{rel}","templated":true}]}}