{"id":17839,"date":"2011-06-30T17:33:44","date_gmt":"2011-06-30T15:33:44","guid":{"rendered":"http:\/\/www.article-marketing.eu\/comunicati\/senza-categoria\/vacanze-in-citt%c3%a0\/"},"modified":"2018-07-10T04:35:16","modified_gmt":"2018-07-10T02:35:16","slug":"vacanze-in-citt%c3%a0","status":"publish","type":"post","link":"https:\/\/www.article-marketing.eu\/comunicati\/societa\/abbigliamento\/vacanze-in-citt%c3%a0\/","title":{"rendered":"vacanze? quest&#8217;anno rimango in citt\u00e0!"},"content":{"rendered":"<p>Le vacanze sono ancora lontane o solo un miraggio e devi rimanere in citt&agrave;?<br \/><img loading=\"lazy\" decoding=\"async\" class=\"aligncenter size-full wp-image-1026\" src=\"http:\/\/comevestirsi.it\/wp-content\/uploads\/2011\/06\/comevestirsi2.jpeg\" border=\"0\" title=\"comevestirsi\" width=\"200\" height=\"180\" \/><br \/>Benvenuta nel club di quelle che per lavoro, impegni vari o poca disponibilit&agrave; economica, faranno un tuffo solo nei fine settimana o in qualche piscina di amici pi&ugrave; fortunati!<br \/>Pazienza!<strong> Vuoi deprimerti solo per questo e rinunciare allo stile perch&eacute; non sei diretta verso qualche rinomata localit&agrave; vacanziera?<\/strong><br \/>Non pensarci neppure! Anche una banale serata con gli amici o un&rsquo;uscita per un gelato, pu&ograve; trasformarsi in un appuntamento col destino o comunque in un&rsquo;occasione divertente: non vorrai farti trovare impreparata?<br \/>Come ho scritto nell&rsquo;articolo:&rdquo; vestiti cos&igrave; e conquisterai il ragazzo dei tuoi sogni&ldquo;, una passeggiata col cane &egrave; stata decisiva, quindi non farti prendere dallo sconforto: &egrave; il momento di agire!<br \/><strong>L&rsquo;estate, vacanze oppure no, &egrave; comunque la stagione in cui puoi dare il meglio di te<\/strong>, in cui le belle giornate ti invogliano ad uscire di pi&ugrave; e in cui i vestiti giusti fanno di sicuro la loro parte.<br \/>Prova un p&ograve; ad essere sexy con un maxi cappotto, sciarpa e berretto in pieno inverno! Se non hai il fisico e il viso di Kate Moss, dubito che riuscirai nell&rsquo;impresa!<br \/><strong>Vuoi mettere invece un bel pomeriggio caldo al parco, con shorts o minigonna e top scollato?<\/strong><br \/>Certo non &egrave; il caso di scivolare nella volgarit&agrave;, ma se sei un tantino in forma (non vuol dire un grissino!), hai una pelle curata, magari leggermente colorata da qualche lampada o da un week end al mare, farai un&rsquo;altra figura!<br \/><strong>Se non sei pronta allora devi correre ai ripari:<\/strong> niente di esagerato: basta fare un p&ograve; di bici o delle salutari, lunghe camminate, un p&ograve; di stretching, bere molti liquidi (ottimo il t&egrave; verde) e mangiare tanta frutta.<br \/><strong>Elimina spezie, cibi piccanti, caff&egrave;, fritti e dolciumi: dai al tuo organismo la possibilit&agrave; di disintossicarsi e vedrai che perderai anche qualche kilo.<\/strong><br \/>Concediti pure un bel gelato, ma ricorda che &egrave; il sostituto di un pasto, non il suo seguito! Io a volte lo mangio per cena, cos&igrave; ho una scusa per uscire e meno tempo da passare ai fornelli!<br \/>Cura al massimo la pelle usando uno <strong>scrub<\/strong> un paio di volte a settimana (<strong>ottimo quello monodose della Geomar ai sali marini da &ldquo;2&euro;<\/strong>) e massaggiala con un <strong>olio profumato e nutriente <\/strong>(<strong>favoloso quello della Collistar che ha anche la protezione per il sole<\/strong>).<br \/>Evita il profumo che d&rsquo;estate, mescolandosi al sudore, crea macchie difficili sui vestiti e assume odori sgradevoli.<br \/>Se puoi vai al mare una volta a settimana per regalarti una lieve doratura o al massimo qualche lampada, ma senza esagerare.<br \/>Per il <strong>make up<\/strong> scegli una <strong>terra abbronzante<\/strong>, pettina le sopracciglia ( prova a spruzzare della lacca per capelli su vecchio spazzolino da denti: &egrave; meglio di qualunque fissatore!)<br \/><strong>Un tocco di colore alle labbra <\/strong>o al naturale: l&rsquo;essenziale &egrave; che siano curate (<strong>le modelle usano massaggiare un pizzico di vasellina con uno spazzolino morbido: guarisce da screpolature e fastidiose pellicine in modo perfetto! <\/strong>usalo prima di andare a letto: non c&rsquo;&egrave; burrocacao che tenga ragazza!).<br \/>Cambia colore di capelli scegliendo una tonalit&agrave; che valorizza la tua abbronzatura : se sei castana chiara fai dei riflessi dorati, se sei castana scura opta per riflessi cioccolato.<br \/>Se sei mora regalati dei riflessi leggeri viola o blu e se sei bionda lascia che faccia tutto il sole aiutandoti con la classica camomilla: io ho trovato, curiosando on line, <strong>un impacco miracoloso<\/strong>:<br \/>metti a bollire un litro d&rsquo;acqua e lascia in infusione per 30 minuti, 4 bustine di t&egrave; o camomilla, a seconda sei sei bionda\/ castana chiara o scura.<br \/>Aggiungi 4 cucchiai d&rsquo;aceto bianco, 4 di olio d&rsquo;oliva, il succo di un limone e metti il tutto in uno spruzzino.<br \/>Agita bene e vaporizza la mistura sui capelli. Avvolgili nella carta stagnola e dopo mezzora procedi con il lavaggio. <strong>Se puoi asciugali al sole.<\/strong><br \/>Io lo faccio da un mese con buoni risultati: l&rsquo;olio &egrave; nutriente e districante, l&rsquo;aceto lucida, il succo di limone &egrave; ottimo per forfora e prurito, la camomilla ravviva i riflessi.<br \/>Alla fine &egrave; meglio di una qualunque maschera per capelli, economica e naturale!<br \/><strong>Non perdere il prossimo articolo: proporr&ograve; una serie di spunti e abbinamenti interessanti per essere alla moda anche in citt&agrave;, sul mio blog: comevestirsi.it<\/strong><br \/>E ricorda:<em> belle si diventa! A presto, Denise.<\/em><\/p>\n","protected":false},"excerpt":{"rendered":"<p>Le vacanze sono ancora lontane o solo un miraggio e devi rimanere in citt\u00e0? Benvenuta nel club di quelle che per lavoro, impegni vari o poca disponibilit\u00e0 economica, faranno un tuffo solo nei fine settimana o in qualche piscina di amici pi\u00f9 fortunati!<\/p>\n","protected":false},"author":10,"featured_media":0,"comment_status":"open","ping_status":"open","sticky":false,"template":"","format":"standard","meta":{"cybocfi_hide_featured_image":"","footnotes":""},"categories":[3429],"tags":[3319,1085,12456,3],"class_list":["post-17839","post","type-post","status-publish","format-standard","hentry","category-abbigliamento","tag-capelli","tag-estate","tag-make-up","tag-vacanze"],"yoast_head":"<!-- This site is optimized with the Yoast SEO plugin v27.0 - https:\/\/yoast.com\/product\/yoast-seo-wordpress\/ -->\n<title>vacanze? quest&#039;anno rimango in citt\u00e0! - Article Marketing<\/title>\n<meta name=\"robots\" content=\"index, follow, max-snippet:-1, max-image-preview:large, max-video-preview:-1\" \/>\n<link rel=\"canonical\" href=\"https:\/\/www.article-marketing.eu\/comunicati\/societa\/abbigliamento\/vacanze-in-citt\u00e0\/\" \/>\n<meta property=\"og:locale\" content=\"it_IT\" \/>\n<meta property=\"og:type\" content=\"article\" \/>\n<meta property=\"og:title\" content=\"vacanze? quest&#039;anno rimango in citt\u00e0! - Article Marketing\" \/>\n<meta property=\"og:description\" content=\"Le vacanze sono ancora lontane o solo un miraggio e devi rimanere in citt\u00e0? Benvenuta nel club di quelle che per lavoro, impegni vari o poca disponibilit\u00e0 economica, faranno un tuffo solo nei fine settimana o in qualche piscina di amici pi\u00f9 fortunati!\" \/>\n<meta property=\"og:url\" content=\"https:\/\/www.article-marketing.eu\/comunicati\/societa\/abbigliamento\/vacanze-in-citt\u00e0\/\" \/>\n<meta property=\"og:site_name\" content=\"Article Marketing\" \/>\n<meta property=\"article:published_time\" content=\"2011-06-30T15:33:44+00:00\" \/>\n<meta property=\"article:modified_time\" content=\"2018-07-10T02:35:16+00:00\" \/>\n<meta property=\"og:image\" content=\"http:\/\/comevestirsi.it\/wp-content\/uploads\/2011\/06\/comevestirsi2.jpeg\" \/>\n<meta name=\"author\" content=\"Redazione Comunicati Stampa\" \/>\n<meta name=\"twitter:card\" content=\"summary_large_image\" \/>\n<meta name=\"twitter:label1\" content=\"Scritto da\" \/>\n\t<meta name=\"twitter:data1\" content=\"Redazione Comunicati Stampa\" \/>\n\t<meta name=\"twitter:label2\" content=\"Tempo di lettura stimato\" \/>\n\t<meta name=\"twitter:data2\" content=\"4 minuti\" \/>\n<script type=\"application\/ld+json\" class=\"yoast-schema-graph\">{\"@context\":\"https:\/\/schema.org\",\"@graph\":[{\"@type\":\"Article\",\"@id\":\"https:\/\/www.article-marketing.eu\/comunicati\/societa\/abbigliamento\/vacanze-in-citt%c3%a0\/#article\",\"isPartOf\":{\"@id\":\"https:\/\/www.article-marketing.eu\/comunicati\/societa\/abbigliamento\/vacanze-in-citt%c3%a0\/\"},\"author\":{\"name\":\"Redazione Comunicati Stampa\",\"@id\":\"https:\/\/www.article-marketing.eu\/comunicati\/#\/schema\/person\/44372e4d4d0fa797b18e03ed1ace9017\"},\"headline\":\"vacanze? quest&#8217;anno rimango in citt\u00e0!\",\"datePublished\":\"2011-06-30T15:33:44+00:00\",\"dateModified\":\"2018-07-10T02:35:16+00:00\",\"mainEntityOfPage\":{\"@id\":\"https:\/\/www.article-marketing.eu\/comunicati\/societa\/abbigliamento\/vacanze-in-citt%c3%a0\/\"},\"wordCount\":773,\"commentCount\":0,\"image\":{\"@id\":\"https:\/\/www.article-marketing.eu\/comunicati\/societa\/abbigliamento\/vacanze-in-citt%c3%a0\/#primaryimage\"},\"thumbnailUrl\":\"http:\/\/comevestirsi.it\/wp-content\/uploads\/2011\/06\/comevestirsi2.jpeg\",\"keywords\":[\"capelli\",\"estate\",\"make up\",\"vacanze\"],\"articleSection\":[\"Abbigliamento e accessori\"],\"inLanguage\":\"it-IT\",\"potentialAction\":[{\"@type\":\"CommentAction\",\"name\":\"Comment\",\"target\":[\"https:\/\/www.article-marketing.eu\/comunicati\/societa\/abbigliamento\/vacanze-in-citt%c3%a0\/#respond\"]}]},{\"@type\":\"WebPage\",\"@id\":\"https:\/\/www.article-marketing.eu\/comunicati\/societa\/abbigliamento\/vacanze-in-citt%c3%a0\/\",\"url\":\"https:\/\/www.article-marketing.eu\/comunicati\/societa\/abbigliamento\/vacanze-in-citt%c3%a0\/\",\"name\":\"vacanze? quest'anno rimango in citt\u00e0! - Article Marketing\",\"isPartOf\":{\"@id\":\"https:\/\/www.article-marketing.eu\/comunicati\/#website\"},\"primaryImageOfPage\":{\"@id\":\"https:\/\/www.article-marketing.eu\/comunicati\/societa\/abbigliamento\/vacanze-in-citt%c3%a0\/#primaryimage\"},\"image\":{\"@id\":\"https:\/\/www.article-marketing.eu\/comunicati\/societa\/abbigliamento\/vacanze-in-citt%c3%a0\/#primaryimage\"},\"thumbnailUrl\":\"http:\/\/comevestirsi.it\/wp-content\/uploads\/2011\/06\/comevestirsi2.jpeg\",\"datePublished\":\"2011-06-30T15:33:44+00:00\",\"dateModified\":\"2018-07-10T02:35:16+00:00\",\"author\":{\"@id\":\"https:\/\/www.article-marketing.eu\/comunicati\/#\/schema\/person\/44372e4d4d0fa797b18e03ed1ace9017\"},\"breadcrumb\":{\"@id\":\"https:\/\/www.article-marketing.eu\/comunicati\/societa\/abbigliamento\/vacanze-in-citt%c3%a0\/#breadcrumb\"},\"inLanguage\":\"it-IT\",\"potentialAction\":[{\"@type\":\"ReadAction\",\"target\":[\"https:\/\/www.article-marketing.eu\/comunicati\/societa\/abbigliamento\/vacanze-in-citt%c3%a0\/\"]}]},{\"@type\":\"ImageObject\",\"inLanguage\":\"it-IT\",\"@id\":\"https:\/\/www.article-marketing.eu\/comunicati\/societa\/abbigliamento\/vacanze-in-citt%c3%a0\/#primaryimage\",\"url\":\"http:\/\/comevestirsi.it\/wp-content\/uploads\/2011\/06\/comevestirsi2.jpeg\",\"contentUrl\":\"http:\/\/comevestirsi.it\/wp-content\/uploads\/2011\/06\/comevestirsi2.jpeg\"},{\"@type\":\"BreadcrumbList\",\"@id\":\"https:\/\/www.article-marketing.eu\/comunicati\/societa\/abbigliamento\/vacanze-in-citt%c3%a0\/#breadcrumb\",\"itemListElement\":[{\"@type\":\"ListItem\",\"position\":1,\"name\":\"Home\",\"item\":\"https:\/\/www.article-marketing.eu\/comunicati\/\"},{\"@type\":\"ListItem\",\"position\":2,\"name\":\"vacanze? quest&#8217;anno rimango in citt\u00e0!\"}]},{\"@type\":\"WebSite\",\"@id\":\"https:\/\/www.article-marketing.eu\/comunicati\/#website\",\"url\":\"https:\/\/www.article-marketing.eu\/comunicati\/\",\"name\":\"Article Marketing\",\"description\":\"article marketing &amp; press release\",\"potentialAction\":[{\"@type\":\"SearchAction\",\"target\":{\"@type\":\"EntryPoint\",\"urlTemplate\":\"https:\/\/www.article-marketing.eu\/comunicati\/?s={search_term_string}\"},\"query-input\":{\"@type\":\"PropertyValueSpecification\",\"valueRequired\":true,\"valueName\":\"search_term_string\"}}],\"inLanguage\":\"it-IT\"},{\"@type\":\"Person\",\"@id\":\"https:\/\/www.article-marketing.eu\/comunicati\/#\/schema\/person\/44372e4d4d0fa797b18e03ed1ace9017\",\"name\":\"Redazione Comunicati Stampa\",\"image\":{\"@type\":\"ImageObject\",\"inLanguage\":\"it-IT\",\"@id\":\"https:\/\/www.article-marketing.eu\/comunicati\/#\/schema\/person\/image\/\",\"url\":\"https:\/\/secure.gravatar.com\/avatar\/50e5c6421d3072f42e7ace803501602c60d75233d34e29fd05feb91c8760b792?s=96&d=mm&r=g\",\"contentUrl\":\"https:\/\/secure.gravatar.com\/avatar\/50e5c6421d3072f42e7ace803501602c60d75233d34e29fd05feb91c8760b792?s=96&d=mm&r=g\",\"caption\":\"Redazione Comunicati Stampa\"},\"url\":\"https:\/\/www.article-marketing.eu\/comunicati\/author\/redazione-comunicati-stampa\/\"}]}<\/script>\n<!-- \/ Yoast SEO plugin. -->","yoast_head_json":{"title":"vacanze? quest'anno rimango in citt\u00e0! - Article Marketing","robots":{"index":"index","follow":"follow","max-snippet":"max-snippet:-1","max-image-preview":"max-image-preview:large","max-video-preview":"max-video-preview:-1"},"canonical":"https:\/\/www.article-marketing.eu\/comunicati\/societa\/abbigliamento\/vacanze-in-citt\u00e0\/","og_locale":"it_IT","og_type":"article","og_title":"vacanze? quest'anno rimango in citt\u00e0! - Article Marketing","og_description":"Le vacanze sono ancora lontane o solo un miraggio e devi rimanere in citt\u00e0? Benvenuta nel club di quelle che per lavoro, impegni vari o poca disponibilit\u00e0 economica, faranno un tuffo solo nei fine settimana o in qualche piscina di amici pi\u00f9 fortunati!","og_url":"https:\/\/www.article-marketing.eu\/comunicati\/societa\/abbigliamento\/vacanze-in-citt\u00e0\/","og_site_name":"Article Marketing","article_published_time":"2011-06-30T15:33:44+00:00","article_modified_time":"2018-07-10T02:35:16+00:00","og_image":[{"url":"http:\/\/comevestirsi.it\/wp-content\/uploads\/2011\/06\/comevestirsi2.jpeg","type":"","width":"","height":""}],"author":"Redazione Comunicati Stampa","twitter_card":"summary_large_image","twitter_misc":{"Scritto da":"Redazione Comunicati Stampa","Tempo di lettura stimato":"4 minuti"},"schema":{"@context":"https:\/\/schema.org","@graph":[{"@type":"Article","@id":"https:\/\/www.article-marketing.eu\/comunicati\/societa\/abbigliamento\/vacanze-in-citt%c3%a0\/#article","isPartOf":{"@id":"https:\/\/www.article-marketing.eu\/comunicati\/societa\/abbigliamento\/vacanze-in-citt%c3%a0\/"},"author":{"name":"Redazione Comunicati Stampa","@id":"https:\/\/www.article-marketing.eu\/comunicati\/#\/schema\/person\/44372e4d4d0fa797b18e03ed1ace9017"},"headline":"vacanze? quest&#8217;anno rimango in citt\u00e0!","datePublished":"2011-06-30T15:33:44+00:00","dateModified":"2018-07-10T02:35:16+00:00","mainEntityOfPage":{"@id":"https:\/\/www.article-marketing.eu\/comunicati\/societa\/abbigliamento\/vacanze-in-citt%c3%a0\/"},"wordCount":773,"commentCount":0,"image":{"@id":"https:\/\/www.article-marketing.eu\/comunicati\/societa\/abbigliamento\/vacanze-in-citt%c3%a0\/#primaryimage"},"thumbnailUrl":"http:\/\/comevestirsi.it\/wp-content\/uploads\/2011\/06\/comevestirsi2.jpeg","keywords":["capelli","estate","make up","vacanze"],"articleSection":["Abbigliamento e accessori"],"inLanguage":"it-IT","potentialAction":[{"@type":"CommentAction","name":"Comment","target":["https:\/\/www.article-marketing.eu\/comunicati\/societa\/abbigliamento\/vacanze-in-citt%c3%a0\/#respond"]}]},{"@type":"WebPage","@id":"https:\/\/www.article-marketing.eu\/comunicati\/societa\/abbigliamento\/vacanze-in-citt%c3%a0\/","url":"https:\/\/www.article-marketing.eu\/comunicati\/societa\/abbigliamento\/vacanze-in-citt%c3%a0\/","name":"vacanze? quest'anno rimango in citt\u00e0! - Article Marketing","isPartOf":{"@id":"https:\/\/www.article-marketing.eu\/comunicati\/#website"},"primaryImageOfPage":{"@id":"https:\/\/www.article-marketing.eu\/comunicati\/societa\/abbigliamento\/vacanze-in-citt%c3%a0\/#primaryimage"},"image":{"@id":"https:\/\/www.article-marketing.eu\/comunicati\/societa\/abbigliamento\/vacanze-in-citt%c3%a0\/#primaryimage"},"thumbnailUrl":"http:\/\/comevestirsi.it\/wp-content\/uploads\/2011\/06\/comevestirsi2.jpeg","datePublished":"2011-06-30T15:33:44+00:00","dateModified":"2018-07-10T02:35:16+00:00","author":{"@id":"https:\/\/www.article-marketing.eu\/comunicati\/#\/schema\/person\/44372e4d4d0fa797b18e03ed1ace9017"},"breadcrumb":{"@id":"https:\/\/www.article-marketing.eu\/comunicati\/societa\/abbigliamento\/vacanze-in-citt%c3%a0\/#breadcrumb"},"inLanguage":"it-IT","potentialAction":[{"@type":"ReadAction","target":["https:\/\/www.article-marketing.eu\/comunicati\/societa\/abbigliamento\/vacanze-in-citt%c3%a0\/"]}]},{"@type":"ImageObject","inLanguage":"it-IT","@id":"https:\/\/www.article-marketing.eu\/comunicati\/societa\/abbigliamento\/vacanze-in-citt%c3%a0\/#primaryimage","url":"http:\/\/comevestirsi.it\/wp-content\/uploads\/2011\/06\/comevestirsi2.jpeg","contentUrl":"http:\/\/comevestirsi.it\/wp-content\/uploads\/2011\/06\/comevestirsi2.jpeg"},{"@type":"BreadcrumbList","@id":"https:\/\/www.article-marketing.eu\/comunicati\/societa\/abbigliamento\/vacanze-in-citt%c3%a0\/#breadcrumb","itemListElement":[{"@type":"ListItem","position":1,"name":"Home","item":"https:\/\/www.article-marketing.eu\/comunicati\/"},{"@type":"ListItem","position":2,"name":"vacanze? quest&#8217;anno rimango in citt\u00e0!"}]},{"@type":"WebSite","@id":"https:\/\/www.article-marketing.eu\/comunicati\/#website","url":"https:\/\/www.article-marketing.eu\/comunicati\/","name":"Article Marketing","description":"article marketing &amp; press release","potentialAction":[{"@type":"SearchAction","target":{"@type":"EntryPoint","urlTemplate":"https:\/\/www.article-marketing.eu\/comunicati\/?s={search_term_string}"},"query-input":{"@type":"PropertyValueSpecification","valueRequired":true,"valueName":"search_term_string"}}],"inLanguage":"it-IT"},{"@type":"Person","@id":"https:\/\/www.article-marketing.eu\/comunicati\/#\/schema\/person\/44372e4d4d0fa797b18e03ed1ace9017","name":"Redazione Comunicati Stampa","image":{"@type":"ImageObject","inLanguage":"it-IT","@id":"https:\/\/www.article-marketing.eu\/comunicati\/#\/schema\/person\/image\/","url":"https:\/\/secure.gravatar.com\/avatar\/50e5c6421d3072f42e7ace803501602c60d75233d34e29fd05feb91c8760b792?s=96&d=mm&r=g","contentUrl":"https:\/\/secure.gravatar.com\/avatar\/50e5c6421d3072f42e7ace803501602c60d75233d34e29fd05feb91c8760b792?s=96&d=mm&r=g","caption":"Redazione Comunicati Stampa"},"url":"https:\/\/www.article-marketing.eu\/comunicati\/author\/redazione-comunicati-stampa\/"}]}},"_links":{"self":[{"href":"https:\/\/www.article-marketing.eu\/comunicati\/wp-json\/wp\/v2\/posts\/17839","targetHints":{"allow":["GET"]}}],"collection":[{"href":"https:\/\/www.article-marketing.eu\/comunicati\/wp-json\/wp\/v2\/posts"}],"about":[{"href":"https:\/\/www.article-marketing.eu\/comunicati\/wp-json\/wp\/v2\/types\/post"}],"author":[{"embeddable":true,"href":"https:\/\/www.article-marketing.eu\/comunicati\/wp-json\/wp\/v2\/users\/10"}],"replies":[{"embeddable":true,"href":"https:\/\/www.article-marketing.eu\/comunicati\/wp-json\/wp\/v2\/comments?post=17839"}],"version-history":[{"count":1,"href":"https:\/\/www.article-marketing.eu\/comunicati\/wp-json\/wp\/v2\/posts\/17839\/revisions"}],"predecessor-version":[{"id":59414,"href":"https:\/\/www.article-marketing.eu\/comunicati\/wp-json\/wp\/v2\/posts\/17839\/revisions\/59414"}],"wp:attachment":[{"href":"https:\/\/www.article-marketing.eu\/comunicati\/wp-json\/wp\/v2\/media?parent=17839"}],"wp:term":[{"taxonomy":"category","embeddable":true,"href":"https:\/\/www.article-marketing.eu\/comunicati\/wp-json\/wp\/v2\/categories?post=17839"},{"taxonomy":"post_tag","embeddable":true,"href":"https:\/\/www.article-marketing.eu\/comunicati\/wp-json\/wp\/v2\/tags?post=17839"}],"curies":[{"name":"wp","href":"https:\/\/api.w.org\/{rel}","templated":true}]}}