{"id":1827,"date":"2009-04-22T10:50:36","date_gmt":"2009-04-22T08:50:36","guid":{"rendered":"http:\/\/www.article-marketing.eu\/comunicati\/senza-categoria\/arte-e-storia-a-rimini-piu-di-una-sola-vacanza\/"},"modified":"2009-04-22T10:50:36","modified_gmt":"2009-04-22T08:50:36","slug":"arte-e-storia-a-rimini-piu-di-una-sola-vacanza","status":"publish","type":"post","link":"https:\/\/www.article-marketing.eu\/comunicati\/arte-e-cultura\/arte-e-storia-a-rimini-piu-di-una-sola-vacanza\/","title":{"rendered":"Arte e storia a Rimini: pi\u00f9 di una sola vacanza"},"content":{"rendered":"<p>Rimini \u00e8 famosa in tutto il mondo per le sue spiagge e soprattutto per il divertimento notturno, non paragonabile a nessuna localit\u00e0 balneare europea.<\/p>\n<p>Ma Rimini non \u00e8 solo questo: hotel 3* Rimini e divertimento. Difatti pochi sanno che la storia di Rimini ha inizio nel Paleolitico, dato che gli uomini primitivi hanno sempre abitato la zona tra la costa e il colle di Covignano. Dalla preistoria, Rimini \u00e8 cresciuta fino a divenire un\u2019importante citt\u00e0 durante l\u2019Impero Romano. Nel 268 a.C. i romani &#8220;fondarono&#8221; la colonia di Ariminum e vi stanziarono una legione e coloni plebei di Roma.<br \/>\nLa posizione geografica ne fece un bastione contro l&#8217;avanzata dei Galli, e un avamposto per le conquiste verso la Pianura Padana. Rimini era un&#8217;importante rotta di comunicazione tra il Nord e il Centro Italia. Da qui partivano ben tre delle pi\u00f9 importanti vie Romane, la Via Flaminia, la Via Emilia e la Via Popilia-Annia.<\/p>\n<p>Sotto l\u2019Impero Romano Rimini fior\u00ec e vi si costruirono diversi monumenti importanti e da vedere assolutamente come il Ponte di Tiberio, l\u2019Arco di Augusto, che \u00e8 il pi\u00f9 antico arco romano ancora esistente, dopo ben 2050 anni. Da visitare anche il teatro e l\u2019anfiteatro, sempre di epoca romana. Uno dei ritrovamenti pi\u00f9 interessanti \u00e8 la famosa domus del chirurgo, una casa del III secolo d.C., appartenuta a un ricco chirurgo romano. All\u2019interno sono stati ritrovati moltissimo mosaici ma soprattutto molti strumenti chirurgici dell\u2019epoca, oggi esposti al museo cittadino.<\/p>\n<p>Ma anche durante il medioevo la citt\u00e0 fu un centro importante. La citt\u00e0 divenne un Comune nel corso del XII secolo, e a seguito dei crescenti ordini religiosi che vi si stabilirono durante il XIII secolo, vennero edificati numerosi conventi e chiese. Conseguentemente arrivarono in citt\u00e0 anche illustri artisti per progettare e decorare questi edifici. Il grande pittore Giotto fu l&#8217;ispiratore della scuola pittorica riminese del quattordicesimo secolo. Dell&#8217;insigne pittore, ci rimane un crocifisso e parte di un affresco conservata nella Chiesa di Sant&#8217;Agostino, arte che ammalia centinaia di migliaia di turisti da tutta Europa che hanno effettuato il loro soggiorno presso i tantissimi alberghi a Rimini.<\/p>\n<p>Oltre agli edifici religiosi, possiamo ricordare gli edifici civili, che si ammassano tutti intorno alla Piazza del Comune (l&#8217;attuale piazza Cavour), il Palazzo dell&#8217;Arengo e il Palazzo del Podest\u00e0. In epoca comunale infatti, il centro del potere a Rimini venne spostato in questa zona, mentre l&#8217;antico Foro, veniva utilizzato per il mercato e, successivamente, per le giostre.<\/p>\n<p>In seguito ad una prima fase in cui la citt\u00e0 spos\u00f2 la causa ghibellina, Rimini divenne guelfa. Dal 1295 Rimini, divenne una signoria, il cui territorio superava i confini geografici della Romagna,<br \/>\nUno dei monumenti pi\u00f9 celebri della citt\u00e0 romagnola, presente nei testi di architettura anche stranieri, \u00e8 il Tempio Malatestiano, progettato da Leon Battista Alberti intorno al 1450 per volere di Sigismondo Pandolfo Malatesta, signore di Rimini durante il XV secolo. Altro luogo di interesse appartenente a quest&#8217;epoca, \u00e8 il Castel Sismondo, il castello-reggia di Sigismondo Pandolfo Malatesta, che venne iniziato nel 1437 e finito nel 1446.<\/p>\n<p>Una citt\u00e0 ricca di storia, di monumenti e di luoghi d\u2019interesse, per chi vuole dedicare le vacanze presso un <a href=\"http:\/\/www.cercahotel-rimini.it\/ita\/hotel-4-stelle_130.html\">hotel 4 stelle lusso<\/a> p d\u2019obbligo dare uno sguardo anche alla cultura e all\u2019arte e non solo alle spiagge e alla tintarella.<\/p>\n","protected":false},"excerpt":{"rendered":"<p>Rimini \u00e8 famosa in tutto il mondo per le sue spiagge e soprattutto per il divertimento notturno, non paragonabile a nessuna localit\u00e0 balneare europea.<\/p>\n","protected":false},"author":10,"featured_media":0,"comment_status":"open","ping_status":"open","sticky":false,"template":"","format":"standard","meta":{"cybocfi_hide_featured_image":"","footnotes":""},"categories":[27],"tags":[5847,1950,5615,4363,5848],"class_list":["post-1827","post","type-post","status-publish","format-standard","hentry","category-arte-e-cultura","tag-arte-rimini","tag-hotel-rimini","tag-monumenti","tag-palazzi-storici","tag-storia-rimini"],"yoast_head":"<!-- This site is optimized with the Yoast SEO plugin v27.0 - https:\/\/yoast.com\/product\/yoast-seo-wordpress\/ -->\n<title>Arte e storia a Rimini: pi\u00f9 di una sola vacanza - Article Marketing<\/title>\n<meta name=\"robots\" content=\"index, follow, max-snippet:-1, max-image-preview:large, max-video-preview:-1\" \/>\n<link rel=\"canonical\" href=\"https:\/\/www.article-marketing.eu\/comunicati\/arte-e-cultura\/arte-e-storia-a-rimini-piu-di-una-sola-vacanza\/\" \/>\n<meta property=\"og:locale\" content=\"it_IT\" \/>\n<meta property=\"og:type\" content=\"article\" \/>\n<meta property=\"og:title\" content=\"Arte e storia a Rimini: pi\u00f9 di una sola vacanza - Article Marketing\" \/>\n<meta property=\"og:description\" content=\"Rimini \u00e8 famosa in tutto il mondo per le sue spiagge e soprattutto per il divertimento notturno, non paragonabile a nessuna localit\u00e0 balneare europea.\" \/>\n<meta property=\"og:url\" content=\"https:\/\/www.article-marketing.eu\/comunicati\/arte-e-cultura\/arte-e-storia-a-rimini-piu-di-una-sola-vacanza\/\" \/>\n<meta property=\"og:site_name\" content=\"Article Marketing\" \/>\n<meta property=\"article:published_time\" content=\"2009-04-22T08:50:36+00:00\" \/>\n<meta name=\"author\" content=\"Redazione Comunicati Stampa\" \/>\n<meta name=\"twitter:card\" content=\"summary_large_image\" \/>\n<meta name=\"twitter:label1\" content=\"Scritto da\" \/>\n\t<meta name=\"twitter:data1\" content=\"Redazione Comunicati Stampa\" \/>\n\t<meta name=\"twitter:label2\" content=\"Tempo di lettura stimato\" \/>\n\t<meta name=\"twitter:data2\" content=\"3 minuti\" \/>\n<script type=\"application\/ld+json\" class=\"yoast-schema-graph\">{\"@context\":\"https:\/\/schema.org\",\"@graph\":[{\"@type\":\"Article\",\"@id\":\"https:\/\/www.article-marketing.eu\/comunicati\/arte-e-cultura\/arte-e-storia-a-rimini-piu-di-una-sola-vacanza\/#article\",\"isPartOf\":{\"@id\":\"https:\/\/www.article-marketing.eu\/comunicati\/arte-e-cultura\/arte-e-storia-a-rimini-piu-di-una-sola-vacanza\/\"},\"author\":{\"name\":\"Redazione Comunicati Stampa\",\"@id\":\"https:\/\/www.article-marketing.eu\/comunicati\/#\/schema\/person\/44372e4d4d0fa797b18e03ed1ace9017\"},\"headline\":\"Arte e storia a Rimini: pi\u00f9 di una sola vacanza\",\"datePublished\":\"2009-04-22T08:50:36+00:00\",\"mainEntityOfPage\":{\"@id\":\"https:\/\/www.article-marketing.eu\/comunicati\/arte-e-cultura\/arte-e-storia-a-rimini-piu-di-una-sola-vacanza\/\"},\"wordCount\":550,\"commentCount\":0,\"keywords\":[\"arte rimini\",\"hotel rimini\",\"monumenti\",\"palazzi storici\",\"storia rimini\"],\"articleSection\":[\"Arte e cultura\"],\"inLanguage\":\"it-IT\",\"potentialAction\":[{\"@type\":\"CommentAction\",\"name\":\"Comment\",\"target\":[\"https:\/\/www.article-marketing.eu\/comunicati\/arte-e-cultura\/arte-e-storia-a-rimini-piu-di-una-sola-vacanza\/#respond\"]}]},{\"@type\":\"WebPage\",\"@id\":\"https:\/\/www.article-marketing.eu\/comunicati\/arte-e-cultura\/arte-e-storia-a-rimini-piu-di-una-sola-vacanza\/\",\"url\":\"https:\/\/www.article-marketing.eu\/comunicati\/arte-e-cultura\/arte-e-storia-a-rimini-piu-di-una-sola-vacanza\/\",\"name\":\"Arte e storia a Rimini: pi\u00f9 di una sola vacanza - Article Marketing\",\"isPartOf\":{\"@id\":\"https:\/\/www.article-marketing.eu\/comunicati\/#website\"},\"datePublished\":\"2009-04-22T08:50:36+00:00\",\"author\":{\"@id\":\"https:\/\/www.article-marketing.eu\/comunicati\/#\/schema\/person\/44372e4d4d0fa797b18e03ed1ace9017\"},\"breadcrumb\":{\"@id\":\"https:\/\/www.article-marketing.eu\/comunicati\/arte-e-cultura\/arte-e-storia-a-rimini-piu-di-una-sola-vacanza\/#breadcrumb\"},\"inLanguage\":\"it-IT\",\"potentialAction\":[{\"@type\":\"ReadAction\",\"target\":[\"https:\/\/www.article-marketing.eu\/comunicati\/arte-e-cultura\/arte-e-storia-a-rimini-piu-di-una-sola-vacanza\/\"]}]},{\"@type\":\"BreadcrumbList\",\"@id\":\"https:\/\/www.article-marketing.eu\/comunicati\/arte-e-cultura\/arte-e-storia-a-rimini-piu-di-una-sola-vacanza\/#breadcrumb\",\"itemListElement\":[{\"@type\":\"ListItem\",\"position\":1,\"name\":\"Home\",\"item\":\"https:\/\/www.article-marketing.eu\/comunicati\/\"},{\"@type\":\"ListItem\",\"position\":2,\"name\":\"Arte e storia a Rimini: pi\u00f9 di una sola vacanza\"}]},{\"@type\":\"WebSite\",\"@id\":\"https:\/\/www.article-marketing.eu\/comunicati\/#website\",\"url\":\"https:\/\/www.article-marketing.eu\/comunicati\/\",\"name\":\"Article Marketing\",\"description\":\"article marketing &amp; press release\",\"potentialAction\":[{\"@type\":\"SearchAction\",\"target\":{\"@type\":\"EntryPoint\",\"urlTemplate\":\"https:\/\/www.article-marketing.eu\/comunicati\/?s={search_term_string}\"},\"query-input\":{\"@type\":\"PropertyValueSpecification\",\"valueRequired\":true,\"valueName\":\"search_term_string\"}}],\"inLanguage\":\"it-IT\"},{\"@type\":\"Person\",\"@id\":\"https:\/\/www.article-marketing.eu\/comunicati\/#\/schema\/person\/44372e4d4d0fa797b18e03ed1ace9017\",\"name\":\"Redazione Comunicati Stampa\",\"image\":{\"@type\":\"ImageObject\",\"inLanguage\":\"it-IT\",\"@id\":\"https:\/\/www.article-marketing.eu\/comunicati\/#\/schema\/person\/image\/\",\"url\":\"https:\/\/secure.gravatar.com\/avatar\/50e5c6421d3072f42e7ace803501602c60d75233d34e29fd05feb91c8760b792?s=96&d=mm&r=g\",\"contentUrl\":\"https:\/\/secure.gravatar.com\/avatar\/50e5c6421d3072f42e7ace803501602c60d75233d34e29fd05feb91c8760b792?s=96&d=mm&r=g\",\"caption\":\"Redazione Comunicati Stampa\"},\"url\":\"https:\/\/www.article-marketing.eu\/comunicati\/author\/redazione-comunicati-stampa\/\"}]}<\/script>\n<!-- \/ Yoast SEO plugin. -->","yoast_head_json":{"title":"Arte e storia a Rimini: pi\u00f9 di una sola vacanza - Article Marketing","robots":{"index":"index","follow":"follow","max-snippet":"max-snippet:-1","max-image-preview":"max-image-preview:large","max-video-preview":"max-video-preview:-1"},"canonical":"https:\/\/www.article-marketing.eu\/comunicati\/arte-e-cultura\/arte-e-storia-a-rimini-piu-di-una-sola-vacanza\/","og_locale":"it_IT","og_type":"article","og_title":"Arte e storia a Rimini: pi\u00f9 di una sola vacanza - Article Marketing","og_description":"Rimini \u00e8 famosa in tutto il mondo per le sue spiagge e soprattutto per il divertimento notturno, non paragonabile a nessuna localit\u00e0 balneare europea.","og_url":"https:\/\/www.article-marketing.eu\/comunicati\/arte-e-cultura\/arte-e-storia-a-rimini-piu-di-una-sola-vacanza\/","og_site_name":"Article Marketing","article_published_time":"2009-04-22T08:50:36+00:00","author":"Redazione Comunicati Stampa","twitter_card":"summary_large_image","twitter_misc":{"Scritto da":"Redazione Comunicati Stampa","Tempo di lettura stimato":"3 minuti"},"schema":{"@context":"https:\/\/schema.org","@graph":[{"@type":"Article","@id":"https:\/\/www.article-marketing.eu\/comunicati\/arte-e-cultura\/arte-e-storia-a-rimini-piu-di-una-sola-vacanza\/#article","isPartOf":{"@id":"https:\/\/www.article-marketing.eu\/comunicati\/arte-e-cultura\/arte-e-storia-a-rimini-piu-di-una-sola-vacanza\/"},"author":{"name":"Redazione Comunicati Stampa","@id":"https:\/\/www.article-marketing.eu\/comunicati\/#\/schema\/person\/44372e4d4d0fa797b18e03ed1ace9017"},"headline":"Arte e storia a Rimini: pi\u00f9 di una sola vacanza","datePublished":"2009-04-22T08:50:36+00:00","mainEntityOfPage":{"@id":"https:\/\/www.article-marketing.eu\/comunicati\/arte-e-cultura\/arte-e-storia-a-rimini-piu-di-una-sola-vacanza\/"},"wordCount":550,"commentCount":0,"keywords":["arte rimini","hotel rimini","monumenti","palazzi storici","storia rimini"],"articleSection":["Arte e cultura"],"inLanguage":"it-IT","potentialAction":[{"@type":"CommentAction","name":"Comment","target":["https:\/\/www.article-marketing.eu\/comunicati\/arte-e-cultura\/arte-e-storia-a-rimini-piu-di-una-sola-vacanza\/#respond"]}]},{"@type":"WebPage","@id":"https:\/\/www.article-marketing.eu\/comunicati\/arte-e-cultura\/arte-e-storia-a-rimini-piu-di-una-sola-vacanza\/","url":"https:\/\/www.article-marketing.eu\/comunicati\/arte-e-cultura\/arte-e-storia-a-rimini-piu-di-una-sola-vacanza\/","name":"Arte e storia a Rimini: pi\u00f9 di una sola vacanza - Article Marketing","isPartOf":{"@id":"https:\/\/www.article-marketing.eu\/comunicati\/#website"},"datePublished":"2009-04-22T08:50:36+00:00","author":{"@id":"https:\/\/www.article-marketing.eu\/comunicati\/#\/schema\/person\/44372e4d4d0fa797b18e03ed1ace9017"},"breadcrumb":{"@id":"https:\/\/www.article-marketing.eu\/comunicati\/arte-e-cultura\/arte-e-storia-a-rimini-piu-di-una-sola-vacanza\/#breadcrumb"},"inLanguage":"it-IT","potentialAction":[{"@type":"ReadAction","target":["https:\/\/www.article-marketing.eu\/comunicati\/arte-e-cultura\/arte-e-storia-a-rimini-piu-di-una-sola-vacanza\/"]}]},{"@type":"BreadcrumbList","@id":"https:\/\/www.article-marketing.eu\/comunicati\/arte-e-cultura\/arte-e-storia-a-rimini-piu-di-una-sola-vacanza\/#breadcrumb","itemListElement":[{"@type":"ListItem","position":1,"name":"Home","item":"https:\/\/www.article-marketing.eu\/comunicati\/"},{"@type":"ListItem","position":2,"name":"Arte e storia a Rimini: pi\u00f9 di una sola vacanza"}]},{"@type":"WebSite","@id":"https:\/\/www.article-marketing.eu\/comunicati\/#website","url":"https:\/\/www.article-marketing.eu\/comunicati\/","name":"Article Marketing","description":"article marketing &amp; press release","potentialAction":[{"@type":"SearchAction","target":{"@type":"EntryPoint","urlTemplate":"https:\/\/www.article-marketing.eu\/comunicati\/?s={search_term_string}"},"query-input":{"@type":"PropertyValueSpecification","valueRequired":true,"valueName":"search_term_string"}}],"inLanguage":"it-IT"},{"@type":"Person","@id":"https:\/\/www.article-marketing.eu\/comunicati\/#\/schema\/person\/44372e4d4d0fa797b18e03ed1ace9017","name":"Redazione Comunicati Stampa","image":{"@type":"ImageObject","inLanguage":"it-IT","@id":"https:\/\/www.article-marketing.eu\/comunicati\/#\/schema\/person\/image\/","url":"https:\/\/secure.gravatar.com\/avatar\/50e5c6421d3072f42e7ace803501602c60d75233d34e29fd05feb91c8760b792?s=96&d=mm&r=g","contentUrl":"https:\/\/secure.gravatar.com\/avatar\/50e5c6421d3072f42e7ace803501602c60d75233d34e29fd05feb91c8760b792?s=96&d=mm&r=g","caption":"Redazione Comunicati Stampa"},"url":"https:\/\/www.article-marketing.eu\/comunicati\/author\/redazione-comunicati-stampa\/"}]}},"_links":{"self":[{"href":"https:\/\/www.article-marketing.eu\/comunicati\/wp-json\/wp\/v2\/posts\/1827","targetHints":{"allow":["GET"]}}],"collection":[{"href":"https:\/\/www.article-marketing.eu\/comunicati\/wp-json\/wp\/v2\/posts"}],"about":[{"href":"https:\/\/www.article-marketing.eu\/comunicati\/wp-json\/wp\/v2\/types\/post"}],"author":[{"embeddable":true,"href":"https:\/\/www.article-marketing.eu\/comunicati\/wp-json\/wp\/v2\/users\/10"}],"replies":[{"embeddable":true,"href":"https:\/\/www.article-marketing.eu\/comunicati\/wp-json\/wp\/v2\/comments?post=1827"}],"version-history":[{"count":0,"href":"https:\/\/www.article-marketing.eu\/comunicati\/wp-json\/wp\/v2\/posts\/1827\/revisions"}],"wp:attachment":[{"href":"https:\/\/www.article-marketing.eu\/comunicati\/wp-json\/wp\/v2\/media?parent=1827"}],"wp:term":[{"taxonomy":"category","embeddable":true,"href":"https:\/\/www.article-marketing.eu\/comunicati\/wp-json\/wp\/v2\/categories?post=1827"},{"taxonomy":"post_tag","embeddable":true,"href":"https:\/\/www.article-marketing.eu\/comunicati\/wp-json\/wp\/v2\/tags?post=1827"}],"curies":[{"name":"wp","href":"https:\/\/api.w.org\/{rel}","templated":true}]}}