{"id":18424,"date":"2011-07-21T12:20:30","date_gmt":"2011-07-21T10:20:30","guid":{"rendered":"http:\/\/www.article-marketing.eu\/comunicati\/senza-categoria\/egapark-un-giardino-incantato-di-luci-nel-cuore-della-germania\/"},"modified":"2011-07-21T12:20:30","modified_gmt":"2011-07-21T10:20:30","slug":"egapark-un-giardino-incantato-di-luci-nel-cuore-della-germania","status":"publish","type":"post","link":"https:\/\/www.article-marketing.eu\/comunicati\/arte-e-cultura\/egapark-un-giardino-incantato-di-luci-nel-cuore-della-germania\/","title":{"rendered":"EGAPARK &#8211; Un giardino incantato di luci, nel cuore della Germania"},"content":{"rendered":"<p>La Germania &egrave; in festa. Mentre Berlino si trasforma nella capitale del design e della creativit&agrave; e aspetta l&#8217;autunno per l&#8217;annuale appuntamento con il <a href=\"http:\/\/www.archilight.it\/GetPage.pub_do?id=8a8a8ab711a17da80111a273815304b2&amp;_JPFORCEDINFO=8a8a8ab730a2e3a90130a3514e970017&amp;language=ITA\">Festival of Lights<\/a> <strong>Egapark, uno dei parchi pi&ugrave; belli e suggestivi della Germania, celebra l&#8217;estate con la Festa delle luci, <\/strong>un evento che ogni anno affascina pi&ugrave; di 15 milioni di visitatori.<\/p>\n<p><strong>L&#8217;appuntamento &egrave; per il prossimo 13 agosto: spettacoli di musica, installazioni luminose, giochi di luci e colori<\/strong>. Per una notte, uno dei luoghi pi&ugrave; caratteristici di Erfurt, un piccolo paese della Germania centrale, si trasforma e regala agli spettatori emozioni uniche: <strong>il parco diventa un giardino incantato, dall&#8217;atmosfera insieme mistica e misteriosa<\/strong>, grazie alle installazioni di artisti e lighting designer internazionali.<\/p>\n<p>http:\/\/www.archilight.it\/GetPage.pub_do?id=8a8a8ac1185ea8b401185f800bda03cd&amp;language=ITA<\/p>\n<p>Germany is breaking out in celebration. While Berlin is transforming itself into the capital of design and creativity and waits for autumn for the annual appointment with the Festival of Lights, <strong>Egapark, one of the most beautiful and charming parks in Germany welcomes the summer with a special kind of light festival, <\/strong>an event that attracts over 15 million visitors every year.<\/p>\n<p><strong>The appointment is scheduled for August 13th: music, light installations, plays of light and colour<\/strong>. For one entire night, one of the most picturesque places in Erfurt, a small town in central Germany, transforms itself and gifts spectators with unique excitement: <strong>the park becomes an enchanted garden, with a mystic and mysterious atmosphere<\/strong>, thanks to the light installations of international artists and lighting designers.<\/p>\n<p>Four different stages will be set in as many areas of the park: here concerts and dance performances will animate the evenings at Egapark. <strong>Rays of light will illuminate the celebrations and animate the architectural treasures <\/strong>hidden in the park like the amazing Schmetterlinghaus, the butterfly house.<\/p>\n<p>The 35,000 square meters of surface area at Egapark will also be illuminated by <strong>lanterns and lamps <\/strong>to guide visitors through their promenade. <strong>Light will accompany the water plays of the fountains<\/strong> present in the park. <strong>The<\/strong> <strong>grand finale of the celebration is the spectacular fireworks display.<\/strong><br \/><strong><\/strong><br \/>http:\/\/www.archilight.it\/GetPage.pub_do?id=8a8a8ac1185ea8b401185f800bda03cd&amp;language=ENG<\/p>\n","protected":false},"excerpt":{"rendered":"<p>La Germania \u00e8 in festa. Mentre Berlino si trasforma nella capitale del design e della creativit\u00e0 e aspetta l&#8217;autunno per l&#8217;annuale appuntamento con il Festival of Lights Egapark, uno dei parchi pi\u00f9 belli e suggestivi della Germania, celebra l&#8217;estate con la Festa delle luci, un evento che ogni anno affascina pi\u00f9 di 15 milioni di visitatori.<\/p>\n","protected":false},"author":10,"featured_media":0,"comment_status":"open","ping_status":"open","sticky":false,"template":"","format":"standard","meta":{"cybocfi_hide_featured_image":"","footnotes":""},"categories":[27],"tags":[],"class_list":["post-18424","post","type-post","status-publish","format-standard","hentry","category-arte-e-cultura"],"yoast_head":"<!-- This site is optimized with the Yoast SEO plugin v27.0 - https:\/\/yoast.com\/product\/yoast-seo-wordpress\/ -->\n<title>EGAPARK - Un giardino incantato di luci, nel cuore della Germania - Article Marketing<\/title>\n<meta name=\"robots\" content=\"index, follow, max-snippet:-1, max-image-preview:large, max-video-preview:-1\" \/>\n<link rel=\"canonical\" href=\"https:\/\/www.article-marketing.eu\/comunicati\/arte-e-cultura\/egapark-un-giardino-incantato-di-luci-nel-cuore-della-germania\/\" \/>\n<meta property=\"og:locale\" content=\"it_IT\" \/>\n<meta property=\"og:type\" content=\"article\" \/>\n<meta property=\"og:title\" content=\"EGAPARK - Un giardino incantato di luci, nel cuore della Germania - Article Marketing\" \/>\n<meta property=\"og:description\" content=\"La Germania \u00e8 in festa. Mentre Berlino si trasforma nella capitale del design e della creativit\u00e0 e aspetta l&#039;autunno per l&#039;annuale appuntamento con il Festival of Lights Egapark, uno dei parchi pi\u00f9 belli e suggestivi della Germania, celebra l&#039;estate con la Festa delle luci, un evento che ogni anno affascina pi\u00f9 di 15 milioni di visitatori.\" \/>\n<meta property=\"og:url\" content=\"https:\/\/www.article-marketing.eu\/comunicati\/arte-e-cultura\/egapark-un-giardino-incantato-di-luci-nel-cuore-della-germania\/\" \/>\n<meta property=\"og:site_name\" content=\"Article Marketing\" \/>\n<meta property=\"article:published_time\" content=\"2011-07-21T10:20:30+00:00\" \/>\n<meta name=\"author\" content=\"Redazione Comunicati Stampa\" \/>\n<meta name=\"twitter:card\" content=\"summary_large_image\" \/>\n<meta name=\"twitter:label1\" content=\"Scritto da\" \/>\n\t<meta name=\"twitter:data1\" content=\"Redazione Comunicati Stampa\" \/>\n\t<meta name=\"twitter:label2\" content=\"Tempo di lettura stimato\" \/>\n\t<meta name=\"twitter:data2\" content=\"2 minuti\" \/>\n<script type=\"application\/ld+json\" class=\"yoast-schema-graph\">{\"@context\":\"https:\/\/schema.org\",\"@graph\":[{\"@type\":\"Article\",\"@id\":\"https:\/\/www.article-marketing.eu\/comunicati\/arte-e-cultura\/egapark-un-giardino-incantato-di-luci-nel-cuore-della-germania\/#article\",\"isPartOf\":{\"@id\":\"https:\/\/www.article-marketing.eu\/comunicati\/arte-e-cultura\/egapark-un-giardino-incantato-di-luci-nel-cuore-della-germania\/\"},\"author\":{\"name\":\"Redazione Comunicati Stampa\",\"@id\":\"https:\/\/www.article-marketing.eu\/comunicati\/#\/schema\/person\/44372e4d4d0fa797b18e03ed1ace9017\"},\"headline\":\"EGAPARK &#8211; Un giardino incantato di luci, nel cuore della Germania\",\"datePublished\":\"2011-07-21T10:20:30+00:00\",\"mainEntityOfPage\":{\"@id\":\"https:\/\/www.article-marketing.eu\/comunicati\/arte-e-cultura\/egapark-un-giardino-incantato-di-luci-nel-cuore-della-germania\/\"},\"wordCount\":386,\"commentCount\":0,\"articleSection\":[\"Arte e cultura\"],\"inLanguage\":\"it-IT\",\"potentialAction\":[{\"@type\":\"CommentAction\",\"name\":\"Comment\",\"target\":[\"https:\/\/www.article-marketing.eu\/comunicati\/arte-e-cultura\/egapark-un-giardino-incantato-di-luci-nel-cuore-della-germania\/#respond\"]}]},{\"@type\":\"WebPage\",\"@id\":\"https:\/\/www.article-marketing.eu\/comunicati\/arte-e-cultura\/egapark-un-giardino-incantato-di-luci-nel-cuore-della-germania\/\",\"url\":\"https:\/\/www.article-marketing.eu\/comunicati\/arte-e-cultura\/egapark-un-giardino-incantato-di-luci-nel-cuore-della-germania\/\",\"name\":\"EGAPARK - Un giardino incantato di luci, nel cuore della Germania - Article Marketing\",\"isPartOf\":{\"@id\":\"https:\/\/www.article-marketing.eu\/comunicati\/#website\"},\"datePublished\":\"2011-07-21T10:20:30+00:00\",\"author\":{\"@id\":\"https:\/\/www.article-marketing.eu\/comunicati\/#\/schema\/person\/44372e4d4d0fa797b18e03ed1ace9017\"},\"breadcrumb\":{\"@id\":\"https:\/\/www.article-marketing.eu\/comunicati\/arte-e-cultura\/egapark-un-giardino-incantato-di-luci-nel-cuore-della-germania\/#breadcrumb\"},\"inLanguage\":\"it-IT\",\"potentialAction\":[{\"@type\":\"ReadAction\",\"target\":[\"https:\/\/www.article-marketing.eu\/comunicati\/arte-e-cultura\/egapark-un-giardino-incantato-di-luci-nel-cuore-della-germania\/\"]}]},{\"@type\":\"BreadcrumbList\",\"@id\":\"https:\/\/www.article-marketing.eu\/comunicati\/arte-e-cultura\/egapark-un-giardino-incantato-di-luci-nel-cuore-della-germania\/#breadcrumb\",\"itemListElement\":[{\"@type\":\"ListItem\",\"position\":1,\"name\":\"Home\",\"item\":\"https:\/\/www.article-marketing.eu\/comunicati\/\"},{\"@type\":\"ListItem\",\"position\":2,\"name\":\"EGAPARK &#8211; Un giardino incantato di luci, nel cuore della Germania\"}]},{\"@type\":\"WebSite\",\"@id\":\"https:\/\/www.article-marketing.eu\/comunicati\/#website\",\"url\":\"https:\/\/www.article-marketing.eu\/comunicati\/\",\"name\":\"Article Marketing\",\"description\":\"article marketing &amp; press release\",\"potentialAction\":[{\"@type\":\"SearchAction\",\"target\":{\"@type\":\"EntryPoint\",\"urlTemplate\":\"https:\/\/www.article-marketing.eu\/comunicati\/?s={search_term_string}\"},\"query-input\":{\"@type\":\"PropertyValueSpecification\",\"valueRequired\":true,\"valueName\":\"search_term_string\"}}],\"inLanguage\":\"it-IT\"},{\"@type\":\"Person\",\"@id\":\"https:\/\/www.article-marketing.eu\/comunicati\/#\/schema\/person\/44372e4d4d0fa797b18e03ed1ace9017\",\"name\":\"Redazione Comunicati Stampa\",\"image\":{\"@type\":\"ImageObject\",\"inLanguage\":\"it-IT\",\"@id\":\"https:\/\/www.article-marketing.eu\/comunicati\/#\/schema\/person\/image\/\",\"url\":\"https:\/\/secure.gravatar.com\/avatar\/50e5c6421d3072f42e7ace803501602c60d75233d34e29fd05feb91c8760b792?s=96&d=mm&r=g\",\"contentUrl\":\"https:\/\/secure.gravatar.com\/avatar\/50e5c6421d3072f42e7ace803501602c60d75233d34e29fd05feb91c8760b792?s=96&d=mm&r=g\",\"caption\":\"Redazione Comunicati Stampa\"},\"url\":\"https:\/\/www.article-marketing.eu\/comunicati\/author\/redazione-comunicati-stampa\/\"}]}<\/script>\n<!-- \/ Yoast SEO plugin. -->","yoast_head_json":{"title":"EGAPARK - Un giardino incantato di luci, nel cuore della Germania - Article Marketing","robots":{"index":"index","follow":"follow","max-snippet":"max-snippet:-1","max-image-preview":"max-image-preview:large","max-video-preview":"max-video-preview:-1"},"canonical":"https:\/\/www.article-marketing.eu\/comunicati\/arte-e-cultura\/egapark-un-giardino-incantato-di-luci-nel-cuore-della-germania\/","og_locale":"it_IT","og_type":"article","og_title":"EGAPARK - Un giardino incantato di luci, nel cuore della Germania - Article Marketing","og_description":"La Germania \u00e8 in festa. Mentre Berlino si trasforma nella capitale del design e della creativit\u00e0 e aspetta l'autunno per l'annuale appuntamento con il Festival of Lights Egapark, uno dei parchi pi\u00f9 belli e suggestivi della Germania, celebra l'estate con la Festa delle luci, un evento che ogni anno affascina pi\u00f9 di 15 milioni di visitatori.","og_url":"https:\/\/www.article-marketing.eu\/comunicati\/arte-e-cultura\/egapark-un-giardino-incantato-di-luci-nel-cuore-della-germania\/","og_site_name":"Article Marketing","article_published_time":"2011-07-21T10:20:30+00:00","author":"Redazione Comunicati Stampa","twitter_card":"summary_large_image","twitter_misc":{"Scritto da":"Redazione Comunicati Stampa","Tempo di lettura stimato":"2 minuti"},"schema":{"@context":"https:\/\/schema.org","@graph":[{"@type":"Article","@id":"https:\/\/www.article-marketing.eu\/comunicati\/arte-e-cultura\/egapark-un-giardino-incantato-di-luci-nel-cuore-della-germania\/#article","isPartOf":{"@id":"https:\/\/www.article-marketing.eu\/comunicati\/arte-e-cultura\/egapark-un-giardino-incantato-di-luci-nel-cuore-della-germania\/"},"author":{"name":"Redazione Comunicati Stampa","@id":"https:\/\/www.article-marketing.eu\/comunicati\/#\/schema\/person\/44372e4d4d0fa797b18e03ed1ace9017"},"headline":"EGAPARK &#8211; Un giardino incantato di luci, nel cuore della Germania","datePublished":"2011-07-21T10:20:30+00:00","mainEntityOfPage":{"@id":"https:\/\/www.article-marketing.eu\/comunicati\/arte-e-cultura\/egapark-un-giardino-incantato-di-luci-nel-cuore-della-germania\/"},"wordCount":386,"commentCount":0,"articleSection":["Arte e cultura"],"inLanguage":"it-IT","potentialAction":[{"@type":"CommentAction","name":"Comment","target":["https:\/\/www.article-marketing.eu\/comunicati\/arte-e-cultura\/egapark-un-giardino-incantato-di-luci-nel-cuore-della-germania\/#respond"]}]},{"@type":"WebPage","@id":"https:\/\/www.article-marketing.eu\/comunicati\/arte-e-cultura\/egapark-un-giardino-incantato-di-luci-nel-cuore-della-germania\/","url":"https:\/\/www.article-marketing.eu\/comunicati\/arte-e-cultura\/egapark-un-giardino-incantato-di-luci-nel-cuore-della-germania\/","name":"EGAPARK - Un giardino incantato di luci, nel cuore della Germania - Article Marketing","isPartOf":{"@id":"https:\/\/www.article-marketing.eu\/comunicati\/#website"},"datePublished":"2011-07-21T10:20:30+00:00","author":{"@id":"https:\/\/www.article-marketing.eu\/comunicati\/#\/schema\/person\/44372e4d4d0fa797b18e03ed1ace9017"},"breadcrumb":{"@id":"https:\/\/www.article-marketing.eu\/comunicati\/arte-e-cultura\/egapark-un-giardino-incantato-di-luci-nel-cuore-della-germania\/#breadcrumb"},"inLanguage":"it-IT","potentialAction":[{"@type":"ReadAction","target":["https:\/\/www.article-marketing.eu\/comunicati\/arte-e-cultura\/egapark-un-giardino-incantato-di-luci-nel-cuore-della-germania\/"]}]},{"@type":"BreadcrumbList","@id":"https:\/\/www.article-marketing.eu\/comunicati\/arte-e-cultura\/egapark-un-giardino-incantato-di-luci-nel-cuore-della-germania\/#breadcrumb","itemListElement":[{"@type":"ListItem","position":1,"name":"Home","item":"https:\/\/www.article-marketing.eu\/comunicati\/"},{"@type":"ListItem","position":2,"name":"EGAPARK &#8211; Un giardino incantato di luci, nel cuore della Germania"}]},{"@type":"WebSite","@id":"https:\/\/www.article-marketing.eu\/comunicati\/#website","url":"https:\/\/www.article-marketing.eu\/comunicati\/","name":"Article Marketing","description":"article marketing &amp; press release","potentialAction":[{"@type":"SearchAction","target":{"@type":"EntryPoint","urlTemplate":"https:\/\/www.article-marketing.eu\/comunicati\/?s={search_term_string}"},"query-input":{"@type":"PropertyValueSpecification","valueRequired":true,"valueName":"search_term_string"}}],"inLanguage":"it-IT"},{"@type":"Person","@id":"https:\/\/www.article-marketing.eu\/comunicati\/#\/schema\/person\/44372e4d4d0fa797b18e03ed1ace9017","name":"Redazione Comunicati Stampa","image":{"@type":"ImageObject","inLanguage":"it-IT","@id":"https:\/\/www.article-marketing.eu\/comunicati\/#\/schema\/person\/image\/","url":"https:\/\/secure.gravatar.com\/avatar\/50e5c6421d3072f42e7ace803501602c60d75233d34e29fd05feb91c8760b792?s=96&d=mm&r=g","contentUrl":"https:\/\/secure.gravatar.com\/avatar\/50e5c6421d3072f42e7ace803501602c60d75233d34e29fd05feb91c8760b792?s=96&d=mm&r=g","caption":"Redazione Comunicati Stampa"},"url":"https:\/\/www.article-marketing.eu\/comunicati\/author\/redazione-comunicati-stampa\/"}]}},"_links":{"self":[{"href":"https:\/\/www.article-marketing.eu\/comunicati\/wp-json\/wp\/v2\/posts\/18424","targetHints":{"allow":["GET"]}}],"collection":[{"href":"https:\/\/www.article-marketing.eu\/comunicati\/wp-json\/wp\/v2\/posts"}],"about":[{"href":"https:\/\/www.article-marketing.eu\/comunicati\/wp-json\/wp\/v2\/types\/post"}],"author":[{"embeddable":true,"href":"https:\/\/www.article-marketing.eu\/comunicati\/wp-json\/wp\/v2\/users\/10"}],"replies":[{"embeddable":true,"href":"https:\/\/www.article-marketing.eu\/comunicati\/wp-json\/wp\/v2\/comments?post=18424"}],"version-history":[{"count":0,"href":"https:\/\/www.article-marketing.eu\/comunicati\/wp-json\/wp\/v2\/posts\/18424\/revisions"}],"wp:attachment":[{"href":"https:\/\/www.article-marketing.eu\/comunicati\/wp-json\/wp\/v2\/media?parent=18424"}],"wp:term":[{"taxonomy":"category","embeddable":true,"href":"https:\/\/www.article-marketing.eu\/comunicati\/wp-json\/wp\/v2\/categories?post=18424"},{"taxonomy":"post_tag","embeddable":true,"href":"https:\/\/www.article-marketing.eu\/comunicati\/wp-json\/wp\/v2\/tags?post=18424"}],"curies":[{"name":"wp","href":"https:\/\/api.w.org\/{rel}","templated":true}]}}