{"id":18426,"date":"2011-07-21T12:33:45","date_gmt":"2011-07-21T10:33:45","guid":{"rendered":"http:\/\/www.article-marketing.eu\/comunicati\/senza-categoria\/bergamo-trasformati-dalla-luce\/"},"modified":"2011-07-21T12:33:45","modified_gmt":"2011-07-21T10:33:45","slug":"bergamo-trasformati-dalla-luce","status":"publish","type":"post","link":"https:\/\/www.article-marketing.eu\/comunicati\/arte-e-cultura\/bergamo-trasformati-dalla-luce\/","title":{"rendered":"Bergamo Trasformati dalla luce &#8211; un evento di luce che coinvolger\u00e0 la citt\u00e0"},"content":{"rendered":"<p>Un titolo emblematico per un evento di luce che coinvolger&agrave; la citt&agrave; di Bergamo e che ben rappresenta il trend galoppante dei Festival di Luce, interpretati da artisti, architetti, designer e lighting design. Le istituzioni insieme agli enti e ai cultori della materia si mobilitano per infondere all&#8217;architettura urbana nuovi impulsi ed esprimere nuovi concetti estetici all&#8217;interno delle citt&agrave;, modificando i contesti urbani.<br \/>\nVogliamo dare spazio a tutte queste nuove forme di espressione che coinvolgono la luce, prorio perch&eacute; crediamo al valore culturale di questo percorso.<\/p>\n<p>&#8220;&#8230;.. l&#8217;immagine del territorio e della citt&agrave; di Bergamo attraverso la cultura della luce, dell&#8217;architettura e dell&#8217;arte propone per il 2011, in accordo con la Camera di Commercio di Bergamo e nell&#8217;ambito della tredicesima edizione del Festival Notti di Luce, il concorso di idee &#8220;<strong>Trasformati dalla luce<\/strong>&#8221; finalizzato alla progettazione di opere luminose, affinch&eacute; i luoghi del centro urbano siano svelati da visioni inedite fatte di movimento, luce e immagini&#8221;<\/p>\n<p>Il bando (allegato in fondo) invita a progettare show lighting, illuminazioni architetturali e installazioni di luce in linea con gli intenti del <strong>Festival Notti di Luce<\/strong> e le indicazioni artistiche dell&#8217;intera manifestazione volte all&#8217;enfatizzazione, alla promozione e alla valorizzazione del centro urbano di Bergamo bassa insieme alla celebrazione del bicentenario della costituzione dell&#8217;Ente Camerale.<br \/>I progetti selezionati saranno presentati pubblicamente il 31 agosto nel corso di una serata spettacolare del <strong>Festival<\/strong> Notti di Luce in cui saranno i vincitori di tutte le categorie.<\/p>\n<p>La partecipazione &egrave; aperta ai professionisti e studenti in possesso dei requisiti del bando.<br \/>\nAi premiati sar&agrave; riconosciuto un contributo economico<br \/><strong>1&deg; premo\/4000 euro &#8211; 2&deg; premio\/1000 &#8211; 3&deg;premio &#8211; 1000<\/strong><br \/>La giuria scientifica sar&agrave; composta da 5 membri, i nomi saranno resi noti a breve.<\/p>\n<p><a href=\"http:\/\/www.archilight.it\/GetPage.pub_do?id=8a8a8ac1185ea8b401185f800bda03cd&amp;_JPFORCEDINFO=8a8a8ab730e5ab9f0130e5c2d4ab002c\">http:\/\/www.archilight.it\/GetPage.pub_do?id=8a8a8ac1185ea8b401185f800bda03cd&amp;_JPFORCEDINFO=8a8a8ab730e5ab9f0130e5c2d4ab002c<\/a><\/p>\n<p>An emblematic title for a light event that will involve the city of Bergamo and that effectively represents the current trend of Light Festivals, starring artists, architects, designers and lighting design. Institutions, local authorities and light lovers share their efforts to infuse new life and new aesthetic concepts into urban architecture, modifying urban settings.<br \/>We want to emphasise these new forms of expression that involve light, because we believe in the cultural value of this strategy.<\/p>\n<p>&#8220;&#8230;..the image of the local area and of the city of Bergamo expressed through light, architecture and art intends, in agreement with the Chamber of Commerce of Bergamo and as part of the thirteenth edition of the Festival &#8220;Notti di Luce&#8221;, is launching in 2011, the competition of ideas &#8220;<strong>Trasformati dalla luce<\/strong>&#8221; to design light installation so that urban spaces are uncovered by new visions made of movement, light and images&#8221;.<\/p>\n<p>http:\/\/www.archilight.it\/GetPage.pub_do?id=8a8a8ac1185ea8b401185f800bda03cd&amp;_JPFORCEDINFO=8a8a8ab730e5ab9f0130e5c2d4ab002c&amp;language=ENG<\/p>\n","protected":false},"excerpt":{"rendered":"<p>Un titolo emblematico per un evento di luce che coinvolger\u00e0 la citt\u00e0 di Bergamo e che ben rappresenta il trend galoppante dei Festival di Luce, interpretati da artisti, architetti, designer e lighting design. Le istituzioni insieme agli enti e ai cultori della materia si mobilitano per infondere all&#8217;architettura urbana nuovi impulsi ed esprimere nuovi concetti estetici all&#8217;interno delle citt\u00e0, modificando i contesti urbani.<\/p>\n","protected":false},"author":10,"featured_media":0,"comment_status":"open","ping_status":"open","sticky":false,"template":"","format":"standard","meta":{"cybocfi_hide_featured_image":"","footnotes":""},"categories":[27],"tags":[],"class_list":["post-18426","post","type-post","status-publish","format-standard","hentry","category-arte-e-cultura"],"yoast_head":"<!-- This site is optimized with the Yoast SEO plugin v27.0 - https:\/\/yoast.com\/product\/yoast-seo-wordpress\/ -->\n<title>Bergamo Trasformati dalla luce - un evento di luce che coinvolger\u00e0 la citt\u00e0 - Article Marketing<\/title>\n<meta name=\"robots\" content=\"index, follow, max-snippet:-1, max-image-preview:large, max-video-preview:-1\" \/>\n<link rel=\"canonical\" href=\"https:\/\/www.article-marketing.eu\/comunicati\/arte-e-cultura\/bergamo-trasformati-dalla-luce\/\" \/>\n<meta property=\"og:locale\" content=\"it_IT\" \/>\n<meta property=\"og:type\" content=\"article\" \/>\n<meta property=\"og:title\" content=\"Bergamo Trasformati dalla luce - un evento di luce che coinvolger\u00e0 la citt\u00e0 - Article Marketing\" \/>\n<meta property=\"og:description\" content=\"Un titolo emblematico per un evento di luce che coinvolger\u00e0 la citt\u00e0 di Bergamo e che ben rappresenta il trend galoppante dei Festival di Luce, interpretati da artisti, architetti, designer e lighting design. Le istituzioni insieme agli enti e ai cultori della materia si mobilitano per infondere all&#039;architettura urbana nuovi impulsi ed esprimere nuovi concetti estetici all&#039;interno delle citt\u00e0, modificando i contesti urbani.\" \/>\n<meta property=\"og:url\" content=\"https:\/\/www.article-marketing.eu\/comunicati\/arte-e-cultura\/bergamo-trasformati-dalla-luce\/\" \/>\n<meta property=\"og:site_name\" content=\"Article Marketing\" \/>\n<meta property=\"article:published_time\" content=\"2011-07-21T10:33:45+00:00\" \/>\n<meta name=\"author\" content=\"Redazione Comunicati Stampa\" \/>\n<meta name=\"twitter:card\" content=\"summary_large_image\" \/>\n<meta name=\"twitter:label1\" content=\"Scritto da\" \/>\n\t<meta name=\"twitter:data1\" content=\"Redazione Comunicati Stampa\" \/>\n\t<meta name=\"twitter:label2\" content=\"Tempo di lettura stimato\" \/>\n\t<meta name=\"twitter:data2\" content=\"2 minuti\" \/>\n<script type=\"application\/ld+json\" class=\"yoast-schema-graph\">{\"@context\":\"https:\/\/schema.org\",\"@graph\":[{\"@type\":\"Article\",\"@id\":\"https:\/\/www.article-marketing.eu\/comunicati\/arte-e-cultura\/bergamo-trasformati-dalla-luce\/#article\",\"isPartOf\":{\"@id\":\"https:\/\/www.article-marketing.eu\/comunicati\/arte-e-cultura\/bergamo-trasformati-dalla-luce\/\"},\"author\":{\"name\":\"Redazione Comunicati Stampa\",\"@id\":\"https:\/\/www.article-marketing.eu\/comunicati\/#\/schema\/person\/44372e4d4d0fa797b18e03ed1ace9017\"},\"headline\":\"Bergamo Trasformati dalla luce &#8211; un evento di luce che coinvolger\u00e0 la citt\u00e0\",\"datePublished\":\"2011-07-21T10:33:45+00:00\",\"mainEntityOfPage\":{\"@id\":\"https:\/\/www.article-marketing.eu\/comunicati\/arte-e-cultura\/bergamo-trasformati-dalla-luce\/\"},\"wordCount\":509,\"commentCount\":0,\"articleSection\":[\"Arte e cultura\"],\"inLanguage\":\"it-IT\",\"potentialAction\":[{\"@type\":\"CommentAction\",\"name\":\"Comment\",\"target\":[\"https:\/\/www.article-marketing.eu\/comunicati\/arte-e-cultura\/bergamo-trasformati-dalla-luce\/#respond\"]}]},{\"@type\":\"WebPage\",\"@id\":\"https:\/\/www.article-marketing.eu\/comunicati\/arte-e-cultura\/bergamo-trasformati-dalla-luce\/\",\"url\":\"https:\/\/www.article-marketing.eu\/comunicati\/arte-e-cultura\/bergamo-trasformati-dalla-luce\/\",\"name\":\"Bergamo Trasformati dalla luce - un evento di luce che coinvolger\u00e0 la citt\u00e0 - Article Marketing\",\"isPartOf\":{\"@id\":\"https:\/\/www.article-marketing.eu\/comunicati\/#website\"},\"datePublished\":\"2011-07-21T10:33:45+00:00\",\"author\":{\"@id\":\"https:\/\/www.article-marketing.eu\/comunicati\/#\/schema\/person\/44372e4d4d0fa797b18e03ed1ace9017\"},\"breadcrumb\":{\"@id\":\"https:\/\/www.article-marketing.eu\/comunicati\/arte-e-cultura\/bergamo-trasformati-dalla-luce\/#breadcrumb\"},\"inLanguage\":\"it-IT\",\"potentialAction\":[{\"@type\":\"ReadAction\",\"target\":[\"https:\/\/www.article-marketing.eu\/comunicati\/arte-e-cultura\/bergamo-trasformati-dalla-luce\/\"]}]},{\"@type\":\"BreadcrumbList\",\"@id\":\"https:\/\/www.article-marketing.eu\/comunicati\/arte-e-cultura\/bergamo-trasformati-dalla-luce\/#breadcrumb\",\"itemListElement\":[{\"@type\":\"ListItem\",\"position\":1,\"name\":\"Home\",\"item\":\"https:\/\/www.article-marketing.eu\/comunicati\/\"},{\"@type\":\"ListItem\",\"position\":2,\"name\":\"Bergamo Trasformati dalla luce &#8211; un evento di luce che coinvolger\u00e0 la citt\u00e0\"}]},{\"@type\":\"WebSite\",\"@id\":\"https:\/\/www.article-marketing.eu\/comunicati\/#website\",\"url\":\"https:\/\/www.article-marketing.eu\/comunicati\/\",\"name\":\"Article Marketing\",\"description\":\"article marketing &amp; press release\",\"potentialAction\":[{\"@type\":\"SearchAction\",\"target\":{\"@type\":\"EntryPoint\",\"urlTemplate\":\"https:\/\/www.article-marketing.eu\/comunicati\/?s={search_term_string}\"},\"query-input\":{\"@type\":\"PropertyValueSpecification\",\"valueRequired\":true,\"valueName\":\"search_term_string\"}}],\"inLanguage\":\"it-IT\"},{\"@type\":\"Person\",\"@id\":\"https:\/\/www.article-marketing.eu\/comunicati\/#\/schema\/person\/44372e4d4d0fa797b18e03ed1ace9017\",\"name\":\"Redazione Comunicati Stampa\",\"image\":{\"@type\":\"ImageObject\",\"inLanguage\":\"it-IT\",\"@id\":\"https:\/\/www.article-marketing.eu\/comunicati\/#\/schema\/person\/image\/\",\"url\":\"https:\/\/secure.gravatar.com\/avatar\/50e5c6421d3072f42e7ace803501602c60d75233d34e29fd05feb91c8760b792?s=96&d=mm&r=g\",\"contentUrl\":\"https:\/\/secure.gravatar.com\/avatar\/50e5c6421d3072f42e7ace803501602c60d75233d34e29fd05feb91c8760b792?s=96&d=mm&r=g\",\"caption\":\"Redazione Comunicati Stampa\"},\"url\":\"https:\/\/www.article-marketing.eu\/comunicati\/author\/redazione-comunicati-stampa\/\"}]}<\/script>\n<!-- \/ Yoast SEO plugin. -->","yoast_head_json":{"title":"Bergamo Trasformati dalla luce - un evento di luce che coinvolger\u00e0 la citt\u00e0 - Article Marketing","robots":{"index":"index","follow":"follow","max-snippet":"max-snippet:-1","max-image-preview":"max-image-preview:large","max-video-preview":"max-video-preview:-1"},"canonical":"https:\/\/www.article-marketing.eu\/comunicati\/arte-e-cultura\/bergamo-trasformati-dalla-luce\/","og_locale":"it_IT","og_type":"article","og_title":"Bergamo Trasformati dalla luce - un evento di luce che coinvolger\u00e0 la citt\u00e0 - Article Marketing","og_description":"Un titolo emblematico per un evento di luce che coinvolger\u00e0 la citt\u00e0 di Bergamo e che ben rappresenta il trend galoppante dei Festival di Luce, interpretati da artisti, architetti, designer e lighting design. Le istituzioni insieme agli enti e ai cultori della materia si mobilitano per infondere all'architettura urbana nuovi impulsi ed esprimere nuovi concetti estetici all'interno delle citt\u00e0, modificando i contesti urbani.","og_url":"https:\/\/www.article-marketing.eu\/comunicati\/arte-e-cultura\/bergamo-trasformati-dalla-luce\/","og_site_name":"Article Marketing","article_published_time":"2011-07-21T10:33:45+00:00","author":"Redazione Comunicati Stampa","twitter_card":"summary_large_image","twitter_misc":{"Scritto da":"Redazione Comunicati Stampa","Tempo di lettura stimato":"2 minuti"},"schema":{"@context":"https:\/\/schema.org","@graph":[{"@type":"Article","@id":"https:\/\/www.article-marketing.eu\/comunicati\/arte-e-cultura\/bergamo-trasformati-dalla-luce\/#article","isPartOf":{"@id":"https:\/\/www.article-marketing.eu\/comunicati\/arte-e-cultura\/bergamo-trasformati-dalla-luce\/"},"author":{"name":"Redazione Comunicati Stampa","@id":"https:\/\/www.article-marketing.eu\/comunicati\/#\/schema\/person\/44372e4d4d0fa797b18e03ed1ace9017"},"headline":"Bergamo Trasformati dalla luce &#8211; un evento di luce che coinvolger\u00e0 la citt\u00e0","datePublished":"2011-07-21T10:33:45+00:00","mainEntityOfPage":{"@id":"https:\/\/www.article-marketing.eu\/comunicati\/arte-e-cultura\/bergamo-trasformati-dalla-luce\/"},"wordCount":509,"commentCount":0,"articleSection":["Arte e cultura"],"inLanguage":"it-IT","potentialAction":[{"@type":"CommentAction","name":"Comment","target":["https:\/\/www.article-marketing.eu\/comunicati\/arte-e-cultura\/bergamo-trasformati-dalla-luce\/#respond"]}]},{"@type":"WebPage","@id":"https:\/\/www.article-marketing.eu\/comunicati\/arte-e-cultura\/bergamo-trasformati-dalla-luce\/","url":"https:\/\/www.article-marketing.eu\/comunicati\/arte-e-cultura\/bergamo-trasformati-dalla-luce\/","name":"Bergamo Trasformati dalla luce - un evento di luce che coinvolger\u00e0 la citt\u00e0 - Article Marketing","isPartOf":{"@id":"https:\/\/www.article-marketing.eu\/comunicati\/#website"},"datePublished":"2011-07-21T10:33:45+00:00","author":{"@id":"https:\/\/www.article-marketing.eu\/comunicati\/#\/schema\/person\/44372e4d4d0fa797b18e03ed1ace9017"},"breadcrumb":{"@id":"https:\/\/www.article-marketing.eu\/comunicati\/arte-e-cultura\/bergamo-trasformati-dalla-luce\/#breadcrumb"},"inLanguage":"it-IT","potentialAction":[{"@type":"ReadAction","target":["https:\/\/www.article-marketing.eu\/comunicati\/arte-e-cultura\/bergamo-trasformati-dalla-luce\/"]}]},{"@type":"BreadcrumbList","@id":"https:\/\/www.article-marketing.eu\/comunicati\/arte-e-cultura\/bergamo-trasformati-dalla-luce\/#breadcrumb","itemListElement":[{"@type":"ListItem","position":1,"name":"Home","item":"https:\/\/www.article-marketing.eu\/comunicati\/"},{"@type":"ListItem","position":2,"name":"Bergamo Trasformati dalla luce &#8211; un evento di luce che coinvolger\u00e0 la citt\u00e0"}]},{"@type":"WebSite","@id":"https:\/\/www.article-marketing.eu\/comunicati\/#website","url":"https:\/\/www.article-marketing.eu\/comunicati\/","name":"Article Marketing","description":"article marketing &amp; press release","potentialAction":[{"@type":"SearchAction","target":{"@type":"EntryPoint","urlTemplate":"https:\/\/www.article-marketing.eu\/comunicati\/?s={search_term_string}"},"query-input":{"@type":"PropertyValueSpecification","valueRequired":true,"valueName":"search_term_string"}}],"inLanguage":"it-IT"},{"@type":"Person","@id":"https:\/\/www.article-marketing.eu\/comunicati\/#\/schema\/person\/44372e4d4d0fa797b18e03ed1ace9017","name":"Redazione Comunicati Stampa","image":{"@type":"ImageObject","inLanguage":"it-IT","@id":"https:\/\/www.article-marketing.eu\/comunicati\/#\/schema\/person\/image\/","url":"https:\/\/secure.gravatar.com\/avatar\/50e5c6421d3072f42e7ace803501602c60d75233d34e29fd05feb91c8760b792?s=96&d=mm&r=g","contentUrl":"https:\/\/secure.gravatar.com\/avatar\/50e5c6421d3072f42e7ace803501602c60d75233d34e29fd05feb91c8760b792?s=96&d=mm&r=g","caption":"Redazione Comunicati Stampa"},"url":"https:\/\/www.article-marketing.eu\/comunicati\/author\/redazione-comunicati-stampa\/"}]}},"_links":{"self":[{"href":"https:\/\/www.article-marketing.eu\/comunicati\/wp-json\/wp\/v2\/posts\/18426","targetHints":{"allow":["GET"]}}],"collection":[{"href":"https:\/\/www.article-marketing.eu\/comunicati\/wp-json\/wp\/v2\/posts"}],"about":[{"href":"https:\/\/www.article-marketing.eu\/comunicati\/wp-json\/wp\/v2\/types\/post"}],"author":[{"embeddable":true,"href":"https:\/\/www.article-marketing.eu\/comunicati\/wp-json\/wp\/v2\/users\/10"}],"replies":[{"embeddable":true,"href":"https:\/\/www.article-marketing.eu\/comunicati\/wp-json\/wp\/v2\/comments?post=18426"}],"version-history":[{"count":0,"href":"https:\/\/www.article-marketing.eu\/comunicati\/wp-json\/wp\/v2\/posts\/18426\/revisions"}],"wp:attachment":[{"href":"https:\/\/www.article-marketing.eu\/comunicati\/wp-json\/wp\/v2\/media?parent=18426"}],"wp:term":[{"taxonomy":"category","embeddable":true,"href":"https:\/\/www.article-marketing.eu\/comunicati\/wp-json\/wp\/v2\/categories?post=18426"},{"taxonomy":"post_tag","embeddable":true,"href":"https:\/\/www.article-marketing.eu\/comunicati\/wp-json\/wp\/v2\/tags?post=18426"}],"curies":[{"name":"wp","href":"https:\/\/api.w.org\/{rel}","templated":true}]}}