{"id":1845,"date":"2009-04-24T17:16:00","date_gmt":"2009-04-24T15:16:00","guid":{"rendered":"http:\/\/www.article-marketing.eu\/comunicati\/senza-categoria\/la-provincia-di-savona-in-prima-linea-nella-battaglia-al-riscaldamento-globale\/"},"modified":"2009-04-24T17:16:00","modified_gmt":"2009-04-24T15:16:00","slug":"la-provincia-di-savona-in-prima-linea-nella-battaglia-al-riscaldamento-globale","status":"publish","type":"post","link":"https:\/\/www.article-marketing.eu\/comunicati\/ambiente\/fonti-rinnovabili\/la-provincia-di-savona-in-prima-linea-nella-battaglia-al-riscaldamento-globale\/","title":{"rendered":"LA PROVINCIA DI SAVONA IN PRIMA LINEA NELLA BATTAGLIA AL RISCALDAMENTO GLOBALE"},"content":{"rendered":"<p><strong>La cultura dell\u2019ambiente in Liguria nasce nella provincia di Savona.<\/strong><\/p>\n<p><u>Meritevole di avere all\u2019interno del territorio di competenza, gli unici due Comuni liguri aderenti al \u201cPatto dei Sindaci\u201d.<\/u><\/p>\n<p>L\u2019iniziativa, lanciata dalla Commissione Europea nell\u2019ambito del programma \u201cEnergia Intelligente per l\u2019Europa\u201d, implica per i sottoscrittori <u>l\u2019impegno a ridurre entro il 2020 le emissioni di anidride carbonica del 20%, grazie a una diminuzione del 20% dei consumi energetici e incrementando del 20% l\u2019utilizzo di energia proveniente da fonti rinnovabili<\/u>.<\/p>\n<p>Il Comune di Noli, come deliberato dalla Giunta Comunale in data 1\u00b0 aprile 2009, si impegna non solo a presentare un piano d\u2019azione per l\u2019energia sostenibile, ma anche ad adattare le strutture cittadine e mobilitare la cittadinanza al fine di raggiungere gli obiettivi comunitari. <strong>L\u2019Amministrazione si fa quindi prima promotrice dei benefici delle energie rinnovabili, organizzando in quest\u2019ottica giornate informative dedicate.<\/strong><\/p>\n<p><u>\u201cEnergia Costo Zero. Il fotovoltaico a casa tua senza alcuna spesa\u201d non \u00e8 che il primo di questi eventi. Organizzato in collaborazione con l\u2019azienda Ferraloro Energia Srl, l\u2019incontro si&nbsp; propone di informare i cittadini di Noli e dintorni circa le potenzialit\u00e0 e i benefici (in termini economici e ambientali) derivanti dall\u2019installazione di un impianto fotovoltaico ad uso domestico.<\/u> Installazione che, grazie all\u2019intuizione di Ferraloro Energia, \u00e8 possibile realizzare senza dover ricorrere ad alcun investimento di capitale proprio.<\/p>\n<p><strong><u>L\u2019evento avr\u00e0 luogo gioved\u00ec 30 aprile a partire dalle ore 17, presso la Sala Consiliare del Comune di Noli (Piazza Milite Ignoto, 6) e sar\u00e0 aperto alla cittadinanza e agli organi di stampa e informazione.<\/u><\/strong><\/p>\n<p style=\"MARGIN: 0in 0in 10pt 0.75in; TEXT-INDENT: -0.25in; TEXT-ALIGN: justify\">&nbsp;<\/p>\n<p style=\"MARGIN: 0in 0in 10pt; TEXT-ALIGN: justify\">Al contributo in apertura del Sindaco Ambrogio Repetto, che illustrer\u00e0 i motivi della decisione di aderire al \u201cPatto dei Sindaci\u201d, seguiranno gli interventi di:<\/p>\n<p style=\"MARGIN: 0in 0in 10pt; TEXT-ALIGN: justify\">&#8211; <strong>Geom. Piero Penner (Assessore alle Politiche Ambientali \u2013 Comune di Noli),<\/strong> che parler\u00e0 degli sviluppi e progetti della politica ambientale del Comune di Noli;<br \/><strong>&#8211; Dott. Geol. Guido Paliaga (PhD \u2013 Universit\u00e0 di Genova),<\/strong> che affronter\u00e0 la questione dell\u2019impatto e delle strategie di adattamento ai cambiamenti climatici;<br \/><strong>&#8211; Dott.ssa Ludovica Migliorino<\/strong> (Esperto CasaClima Jr, Associazione Culturale ARCHinNOVA), che parler\u00e0 di riduzione dei consumi e riqualificazione energetica degli edifici;<br \/><strong>&#8211; Ing. Giuliano Nicotra (Ferraloro Energia Srl)<\/strong>, che illustrer\u00e0 i benefici di alcuni casi pratici di installazioni di impianti ad energie rinnovabili realizzati da Ferraloro Energia, attraverso il progetto Energia Costo Zero.<br \/>&nbsp;<\/p>\n","protected":false},"excerpt":{"rendered":"<p>Dopo Andora, anche il Comune di Noli ha deliberato a favore dell\u2019adesione al \u201cPatto dei Sindaci\u201d,  sposando l\u2019obiettivo 20-20-20 fissato dall\u2019Unione Europea.  Il primo passo: promuovere in prima persona l\u2019utilizzo di energia pulita. Si parte con l\u2019evento \u201cEnergia Costo Zero\u201d, organizzato con Ferraloro Energia.<\/p>\n","protected":false},"author":10,"featured_media":0,"comment_status":"open","ping_status":"open","sticky":false,"template":"","format":"standard","meta":{"cybocfi_hide_featured_image":"","footnotes":""},"categories":[112],"tags":[96,5905,5903,1821,5908,1823,861,5906,1361,5904,5907,577],"class_list":["post-1845","post","type-post","status-publish","format-standard","hentry","category-fonti-rinnovabili","tag-ambiente","tag-campagna-europea-see","tag-energia-costo-zero","tag-energie-rinnovabili","tag-ferraloro","tag-fotovoltaico","tag-liguria","tag-noli","tag-pannelli-solari","tag-patto-dei-sindaci","tag-savona","tag-sostenibilita"],"yoast_head":"<!-- This site is optimized with the Yoast SEO plugin v27.0 - https:\/\/yoast.com\/product\/yoast-seo-wordpress\/ -->\n<title>LA PROVINCIA DI SAVONA IN PRIMA LINEA NELLA BATTAGLIA AL RISCALDAMENTO GLOBALE - Article Marketing<\/title>\n<meta name=\"robots\" content=\"index, follow, max-snippet:-1, max-image-preview:large, max-video-preview:-1\" \/>\n<link rel=\"canonical\" href=\"https:\/\/www.article-marketing.eu\/comunicati\/ambiente\/fonti-rinnovabili\/la-provincia-di-savona-in-prima-linea-nella-battaglia-al-riscaldamento-globale\/\" \/>\n<meta property=\"og:locale\" content=\"it_IT\" \/>\n<meta property=\"og:type\" content=\"article\" \/>\n<meta property=\"og:title\" content=\"LA PROVINCIA DI SAVONA IN PRIMA LINEA NELLA BATTAGLIA AL RISCALDAMENTO GLOBALE - Article Marketing\" \/>\n<meta property=\"og:description\" content=\"Dopo Andora, anche il Comune di Noli ha deliberato a favore dell\u2019adesione al \u201cPatto dei Sindaci\u201d, sposando l\u2019obiettivo 20-20-20 fissato dall\u2019Unione Europea. Il primo passo: promuovere in prima persona l\u2019utilizzo di energia pulita. Si parte con l\u2019evento \u201cEnergia Costo Zero\u201d, organizzato con Ferraloro Energia.\" \/>\n<meta property=\"og:url\" content=\"https:\/\/www.article-marketing.eu\/comunicati\/ambiente\/fonti-rinnovabili\/la-provincia-di-savona-in-prima-linea-nella-battaglia-al-riscaldamento-globale\/\" \/>\n<meta property=\"og:site_name\" content=\"Article Marketing\" \/>\n<meta property=\"article:published_time\" content=\"2009-04-24T15:16:00+00:00\" \/>\n<meta name=\"author\" content=\"Redazione Comunicati Stampa\" \/>\n<meta name=\"twitter:card\" content=\"summary_large_image\" \/>\n<meta name=\"twitter:label1\" content=\"Scritto da\" \/>\n\t<meta name=\"twitter:data1\" content=\"Redazione Comunicati Stampa\" \/>\n\t<meta name=\"twitter:label2\" content=\"Tempo di lettura stimato\" \/>\n\t<meta name=\"twitter:data2\" content=\"2 minuti\" \/>\n<script type=\"application\/ld+json\" class=\"yoast-schema-graph\">{\"@context\":\"https:\/\/schema.org\",\"@graph\":[{\"@type\":\"Article\",\"@id\":\"https:\/\/www.article-marketing.eu\/comunicati\/ambiente\/fonti-rinnovabili\/la-provincia-di-savona-in-prima-linea-nella-battaglia-al-riscaldamento-globale\/#article\",\"isPartOf\":{\"@id\":\"https:\/\/www.article-marketing.eu\/comunicati\/ambiente\/fonti-rinnovabili\/la-provincia-di-savona-in-prima-linea-nella-battaglia-al-riscaldamento-globale\/\"},\"author\":{\"name\":\"Redazione Comunicati Stampa\",\"@id\":\"https:\/\/www.article-marketing.eu\/comunicati\/#\/schema\/person\/44372e4d4d0fa797b18e03ed1ace9017\"},\"headline\":\"LA PROVINCIA DI SAVONA IN PRIMA LINEA NELLA BATTAGLIA AL RISCALDAMENTO GLOBALE\",\"datePublished\":\"2009-04-24T15:16:00+00:00\",\"mainEntityOfPage\":{\"@id\":\"https:\/\/www.article-marketing.eu\/comunicati\/ambiente\/fonti-rinnovabili\/la-provincia-di-savona-in-prima-linea-nella-battaglia-al-riscaldamento-globale\/\"},\"wordCount\":395,\"commentCount\":0,\"keywords\":[\"ambiente\",\"campagna europea see\",\"energia costo zero\",\"energie rinnovabili\",\"ferraloro\",\"fotovoltaico\",\"liguria\",\"noli\",\"pannelli solari\",\"patto dei sindaci\",\"savona\",\"sostenibilit\u00e0\"],\"articleSection\":[\"Fonti rinnovabili\"],\"inLanguage\":\"it-IT\",\"potentialAction\":[{\"@type\":\"CommentAction\",\"name\":\"Comment\",\"target\":[\"https:\/\/www.article-marketing.eu\/comunicati\/ambiente\/fonti-rinnovabili\/la-provincia-di-savona-in-prima-linea-nella-battaglia-al-riscaldamento-globale\/#respond\"]}]},{\"@type\":\"WebPage\",\"@id\":\"https:\/\/www.article-marketing.eu\/comunicati\/ambiente\/fonti-rinnovabili\/la-provincia-di-savona-in-prima-linea-nella-battaglia-al-riscaldamento-globale\/\",\"url\":\"https:\/\/www.article-marketing.eu\/comunicati\/ambiente\/fonti-rinnovabili\/la-provincia-di-savona-in-prima-linea-nella-battaglia-al-riscaldamento-globale\/\",\"name\":\"LA PROVINCIA DI SAVONA IN PRIMA LINEA NELLA BATTAGLIA AL RISCALDAMENTO GLOBALE - Article Marketing\",\"isPartOf\":{\"@id\":\"https:\/\/www.article-marketing.eu\/comunicati\/#website\"},\"datePublished\":\"2009-04-24T15:16:00+00:00\",\"author\":{\"@id\":\"https:\/\/www.article-marketing.eu\/comunicati\/#\/schema\/person\/44372e4d4d0fa797b18e03ed1ace9017\"},\"breadcrumb\":{\"@id\":\"https:\/\/www.article-marketing.eu\/comunicati\/ambiente\/fonti-rinnovabili\/la-provincia-di-savona-in-prima-linea-nella-battaglia-al-riscaldamento-globale\/#breadcrumb\"},\"inLanguage\":\"it-IT\",\"potentialAction\":[{\"@type\":\"ReadAction\",\"target\":[\"https:\/\/www.article-marketing.eu\/comunicati\/ambiente\/fonti-rinnovabili\/la-provincia-di-savona-in-prima-linea-nella-battaglia-al-riscaldamento-globale\/\"]}]},{\"@type\":\"BreadcrumbList\",\"@id\":\"https:\/\/www.article-marketing.eu\/comunicati\/ambiente\/fonti-rinnovabili\/la-provincia-di-savona-in-prima-linea-nella-battaglia-al-riscaldamento-globale\/#breadcrumb\",\"itemListElement\":[{\"@type\":\"ListItem\",\"position\":1,\"name\":\"Home\",\"item\":\"https:\/\/www.article-marketing.eu\/comunicati\/\"},{\"@type\":\"ListItem\",\"position\":2,\"name\":\"LA PROVINCIA DI SAVONA IN PRIMA LINEA NELLA BATTAGLIA AL RISCALDAMENTO GLOBALE\"}]},{\"@type\":\"WebSite\",\"@id\":\"https:\/\/www.article-marketing.eu\/comunicati\/#website\",\"url\":\"https:\/\/www.article-marketing.eu\/comunicati\/\",\"name\":\"Article Marketing\",\"description\":\"article marketing &amp; press release\",\"potentialAction\":[{\"@type\":\"SearchAction\",\"target\":{\"@type\":\"EntryPoint\",\"urlTemplate\":\"https:\/\/www.article-marketing.eu\/comunicati\/?s={search_term_string}\"},\"query-input\":{\"@type\":\"PropertyValueSpecification\",\"valueRequired\":true,\"valueName\":\"search_term_string\"}}],\"inLanguage\":\"it-IT\"},{\"@type\":\"Person\",\"@id\":\"https:\/\/www.article-marketing.eu\/comunicati\/#\/schema\/person\/44372e4d4d0fa797b18e03ed1ace9017\",\"name\":\"Redazione Comunicati Stampa\",\"image\":{\"@type\":\"ImageObject\",\"inLanguage\":\"it-IT\",\"@id\":\"https:\/\/www.article-marketing.eu\/comunicati\/#\/schema\/person\/image\/\",\"url\":\"https:\/\/secure.gravatar.com\/avatar\/50e5c6421d3072f42e7ace803501602c60d75233d34e29fd05feb91c8760b792?s=96&d=mm&r=g\",\"contentUrl\":\"https:\/\/secure.gravatar.com\/avatar\/50e5c6421d3072f42e7ace803501602c60d75233d34e29fd05feb91c8760b792?s=96&d=mm&r=g\",\"caption\":\"Redazione Comunicati Stampa\"},\"url\":\"https:\/\/www.article-marketing.eu\/comunicati\/author\/redazione-comunicati-stampa\/\"}]}<\/script>\n<!-- \/ Yoast SEO plugin. -->","yoast_head_json":{"title":"LA PROVINCIA DI SAVONA IN PRIMA LINEA NELLA BATTAGLIA AL RISCALDAMENTO GLOBALE - Article Marketing","robots":{"index":"index","follow":"follow","max-snippet":"max-snippet:-1","max-image-preview":"max-image-preview:large","max-video-preview":"max-video-preview:-1"},"canonical":"https:\/\/www.article-marketing.eu\/comunicati\/ambiente\/fonti-rinnovabili\/la-provincia-di-savona-in-prima-linea-nella-battaglia-al-riscaldamento-globale\/","og_locale":"it_IT","og_type":"article","og_title":"LA PROVINCIA DI SAVONA IN PRIMA LINEA NELLA BATTAGLIA AL RISCALDAMENTO GLOBALE - Article Marketing","og_description":"Dopo Andora, anche il Comune di Noli ha deliberato a favore dell\u2019adesione al \u201cPatto dei Sindaci\u201d, sposando l\u2019obiettivo 20-20-20 fissato dall\u2019Unione Europea. Il primo passo: promuovere in prima persona l\u2019utilizzo di energia pulita. Si parte con l\u2019evento \u201cEnergia Costo Zero\u201d, organizzato con Ferraloro Energia.","og_url":"https:\/\/www.article-marketing.eu\/comunicati\/ambiente\/fonti-rinnovabili\/la-provincia-di-savona-in-prima-linea-nella-battaglia-al-riscaldamento-globale\/","og_site_name":"Article Marketing","article_published_time":"2009-04-24T15:16:00+00:00","author":"Redazione Comunicati Stampa","twitter_card":"summary_large_image","twitter_misc":{"Scritto da":"Redazione Comunicati Stampa","Tempo di lettura stimato":"2 minuti"},"schema":{"@context":"https:\/\/schema.org","@graph":[{"@type":"Article","@id":"https:\/\/www.article-marketing.eu\/comunicati\/ambiente\/fonti-rinnovabili\/la-provincia-di-savona-in-prima-linea-nella-battaglia-al-riscaldamento-globale\/#article","isPartOf":{"@id":"https:\/\/www.article-marketing.eu\/comunicati\/ambiente\/fonti-rinnovabili\/la-provincia-di-savona-in-prima-linea-nella-battaglia-al-riscaldamento-globale\/"},"author":{"name":"Redazione Comunicati Stampa","@id":"https:\/\/www.article-marketing.eu\/comunicati\/#\/schema\/person\/44372e4d4d0fa797b18e03ed1ace9017"},"headline":"LA PROVINCIA DI SAVONA IN PRIMA LINEA NELLA BATTAGLIA AL RISCALDAMENTO GLOBALE","datePublished":"2009-04-24T15:16:00+00:00","mainEntityOfPage":{"@id":"https:\/\/www.article-marketing.eu\/comunicati\/ambiente\/fonti-rinnovabili\/la-provincia-di-savona-in-prima-linea-nella-battaglia-al-riscaldamento-globale\/"},"wordCount":395,"commentCount":0,"keywords":["ambiente","campagna europea see","energia costo zero","energie rinnovabili","ferraloro","fotovoltaico","liguria","noli","pannelli solari","patto dei sindaci","savona","sostenibilit\u00e0"],"articleSection":["Fonti rinnovabili"],"inLanguage":"it-IT","potentialAction":[{"@type":"CommentAction","name":"Comment","target":["https:\/\/www.article-marketing.eu\/comunicati\/ambiente\/fonti-rinnovabili\/la-provincia-di-savona-in-prima-linea-nella-battaglia-al-riscaldamento-globale\/#respond"]}]},{"@type":"WebPage","@id":"https:\/\/www.article-marketing.eu\/comunicati\/ambiente\/fonti-rinnovabili\/la-provincia-di-savona-in-prima-linea-nella-battaglia-al-riscaldamento-globale\/","url":"https:\/\/www.article-marketing.eu\/comunicati\/ambiente\/fonti-rinnovabili\/la-provincia-di-savona-in-prima-linea-nella-battaglia-al-riscaldamento-globale\/","name":"LA PROVINCIA DI SAVONA IN PRIMA LINEA NELLA BATTAGLIA AL RISCALDAMENTO GLOBALE - Article Marketing","isPartOf":{"@id":"https:\/\/www.article-marketing.eu\/comunicati\/#website"},"datePublished":"2009-04-24T15:16:00+00:00","author":{"@id":"https:\/\/www.article-marketing.eu\/comunicati\/#\/schema\/person\/44372e4d4d0fa797b18e03ed1ace9017"},"breadcrumb":{"@id":"https:\/\/www.article-marketing.eu\/comunicati\/ambiente\/fonti-rinnovabili\/la-provincia-di-savona-in-prima-linea-nella-battaglia-al-riscaldamento-globale\/#breadcrumb"},"inLanguage":"it-IT","potentialAction":[{"@type":"ReadAction","target":["https:\/\/www.article-marketing.eu\/comunicati\/ambiente\/fonti-rinnovabili\/la-provincia-di-savona-in-prima-linea-nella-battaglia-al-riscaldamento-globale\/"]}]},{"@type":"BreadcrumbList","@id":"https:\/\/www.article-marketing.eu\/comunicati\/ambiente\/fonti-rinnovabili\/la-provincia-di-savona-in-prima-linea-nella-battaglia-al-riscaldamento-globale\/#breadcrumb","itemListElement":[{"@type":"ListItem","position":1,"name":"Home","item":"https:\/\/www.article-marketing.eu\/comunicati\/"},{"@type":"ListItem","position":2,"name":"LA PROVINCIA DI SAVONA IN PRIMA LINEA NELLA BATTAGLIA AL RISCALDAMENTO GLOBALE"}]},{"@type":"WebSite","@id":"https:\/\/www.article-marketing.eu\/comunicati\/#website","url":"https:\/\/www.article-marketing.eu\/comunicati\/","name":"Article Marketing","description":"article marketing &amp; press release","potentialAction":[{"@type":"SearchAction","target":{"@type":"EntryPoint","urlTemplate":"https:\/\/www.article-marketing.eu\/comunicati\/?s={search_term_string}"},"query-input":{"@type":"PropertyValueSpecification","valueRequired":true,"valueName":"search_term_string"}}],"inLanguage":"it-IT"},{"@type":"Person","@id":"https:\/\/www.article-marketing.eu\/comunicati\/#\/schema\/person\/44372e4d4d0fa797b18e03ed1ace9017","name":"Redazione Comunicati Stampa","image":{"@type":"ImageObject","inLanguage":"it-IT","@id":"https:\/\/www.article-marketing.eu\/comunicati\/#\/schema\/person\/image\/","url":"https:\/\/secure.gravatar.com\/avatar\/50e5c6421d3072f42e7ace803501602c60d75233d34e29fd05feb91c8760b792?s=96&d=mm&r=g","contentUrl":"https:\/\/secure.gravatar.com\/avatar\/50e5c6421d3072f42e7ace803501602c60d75233d34e29fd05feb91c8760b792?s=96&d=mm&r=g","caption":"Redazione Comunicati Stampa"},"url":"https:\/\/www.article-marketing.eu\/comunicati\/author\/redazione-comunicati-stampa\/"}]}},"_links":{"self":[{"href":"https:\/\/www.article-marketing.eu\/comunicati\/wp-json\/wp\/v2\/posts\/1845","targetHints":{"allow":["GET"]}}],"collection":[{"href":"https:\/\/www.article-marketing.eu\/comunicati\/wp-json\/wp\/v2\/posts"}],"about":[{"href":"https:\/\/www.article-marketing.eu\/comunicati\/wp-json\/wp\/v2\/types\/post"}],"author":[{"embeddable":true,"href":"https:\/\/www.article-marketing.eu\/comunicati\/wp-json\/wp\/v2\/users\/10"}],"replies":[{"embeddable":true,"href":"https:\/\/www.article-marketing.eu\/comunicati\/wp-json\/wp\/v2\/comments?post=1845"}],"version-history":[{"count":0,"href":"https:\/\/www.article-marketing.eu\/comunicati\/wp-json\/wp\/v2\/posts\/1845\/revisions"}],"wp:attachment":[{"href":"https:\/\/www.article-marketing.eu\/comunicati\/wp-json\/wp\/v2\/media?parent=1845"}],"wp:term":[{"taxonomy":"category","embeddable":true,"href":"https:\/\/www.article-marketing.eu\/comunicati\/wp-json\/wp\/v2\/categories?post=1845"},{"taxonomy":"post_tag","embeddable":true,"href":"https:\/\/www.article-marketing.eu\/comunicati\/wp-json\/wp\/v2\/tags?post=1845"}],"curies":[{"name":"wp","href":"https:\/\/api.w.org\/{rel}","templated":true}]}}