{"id":18492,"date":"2011-07-24T08:56:15","date_gmt":"2011-07-24T06:56:15","guid":{"rendered":"http:\/\/www.article-marketing.eu\/comunicati\/senza-categoria\/relax-mediterraneo-vista-tramonto-nella-costa-sud-della-sardegna\/"},"modified":"2011-07-24T08:56:15","modified_gmt":"2011-07-24T06:56:15","slug":"relax-mediterraneo-vista-tramonto-nella-costa-sud-della-sardegna","status":"publish","type":"post","link":"https:\/\/www.article-marketing.eu\/comunicati\/viaggi-e-vacanze\/relax-mediterraneo-vista-tramonto-nella-costa-sud-della-sardegna\/","title":{"rendered":"Relax mediterraneo vista tramonto, nella costa Sud della Sardegna"},"content":{"rendered":"<p>Dedicato a chi considera il mare come il suo rifugio selvaggio, a chi per almeno alcuni giorni d&rsquo;estate non vuole pensare a tutte le convenevoli situazioni di troppo che rendono la vita frenetica e allontanano dalla <strong>libert&agrave; di sentirsi a stretto contatto con la natura<\/strong>. Nell&rsquo;autentica Sardegna del sud, tra le dune di sabbia e il mare turchese, c&rsquo;&egrave; una piccola oasi dove &egrave; racchiusa questa suadente fusione di sensazioni: &egrave; l&rsquo;<strong>Hotel Aquadulci di Chia (CA)<\/strong>. Un resort silenzioso che ha fatto del mediterraneo la sua magica alchimia di benessere. Su questa terra <strong>le essenze di mirto, ginepro, lavanda, rosmarino ed elicriso sprigionano i profumi pi&ugrave; intensi, queste stesse piante officinali, sapientemente utilizzate, divengono l&rsquo;ingrediente ideale per un vero e proprio wellness a km zero<\/strong>. L&rsquo;Hotel Aquadulci propone per le vacanze estate 2011 il <strong>Relax Mediterraneo<\/strong> per riequilibrare le energie, rigenerarsi profondamente, liberarsi dalle tensioni tra mani esperte e soprattutto circondati dalla natura. <strong>Sdraiati su un morbido lettino sotto un gazebo di legno e bamb&ugrave; a pochi metri dalla ventilata costa sud occidentale <\/strong>sono diversi i trattamenti per concedersi piacevoli sensazioni. In particolare il <strong>Massaggio Olistico<\/strong> &egrave; consigliato per riequilibrare le energie fisiche e mentali, inoltre stimola la circolazione e ridona tonicit&agrave; ai muscoli. Si tratta di un trattamento personalizzato, che utilizzando differenti tecniche di manipolazione e gli oli aromatici della Sardegna, dona un benessere completo (30 minuti a 40 euro, 60 minuti a 60 euro, 90 minuti a 90 euro). Il <strong>Massaggio Ayurvedico<\/strong> caratterizzato da dolci e avvolgenti movimenti &egrave; utile per nutrire e detossinare la pelle preparandola ai bagni di sole o per lenirne i rossori dopo l&rsquo; esposizione, con l&rsquo; utilizzo di purissimi oli essenziali e vegetali. (60 minuti a 70 euro). Il <strong>Massaggio Thai<\/strong> prevede profonde compressioni, digitopressioni e allungamenti. Agisce sul sistema osteo-muscolare e sblocca le articolazioni, migliora la circolazione dei liquidi nel corpo e riequilibra l&rsquo; energia dei meridiani. (90 minuti a 90 euro). Il <strong>Massaggio Tibetano Antistress<\/strong> &egrave; dedicato a chi vuole &ldquo;rinascere&rdquo; attraverso un massaggio distensivo e riposante su tutto il corpo, seguito da rilassamento profondo e riequilibrio energetico al dolce suono della campana tibetana. (60 minuti a 60 euro). Il <strong>Massaggio Amm&agrave;<\/strong>, un efficace antistress, elimina la stanchezza, riduce la tensione muscolare di cervicali, spalle e schiena. Si pratica su un&rsquo; apposita sedia che permette il massimo relax. (20 minuti a 22 euro). Infine la <strong>Riflessologia plantare<\/strong>, attraverso profonde pressioni dei punti riflessi, stimola gli organi e ripristina l&rsquo; equilibrio dei meridiani energetici. (45 minuti 50 euro). I massaggi sono disponibili fino a sera, per godersi un tramonto mozzafiato. L&rsquo;Hotel Aquadulci &egrave; un luogo magico dove praticare lo Yoga, strumento prezioso che insegna a conoscere noi stessi attraverso l&rsquo;osservazione e ad acquisire rispetto del nostro corpo, riconoscendolo tempio del nostro spirito. Da sempre gli indiani hanno insegnato che corpo, mente e spirito sono in unione, e lavorano in sinergia. Per questo motivo, ognuno di questi livelli riflette lo stato degli altri due. Prezzi per il soggiorno a partire da 90 euro per persona, al giorno, con trattamento di mezza pensione, bevande escluse.<br \/><strong>Per informazioni: AQUADULCI HOTEL <\/strong>Localit&agrave; Spartivento, Chia 09010 Domus de Maria, Cagliari (CA) Tel. 070.9230555 E-mail: info@aquadulci.com<\/p>\n","protected":false},"excerpt":{"rendered":"<p>Dedicato a chi considera il mare come il suo rifugio selvaggio, a chi per almeno alcuni giorni d\u2019estate non vuole pensare a tutte le convenevoli situazioni di troppo che rendono la vita frenetica e allontanano dalla libert\u00e0 di sentirsi a stretto contatto con la natura. Nell\u2019autentica Sardegna del sud, tra le dune di sabbia e il mare turchese, c\u2019\u00e8 una piccola oasi dove \u00e8 racchiusa questa suadente fusione di sensazioni: \u00e8 l\u2019Hotel Aquadulci di Chia (CA).<\/p>\n","protected":false},"author":10,"featured_media":0,"comment_status":"open","ping_status":"open","sticky":false,"template":"","format":"standard","meta":{"cybocfi_hide_featured_image":"","footnotes":""},"categories":[280],"tags":[],"class_list":["post-18492","post","type-post","status-publish","format-standard","hentry","category-viaggi-e-vacanze"],"yoast_head":"<!-- This site is optimized with the Yoast SEO plugin v27.0 - https:\/\/yoast.com\/product\/yoast-seo-wordpress\/ -->\n<title>Relax mediterraneo vista tramonto, nella costa Sud della Sardegna - Article Marketing<\/title>\n<meta name=\"robots\" content=\"index, follow, max-snippet:-1, max-image-preview:large, max-video-preview:-1\" \/>\n<link rel=\"canonical\" href=\"https:\/\/www.article-marketing.eu\/comunicati\/viaggi-e-vacanze\/relax-mediterraneo-vista-tramonto-nella-costa-sud-della-sardegna\/\" \/>\n<meta property=\"og:locale\" content=\"it_IT\" \/>\n<meta property=\"og:type\" content=\"article\" \/>\n<meta property=\"og:title\" content=\"Relax mediterraneo vista tramonto, nella costa Sud della Sardegna - Article Marketing\" \/>\n<meta property=\"og:description\" content=\"Dedicato a chi considera il mare come il suo rifugio selvaggio, a chi per almeno alcuni giorni d\u2019estate non vuole pensare a tutte le convenevoli situazioni di troppo che rendono la vita frenetica e allontanano dalla libert\u00e0 di sentirsi a stretto contatto con la natura. Nell\u2019autentica Sardegna del sud, tra le dune di sabbia e il mare turchese, c\u2019\u00e8 una piccola oasi dove \u00e8 racchiusa questa suadente fusione di sensazioni: \u00e8 l\u2019Hotel Aquadulci di Chia (CA).\" \/>\n<meta property=\"og:url\" content=\"https:\/\/www.article-marketing.eu\/comunicati\/viaggi-e-vacanze\/relax-mediterraneo-vista-tramonto-nella-costa-sud-della-sardegna\/\" \/>\n<meta property=\"og:site_name\" content=\"Article Marketing\" \/>\n<meta property=\"article:published_time\" content=\"2011-07-24T06:56:15+00:00\" \/>\n<meta name=\"author\" content=\"Redazione Comunicati Stampa\" \/>\n<meta name=\"twitter:card\" content=\"summary_large_image\" \/>\n<meta name=\"twitter:label1\" content=\"Scritto da\" \/>\n\t<meta name=\"twitter:data1\" content=\"Redazione Comunicati Stampa\" \/>\n\t<meta name=\"twitter:label2\" content=\"Tempo di lettura stimato\" \/>\n\t<meta name=\"twitter:data2\" content=\"3 minuti\" \/>\n<script type=\"application\/ld+json\" class=\"yoast-schema-graph\">{\"@context\":\"https:\/\/schema.org\",\"@graph\":[{\"@type\":\"Article\",\"@id\":\"https:\/\/www.article-marketing.eu\/comunicati\/viaggi-e-vacanze\/relax-mediterraneo-vista-tramonto-nella-costa-sud-della-sardegna\/#article\",\"isPartOf\":{\"@id\":\"https:\/\/www.article-marketing.eu\/comunicati\/viaggi-e-vacanze\/relax-mediterraneo-vista-tramonto-nella-costa-sud-della-sardegna\/\"},\"author\":{\"name\":\"Redazione Comunicati Stampa\",\"@id\":\"https:\/\/www.article-marketing.eu\/comunicati\/#\/schema\/person\/44372e4d4d0fa797b18e03ed1ace9017\"},\"headline\":\"Relax mediterraneo vista tramonto, nella costa Sud della Sardegna\",\"datePublished\":\"2011-07-24T06:56:15+00:00\",\"mainEntityOfPage\":{\"@id\":\"https:\/\/www.article-marketing.eu\/comunicati\/viaggi-e-vacanze\/relax-mediterraneo-vista-tramonto-nella-costa-sud-della-sardegna\/\"},\"wordCount\":548,\"commentCount\":0,\"articleSection\":[\"Viaggi e vacanze\"],\"inLanguage\":\"it-IT\",\"potentialAction\":[{\"@type\":\"CommentAction\",\"name\":\"Comment\",\"target\":[\"https:\/\/www.article-marketing.eu\/comunicati\/viaggi-e-vacanze\/relax-mediterraneo-vista-tramonto-nella-costa-sud-della-sardegna\/#respond\"]}]},{\"@type\":\"WebPage\",\"@id\":\"https:\/\/www.article-marketing.eu\/comunicati\/viaggi-e-vacanze\/relax-mediterraneo-vista-tramonto-nella-costa-sud-della-sardegna\/\",\"url\":\"https:\/\/www.article-marketing.eu\/comunicati\/viaggi-e-vacanze\/relax-mediterraneo-vista-tramonto-nella-costa-sud-della-sardegna\/\",\"name\":\"Relax mediterraneo vista tramonto, nella costa Sud della Sardegna - Article Marketing\",\"isPartOf\":{\"@id\":\"https:\/\/www.article-marketing.eu\/comunicati\/#website\"},\"datePublished\":\"2011-07-24T06:56:15+00:00\",\"author\":{\"@id\":\"https:\/\/www.article-marketing.eu\/comunicati\/#\/schema\/person\/44372e4d4d0fa797b18e03ed1ace9017\"},\"breadcrumb\":{\"@id\":\"https:\/\/www.article-marketing.eu\/comunicati\/viaggi-e-vacanze\/relax-mediterraneo-vista-tramonto-nella-costa-sud-della-sardegna\/#breadcrumb\"},\"inLanguage\":\"it-IT\",\"potentialAction\":[{\"@type\":\"ReadAction\",\"target\":[\"https:\/\/www.article-marketing.eu\/comunicati\/viaggi-e-vacanze\/relax-mediterraneo-vista-tramonto-nella-costa-sud-della-sardegna\/\"]}]},{\"@type\":\"BreadcrumbList\",\"@id\":\"https:\/\/www.article-marketing.eu\/comunicati\/viaggi-e-vacanze\/relax-mediterraneo-vista-tramonto-nella-costa-sud-della-sardegna\/#breadcrumb\",\"itemListElement\":[{\"@type\":\"ListItem\",\"position\":1,\"name\":\"Home\",\"item\":\"https:\/\/www.article-marketing.eu\/comunicati\/\"},{\"@type\":\"ListItem\",\"position\":2,\"name\":\"Relax mediterraneo vista tramonto, nella costa Sud della Sardegna\"}]},{\"@type\":\"WebSite\",\"@id\":\"https:\/\/www.article-marketing.eu\/comunicati\/#website\",\"url\":\"https:\/\/www.article-marketing.eu\/comunicati\/\",\"name\":\"Article Marketing\",\"description\":\"article marketing &amp; press release\",\"potentialAction\":[{\"@type\":\"SearchAction\",\"target\":{\"@type\":\"EntryPoint\",\"urlTemplate\":\"https:\/\/www.article-marketing.eu\/comunicati\/?s={search_term_string}\"},\"query-input\":{\"@type\":\"PropertyValueSpecification\",\"valueRequired\":true,\"valueName\":\"search_term_string\"}}],\"inLanguage\":\"it-IT\"},{\"@type\":\"Person\",\"@id\":\"https:\/\/www.article-marketing.eu\/comunicati\/#\/schema\/person\/44372e4d4d0fa797b18e03ed1ace9017\",\"name\":\"Redazione Comunicati Stampa\",\"image\":{\"@type\":\"ImageObject\",\"inLanguage\":\"it-IT\",\"@id\":\"https:\/\/www.article-marketing.eu\/comunicati\/#\/schema\/person\/image\/\",\"url\":\"https:\/\/secure.gravatar.com\/avatar\/50e5c6421d3072f42e7ace803501602c60d75233d34e29fd05feb91c8760b792?s=96&d=mm&r=g\",\"contentUrl\":\"https:\/\/secure.gravatar.com\/avatar\/50e5c6421d3072f42e7ace803501602c60d75233d34e29fd05feb91c8760b792?s=96&d=mm&r=g\",\"caption\":\"Redazione Comunicati Stampa\"},\"url\":\"https:\/\/www.article-marketing.eu\/comunicati\/author\/redazione-comunicati-stampa\/\"}]}<\/script>\n<!-- \/ Yoast SEO plugin. -->","yoast_head_json":{"title":"Relax mediterraneo vista tramonto, nella costa Sud della Sardegna - Article Marketing","robots":{"index":"index","follow":"follow","max-snippet":"max-snippet:-1","max-image-preview":"max-image-preview:large","max-video-preview":"max-video-preview:-1"},"canonical":"https:\/\/www.article-marketing.eu\/comunicati\/viaggi-e-vacanze\/relax-mediterraneo-vista-tramonto-nella-costa-sud-della-sardegna\/","og_locale":"it_IT","og_type":"article","og_title":"Relax mediterraneo vista tramonto, nella costa Sud della Sardegna - Article Marketing","og_description":"Dedicato a chi considera il mare come il suo rifugio selvaggio, a chi per almeno alcuni giorni d\u2019estate non vuole pensare a tutte le convenevoli situazioni di troppo che rendono la vita frenetica e allontanano dalla libert\u00e0 di sentirsi a stretto contatto con la natura. Nell\u2019autentica Sardegna del sud, tra le dune di sabbia e il mare turchese, c\u2019\u00e8 una piccola oasi dove \u00e8 racchiusa questa suadente fusione di sensazioni: \u00e8 l\u2019Hotel Aquadulci di Chia (CA).","og_url":"https:\/\/www.article-marketing.eu\/comunicati\/viaggi-e-vacanze\/relax-mediterraneo-vista-tramonto-nella-costa-sud-della-sardegna\/","og_site_name":"Article Marketing","article_published_time":"2011-07-24T06:56:15+00:00","author":"Redazione Comunicati Stampa","twitter_card":"summary_large_image","twitter_misc":{"Scritto da":"Redazione Comunicati Stampa","Tempo di lettura stimato":"3 minuti"},"schema":{"@context":"https:\/\/schema.org","@graph":[{"@type":"Article","@id":"https:\/\/www.article-marketing.eu\/comunicati\/viaggi-e-vacanze\/relax-mediterraneo-vista-tramonto-nella-costa-sud-della-sardegna\/#article","isPartOf":{"@id":"https:\/\/www.article-marketing.eu\/comunicati\/viaggi-e-vacanze\/relax-mediterraneo-vista-tramonto-nella-costa-sud-della-sardegna\/"},"author":{"name":"Redazione Comunicati Stampa","@id":"https:\/\/www.article-marketing.eu\/comunicati\/#\/schema\/person\/44372e4d4d0fa797b18e03ed1ace9017"},"headline":"Relax mediterraneo vista tramonto, nella costa Sud della Sardegna","datePublished":"2011-07-24T06:56:15+00:00","mainEntityOfPage":{"@id":"https:\/\/www.article-marketing.eu\/comunicati\/viaggi-e-vacanze\/relax-mediterraneo-vista-tramonto-nella-costa-sud-della-sardegna\/"},"wordCount":548,"commentCount":0,"articleSection":["Viaggi e vacanze"],"inLanguage":"it-IT","potentialAction":[{"@type":"CommentAction","name":"Comment","target":["https:\/\/www.article-marketing.eu\/comunicati\/viaggi-e-vacanze\/relax-mediterraneo-vista-tramonto-nella-costa-sud-della-sardegna\/#respond"]}]},{"@type":"WebPage","@id":"https:\/\/www.article-marketing.eu\/comunicati\/viaggi-e-vacanze\/relax-mediterraneo-vista-tramonto-nella-costa-sud-della-sardegna\/","url":"https:\/\/www.article-marketing.eu\/comunicati\/viaggi-e-vacanze\/relax-mediterraneo-vista-tramonto-nella-costa-sud-della-sardegna\/","name":"Relax mediterraneo vista tramonto, nella costa Sud della Sardegna - Article Marketing","isPartOf":{"@id":"https:\/\/www.article-marketing.eu\/comunicati\/#website"},"datePublished":"2011-07-24T06:56:15+00:00","author":{"@id":"https:\/\/www.article-marketing.eu\/comunicati\/#\/schema\/person\/44372e4d4d0fa797b18e03ed1ace9017"},"breadcrumb":{"@id":"https:\/\/www.article-marketing.eu\/comunicati\/viaggi-e-vacanze\/relax-mediterraneo-vista-tramonto-nella-costa-sud-della-sardegna\/#breadcrumb"},"inLanguage":"it-IT","potentialAction":[{"@type":"ReadAction","target":["https:\/\/www.article-marketing.eu\/comunicati\/viaggi-e-vacanze\/relax-mediterraneo-vista-tramonto-nella-costa-sud-della-sardegna\/"]}]},{"@type":"BreadcrumbList","@id":"https:\/\/www.article-marketing.eu\/comunicati\/viaggi-e-vacanze\/relax-mediterraneo-vista-tramonto-nella-costa-sud-della-sardegna\/#breadcrumb","itemListElement":[{"@type":"ListItem","position":1,"name":"Home","item":"https:\/\/www.article-marketing.eu\/comunicati\/"},{"@type":"ListItem","position":2,"name":"Relax mediterraneo vista tramonto, nella costa Sud della Sardegna"}]},{"@type":"WebSite","@id":"https:\/\/www.article-marketing.eu\/comunicati\/#website","url":"https:\/\/www.article-marketing.eu\/comunicati\/","name":"Article Marketing","description":"article marketing &amp; press release","potentialAction":[{"@type":"SearchAction","target":{"@type":"EntryPoint","urlTemplate":"https:\/\/www.article-marketing.eu\/comunicati\/?s={search_term_string}"},"query-input":{"@type":"PropertyValueSpecification","valueRequired":true,"valueName":"search_term_string"}}],"inLanguage":"it-IT"},{"@type":"Person","@id":"https:\/\/www.article-marketing.eu\/comunicati\/#\/schema\/person\/44372e4d4d0fa797b18e03ed1ace9017","name":"Redazione Comunicati Stampa","image":{"@type":"ImageObject","inLanguage":"it-IT","@id":"https:\/\/www.article-marketing.eu\/comunicati\/#\/schema\/person\/image\/","url":"https:\/\/secure.gravatar.com\/avatar\/50e5c6421d3072f42e7ace803501602c60d75233d34e29fd05feb91c8760b792?s=96&d=mm&r=g","contentUrl":"https:\/\/secure.gravatar.com\/avatar\/50e5c6421d3072f42e7ace803501602c60d75233d34e29fd05feb91c8760b792?s=96&d=mm&r=g","caption":"Redazione Comunicati Stampa"},"url":"https:\/\/www.article-marketing.eu\/comunicati\/author\/redazione-comunicati-stampa\/"}]}},"_links":{"self":[{"href":"https:\/\/www.article-marketing.eu\/comunicati\/wp-json\/wp\/v2\/posts\/18492","targetHints":{"allow":["GET"]}}],"collection":[{"href":"https:\/\/www.article-marketing.eu\/comunicati\/wp-json\/wp\/v2\/posts"}],"about":[{"href":"https:\/\/www.article-marketing.eu\/comunicati\/wp-json\/wp\/v2\/types\/post"}],"author":[{"embeddable":true,"href":"https:\/\/www.article-marketing.eu\/comunicati\/wp-json\/wp\/v2\/users\/10"}],"replies":[{"embeddable":true,"href":"https:\/\/www.article-marketing.eu\/comunicati\/wp-json\/wp\/v2\/comments?post=18492"}],"version-history":[{"count":0,"href":"https:\/\/www.article-marketing.eu\/comunicati\/wp-json\/wp\/v2\/posts\/18492\/revisions"}],"wp:attachment":[{"href":"https:\/\/www.article-marketing.eu\/comunicati\/wp-json\/wp\/v2\/media?parent=18492"}],"wp:term":[{"taxonomy":"category","embeddable":true,"href":"https:\/\/www.article-marketing.eu\/comunicati\/wp-json\/wp\/v2\/categories?post=18492"},{"taxonomy":"post_tag","embeddable":true,"href":"https:\/\/www.article-marketing.eu\/comunicati\/wp-json\/wp\/v2\/tags?post=18492"}],"curies":[{"name":"wp","href":"https:\/\/api.w.org\/{rel}","templated":true}]}}