{"id":18498,"date":"2011-07-24T12:19:53","date_gmt":"2011-07-24T10:19:53","guid":{"rendered":"http:\/\/www.article-marketing.eu\/comunicati\/senza-categoria\/le-meraviglie-dell-estate-in-musica-a-parigi-ecco-qualche-data-a-cui-non-si-puo-mancare\/"},"modified":"2020-08-10T01:15:58","modified_gmt":"2020-08-09T23:15:58","slug":"le-meraviglie-dell-estate-in-musica-a-parigi-ecco-qualche-data-a-cui-non-si-puo-mancare","status":"publish","type":"post","link":"https:\/\/www.article-marketing.eu\/comunicati\/viaggi-e-vacanze\/hotels-ed-alberghi\/le-meraviglie-dell-estate-in-musica-a-parigi-ecco-qualche-data-a-cui-non-si-puo-mancare\/","title":{"rendered":"Le meraviglie dell estate in musica a Parigi. Ecco qualche data a cui non si puo mancare."},"content":{"rendered":"<p>Luglio &egrave; tempo di ferie, di sole e di mare ma, per chi &egrave; un fashion addicted Luglio &egrave; decisamente tempo di compere. Facile domandarsi il perch&eacute; per chi non &egrave; proprio appassionato, e facile &egrave; la risposta. A luglio a Milano cominciano gli sconti estivi . Dunque un salto a Milano, capitale italiana dello stile e citt&agrave; al livello di Londra, Parigi e New York per quanto concerne l&rsquo;ultima moda, &egrave; un obbligo per tutti coloro a cui essere sempre fashion sta proprio a cuore. <br \/>Non &egrave; difficile organizzarsi un week end di shopping estremo, basta prenotare il proprio albergo tra i tanti Alberghi a Milano Marittima.<br \/>\n<br \/>\nCertamente|Decisamente|Sicuramente] Parigi &egrave; una citt&agrave; meravigliosa in ogni stagione dell&rsquo;anno, visto che anche da sola pu&ograve; essere vivace, piena di vita, multietnica e ricca di cultura. Ma di tanto in tanto, durante l&rsquo;anno, Parigi si colora di eventi nuovi ed originali che aiutano a renderla ancora pi&ugrave; godibile, sia da parte stessi parigini, sia da parte dei turisti che scelgono date particolari per visitarla. Dunque se gi&agrave; il vostro piano era di andarvene a Parigi vi consigliamo di pianificare le cose per la fine del mese prossimo per scegliere il vostro tra gli Hotel a Parigi economici.<\/p>\n<p>NH Hotels, in linea con il suo spirito di innovazione, &egrave; diventata la prima catena alberghiera spagnola per sviluppare una nuova informazione e prenotazione applicazione per l&rsquo;iPhone. La nuova applicazione &egrave; ora messo a disposizione gratuitamente scaricabile a pagamento attraverso Apple Store.<br \/>\nL&rsquo;applicazione semplice e intuitiva, che &egrave; stato creato dalla ditta multinazionale albergo &egrave; stato sviluppato per consentire agli utenti iPhone di poter per cercare gli hotel nei 25 paesi dove si trovano NH Hotels, oltre a fornire informazioni e la possibilit&agrave; di prenotare sale attraverso l&rsquo;applicazione. Questo significa viaggiatori possono scegliere e prenotare tra loro un Hotel Monaco di Baviera (http:\/\/www.nh-hotels.com\/nh\/en\/hotels\/germany\/munich.html).<br \/>\nLa nuova applicazione NH Hotels significa che gli alberghi possono essere facilmente trovati mentre sono in movimento grazie alla funzione di mappa, semplicemente inserendo il nome di una particolare citt&agrave;, o anche trovando che gli alberghi sono pi&ugrave; vicino all&rsquo;utente basati sul GPS di iPhone funzione.<br \/>\nLa nuova applicazione permette inoltre di ottenere informazioni dettagliate su ciascuno dei 394 hotel gestito dalla catena NH Hotels, insieme con le foto degli alberghi e l&rsquo;accesso a molte offerte NH Hotels &lsquo;e promozioni.<br \/>\nQuesto significa che gli utenti iPhone possono ora utilizzare il loro cellulare per localizzare e di ricerca hotel, prenotare e visualizzare lo stato di lavorazione, conoscere e usufruire di sconti e offerte, oltre a registrarsi per il programma di fidelizzazione &lsquo;NH World&rsquo;.<br \/><\/p>\n","protected":false},"excerpt":{"rendered":"<p>Luglio \u00e8 tempo di ferie, di sole e di mare ma, per chi \u00e8 un fashion addicted Luglio \u00e8 decisamente tempo di compere. Facile domandarsi il perch\u00e9 per chi non \u00e8 proprio appassionato, e facile \u00e8 la risposta. A luglio a Milano cominciano gli sconti estivi . Dunque un salto a Milano, capitale italiana dello stile e citt\u00e0 al livello di Londra, Parigi e New York per quanto concerne l\u2019ultima moda, \u00e8 un obbligo per tutti coloro a cui essere sempre fashion sta proprio a cuore. <br \/>Non \u00e8 difficile organizzarsi un week end di shopping estremo, basta prenotare il proprio albergo tra i tanti Alberghi a Milano Marittima.<\/p>\n","protected":false},"author":10,"featured_media":0,"comment_status":"open","ping_status":"open","sticky":false,"template":"","format":"standard","meta":{"cybocfi_hide_featured_image":"","footnotes":""},"categories":[151],"tags":[],"class_list":["post-18498","post","type-post","status-publish","format-standard","hentry","category-hotels-ed-alberghi"],"yoast_head":"<!-- This site is optimized with the Yoast SEO plugin v27.0 - https:\/\/yoast.com\/product\/yoast-seo-wordpress\/ -->\n<title>Le meraviglie dell estate in musica a Parigi. Ecco qualche data a cui non si puo mancare. - Article Marketing<\/title>\n<meta name=\"robots\" content=\"index, follow, max-snippet:-1, max-image-preview:large, max-video-preview:-1\" \/>\n<link rel=\"canonical\" href=\"https:\/\/www.article-marketing.eu\/comunicati\/viaggi-e-vacanze\/hotels-ed-alberghi\/le-meraviglie-dell-estate-in-musica-a-parigi-ecco-qualche-data-a-cui-non-si-puo-mancare\/\" \/>\n<meta property=\"og:locale\" content=\"it_IT\" \/>\n<meta property=\"og:type\" content=\"article\" \/>\n<meta property=\"og:title\" content=\"Le meraviglie dell estate in musica a Parigi. Ecco qualche data a cui non si puo mancare. - Article Marketing\" \/>\n<meta property=\"og:description\" content=\"Luglio \u00e8 tempo di ferie, di sole e di mare ma, per chi \u00e8 un fashion addicted Luglio \u00e8 decisamente tempo di compere. Facile domandarsi il perch\u00e9 per chi non \u00e8 proprio appassionato, e facile \u00e8 la risposta. A luglio a Milano cominciano gli sconti estivi . Dunque un salto a Milano, capitale italiana dello stile e citt\u00e0 al livello di Londra, Parigi e New York per quanto concerne l\u2019ultima moda, \u00e8 un obbligo per tutti coloro a cui essere sempre fashion sta proprio a cuore. Non \u00e8 difficile organizzarsi un week end di shopping estremo, basta prenotare il proprio albergo tra i tanti Alberghi a Milano Marittima.\" \/>\n<meta property=\"og:url\" content=\"https:\/\/www.article-marketing.eu\/comunicati\/viaggi-e-vacanze\/hotels-ed-alberghi\/le-meraviglie-dell-estate-in-musica-a-parigi-ecco-qualche-data-a-cui-non-si-puo-mancare\/\" \/>\n<meta property=\"og:site_name\" content=\"Article Marketing\" \/>\n<meta property=\"article:published_time\" content=\"2011-07-24T10:19:53+00:00\" \/>\n<meta property=\"article:modified_time\" content=\"2020-08-09T23:15:58+00:00\" \/>\n<meta name=\"author\" content=\"Redazione Comunicati Stampa\" \/>\n<meta name=\"twitter:card\" content=\"summary_large_image\" \/>\n<meta name=\"twitter:label1\" content=\"Scritto da\" \/>\n\t<meta name=\"twitter:data1\" content=\"Redazione Comunicati Stampa\" \/>\n\t<meta name=\"twitter:label2\" content=\"Tempo di lettura stimato\" \/>\n\t<meta name=\"twitter:data2\" content=\"2 minuti\" \/>\n<script type=\"application\/ld+json\" class=\"yoast-schema-graph\">{\"@context\":\"https:\/\/schema.org\",\"@graph\":[{\"@type\":\"Article\",\"@id\":\"https:\/\/www.article-marketing.eu\/comunicati\/viaggi-e-vacanze\/hotels-ed-alberghi\/le-meraviglie-dell-estate-in-musica-a-parigi-ecco-qualche-data-a-cui-non-si-puo-mancare\/#article\",\"isPartOf\":{\"@id\":\"https:\/\/www.article-marketing.eu\/comunicati\/viaggi-e-vacanze\/hotels-ed-alberghi\/le-meraviglie-dell-estate-in-musica-a-parigi-ecco-qualche-data-a-cui-non-si-puo-mancare\/\"},\"author\":{\"name\":\"Redazione Comunicati Stampa\",\"@id\":\"https:\/\/www.article-marketing.eu\/comunicati\/#\/schema\/person\/44372e4d4d0fa797b18e03ed1ace9017\"},\"headline\":\"Le meraviglie dell estate in musica a Parigi. Ecco qualche data a cui non si puo mancare.\",\"datePublished\":\"2011-07-24T10:19:53+00:00\",\"dateModified\":\"2020-08-09T23:15:58+00:00\",\"mainEntityOfPage\":{\"@id\":\"https:\/\/www.article-marketing.eu\/comunicati\/viaggi-e-vacanze\/hotels-ed-alberghi\/le-meraviglie-dell-estate-in-musica-a-parigi-ecco-qualche-data-a-cui-non-si-puo-mancare\/\"},\"wordCount\":483,\"commentCount\":0,\"articleSection\":[\"Hotels ed alberghi\"],\"inLanguage\":\"it-IT\",\"potentialAction\":[{\"@type\":\"CommentAction\",\"name\":\"Comment\",\"target\":[\"https:\/\/www.article-marketing.eu\/comunicati\/viaggi-e-vacanze\/hotels-ed-alberghi\/le-meraviglie-dell-estate-in-musica-a-parigi-ecco-qualche-data-a-cui-non-si-puo-mancare\/#respond\"]}]},{\"@type\":\"WebPage\",\"@id\":\"https:\/\/www.article-marketing.eu\/comunicati\/viaggi-e-vacanze\/hotels-ed-alberghi\/le-meraviglie-dell-estate-in-musica-a-parigi-ecco-qualche-data-a-cui-non-si-puo-mancare\/\",\"url\":\"https:\/\/www.article-marketing.eu\/comunicati\/viaggi-e-vacanze\/hotels-ed-alberghi\/le-meraviglie-dell-estate-in-musica-a-parigi-ecco-qualche-data-a-cui-non-si-puo-mancare\/\",\"name\":\"Le meraviglie dell estate in musica a Parigi. Ecco qualche data a cui non si puo mancare. - Article Marketing\",\"isPartOf\":{\"@id\":\"https:\/\/www.article-marketing.eu\/comunicati\/#website\"},\"datePublished\":\"2011-07-24T10:19:53+00:00\",\"dateModified\":\"2020-08-09T23:15:58+00:00\",\"author\":{\"@id\":\"https:\/\/www.article-marketing.eu\/comunicati\/#\/schema\/person\/44372e4d4d0fa797b18e03ed1ace9017\"},\"breadcrumb\":{\"@id\":\"https:\/\/www.article-marketing.eu\/comunicati\/viaggi-e-vacanze\/hotels-ed-alberghi\/le-meraviglie-dell-estate-in-musica-a-parigi-ecco-qualche-data-a-cui-non-si-puo-mancare\/#breadcrumb\"},\"inLanguage\":\"it-IT\",\"potentialAction\":[{\"@type\":\"ReadAction\",\"target\":[\"https:\/\/www.article-marketing.eu\/comunicati\/viaggi-e-vacanze\/hotels-ed-alberghi\/le-meraviglie-dell-estate-in-musica-a-parigi-ecco-qualche-data-a-cui-non-si-puo-mancare\/\"]}]},{\"@type\":\"BreadcrumbList\",\"@id\":\"https:\/\/www.article-marketing.eu\/comunicati\/viaggi-e-vacanze\/hotels-ed-alberghi\/le-meraviglie-dell-estate-in-musica-a-parigi-ecco-qualche-data-a-cui-non-si-puo-mancare\/#breadcrumb\",\"itemListElement\":[{\"@type\":\"ListItem\",\"position\":1,\"name\":\"Home\",\"item\":\"https:\/\/www.article-marketing.eu\/comunicati\/\"},{\"@type\":\"ListItem\",\"position\":2,\"name\":\"Le meraviglie dell estate in musica a Parigi. Ecco qualche data a cui non si puo mancare.\"}]},{\"@type\":\"WebSite\",\"@id\":\"https:\/\/www.article-marketing.eu\/comunicati\/#website\",\"url\":\"https:\/\/www.article-marketing.eu\/comunicati\/\",\"name\":\"Article Marketing\",\"description\":\"article marketing &amp; press release\",\"potentialAction\":[{\"@type\":\"SearchAction\",\"target\":{\"@type\":\"EntryPoint\",\"urlTemplate\":\"https:\/\/www.article-marketing.eu\/comunicati\/?s={search_term_string}\"},\"query-input\":{\"@type\":\"PropertyValueSpecification\",\"valueRequired\":true,\"valueName\":\"search_term_string\"}}],\"inLanguage\":\"it-IT\"},{\"@type\":\"Person\",\"@id\":\"https:\/\/www.article-marketing.eu\/comunicati\/#\/schema\/person\/44372e4d4d0fa797b18e03ed1ace9017\",\"name\":\"Redazione Comunicati Stampa\",\"image\":{\"@type\":\"ImageObject\",\"inLanguage\":\"it-IT\",\"@id\":\"https:\/\/www.article-marketing.eu\/comunicati\/#\/schema\/person\/image\/\",\"url\":\"https:\/\/secure.gravatar.com\/avatar\/50e5c6421d3072f42e7ace803501602c60d75233d34e29fd05feb91c8760b792?s=96&d=mm&r=g\",\"contentUrl\":\"https:\/\/secure.gravatar.com\/avatar\/50e5c6421d3072f42e7ace803501602c60d75233d34e29fd05feb91c8760b792?s=96&d=mm&r=g\",\"caption\":\"Redazione Comunicati Stampa\"},\"url\":\"https:\/\/www.article-marketing.eu\/comunicati\/author\/redazione-comunicati-stampa\/\"}]}<\/script>\n<!-- \/ Yoast SEO plugin. -->","yoast_head_json":{"title":"Le meraviglie dell estate in musica a Parigi. Ecco qualche data a cui non si puo mancare. - Article Marketing","robots":{"index":"index","follow":"follow","max-snippet":"max-snippet:-1","max-image-preview":"max-image-preview:large","max-video-preview":"max-video-preview:-1"},"canonical":"https:\/\/www.article-marketing.eu\/comunicati\/viaggi-e-vacanze\/hotels-ed-alberghi\/le-meraviglie-dell-estate-in-musica-a-parigi-ecco-qualche-data-a-cui-non-si-puo-mancare\/","og_locale":"it_IT","og_type":"article","og_title":"Le meraviglie dell estate in musica a Parigi. Ecco qualche data a cui non si puo mancare. - Article Marketing","og_description":"Luglio \u00e8 tempo di ferie, di sole e di mare ma, per chi \u00e8 un fashion addicted Luglio \u00e8 decisamente tempo di compere. Facile domandarsi il perch\u00e9 per chi non \u00e8 proprio appassionato, e facile \u00e8 la risposta. A luglio a Milano cominciano gli sconti estivi . Dunque un salto a Milano, capitale italiana dello stile e citt\u00e0 al livello di Londra, Parigi e New York per quanto concerne l\u2019ultima moda, \u00e8 un obbligo per tutti coloro a cui essere sempre fashion sta proprio a cuore. Non \u00e8 difficile organizzarsi un week end di shopping estremo, basta prenotare il proprio albergo tra i tanti Alberghi a Milano Marittima.","og_url":"https:\/\/www.article-marketing.eu\/comunicati\/viaggi-e-vacanze\/hotels-ed-alberghi\/le-meraviglie-dell-estate-in-musica-a-parigi-ecco-qualche-data-a-cui-non-si-puo-mancare\/","og_site_name":"Article Marketing","article_published_time":"2011-07-24T10:19:53+00:00","article_modified_time":"2020-08-09T23:15:58+00:00","author":"Redazione Comunicati Stampa","twitter_card":"summary_large_image","twitter_misc":{"Scritto da":"Redazione Comunicati Stampa","Tempo di lettura stimato":"2 minuti"},"schema":{"@context":"https:\/\/schema.org","@graph":[{"@type":"Article","@id":"https:\/\/www.article-marketing.eu\/comunicati\/viaggi-e-vacanze\/hotels-ed-alberghi\/le-meraviglie-dell-estate-in-musica-a-parigi-ecco-qualche-data-a-cui-non-si-puo-mancare\/#article","isPartOf":{"@id":"https:\/\/www.article-marketing.eu\/comunicati\/viaggi-e-vacanze\/hotels-ed-alberghi\/le-meraviglie-dell-estate-in-musica-a-parigi-ecco-qualche-data-a-cui-non-si-puo-mancare\/"},"author":{"name":"Redazione Comunicati Stampa","@id":"https:\/\/www.article-marketing.eu\/comunicati\/#\/schema\/person\/44372e4d4d0fa797b18e03ed1ace9017"},"headline":"Le meraviglie dell estate in musica a Parigi. Ecco qualche data a cui non si puo mancare.","datePublished":"2011-07-24T10:19:53+00:00","dateModified":"2020-08-09T23:15:58+00:00","mainEntityOfPage":{"@id":"https:\/\/www.article-marketing.eu\/comunicati\/viaggi-e-vacanze\/hotels-ed-alberghi\/le-meraviglie-dell-estate-in-musica-a-parigi-ecco-qualche-data-a-cui-non-si-puo-mancare\/"},"wordCount":483,"commentCount":0,"articleSection":["Hotels ed alberghi"],"inLanguage":"it-IT","potentialAction":[{"@type":"CommentAction","name":"Comment","target":["https:\/\/www.article-marketing.eu\/comunicati\/viaggi-e-vacanze\/hotels-ed-alberghi\/le-meraviglie-dell-estate-in-musica-a-parigi-ecco-qualche-data-a-cui-non-si-puo-mancare\/#respond"]}]},{"@type":"WebPage","@id":"https:\/\/www.article-marketing.eu\/comunicati\/viaggi-e-vacanze\/hotels-ed-alberghi\/le-meraviglie-dell-estate-in-musica-a-parigi-ecco-qualche-data-a-cui-non-si-puo-mancare\/","url":"https:\/\/www.article-marketing.eu\/comunicati\/viaggi-e-vacanze\/hotels-ed-alberghi\/le-meraviglie-dell-estate-in-musica-a-parigi-ecco-qualche-data-a-cui-non-si-puo-mancare\/","name":"Le meraviglie dell estate in musica a Parigi. Ecco qualche data a cui non si puo mancare. - Article Marketing","isPartOf":{"@id":"https:\/\/www.article-marketing.eu\/comunicati\/#website"},"datePublished":"2011-07-24T10:19:53+00:00","dateModified":"2020-08-09T23:15:58+00:00","author":{"@id":"https:\/\/www.article-marketing.eu\/comunicati\/#\/schema\/person\/44372e4d4d0fa797b18e03ed1ace9017"},"breadcrumb":{"@id":"https:\/\/www.article-marketing.eu\/comunicati\/viaggi-e-vacanze\/hotels-ed-alberghi\/le-meraviglie-dell-estate-in-musica-a-parigi-ecco-qualche-data-a-cui-non-si-puo-mancare\/#breadcrumb"},"inLanguage":"it-IT","potentialAction":[{"@type":"ReadAction","target":["https:\/\/www.article-marketing.eu\/comunicati\/viaggi-e-vacanze\/hotels-ed-alberghi\/le-meraviglie-dell-estate-in-musica-a-parigi-ecco-qualche-data-a-cui-non-si-puo-mancare\/"]}]},{"@type":"BreadcrumbList","@id":"https:\/\/www.article-marketing.eu\/comunicati\/viaggi-e-vacanze\/hotels-ed-alberghi\/le-meraviglie-dell-estate-in-musica-a-parigi-ecco-qualche-data-a-cui-non-si-puo-mancare\/#breadcrumb","itemListElement":[{"@type":"ListItem","position":1,"name":"Home","item":"https:\/\/www.article-marketing.eu\/comunicati\/"},{"@type":"ListItem","position":2,"name":"Le meraviglie dell estate in musica a Parigi. Ecco qualche data a cui non si puo mancare."}]},{"@type":"WebSite","@id":"https:\/\/www.article-marketing.eu\/comunicati\/#website","url":"https:\/\/www.article-marketing.eu\/comunicati\/","name":"Article Marketing","description":"article marketing &amp; press release","potentialAction":[{"@type":"SearchAction","target":{"@type":"EntryPoint","urlTemplate":"https:\/\/www.article-marketing.eu\/comunicati\/?s={search_term_string}"},"query-input":{"@type":"PropertyValueSpecification","valueRequired":true,"valueName":"search_term_string"}}],"inLanguage":"it-IT"},{"@type":"Person","@id":"https:\/\/www.article-marketing.eu\/comunicati\/#\/schema\/person\/44372e4d4d0fa797b18e03ed1ace9017","name":"Redazione Comunicati Stampa","image":{"@type":"ImageObject","inLanguage":"it-IT","@id":"https:\/\/www.article-marketing.eu\/comunicati\/#\/schema\/person\/image\/","url":"https:\/\/secure.gravatar.com\/avatar\/50e5c6421d3072f42e7ace803501602c60d75233d34e29fd05feb91c8760b792?s=96&d=mm&r=g","contentUrl":"https:\/\/secure.gravatar.com\/avatar\/50e5c6421d3072f42e7ace803501602c60d75233d34e29fd05feb91c8760b792?s=96&d=mm&r=g","caption":"Redazione Comunicati Stampa"},"url":"https:\/\/www.article-marketing.eu\/comunicati\/author\/redazione-comunicati-stampa\/"}]}},"_links":{"self":[{"href":"https:\/\/www.article-marketing.eu\/comunicati\/wp-json\/wp\/v2\/posts\/18498","targetHints":{"allow":["GET"]}}],"collection":[{"href":"https:\/\/www.article-marketing.eu\/comunicati\/wp-json\/wp\/v2\/posts"}],"about":[{"href":"https:\/\/www.article-marketing.eu\/comunicati\/wp-json\/wp\/v2\/types\/post"}],"author":[{"embeddable":true,"href":"https:\/\/www.article-marketing.eu\/comunicati\/wp-json\/wp\/v2\/users\/10"}],"replies":[{"embeddable":true,"href":"https:\/\/www.article-marketing.eu\/comunicati\/wp-json\/wp\/v2\/comments?post=18498"}],"version-history":[{"count":1,"href":"https:\/\/www.article-marketing.eu\/comunicati\/wp-json\/wp\/v2\/posts\/18498\/revisions"}],"predecessor-version":[{"id":58747,"href":"https:\/\/www.article-marketing.eu\/comunicati\/wp-json\/wp\/v2\/posts\/18498\/revisions\/58747"}],"wp:attachment":[{"href":"https:\/\/www.article-marketing.eu\/comunicati\/wp-json\/wp\/v2\/media?parent=18498"}],"wp:term":[{"taxonomy":"category","embeddable":true,"href":"https:\/\/www.article-marketing.eu\/comunicati\/wp-json\/wp\/v2\/categories?post=18498"},{"taxonomy":"post_tag","embeddable":true,"href":"https:\/\/www.article-marketing.eu\/comunicati\/wp-json\/wp\/v2\/tags?post=18498"}],"curies":[{"name":"wp","href":"https:\/\/api.w.org\/{rel}","templated":true}]}}