{"id":18517,"date":"2011-07-25T16:18:09","date_gmt":"2011-07-25T14:18:09","guid":{"rendered":"http:\/\/www.article-marketing.eu\/comunicati\/senza-categoria\/tre-nuovi-senior-partner-e-nuova-sede-nella-capitale-per-amapola-agenzia-di-comunicazione-e-relazioni-pubbliche-guidata-da-luca-valpreda-2\/"},"modified":"2011-07-25T16:18:09","modified_gmt":"2011-07-25T14:18:09","slug":"tre-nuovi-senior-partner-e-nuova-sede-nella-capitale-per-amapola-agenzia-di-comunicazione-e-relazioni-pubbliche-guidata-da-luca-valpreda-2","status":"publish","type":"post","link":"https:\/\/www.article-marketing.eu\/comunicati\/comunicati-stampa\/tre-nuovi-senior-partner-e-nuova-sede-nella-capitale-per-amapola-agenzia-di-comunicazione-e-relazioni-pubbliche-guidata-da-luca-valpreda-2\/","title":{"rendered":"Tre nuovi senior partner e nuova sede nella Capitale per Amapola, agenzia di comunicazione e relazioni pubbliche guidata da Luca Valpreda"},"content":{"rendered":"<p>Milano, Roma, 25 luglio 2011<\/p>\n<p><strong style=\"mso-bidi-font-weight: normal;\">Roma<\/strong><br \/>Una struttura snella e agile, che ha radici fortemente radicate nel territorio grazie alla decennale esperienza professionale delle due partner romane: <strong style=\"mso-bidi-font-weight: normal;\">Celeste Bertolini<\/strong> e <strong style=\"mso-bidi-font-weight: normal;\">Serena Bartezzati<\/strong>: cos&igrave; Amapola si presenta nella Capitale, nello storico quartiere della Garbatella<em style=\"mso-bidi-font-style: normal;\">.<\/em> La nuova sede di Roma dell&rsquo;agenzia, che affianca la sede principale di Milano, nasce per dare vita a progetti, sia pubblici sia privati, di sviluppo dei territori del centro e del sud Italia. A oggi tre grandi iniziative si sono gi&agrave; realizzate sotto il marchio Amapola a Roma: <br \/>&middot; la nascita di <strong style=\"mso-bidi-font-weight: normal;\">IAM<\/strong> (International Academy of Management ) un nuovo &ldquo;<em style=\"mso-bidi-font-style: normal;\">Think Tank<\/em>&rdquo; della Capitale, alto centro di formazione manageriale che aprir&agrave; i battenti questo autunno; <br \/>&middot; la creazione di <strong style=\"mso-bidi-font-weight: normal;\">SEMIA <\/strong>(consorzio di sviluppo dei Territori) e il lancio di un progetto di studio e promozione dei territori italiani, legato ai temi della produttivit&agrave;, del turismo e al sistema delle medie e piccole imprese;<br \/>&middot; la seconda edizione di <strong style=\"mso-bidi-font-weight: normal;\">RomaCavalli<\/strong> &#8211; Il Salone Internazionale dell&rsquo;Equitazione e dell&rsquo;Ippica di Roma.<\/p>\n<p><strong style=\"mso-bidi-font-weight: normal;\">Milano &#8211; Torino<\/strong><br \/>Amapola si rafforza anche nell&rsquo;area Nord-Ovest: l&rsquo;ingresso presso la sede milanese del nuovo partner <strong style=\"mso-bidi-font-weight: normal;\">Sergio Vazzoler<\/strong>, professionista esperto nell&rsquo;area della comunicazione ambientale, nasce dall&rsquo;estensione dei servizi consulenziali in questo settore di mercato, a partire dalla partnership con <strong style=\"mso-bidi-font-weight: normal;\">Golder Associates<\/strong>, multinazionale canadese di servizi di consulenza, progettazione e costruzione nei settori delle scienze della terra, dell&rsquo;ambiente e dell&rsquo;energia<em style=\"mso-bidi-font-style: normal;\">. <\/em>Amapola affianca Golder &ndash; che ha la sua sede italiana principale a Torino &#8211; nello sviluppo della comunicazione esterna, interna e nelle strategie di brand development.<\/p>\n<p>I nuovi clienti vanno ad aggiungersi alla base consolidata Amapola, che include, tra gli altri, Assicurazioni Generali, BBVA AutoRenting, Carlo Gavazzi Automation, Clay Paky, Impregilo, Italcementi, Techint.<\/p>\n<p><strong style=\"mso-bidi-font-weight: normal;\">Carta d&rsquo;identit&agrave; dei nuovi senior partner Amapola<\/strong><\/p>\n<p>Celeste Bertolini<br \/>Consulente in comunicazione e relazioni internazionali con una specializzazione nell&rsquo;area culturale e sociale, crea nel 1997, insieme a Serena Bartezzati Itinera Comunicazione, agenzia di relazioni pubbliche e media relations con sede a Roma .<br \/>L&rsquo;esperienza professionale negli ultimi dieci anni all&rsquo;interno dell&rsquo;agenzia l&rsquo;ha portata a dirigere e coordinare piani di comunicazione di aziende private e organizzazioni pubbliche, in particolare nell&rsquo;ambito dello sviluppo e della promozione di progetti culturali e sociali. In questi anni di esperienza sul territorio romano ha svolto un importante ruolo di &ldquo;trait d&rsquo;union&rdquo; fra le istituzioni pubbliche locali e le aziende private, dando vita a una serie di iniziative pubblico-private di forte impatto. In particolare si &egrave; occupata della gestione di attivit&agrave; di relazioni istituzionali, media relations e organizzazioni di eventi a livello nazionale e internazionale per: Comune di Roma, Regione Lazio, Ministero dei Beni Culturali, Federculture, Fondazione Mondo Digitale, Renault Italia, Gruppo Sanpellegrino, Rai Trade, Hotel Hassler.<br \/>Entra in Amapola come senior partner e responsabile dell&rsquo;ufficio di Roma.<br \/>Membro del Consiglio Nazionale di FERPI, Federazione italiana delle Relazioni Pubbliche, dal 2006 ha diretto il gruppo di professionisti del Lazio, con la carica di Delegato Regionale.<\/p>\n<p>Serena Bartezzati<br \/>Dopo un percorso nella comunicazione visiva che l&rsquo;ha portata a conoscere molto bene il mondo editoriale, televisivo e del web, negli anni di lavoro con Itinera Comunicazione si specializza nelle media relations, esperienza che porta in Amapola dove entra come senior partner. <\/p>\n<p>Si &egrave; sempre occupata anche della pianificazione, organizzazione e gestione di eventi di comunicazione e promozione sia nazionali sia internazionali.<br \/>Molto versata per la sua formazione sull&rsquo;arte contemporanea, sul mondo del web e dell&rsquo;associazionismo, segue progetti in ambito culturale e sociale.<\/p>\n<p>Sergio Vazzoler<br \/>Consulente in relazioni pubbliche e comunicazione istituzionale per organizzazioni pubbliche e private, con una speciale focalizzazione nell&rsquo;area ambientale.<\/p>\n<p>Gi&agrave; attivo nel campo giornalistico e delle rp durante gli anni universitari, la sua carriera professionale inizia nel 1998 in &ldquo;Red Hot Peppers&rdquo;, societ&agrave; milanese di comunicazione e public affairs. Nel 2000 entra in &ldquo;MR &amp; Associati Comunicazione&rdquo;, societ&agrave; specializzata nella comunicazione istituzionale e politica e nel 2005 diventa partner. Qui coordina le attivit&agrave; di comunicazione pubblica, ambientale e di rp digitali, occupandosi in particolare di relazioni con il territorio e le istituzioni locali. Tra i principali progetti seguiti l&rsquo;ideazione e il coordinamento editoriale di bilanci sociali, di sostenibilit&agrave; e di mandato. Nel 2011 fa il suo ingresso in Amapola, ricoprendo il ruolo di senior partner e il presidio dell&rsquo;area della comunicazione ambientale e sociale.<\/p>\n<p>Gi&agrave; Consigliere nazionale FERPI, Federazione Italiana delle Relazioni Pubbliche, &egrave; delegato all&rsquo;area &ldquo;NIMBY e processi decisionali inclusivi&ldquo;.<\/p>\n","protected":false},"excerpt":{"rendered":"<p>Con l\u2019ingresso di Celeste Bertolini e Serena Bartezzati su Roma, dove \u00e8 stata da poco aperta una nuova sede della societ\u00e0, e Sergio Vazzoler nel Nord-Ovest, Amapola cresce e potenzia le proprie attivit\u00e0, a partire dall\u2019area ambiente-territori.<\/p>\n","protected":false},"author":10,"featured_media":0,"comment_status":"open","ping_status":"open","sticky":false,"template":"","format":"standard","meta":{"cybocfi_hide_featured_image":"","footnotes":""},"categories":[190],"tags":[],"class_list":["post-18517","post","type-post","status-publish","format-standard","hentry","category-comunicati-stampa"],"yoast_head":"<!-- This site is optimized with the Yoast SEO plugin v27.0 - https:\/\/yoast.com\/product\/yoast-seo-wordpress\/ -->\n<title>Tre nuovi senior partner e nuova sede nella Capitale per Amapola, agenzia di comunicazione e relazioni pubbliche guidata da Luca Valpreda - Article Marketing<\/title>\n<meta name=\"robots\" content=\"index, follow, max-snippet:-1, max-image-preview:large, max-video-preview:-1\" \/>\n<link rel=\"canonical\" href=\"https:\/\/www.article-marketing.eu\/comunicati\/comunicati-stampa\/tre-nuovi-senior-partner-e-nuova-sede-nella-capitale-per-amapola-agenzia-di-comunicazione-e-relazioni-pubbliche-guidata-da-luca-valpreda-2\/\" \/>\n<meta property=\"og:locale\" content=\"it_IT\" \/>\n<meta property=\"og:type\" content=\"article\" \/>\n<meta property=\"og:title\" content=\"Tre nuovi senior partner e nuova sede nella Capitale per Amapola, agenzia di comunicazione e relazioni pubbliche guidata da Luca Valpreda - Article Marketing\" \/>\n<meta property=\"og:description\" content=\"Con l\u2019ingresso di Celeste Bertolini e Serena Bartezzati su Roma, dove \u00e8 stata da poco aperta una nuova sede della societ\u00e0, e Sergio Vazzoler nel Nord-Ovest, Amapola cresce e potenzia le proprie attivit\u00e0, a partire dall\u2019area ambiente-territori.\" \/>\n<meta property=\"og:url\" content=\"https:\/\/www.article-marketing.eu\/comunicati\/comunicati-stampa\/tre-nuovi-senior-partner-e-nuova-sede-nella-capitale-per-amapola-agenzia-di-comunicazione-e-relazioni-pubbliche-guidata-da-luca-valpreda-2\/\" \/>\n<meta property=\"og:site_name\" content=\"Article Marketing\" \/>\n<meta property=\"article:published_time\" content=\"2011-07-25T14:18:09+00:00\" \/>\n<meta name=\"author\" content=\"Redazione Comunicati Stampa\" \/>\n<meta name=\"twitter:card\" content=\"summary_large_image\" \/>\n<meta name=\"twitter:label1\" content=\"Scritto da\" \/>\n\t<meta name=\"twitter:data1\" content=\"Redazione Comunicati Stampa\" \/>\n\t<meta name=\"twitter:label2\" content=\"Tempo di lettura stimato\" \/>\n\t<meta name=\"twitter:data2\" content=\"4 minuti\" \/>\n<script type=\"application\/ld+json\" class=\"yoast-schema-graph\">{\"@context\":\"https:\/\/schema.org\",\"@graph\":[{\"@type\":\"Article\",\"@id\":\"https:\/\/www.article-marketing.eu\/comunicati\/comunicati-stampa\/tre-nuovi-senior-partner-e-nuova-sede-nella-capitale-per-amapola-agenzia-di-comunicazione-e-relazioni-pubbliche-guidata-da-luca-valpreda-2\/#article\",\"isPartOf\":{\"@id\":\"https:\/\/www.article-marketing.eu\/comunicati\/comunicati-stampa\/tre-nuovi-senior-partner-e-nuova-sede-nella-capitale-per-amapola-agenzia-di-comunicazione-e-relazioni-pubbliche-guidata-da-luca-valpreda-2\/\"},\"author\":{\"name\":\"Redazione Comunicati Stampa\",\"@id\":\"https:\/\/www.article-marketing.eu\/comunicati\/#\/schema\/person\/44372e4d4d0fa797b18e03ed1ace9017\"},\"headline\":\"Tre nuovi senior partner e nuova sede nella Capitale per Amapola, agenzia di comunicazione e relazioni pubbliche guidata da Luca Valpreda\",\"datePublished\":\"2011-07-25T14:18:09+00:00\",\"mainEntityOfPage\":{\"@id\":\"https:\/\/www.article-marketing.eu\/comunicati\/comunicati-stampa\/tre-nuovi-senior-partner-e-nuova-sede-nella-capitale-per-amapola-agenzia-di-comunicazione-e-relazioni-pubbliche-guidata-da-luca-valpreda-2\/\"},\"wordCount\":799,\"commentCount\":0,\"articleSection\":[\"Comunicati stampa\"],\"inLanguage\":\"it-IT\",\"potentialAction\":[{\"@type\":\"CommentAction\",\"name\":\"Comment\",\"target\":[\"https:\/\/www.article-marketing.eu\/comunicati\/comunicati-stampa\/tre-nuovi-senior-partner-e-nuova-sede-nella-capitale-per-amapola-agenzia-di-comunicazione-e-relazioni-pubbliche-guidata-da-luca-valpreda-2\/#respond\"]}]},{\"@type\":\"WebPage\",\"@id\":\"https:\/\/www.article-marketing.eu\/comunicati\/comunicati-stampa\/tre-nuovi-senior-partner-e-nuova-sede-nella-capitale-per-amapola-agenzia-di-comunicazione-e-relazioni-pubbliche-guidata-da-luca-valpreda-2\/\",\"url\":\"https:\/\/www.article-marketing.eu\/comunicati\/comunicati-stampa\/tre-nuovi-senior-partner-e-nuova-sede-nella-capitale-per-amapola-agenzia-di-comunicazione-e-relazioni-pubbliche-guidata-da-luca-valpreda-2\/\",\"name\":\"Tre nuovi senior partner e nuova sede nella Capitale per Amapola, agenzia di comunicazione e relazioni pubbliche guidata da Luca Valpreda - Article Marketing\",\"isPartOf\":{\"@id\":\"https:\/\/www.article-marketing.eu\/comunicati\/#website\"},\"datePublished\":\"2011-07-25T14:18:09+00:00\",\"author\":{\"@id\":\"https:\/\/www.article-marketing.eu\/comunicati\/#\/schema\/person\/44372e4d4d0fa797b18e03ed1ace9017\"},\"breadcrumb\":{\"@id\":\"https:\/\/www.article-marketing.eu\/comunicati\/comunicati-stampa\/tre-nuovi-senior-partner-e-nuova-sede-nella-capitale-per-amapola-agenzia-di-comunicazione-e-relazioni-pubbliche-guidata-da-luca-valpreda-2\/#breadcrumb\"},\"inLanguage\":\"it-IT\",\"potentialAction\":[{\"@type\":\"ReadAction\",\"target\":[\"https:\/\/www.article-marketing.eu\/comunicati\/comunicati-stampa\/tre-nuovi-senior-partner-e-nuova-sede-nella-capitale-per-amapola-agenzia-di-comunicazione-e-relazioni-pubbliche-guidata-da-luca-valpreda-2\/\"]}]},{\"@type\":\"BreadcrumbList\",\"@id\":\"https:\/\/www.article-marketing.eu\/comunicati\/comunicati-stampa\/tre-nuovi-senior-partner-e-nuova-sede-nella-capitale-per-amapola-agenzia-di-comunicazione-e-relazioni-pubbliche-guidata-da-luca-valpreda-2\/#breadcrumb\",\"itemListElement\":[{\"@type\":\"ListItem\",\"position\":1,\"name\":\"Home\",\"item\":\"https:\/\/www.article-marketing.eu\/comunicati\/\"},{\"@type\":\"ListItem\",\"position\":2,\"name\":\"Tre nuovi senior partner e nuova sede nella Capitale per Amapola, agenzia di comunicazione e relazioni pubbliche guidata da Luca Valpreda\"}]},{\"@type\":\"WebSite\",\"@id\":\"https:\/\/www.article-marketing.eu\/comunicati\/#website\",\"url\":\"https:\/\/www.article-marketing.eu\/comunicati\/\",\"name\":\"Article Marketing\",\"description\":\"article marketing &amp; press release\",\"potentialAction\":[{\"@type\":\"SearchAction\",\"target\":{\"@type\":\"EntryPoint\",\"urlTemplate\":\"https:\/\/www.article-marketing.eu\/comunicati\/?s={search_term_string}\"},\"query-input\":{\"@type\":\"PropertyValueSpecification\",\"valueRequired\":true,\"valueName\":\"search_term_string\"}}],\"inLanguage\":\"it-IT\"},{\"@type\":\"Person\",\"@id\":\"https:\/\/www.article-marketing.eu\/comunicati\/#\/schema\/person\/44372e4d4d0fa797b18e03ed1ace9017\",\"name\":\"Redazione Comunicati Stampa\",\"image\":{\"@type\":\"ImageObject\",\"inLanguage\":\"it-IT\",\"@id\":\"https:\/\/www.article-marketing.eu\/comunicati\/#\/schema\/person\/image\/\",\"url\":\"https:\/\/secure.gravatar.com\/avatar\/50e5c6421d3072f42e7ace803501602c60d75233d34e29fd05feb91c8760b792?s=96&d=mm&r=g\",\"contentUrl\":\"https:\/\/secure.gravatar.com\/avatar\/50e5c6421d3072f42e7ace803501602c60d75233d34e29fd05feb91c8760b792?s=96&d=mm&r=g\",\"caption\":\"Redazione Comunicati Stampa\"},\"url\":\"https:\/\/www.article-marketing.eu\/comunicati\/author\/redazione-comunicati-stampa\/\"}]}<\/script>\n<!-- \/ Yoast SEO plugin. -->","yoast_head_json":{"title":"Tre nuovi senior partner e nuova sede nella Capitale per Amapola, agenzia di comunicazione e relazioni pubbliche guidata da Luca Valpreda - Article Marketing","robots":{"index":"index","follow":"follow","max-snippet":"max-snippet:-1","max-image-preview":"max-image-preview:large","max-video-preview":"max-video-preview:-1"},"canonical":"https:\/\/www.article-marketing.eu\/comunicati\/comunicati-stampa\/tre-nuovi-senior-partner-e-nuova-sede-nella-capitale-per-amapola-agenzia-di-comunicazione-e-relazioni-pubbliche-guidata-da-luca-valpreda-2\/","og_locale":"it_IT","og_type":"article","og_title":"Tre nuovi senior partner e nuova sede nella Capitale per Amapola, agenzia di comunicazione e relazioni pubbliche guidata da Luca Valpreda - Article Marketing","og_description":"Con l\u2019ingresso di Celeste Bertolini e Serena Bartezzati su Roma, dove \u00e8 stata da poco aperta una nuova sede della societ\u00e0, e Sergio Vazzoler nel Nord-Ovest, Amapola cresce e potenzia le proprie attivit\u00e0, a partire dall\u2019area ambiente-territori.","og_url":"https:\/\/www.article-marketing.eu\/comunicati\/comunicati-stampa\/tre-nuovi-senior-partner-e-nuova-sede-nella-capitale-per-amapola-agenzia-di-comunicazione-e-relazioni-pubbliche-guidata-da-luca-valpreda-2\/","og_site_name":"Article Marketing","article_published_time":"2011-07-25T14:18:09+00:00","author":"Redazione Comunicati Stampa","twitter_card":"summary_large_image","twitter_misc":{"Scritto da":"Redazione Comunicati Stampa","Tempo di lettura stimato":"4 minuti"},"schema":{"@context":"https:\/\/schema.org","@graph":[{"@type":"Article","@id":"https:\/\/www.article-marketing.eu\/comunicati\/comunicati-stampa\/tre-nuovi-senior-partner-e-nuova-sede-nella-capitale-per-amapola-agenzia-di-comunicazione-e-relazioni-pubbliche-guidata-da-luca-valpreda-2\/#article","isPartOf":{"@id":"https:\/\/www.article-marketing.eu\/comunicati\/comunicati-stampa\/tre-nuovi-senior-partner-e-nuova-sede-nella-capitale-per-amapola-agenzia-di-comunicazione-e-relazioni-pubbliche-guidata-da-luca-valpreda-2\/"},"author":{"name":"Redazione Comunicati Stampa","@id":"https:\/\/www.article-marketing.eu\/comunicati\/#\/schema\/person\/44372e4d4d0fa797b18e03ed1ace9017"},"headline":"Tre nuovi senior partner e nuova sede nella Capitale per Amapola, agenzia di comunicazione e relazioni pubbliche guidata da Luca Valpreda","datePublished":"2011-07-25T14:18:09+00:00","mainEntityOfPage":{"@id":"https:\/\/www.article-marketing.eu\/comunicati\/comunicati-stampa\/tre-nuovi-senior-partner-e-nuova-sede-nella-capitale-per-amapola-agenzia-di-comunicazione-e-relazioni-pubbliche-guidata-da-luca-valpreda-2\/"},"wordCount":799,"commentCount":0,"articleSection":["Comunicati stampa"],"inLanguage":"it-IT","potentialAction":[{"@type":"CommentAction","name":"Comment","target":["https:\/\/www.article-marketing.eu\/comunicati\/comunicati-stampa\/tre-nuovi-senior-partner-e-nuova-sede-nella-capitale-per-amapola-agenzia-di-comunicazione-e-relazioni-pubbliche-guidata-da-luca-valpreda-2\/#respond"]}]},{"@type":"WebPage","@id":"https:\/\/www.article-marketing.eu\/comunicati\/comunicati-stampa\/tre-nuovi-senior-partner-e-nuova-sede-nella-capitale-per-amapola-agenzia-di-comunicazione-e-relazioni-pubbliche-guidata-da-luca-valpreda-2\/","url":"https:\/\/www.article-marketing.eu\/comunicati\/comunicati-stampa\/tre-nuovi-senior-partner-e-nuova-sede-nella-capitale-per-amapola-agenzia-di-comunicazione-e-relazioni-pubbliche-guidata-da-luca-valpreda-2\/","name":"Tre nuovi senior partner e nuova sede nella Capitale per Amapola, agenzia di comunicazione e relazioni pubbliche guidata da Luca Valpreda - Article Marketing","isPartOf":{"@id":"https:\/\/www.article-marketing.eu\/comunicati\/#website"},"datePublished":"2011-07-25T14:18:09+00:00","author":{"@id":"https:\/\/www.article-marketing.eu\/comunicati\/#\/schema\/person\/44372e4d4d0fa797b18e03ed1ace9017"},"breadcrumb":{"@id":"https:\/\/www.article-marketing.eu\/comunicati\/comunicati-stampa\/tre-nuovi-senior-partner-e-nuova-sede-nella-capitale-per-amapola-agenzia-di-comunicazione-e-relazioni-pubbliche-guidata-da-luca-valpreda-2\/#breadcrumb"},"inLanguage":"it-IT","potentialAction":[{"@type":"ReadAction","target":["https:\/\/www.article-marketing.eu\/comunicati\/comunicati-stampa\/tre-nuovi-senior-partner-e-nuova-sede-nella-capitale-per-amapola-agenzia-di-comunicazione-e-relazioni-pubbliche-guidata-da-luca-valpreda-2\/"]}]},{"@type":"BreadcrumbList","@id":"https:\/\/www.article-marketing.eu\/comunicati\/comunicati-stampa\/tre-nuovi-senior-partner-e-nuova-sede-nella-capitale-per-amapola-agenzia-di-comunicazione-e-relazioni-pubbliche-guidata-da-luca-valpreda-2\/#breadcrumb","itemListElement":[{"@type":"ListItem","position":1,"name":"Home","item":"https:\/\/www.article-marketing.eu\/comunicati\/"},{"@type":"ListItem","position":2,"name":"Tre nuovi senior partner e nuova sede nella Capitale per Amapola, agenzia di comunicazione e relazioni pubbliche guidata da Luca Valpreda"}]},{"@type":"WebSite","@id":"https:\/\/www.article-marketing.eu\/comunicati\/#website","url":"https:\/\/www.article-marketing.eu\/comunicati\/","name":"Article Marketing","description":"article marketing &amp; press release","potentialAction":[{"@type":"SearchAction","target":{"@type":"EntryPoint","urlTemplate":"https:\/\/www.article-marketing.eu\/comunicati\/?s={search_term_string}"},"query-input":{"@type":"PropertyValueSpecification","valueRequired":true,"valueName":"search_term_string"}}],"inLanguage":"it-IT"},{"@type":"Person","@id":"https:\/\/www.article-marketing.eu\/comunicati\/#\/schema\/person\/44372e4d4d0fa797b18e03ed1ace9017","name":"Redazione Comunicati Stampa","image":{"@type":"ImageObject","inLanguage":"it-IT","@id":"https:\/\/www.article-marketing.eu\/comunicati\/#\/schema\/person\/image\/","url":"https:\/\/secure.gravatar.com\/avatar\/50e5c6421d3072f42e7ace803501602c60d75233d34e29fd05feb91c8760b792?s=96&d=mm&r=g","contentUrl":"https:\/\/secure.gravatar.com\/avatar\/50e5c6421d3072f42e7ace803501602c60d75233d34e29fd05feb91c8760b792?s=96&d=mm&r=g","caption":"Redazione Comunicati Stampa"},"url":"https:\/\/www.article-marketing.eu\/comunicati\/author\/redazione-comunicati-stampa\/"}]}},"_links":{"self":[{"href":"https:\/\/www.article-marketing.eu\/comunicati\/wp-json\/wp\/v2\/posts\/18517","targetHints":{"allow":["GET"]}}],"collection":[{"href":"https:\/\/www.article-marketing.eu\/comunicati\/wp-json\/wp\/v2\/posts"}],"about":[{"href":"https:\/\/www.article-marketing.eu\/comunicati\/wp-json\/wp\/v2\/types\/post"}],"author":[{"embeddable":true,"href":"https:\/\/www.article-marketing.eu\/comunicati\/wp-json\/wp\/v2\/users\/10"}],"replies":[{"embeddable":true,"href":"https:\/\/www.article-marketing.eu\/comunicati\/wp-json\/wp\/v2\/comments?post=18517"}],"version-history":[{"count":0,"href":"https:\/\/www.article-marketing.eu\/comunicati\/wp-json\/wp\/v2\/posts\/18517\/revisions"}],"wp:attachment":[{"href":"https:\/\/www.article-marketing.eu\/comunicati\/wp-json\/wp\/v2\/media?parent=18517"}],"wp:term":[{"taxonomy":"category","embeddable":true,"href":"https:\/\/www.article-marketing.eu\/comunicati\/wp-json\/wp\/v2\/categories?post=18517"},{"taxonomy":"post_tag","embeddable":true,"href":"https:\/\/www.article-marketing.eu\/comunicati\/wp-json\/wp\/v2\/tags?post=18517"}],"curies":[{"name":"wp","href":"https:\/\/api.w.org\/{rel}","templated":true}]}}