{"id":1859,"date":"2009-04-26T10:13:55","date_gmt":"2009-04-26T08:13:55","guid":{"rendered":"http:\/\/www.article-marketing.eu\/comunicati\/senza-categoria\/and-%238730%3b-incredibile-e-allora-voglio-organizzare-dei-corsi-di-memoria-anche-a-roma-perugia-urbino-e-siena-e-se-luigi-del-monaco-mi-aiuta-pure-a-napoli\/"},"modified":"2009-04-26T10:13:55","modified_gmt":"2009-04-26T08:13:55","slug":"and-%238730%3b-incredibile-e-allora-voglio-organizzare-dei-corsi-di-memoria-anche-a-roma-perugia-urbino-e-siena-e-se-luigi-del-monaco-mi-aiuta-pure-a-napoli","status":"publish","type":"post","link":"https:\/\/www.article-marketing.eu\/comunicati\/istruzione\/universita\/and-%238730%3b-incredibile-e-allora-voglio-organizzare-dei-corsi-di-memoria-anche-a-roma-perugia-urbino-e-siena-e-se-luigi-del-monaco-mi-aiuta-pure-a-napoli\/","title":{"rendered":"&#8730; Incredibile! E allora? Voglio organizzare dei corsi di memoria anche a Roma, Perugia, Urbino e Siena (e se Luigi del Monaco mi aiuta pure a Napoli)"},"content":{"rendered":"<p>&#8730; Incredibile! E allora? Voglio organizzare dei corsi di memoria anche a Roma, Perugia, Urbino e Siena<\/p>\n<p>Ciao, che strano titolo del post. Ma non credo che succedesse tutto ci\u00f2.<\/p>\n<p>Per chi legge il mio blog, ieri avr\u00e0 letto la notizia, che i miei alunni si stanno organizzando per farmi fare un corso di memoria a Messina. E la cosa per me finisce l\u00e0. Ovviamente sono contento, perch\u00e8 posso trasmettere loro delle cose diverse rispetto al semplice insegnamento del tedesco, che per me \u00e8 una lingua fondamentale per chi vuole lavorare in Sicilia (ieri sono stato a Giardini e a Taormina e ci sono gi\u00e0 tantissimi tedeschi, quindi ragazzi datevi una mossa!).<\/p>\n<p>Ma la cosa impressionante \u00e8 quello che questo post ha scatenato. Ieri pomeriggio il mio grande amico Gaz, mi aggiunge su facebook.  Non si pu\u00f2 capire quanto ci siamo divertiti io e gaz, quando lavoravamo per il corso di memoria. Io portavo le sue frasi in albanese in giro per l&#8217;Italia e quando sono tornato a Perugia, lui collaborava ancora. Mi ricordo ancora la prima volta che l&#8217;ho conosciuto, vestito tutto in jeans. E&#8217; semplicemente Gaz.<\/p>\n<p>Poi pochi giorni prima il grande Jo Moahmmed Al\u00ec Aktar, in arte Jo Banana, mi dice che vuole promuovere i corsi nella sua associazione culturale e vuole farli anche all&#8217;estero. Si \u00e8 appassionato ai corsi gratuiti.<\/p>\n<p>Prima ancora c&#8217;\u00e8 stato Mirko di Napoli (un soggettone, veramente una persona da conoscere), che ha comprato il libro &#8220;Gump &#038; Co.&#8221; su ebay nel mio Negozio Grimamalibri e ha cominciato a scaricare gli ebook. La cosa assurda \u00e8 che lui ha un amico, che ora (se ho capito bene) vive a Milano, ma che ha studiato a Perugia e conosceva mio fratello e la libreria. Pazzesco, no?<\/p>\n<p>Poi c&#8217;\u00e8 Alessandra de Roma, che sta coinvolgendo tutte le persone che conosce, perch\u00e8 le piacciono i corsi gratuiti, ma soprattutto \u00e8 stata la prima a fare il brain storming (voi l&#8217;avete fatto? Io rompre sempre, sono fatto cos\u00ec, ma i risultati sono dalla mia).<\/p>\n<p>Stasera per concludere sento il Francesco di Treia (marchigiano come me, anche se io sono marchigiano solo di nascita). E&#8217; un imprenditore oramai, mentre io lo conoscevo come collaboratore, ma ho sempre saputo che \u00e8 un grandissimo lavoratore (il chiodo bisogna batterlo quando \u00e8 caldo!). Chiss\u00e0 che non facciamo un altro corso a Treia. Bellissimo quello che abbiamo fatto!<\/p>\n<p>Tante altri non li ho nominati, ma non per questo sono meno importanti. Ho preso degli esempi per parlare di quello che mi \u00e8 venuto in mente, visto che me lo chiedono in tanti:<\/p>\n<p>quest&#8217;estate voglio fare dei corsi nei pressi di Perugia!<\/p>\n<p>Perch\u00e8 vi dico questo, fino alla fine della scuola non mi posso muovere. Ma dopo vengo volentieri. Oramai organizzo i corsi di memoria solo per divertimento. Mi piace, lo vedo pure a scuola quando spiego il tedesco con le tecniche di memoria, i ragazzi capiscono e si entusiasmano. Questo \u00e8 gratificante, ve lo posso assicurare. Vedere le facce di alcuni cambiare \u00e8 il massimo.<\/p>\n<p>Visto che ho messo delle persone in stand-by (in attesa) vi dico che quest&#8217;estate se riuscite ad organizzare (deve essere una cosa che vi sentite voi, io vi metto sempre a disposizione gli ebook gratuiti di tecniche di memoria ) vengo e organizziamo un corso.<\/p>\n<p>A Perugia, Urbino e Siena ho lavorato e lasciato una parte del mio cuore  (Perugia \u00e8 la mia citt\u00e0 quindi la parte \u00e8 pi\u00f9 grande).<\/p>\n<p>Roma \u00e8 bellissima, ogni volta che vado mi emoziono, una citt\u00e0 senta tempo, la citt\u00e0 eterna.<\/p>\n<p>Napoli! Che dire? a Napoli c&#8217;\u00e8 Luigi di Monaco, la persona con cui ho intrapreso questo viaggio del corso di memoria gratuito.<\/p>\n<p>Vediamo&#8230; Io non vi dico niente, non so quello che succeder\u00e0 quest&#8217;estate, ma sicuramente andr\u00f2 a Perugia, devo aggiornare il lavoro e la catalogazione dei libri su ebay. Quindi per organizzarci, sappiatelo gi\u00e0 da ora.<\/p>\n<p>Anche se non faremo i corsi, \u00e8 bello comunque condividere. Io sinceramente ho sempre amato confrontarmi e imparare dagl&#8217;altri.<\/p>\n<p>Continuate a condividere questi ebook gratuiti che trovate su www.fondoblu.com, \u00e8 importantissimo. Tante persone non si possono permettere di fare il corso, cos\u00ec male che vada si fanno una base.<\/p>\n<p>Elia<\/p>\n<p>P.s.: Vi allego il programma del corso che voglio fare (costo 200 euro per coprire le spese minime):<\/p>\n<p>Tecniche di Rilassamento e Gestione dell\u2019Emotivit\u00e0<br \/>\nTecniche di rilassamento e concentrazione<br \/>\nCiclo dell\u2019Osservazione e memorizzazione di immagini a prima vista<br \/>\nCiclo della Creativit\u00e0<br \/>\nTecniche di memoria: Schedario Mentale<br \/>\nCicli di memorizzazione di:<br \/>\nNumeri di qualsiasi entit\u00e0 (date, telefoni, prezzi, p.iva, ecc.)<br \/>\nArticoli di codice (Diritto Civile, Penale, Amministrativo, ecc.)<br \/>\nLingue Straniere (pronuncia, scrittura, accenti, declinazioni, caratteri, ecc.)<br \/>\nNomi e Visi<br \/>\nTermini scientifici, astratti e definizioni<br \/>\nFormule matematiche, chimiche e fisiche<br \/>\nTesti, Relazioni e Discorsi<br \/>\nAgenda Mentale<br \/>\nStrategie di Sintesi e Capacit\u00e0 Critica del Testo<br \/>\nStrategie di Organizzazione e Pianificazione dello Studio<br \/>\nMappe Mentali<br \/>\nCicli di Ripasso Programmati (breve, medio e lungo termine)<br \/>\nTecniche di Automotivazione<br \/>\nTecniche di sviluppo delle capacit\u00e0 creative e di immaginazione<\/p>\n<p>Si fa in 2 giorni (full day)<br \/>\n+ 20 ore di assistenza su skype + vedo se dopo la scuola riesco a venire una volta e poi ovviamente a scuola mi possono sempre fare domande+ assistenza via mail illimitata<br \/>\nCd di rilassamento e concentrazione, manuale<\/p>\n","protected":false},"excerpt":{"rendered":"<p>Per chi legge il mio blog, ieri avr\u00e0 letto la notizia, che i miei alunni si stanno organizzando per farmi fare un corso di memoria a Messina. E la cosa per me finisce l\u00e0. Ovviamente sono contento, perch\u00e8 posso trasmettere loro delle cose diverse rispetto al semplice insegnamento del tedesco, che per me \u00e8 una lingua fondamentale per chi vuole lavorare in Sicilia (ieri sono stato a Giardini e a Taormina e ci sono gi\u00e0 tantissimi tedeschi, quindi ragazzi datevi una mossa!).<\/p>\n","protected":false},"author":10,"featured_media":0,"comment_status":"open","ping_status":"open","sticky":false,"template":"","format":"standard","meta":{"cybocfi_hide_featured_image":"","footnotes":""},"categories":[5924],"tags":[2251,5926,5933,127,440,4868,1392,5927,5928,4064,5934,5929,597,3117,5930,251,3224,1740,5273,882,5931,5932,5925],"class_list":["post-1859","post","type-post","status-publish","format-standard","hentry","category-universita","tag-corso","tag-corso-gratuito","tag-di","tag-ebook","tag-formazione","tag-free","tag-gratis","tag-grimanalibri","tag-lettura-veloce","tag-memoria","tag-messina","tag-mnemotecnica","tag-napoli","tag-perugia","tag-ripetizione","tag-roma","tag-scuola","tag-sicilia","tag-siciliano","tag-studiare","tag-studio","tag-tecniche","tag-urbino"],"yoast_head":"<!-- This site is optimized with the Yoast SEO plugin v27.0 - https:\/\/yoast.com\/product\/yoast-seo-wordpress\/ -->\n<title>&#8730; Incredibile! E allora? Voglio organizzare dei corsi di memoria anche a Roma, Perugia, Urbino e Siena (e se Luigi del Monaco mi aiuta pure a Napoli) - Article Marketing<\/title>\n<meta name=\"robots\" content=\"index, follow, max-snippet:-1, max-image-preview:large, max-video-preview:-1\" \/>\n<link rel=\"canonical\" href=\"https:\/\/www.article-marketing.eu\/comunicati\/istruzione\/universita\/and-#8730;-incredibile-e-allora-voglio-organizzare-dei-corsi-di-memoria-anche-a-roma-perugia-urbino-e-siena-e-se-luigi-del-monaco-mi-aiuta-pure-a-napoli\/\" \/>\n<meta property=\"og:locale\" content=\"it_IT\" \/>\n<meta property=\"og:type\" content=\"article\" \/>\n<meta property=\"og:title\" content=\"&#8730; Incredibile! E allora? Voglio organizzare dei corsi di memoria anche a Roma, Perugia, Urbino e Siena (e se Luigi del Monaco mi aiuta pure a Napoli) - Article Marketing\" \/>\n<meta property=\"og:description\" content=\"Per chi legge il mio blog, ieri avr\u00e0 letto la notizia, che i miei alunni si stanno organizzando per farmi fare un corso di memoria a Messina. E la cosa per me finisce l\u00e0. Ovviamente sono contento, perch\u00e8 posso trasmettere loro delle cose diverse rispetto al semplice insegnamento del tedesco, che per me \u00e8 una lingua fondamentale per chi vuole lavorare in Sicilia (ieri sono stato a Giardini e a Taormina e ci sono gi\u00e0 tantissimi tedeschi, quindi ragazzi datevi una mossa!).\" \/>\n<meta property=\"og:url\" content=\"https:\/\/www.article-marketing.eu\/comunicati\/istruzione\/universita\/and-#8730;-incredibile-e-allora-voglio-organizzare-dei-corsi-di-memoria-anche-a-roma-perugia-urbino-e-siena-e-se-luigi-del-monaco-mi-aiuta-pure-a-napoli\/\" \/>\n<meta property=\"og:site_name\" content=\"Article Marketing\" \/>\n<meta property=\"article:published_time\" content=\"2009-04-26T08:13:55+00:00\" \/>\n<meta name=\"author\" content=\"Redazione Comunicati Stampa\" \/>\n<meta name=\"twitter:card\" content=\"summary_large_image\" \/>\n<meta name=\"twitter:label1\" content=\"Scritto da\" \/>\n\t<meta name=\"twitter:data1\" content=\"Redazione Comunicati Stampa\" \/>\n\t<meta name=\"twitter:label2\" content=\"Tempo di lettura stimato\" \/>\n\t<meta name=\"twitter:data2\" content=\"4 minuti\" \/>\n<script type=\"application\/ld+json\" class=\"yoast-schema-graph\">{\"@context\":\"https:\/\/schema.org\",\"@graph\":[{\"@type\":\"Article\",\"@id\":\"https:\/\/www.article-marketing.eu\/comunicati\/istruzione\/universita\/and-%238730%3b-incredibile-e-allora-voglio-organizzare-dei-corsi-di-memoria-anche-a-roma-perugia-urbino-e-siena-e-se-luigi-del-monaco-mi-aiuta-pure-a-napoli\/#article\",\"isPartOf\":{\"@id\":\"https:\/\/www.article-marketing.eu\/comunicati\/istruzione\/universita\/and-%238730%3b-incredibile-e-allora-voglio-organizzare-dei-corsi-di-memoria-anche-a-roma-perugia-urbino-e-siena-e-se-luigi-del-monaco-mi-aiuta-pure-a-napoli\/\"},\"author\":{\"name\":\"Redazione Comunicati Stampa\",\"@id\":\"https:\/\/www.article-marketing.eu\/comunicati\/#\/schema\/person\/44372e4d4d0fa797b18e03ed1ace9017\"},\"headline\":\"&#8730; Incredibile! E allora? Voglio organizzare dei corsi di memoria anche a Roma, Perugia, Urbino e Siena (e se Luigi del Monaco mi aiuta pure a Napoli)\",\"datePublished\":\"2009-04-26T08:13:55+00:00\",\"mainEntityOfPage\":{\"@id\":\"https:\/\/www.article-marketing.eu\/comunicati\/istruzione\/universita\/and-%238730%3b-incredibile-e-allora-voglio-organizzare-dei-corsi-di-memoria-anche-a-roma-perugia-urbino-e-siena-e-se-luigi-del-monaco-mi-aiuta-pure-a-napoli\/\"},\"wordCount\":882,\"commentCount\":0,\"keywords\":[\"corso\",\"corso gratuito\",\"di\",\"ebook\",\"formazione\",\"free\",\"gratis\",\"grimanalibri\",\"lettura veloce\",\"memoria\",\"Messina\",\"mnemotecnica\",\"napoli\",\"perugia\",\"ripetizione\",\"roma\",\"SCUOLA\",\"sicilia\",\"siciliano\",\"studiare\",\"studio\",\"tecniche\",\"Urbino\"],\"articleSection\":[\"Universit\u00e0\"],\"inLanguage\":\"it-IT\",\"potentialAction\":[{\"@type\":\"CommentAction\",\"name\":\"Comment\",\"target\":[\"https:\/\/www.article-marketing.eu\/comunicati\/istruzione\/universita\/and-%238730%3b-incredibile-e-allora-voglio-organizzare-dei-corsi-di-memoria-anche-a-roma-perugia-urbino-e-siena-e-se-luigi-del-monaco-mi-aiuta-pure-a-napoli\/#respond\"]}]},{\"@type\":\"WebPage\",\"@id\":\"https:\/\/www.article-marketing.eu\/comunicati\/istruzione\/universita\/and-%238730%3b-incredibile-e-allora-voglio-organizzare-dei-corsi-di-memoria-anche-a-roma-perugia-urbino-e-siena-e-se-luigi-del-monaco-mi-aiuta-pure-a-napoli\/\",\"url\":\"https:\/\/www.article-marketing.eu\/comunicati\/istruzione\/universita\/and-%238730%3b-incredibile-e-allora-voglio-organizzare-dei-corsi-di-memoria-anche-a-roma-perugia-urbino-e-siena-e-se-luigi-del-monaco-mi-aiuta-pure-a-napoli\/\",\"name\":\"&#8730; Incredibile! E allora? Voglio organizzare dei corsi di memoria anche a Roma, Perugia, Urbino e Siena (e se Luigi del Monaco mi aiuta pure a Napoli) - Article Marketing\",\"isPartOf\":{\"@id\":\"https:\/\/www.article-marketing.eu\/comunicati\/#website\"},\"datePublished\":\"2009-04-26T08:13:55+00:00\",\"author\":{\"@id\":\"https:\/\/www.article-marketing.eu\/comunicati\/#\/schema\/person\/44372e4d4d0fa797b18e03ed1ace9017\"},\"breadcrumb\":{\"@id\":\"https:\/\/www.article-marketing.eu\/comunicati\/istruzione\/universita\/and-%238730%3b-incredibile-e-allora-voglio-organizzare-dei-corsi-di-memoria-anche-a-roma-perugia-urbino-e-siena-e-se-luigi-del-monaco-mi-aiuta-pure-a-napoli\/#breadcrumb\"},\"inLanguage\":\"it-IT\",\"potentialAction\":[{\"@type\":\"ReadAction\",\"target\":[\"https:\/\/www.article-marketing.eu\/comunicati\/istruzione\/universita\/and-%238730%3b-incredibile-e-allora-voglio-organizzare-dei-corsi-di-memoria-anche-a-roma-perugia-urbino-e-siena-e-se-luigi-del-monaco-mi-aiuta-pure-a-napoli\/\"]}]},{\"@type\":\"BreadcrumbList\",\"@id\":\"https:\/\/www.article-marketing.eu\/comunicati\/istruzione\/universita\/and-%238730%3b-incredibile-e-allora-voglio-organizzare-dei-corsi-di-memoria-anche-a-roma-perugia-urbino-e-siena-e-se-luigi-del-monaco-mi-aiuta-pure-a-napoli\/#breadcrumb\",\"itemListElement\":[{\"@type\":\"ListItem\",\"position\":1,\"name\":\"Home\",\"item\":\"https:\/\/www.article-marketing.eu\/comunicati\/\"},{\"@type\":\"ListItem\",\"position\":2,\"name\":\"&#8730; Incredibile! E allora? Voglio organizzare dei corsi di memoria anche a Roma, Perugia, Urbino e Siena (e se Luigi del Monaco mi aiuta pure a Napoli)\"}]},{\"@type\":\"WebSite\",\"@id\":\"https:\/\/www.article-marketing.eu\/comunicati\/#website\",\"url\":\"https:\/\/www.article-marketing.eu\/comunicati\/\",\"name\":\"Article Marketing\",\"description\":\"article marketing &amp; press release\",\"potentialAction\":[{\"@type\":\"SearchAction\",\"target\":{\"@type\":\"EntryPoint\",\"urlTemplate\":\"https:\/\/www.article-marketing.eu\/comunicati\/?s={search_term_string}\"},\"query-input\":{\"@type\":\"PropertyValueSpecification\",\"valueRequired\":true,\"valueName\":\"search_term_string\"}}],\"inLanguage\":\"it-IT\"},{\"@type\":\"Person\",\"@id\":\"https:\/\/www.article-marketing.eu\/comunicati\/#\/schema\/person\/44372e4d4d0fa797b18e03ed1ace9017\",\"name\":\"Redazione Comunicati Stampa\",\"image\":{\"@type\":\"ImageObject\",\"inLanguage\":\"it-IT\",\"@id\":\"https:\/\/www.article-marketing.eu\/comunicati\/#\/schema\/person\/image\/\",\"url\":\"https:\/\/secure.gravatar.com\/avatar\/50e5c6421d3072f42e7ace803501602c60d75233d34e29fd05feb91c8760b792?s=96&d=mm&r=g\",\"contentUrl\":\"https:\/\/secure.gravatar.com\/avatar\/50e5c6421d3072f42e7ace803501602c60d75233d34e29fd05feb91c8760b792?s=96&d=mm&r=g\",\"caption\":\"Redazione Comunicati Stampa\"},\"url\":\"https:\/\/www.article-marketing.eu\/comunicati\/author\/redazione-comunicati-stampa\/\"}]}<\/script>\n<!-- \/ Yoast SEO plugin. -->","yoast_head_json":{"title":"&#8730; Incredibile! E allora? Voglio organizzare dei corsi di memoria anche a Roma, Perugia, Urbino e Siena (e se Luigi del Monaco mi aiuta pure a Napoli) - Article Marketing","robots":{"index":"index","follow":"follow","max-snippet":"max-snippet:-1","max-image-preview":"max-image-preview:large","max-video-preview":"max-video-preview:-1"},"canonical":"https:\/\/www.article-marketing.eu\/comunicati\/istruzione\/universita\/and-#8730;-incredibile-e-allora-voglio-organizzare-dei-corsi-di-memoria-anche-a-roma-perugia-urbino-e-siena-e-se-luigi-del-monaco-mi-aiuta-pure-a-napoli\/","og_locale":"it_IT","og_type":"article","og_title":"&#8730; Incredibile! E allora? Voglio organizzare dei corsi di memoria anche a Roma, Perugia, Urbino e Siena (e se Luigi del Monaco mi aiuta pure a Napoli) - Article Marketing","og_description":"Per chi legge il mio blog, ieri avr\u00e0 letto la notizia, che i miei alunni si stanno organizzando per farmi fare un corso di memoria a Messina. E la cosa per me finisce l\u00e0. Ovviamente sono contento, perch\u00e8 posso trasmettere loro delle cose diverse rispetto al semplice insegnamento del tedesco, che per me \u00e8 una lingua fondamentale per chi vuole lavorare in Sicilia (ieri sono stato a Giardini e a Taormina e ci sono gi\u00e0 tantissimi tedeschi, quindi ragazzi datevi una mossa!).","og_url":"https:\/\/www.article-marketing.eu\/comunicati\/istruzione\/universita\/and-#8730;-incredibile-e-allora-voglio-organizzare-dei-corsi-di-memoria-anche-a-roma-perugia-urbino-e-siena-e-se-luigi-del-monaco-mi-aiuta-pure-a-napoli\/","og_site_name":"Article Marketing","article_published_time":"2009-04-26T08:13:55+00:00","author":"Redazione Comunicati Stampa","twitter_card":"summary_large_image","twitter_misc":{"Scritto da":"Redazione Comunicati Stampa","Tempo di lettura stimato":"4 minuti"},"schema":{"@context":"https:\/\/schema.org","@graph":[{"@type":"Article","@id":"https:\/\/www.article-marketing.eu\/comunicati\/istruzione\/universita\/and-%238730%3b-incredibile-e-allora-voglio-organizzare-dei-corsi-di-memoria-anche-a-roma-perugia-urbino-e-siena-e-se-luigi-del-monaco-mi-aiuta-pure-a-napoli\/#article","isPartOf":{"@id":"https:\/\/www.article-marketing.eu\/comunicati\/istruzione\/universita\/and-%238730%3b-incredibile-e-allora-voglio-organizzare-dei-corsi-di-memoria-anche-a-roma-perugia-urbino-e-siena-e-se-luigi-del-monaco-mi-aiuta-pure-a-napoli\/"},"author":{"name":"Redazione Comunicati Stampa","@id":"https:\/\/www.article-marketing.eu\/comunicati\/#\/schema\/person\/44372e4d4d0fa797b18e03ed1ace9017"},"headline":"&#8730; Incredibile! E allora? Voglio organizzare dei corsi di memoria anche a Roma, Perugia, Urbino e Siena (e se Luigi del Monaco mi aiuta pure a Napoli)","datePublished":"2009-04-26T08:13:55+00:00","mainEntityOfPage":{"@id":"https:\/\/www.article-marketing.eu\/comunicati\/istruzione\/universita\/and-%238730%3b-incredibile-e-allora-voglio-organizzare-dei-corsi-di-memoria-anche-a-roma-perugia-urbino-e-siena-e-se-luigi-del-monaco-mi-aiuta-pure-a-napoli\/"},"wordCount":882,"commentCount":0,"keywords":["corso","corso gratuito","di","ebook","formazione","free","gratis","grimanalibri","lettura veloce","memoria","Messina","mnemotecnica","napoli","perugia","ripetizione","roma","SCUOLA","sicilia","siciliano","studiare","studio","tecniche","Urbino"],"articleSection":["Universit\u00e0"],"inLanguage":"it-IT","potentialAction":[{"@type":"CommentAction","name":"Comment","target":["https:\/\/www.article-marketing.eu\/comunicati\/istruzione\/universita\/and-%238730%3b-incredibile-e-allora-voglio-organizzare-dei-corsi-di-memoria-anche-a-roma-perugia-urbino-e-siena-e-se-luigi-del-monaco-mi-aiuta-pure-a-napoli\/#respond"]}]},{"@type":"WebPage","@id":"https:\/\/www.article-marketing.eu\/comunicati\/istruzione\/universita\/and-%238730%3b-incredibile-e-allora-voglio-organizzare-dei-corsi-di-memoria-anche-a-roma-perugia-urbino-e-siena-e-se-luigi-del-monaco-mi-aiuta-pure-a-napoli\/","url":"https:\/\/www.article-marketing.eu\/comunicati\/istruzione\/universita\/and-%238730%3b-incredibile-e-allora-voglio-organizzare-dei-corsi-di-memoria-anche-a-roma-perugia-urbino-e-siena-e-se-luigi-del-monaco-mi-aiuta-pure-a-napoli\/","name":"&#8730; Incredibile! E allora? Voglio organizzare dei corsi di memoria anche a Roma, Perugia, Urbino e Siena (e se Luigi del Monaco mi aiuta pure a Napoli) - Article Marketing","isPartOf":{"@id":"https:\/\/www.article-marketing.eu\/comunicati\/#website"},"datePublished":"2009-04-26T08:13:55+00:00","author":{"@id":"https:\/\/www.article-marketing.eu\/comunicati\/#\/schema\/person\/44372e4d4d0fa797b18e03ed1ace9017"},"breadcrumb":{"@id":"https:\/\/www.article-marketing.eu\/comunicati\/istruzione\/universita\/and-%238730%3b-incredibile-e-allora-voglio-organizzare-dei-corsi-di-memoria-anche-a-roma-perugia-urbino-e-siena-e-se-luigi-del-monaco-mi-aiuta-pure-a-napoli\/#breadcrumb"},"inLanguage":"it-IT","potentialAction":[{"@type":"ReadAction","target":["https:\/\/www.article-marketing.eu\/comunicati\/istruzione\/universita\/and-%238730%3b-incredibile-e-allora-voglio-organizzare-dei-corsi-di-memoria-anche-a-roma-perugia-urbino-e-siena-e-se-luigi-del-monaco-mi-aiuta-pure-a-napoli\/"]}]},{"@type":"BreadcrumbList","@id":"https:\/\/www.article-marketing.eu\/comunicati\/istruzione\/universita\/and-%238730%3b-incredibile-e-allora-voglio-organizzare-dei-corsi-di-memoria-anche-a-roma-perugia-urbino-e-siena-e-se-luigi-del-monaco-mi-aiuta-pure-a-napoli\/#breadcrumb","itemListElement":[{"@type":"ListItem","position":1,"name":"Home","item":"https:\/\/www.article-marketing.eu\/comunicati\/"},{"@type":"ListItem","position":2,"name":"&#8730; Incredibile! E allora? Voglio organizzare dei corsi di memoria anche a Roma, Perugia, Urbino e Siena (e se Luigi del Monaco mi aiuta pure a Napoli)"}]},{"@type":"WebSite","@id":"https:\/\/www.article-marketing.eu\/comunicati\/#website","url":"https:\/\/www.article-marketing.eu\/comunicati\/","name":"Article Marketing","description":"article marketing &amp; press release","potentialAction":[{"@type":"SearchAction","target":{"@type":"EntryPoint","urlTemplate":"https:\/\/www.article-marketing.eu\/comunicati\/?s={search_term_string}"},"query-input":{"@type":"PropertyValueSpecification","valueRequired":true,"valueName":"search_term_string"}}],"inLanguage":"it-IT"},{"@type":"Person","@id":"https:\/\/www.article-marketing.eu\/comunicati\/#\/schema\/person\/44372e4d4d0fa797b18e03ed1ace9017","name":"Redazione Comunicati Stampa","image":{"@type":"ImageObject","inLanguage":"it-IT","@id":"https:\/\/www.article-marketing.eu\/comunicati\/#\/schema\/person\/image\/","url":"https:\/\/secure.gravatar.com\/avatar\/50e5c6421d3072f42e7ace803501602c60d75233d34e29fd05feb91c8760b792?s=96&d=mm&r=g","contentUrl":"https:\/\/secure.gravatar.com\/avatar\/50e5c6421d3072f42e7ace803501602c60d75233d34e29fd05feb91c8760b792?s=96&d=mm&r=g","caption":"Redazione Comunicati Stampa"},"url":"https:\/\/www.article-marketing.eu\/comunicati\/author\/redazione-comunicati-stampa\/"}]}},"_links":{"self":[{"href":"https:\/\/www.article-marketing.eu\/comunicati\/wp-json\/wp\/v2\/posts\/1859","targetHints":{"allow":["GET"]}}],"collection":[{"href":"https:\/\/www.article-marketing.eu\/comunicati\/wp-json\/wp\/v2\/posts"}],"about":[{"href":"https:\/\/www.article-marketing.eu\/comunicati\/wp-json\/wp\/v2\/types\/post"}],"author":[{"embeddable":true,"href":"https:\/\/www.article-marketing.eu\/comunicati\/wp-json\/wp\/v2\/users\/10"}],"replies":[{"embeddable":true,"href":"https:\/\/www.article-marketing.eu\/comunicati\/wp-json\/wp\/v2\/comments?post=1859"}],"version-history":[{"count":0,"href":"https:\/\/www.article-marketing.eu\/comunicati\/wp-json\/wp\/v2\/posts\/1859\/revisions"}],"wp:attachment":[{"href":"https:\/\/www.article-marketing.eu\/comunicati\/wp-json\/wp\/v2\/media?parent=1859"}],"wp:term":[{"taxonomy":"category","embeddable":true,"href":"https:\/\/www.article-marketing.eu\/comunicati\/wp-json\/wp\/v2\/categories?post=1859"},{"taxonomy":"post_tag","embeddable":true,"href":"https:\/\/www.article-marketing.eu\/comunicati\/wp-json\/wp\/v2\/tags?post=1859"}],"curies":[{"name":"wp","href":"https:\/\/api.w.org\/{rel}","templated":true}]}}