{"id":1862,"date":"2009-04-26T17:46:20","date_gmt":"2009-04-26T15:46:20","guid":{"rendered":"http:\/\/www.article-marketing.eu\/comunicati\/senza-categoria\/sinistra-radicale-e-welfare-locale\/"},"modified":"2009-04-26T17:46:20","modified_gmt":"2009-04-26T15:46:20","slug":"sinistra-radicale-e-welfare-locale","status":"publish","type":"post","link":"https:\/\/www.article-marketing.eu\/comunicati\/societa\/politica\/sinistra-radicale-e-welfare-locale\/","title":{"rendered":"Sinistra radicale e welfare locale"},"content":{"rendered":"<p>Leonardo Angelini e Deliana Bertani (*) da: <a href=\"http:\/\/refahre.blogspot.com\/\">http:\/\/refahre.blogspot.com<\/a><br \/>\n  (inviato al Manifesto)<\/p>\n<p>  Nell&#8217;afasica discussione che accompagna il processo di disgregazione e riaggregazione della sinistra radicale italiana, in vista delle elezioni di giugno, manca un qualsiasi cenno al welfare locale. In questo modo un argomento che dovrebbe essere centrale nel rinnovo delle amministrazioni locali sostanzialmente non viene neanche affrontato. Eppure in questi anni la sinistra radicale in buona parte d\u2019Italia ha partecipato al governo degli enti locali, e quindi al governo del welfare locale insieme agli altri partiti del centrosinistra, e ha svolto una politica di contrasto pi\u00f9 o meno efficace laddove il governo locale \u00e8 stato nelle mani del centrodestra.<\/p>\n<p>Viene da chiedersi: come mai questa amnesia in un momento di grave crisi economica in cui, dopo la vittoria del centrodestra a livello centrale, il welfare locale \u00e8 destinato a rimanere, purtroppo per anni, uno dei pochi ammortizzatori sociali nelle mani del centrosinistra in tutti quei luoghi in cui vincer\u00e0 le amministrative? Molte sono le ragioni di questa inverosimile dimenticanza. Fra le pi\u00f9 immediatamente rilevabili, come abbiamo letto anche sul Manifesto: la chiusura autistica della sinistra radicale dopo la sconfitta dell\u2019anno scorso; il suo distacco dai luoghi reali di vita e di lavoro; il formarsi al proprio interno di una \u201ccastetta\u201d che mira solo ad autoriprodursi, etc. &#8211; A nostro avviso per\u00f2 vi \u00e8 una causa pi\u00f9 profonda, che non \u00e8 riconducibile a ci\u00f2 che \u00e8 accaduto appena ieri, ma che affonda le sue radici nella storica assenza di una seria riflessione a sinistra sul significato del welfare locale e, pi\u00f9 in generale, del decentramento e del governo locale del territorio. La qual cosa \u00e8 tanto pi\u00f9 grave in quanto \u00e8 proprio su questi piani che le altre forze del centrosinistra hanno costruito, a partire dalla crisi delle prima repubblica, i muri portanti delle loro alleanza a livello locale.<br \/>La sinistra radicale, cio\u00e8, a nostro avviso, non ha compreso che il blocco sociale che si \u00e8 andato formando intorno a Prodi e alle forze moderate del centrosinistra trova uno dei suoi elementi di coesione in un\u2019ampia azione volta a ridisegnare il welfare locale in base ai processi di aziendalizzazione, di tickettazione dei servizi, di riallocazione di fette sempre pi\u00f9 consistenti degli stessi nel privato, di marginalizzazione e di svuotamento dei servizi pubblici. Ci\u00f2 ha prodotto la scomparsa di quello che in molte zone in cui governava la sinistra veniva chiamato welfare dei servizi, in contrapposizione al democristiano welfare dei sussidi; la scomparsa, cio\u00e8, di un modello di welfare universalistico e gratuito che ha funzionato per oltre vent\u2019anni come un efficacissimo ammortizzatore sociale, in grado di contribuire non poco allo sviluppo delle regioni rosse in base alla erogazione di un salario indiretto che giungeva ai meno abbienti, a sostegno del loro tenore di vita.<br \/>Sicuramente l\u2019ancoraggio all\u2019euro ad opera del centrosinistra ha permesso di uscire dalla voragine in cui era finita l\u2019Italia da bere del periodo craxiano, ma lo ha fatto con una feroce politica di attacco ai diritti ed al tenore di vita dei lavoratori che ha aperto il varco alle ancora pi\u00f9 feroci operazioni che sul piano centrale ha poi fatto il centrodestra. Ma non considerare che, a fianco a questa partita, c\u2019\u00e8 anche quella che si va giocando a livello locale, a nostro avviso \u00e8 un segno di miopia che impedisce di mettere a fuoco alcuni aspetti importanti del processo: la perdita delle funzioni redistributive del welfare, la formazione del consenso e l\u2019agglomerazione delle nuove classi dirigenti a livello locale.<br \/>Sul piano della perdita delle funzioni redistributive va detto che ormai i processi di aziendalizzazione e di esternalizzazione hanno finito con il mettere in piedi ed implementare un meccanismo perverso che toglie ai poveri ed ai lavoratori dipendenti, spesso costretti a pagare pi\u00f9 volte per le stesse prestazioni, e favorisce i ricchi e gli evasori che possono fruire dei vantaggi del welfare sottraendosi, in maniera pi\u00f9 o meno vistosa, al contributo per l&#8217;accantonamento delle risorse occorrente per tenerlo in piedi. Per non parlare dei processi di dismissione che scaricano sulle famiglie e sulle donne il peso della cura.<br \/>Intorno all\u2019aziendalizzazione ed alla riallocazione al privato delle risorse per il welfare, poi, si sta giocando una partita costosissima, importantissima e spesso sporchissima (come, vox clamans in deserto, denuncia Report), che vede ogni gruppo di potere locale scomporsi e ricomporsi per espandere il proprio ambito di influenza per assumere, attraverso quella strada, il controllo delle citt\u00e0. L\u2019elemento centrale che favorisce l\u2019espansione a dismisura di questi fenomeni \u00e8 rappresentato dal sempre pi\u00f9 ampio e discrezionale potere assegnato, in base a leggi che anche il centrosinistra ha voluto, ai sindaci ed ai governatori sul piano delle dismissioni, delle assunzioni, degli appalti, eccetera. A partire da questa base si determinano due processi paralleli che si alimentano l\u2019un con l\u2019altro e che sono alla base del nuovo potere locale: la trasformazione del welfare in un affare e la formazione di clientele all\u2019interno delle quali le varie componenti locali del PD e del centrodestra (per non parlare dei camaleonti di Comunione &amp; Liberazione) pescano la loro nuova base e i loro \u201cquadri\u201d. Si tratta in ultima istanza di una fucina di clientele pigre e asservite che, attraverso lo strumento della precarizzazione del lavoro, si riverbera sui giovani spingendo i pi\u00f9 deboli e pi\u00f9 ricattabili fra essi all&#8217;asservimento all&#8217;interno delle clientele, e i pi\u00f9 fieri ed autonomi all\u2019allontanamento dalla politica, sempre pi\u00f9 vissuta come un luogo in cui prevalgono loschi interessi di bottega. I pi\u00f9 attivi in quest&#8217;opera di ridefinizione e corruzione del welfare sono gli ex-democristiani che, per di pi\u00f9, tendono ad imporre nei settori sensibili (consultori, ospedali, asili, scuole dell&#8217;infanzia, etc.), a fianco e dentro le trasformazioni cui accennavamo prima, le loro logiche clericali.<br \/>Torniamo a chiederci ed a chiedere ai compagni della sinistra radicale, che pure in molte amministrazioni sono in maggioranza e quindi al corrente di quanto detto qui sopra: che cosa avete fatto negli anni scorsi per contrastare questo fenomeno? perch\u00e9 non usare la forza residua di cui disponiamo sul piano del consenso per proporre in maniera trasparente al resto del centro sinistra alcune proposte, dopo averle individuate e discusse con i nostri sindacalisti, con i nostri economisti, con i nostri sociologi, ed innanzitutto con la nostra base?<\/p>\n<p><em>(*)psicologi nei servizi pubblici, Reggio Emilia<\/em><\/p>\n","protected":false},"excerpt":{"rendered":"<p>Nell&#8217;afasica discussione che accompagna il processo di disgregazione e riaggregazione della sinistra radicale italiana, in vista delle elezioni di giugno, manca un qualsiasi cenno al welfare locale. Con questo articolo ci proponiamo di segnalare i significati di questa amnesia. (gli autori: Leonardo Angelini e Deliana Bertani)<\/p>\n","protected":false},"author":10,"featured_media":0,"comment_status":"open","ping_status":"open","sticky":false,"template":"","format":"standard","meta":{"cybocfi_hide_featured_image":"","footnotes":""},"categories":[19],"tags":[5941,5939,5938,5940],"class_list":["post-1862","post","type-post","status-publish","format-standard","hentry","category-politica","tag-locale","tag-radicale","tag-sinistra","tag-welfare"],"yoast_head":"<!-- This site is optimized with the Yoast SEO plugin v27.0 - https:\/\/yoast.com\/product\/yoast-seo-wordpress\/ -->\n<title>Sinistra radicale e welfare locale - Article Marketing<\/title>\n<meta name=\"robots\" content=\"index, follow, max-snippet:-1, max-image-preview:large, max-video-preview:-1\" \/>\n<link rel=\"canonical\" href=\"https:\/\/www.article-marketing.eu\/comunicati\/societa\/politica\/sinistra-radicale-e-welfare-locale\/\" \/>\n<meta property=\"og:locale\" content=\"it_IT\" \/>\n<meta property=\"og:type\" content=\"article\" \/>\n<meta property=\"og:title\" content=\"Sinistra radicale e welfare locale - Article Marketing\" \/>\n<meta property=\"og:description\" content=\"Nell&#039;afasica discussione che accompagna il processo di disgregazione e riaggregazione della sinistra radicale italiana, in vista delle elezioni di giugno, manca un qualsiasi cenno al welfare locale. Con questo articolo ci proponiamo di segnalare i significati di questa amnesia. (gli autori: Leonardo Angelini e Deliana Bertani)\" \/>\n<meta property=\"og:url\" content=\"https:\/\/www.article-marketing.eu\/comunicati\/societa\/politica\/sinistra-radicale-e-welfare-locale\/\" \/>\n<meta property=\"og:site_name\" content=\"Article Marketing\" \/>\n<meta property=\"article:published_time\" content=\"2009-04-26T15:46:20+00:00\" \/>\n<meta name=\"author\" content=\"Redazione Comunicati Stampa\" \/>\n<meta name=\"twitter:card\" content=\"summary_large_image\" \/>\n<meta name=\"twitter:label1\" content=\"Scritto da\" \/>\n\t<meta name=\"twitter:data1\" content=\"Redazione Comunicati Stampa\" \/>\n\t<meta name=\"twitter:label2\" content=\"Tempo di lettura stimato\" \/>\n\t<meta name=\"twitter:data2\" content=\"5 minuti\" \/>\n<script type=\"application\/ld+json\" class=\"yoast-schema-graph\">{\"@context\":\"https:\/\/schema.org\",\"@graph\":[{\"@type\":\"Article\",\"@id\":\"https:\/\/www.article-marketing.eu\/comunicati\/societa\/politica\/sinistra-radicale-e-welfare-locale\/#article\",\"isPartOf\":{\"@id\":\"https:\/\/www.article-marketing.eu\/comunicati\/societa\/politica\/sinistra-radicale-e-welfare-locale\/\"},\"author\":{\"name\":\"Redazione Comunicati Stampa\",\"@id\":\"https:\/\/www.article-marketing.eu\/comunicati\/#\/schema\/person\/44372e4d4d0fa797b18e03ed1ace9017\"},\"headline\":\"Sinistra radicale e welfare locale\",\"datePublished\":\"2009-04-26T15:46:20+00:00\",\"mainEntityOfPage\":{\"@id\":\"https:\/\/www.article-marketing.eu\/comunicati\/societa\/politica\/sinistra-radicale-e-welfare-locale\/\"},\"wordCount\":1054,\"commentCount\":0,\"keywords\":[\"locale\",\"radicale\",\"sinistra\",\"welfare\"],\"articleSection\":[\"Politica\"],\"inLanguage\":\"it-IT\",\"potentialAction\":[{\"@type\":\"CommentAction\",\"name\":\"Comment\",\"target\":[\"https:\/\/www.article-marketing.eu\/comunicati\/societa\/politica\/sinistra-radicale-e-welfare-locale\/#respond\"]}]},{\"@type\":\"WebPage\",\"@id\":\"https:\/\/www.article-marketing.eu\/comunicati\/societa\/politica\/sinistra-radicale-e-welfare-locale\/\",\"url\":\"https:\/\/www.article-marketing.eu\/comunicati\/societa\/politica\/sinistra-radicale-e-welfare-locale\/\",\"name\":\"Sinistra radicale e welfare locale - Article Marketing\",\"isPartOf\":{\"@id\":\"https:\/\/www.article-marketing.eu\/comunicati\/#website\"},\"datePublished\":\"2009-04-26T15:46:20+00:00\",\"author\":{\"@id\":\"https:\/\/www.article-marketing.eu\/comunicati\/#\/schema\/person\/44372e4d4d0fa797b18e03ed1ace9017\"},\"breadcrumb\":{\"@id\":\"https:\/\/www.article-marketing.eu\/comunicati\/societa\/politica\/sinistra-radicale-e-welfare-locale\/#breadcrumb\"},\"inLanguage\":\"it-IT\",\"potentialAction\":[{\"@type\":\"ReadAction\",\"target\":[\"https:\/\/www.article-marketing.eu\/comunicati\/societa\/politica\/sinistra-radicale-e-welfare-locale\/\"]}]},{\"@type\":\"BreadcrumbList\",\"@id\":\"https:\/\/www.article-marketing.eu\/comunicati\/societa\/politica\/sinistra-radicale-e-welfare-locale\/#breadcrumb\",\"itemListElement\":[{\"@type\":\"ListItem\",\"position\":1,\"name\":\"Home\",\"item\":\"https:\/\/www.article-marketing.eu\/comunicati\/\"},{\"@type\":\"ListItem\",\"position\":2,\"name\":\"Sinistra radicale e welfare locale\"}]},{\"@type\":\"WebSite\",\"@id\":\"https:\/\/www.article-marketing.eu\/comunicati\/#website\",\"url\":\"https:\/\/www.article-marketing.eu\/comunicati\/\",\"name\":\"Article Marketing\",\"description\":\"article marketing &amp; press release\",\"potentialAction\":[{\"@type\":\"SearchAction\",\"target\":{\"@type\":\"EntryPoint\",\"urlTemplate\":\"https:\/\/www.article-marketing.eu\/comunicati\/?s={search_term_string}\"},\"query-input\":{\"@type\":\"PropertyValueSpecification\",\"valueRequired\":true,\"valueName\":\"search_term_string\"}}],\"inLanguage\":\"it-IT\"},{\"@type\":\"Person\",\"@id\":\"https:\/\/www.article-marketing.eu\/comunicati\/#\/schema\/person\/44372e4d4d0fa797b18e03ed1ace9017\",\"name\":\"Redazione Comunicati Stampa\",\"image\":{\"@type\":\"ImageObject\",\"inLanguage\":\"it-IT\",\"@id\":\"https:\/\/www.article-marketing.eu\/comunicati\/#\/schema\/person\/image\/\",\"url\":\"https:\/\/secure.gravatar.com\/avatar\/50e5c6421d3072f42e7ace803501602c60d75233d34e29fd05feb91c8760b792?s=96&d=mm&r=g\",\"contentUrl\":\"https:\/\/secure.gravatar.com\/avatar\/50e5c6421d3072f42e7ace803501602c60d75233d34e29fd05feb91c8760b792?s=96&d=mm&r=g\",\"caption\":\"Redazione Comunicati Stampa\"},\"url\":\"https:\/\/www.article-marketing.eu\/comunicati\/author\/redazione-comunicati-stampa\/\"}]}<\/script>\n<!-- \/ Yoast SEO plugin. -->","yoast_head_json":{"title":"Sinistra radicale e welfare locale - Article Marketing","robots":{"index":"index","follow":"follow","max-snippet":"max-snippet:-1","max-image-preview":"max-image-preview:large","max-video-preview":"max-video-preview:-1"},"canonical":"https:\/\/www.article-marketing.eu\/comunicati\/societa\/politica\/sinistra-radicale-e-welfare-locale\/","og_locale":"it_IT","og_type":"article","og_title":"Sinistra radicale e welfare locale - Article Marketing","og_description":"Nell'afasica discussione che accompagna il processo di disgregazione e riaggregazione della sinistra radicale italiana, in vista delle elezioni di giugno, manca un qualsiasi cenno al welfare locale. Con questo articolo ci proponiamo di segnalare i significati di questa amnesia. (gli autori: Leonardo Angelini e Deliana Bertani)","og_url":"https:\/\/www.article-marketing.eu\/comunicati\/societa\/politica\/sinistra-radicale-e-welfare-locale\/","og_site_name":"Article Marketing","article_published_time":"2009-04-26T15:46:20+00:00","author":"Redazione Comunicati Stampa","twitter_card":"summary_large_image","twitter_misc":{"Scritto da":"Redazione Comunicati Stampa","Tempo di lettura stimato":"5 minuti"},"schema":{"@context":"https:\/\/schema.org","@graph":[{"@type":"Article","@id":"https:\/\/www.article-marketing.eu\/comunicati\/societa\/politica\/sinistra-radicale-e-welfare-locale\/#article","isPartOf":{"@id":"https:\/\/www.article-marketing.eu\/comunicati\/societa\/politica\/sinistra-radicale-e-welfare-locale\/"},"author":{"name":"Redazione Comunicati Stampa","@id":"https:\/\/www.article-marketing.eu\/comunicati\/#\/schema\/person\/44372e4d4d0fa797b18e03ed1ace9017"},"headline":"Sinistra radicale e welfare locale","datePublished":"2009-04-26T15:46:20+00:00","mainEntityOfPage":{"@id":"https:\/\/www.article-marketing.eu\/comunicati\/societa\/politica\/sinistra-radicale-e-welfare-locale\/"},"wordCount":1054,"commentCount":0,"keywords":["locale","radicale","sinistra","welfare"],"articleSection":["Politica"],"inLanguage":"it-IT","potentialAction":[{"@type":"CommentAction","name":"Comment","target":["https:\/\/www.article-marketing.eu\/comunicati\/societa\/politica\/sinistra-radicale-e-welfare-locale\/#respond"]}]},{"@type":"WebPage","@id":"https:\/\/www.article-marketing.eu\/comunicati\/societa\/politica\/sinistra-radicale-e-welfare-locale\/","url":"https:\/\/www.article-marketing.eu\/comunicati\/societa\/politica\/sinistra-radicale-e-welfare-locale\/","name":"Sinistra radicale e welfare locale - Article Marketing","isPartOf":{"@id":"https:\/\/www.article-marketing.eu\/comunicati\/#website"},"datePublished":"2009-04-26T15:46:20+00:00","author":{"@id":"https:\/\/www.article-marketing.eu\/comunicati\/#\/schema\/person\/44372e4d4d0fa797b18e03ed1ace9017"},"breadcrumb":{"@id":"https:\/\/www.article-marketing.eu\/comunicati\/societa\/politica\/sinistra-radicale-e-welfare-locale\/#breadcrumb"},"inLanguage":"it-IT","potentialAction":[{"@type":"ReadAction","target":["https:\/\/www.article-marketing.eu\/comunicati\/societa\/politica\/sinistra-radicale-e-welfare-locale\/"]}]},{"@type":"BreadcrumbList","@id":"https:\/\/www.article-marketing.eu\/comunicati\/societa\/politica\/sinistra-radicale-e-welfare-locale\/#breadcrumb","itemListElement":[{"@type":"ListItem","position":1,"name":"Home","item":"https:\/\/www.article-marketing.eu\/comunicati\/"},{"@type":"ListItem","position":2,"name":"Sinistra radicale e welfare locale"}]},{"@type":"WebSite","@id":"https:\/\/www.article-marketing.eu\/comunicati\/#website","url":"https:\/\/www.article-marketing.eu\/comunicati\/","name":"Article Marketing","description":"article marketing &amp; press release","potentialAction":[{"@type":"SearchAction","target":{"@type":"EntryPoint","urlTemplate":"https:\/\/www.article-marketing.eu\/comunicati\/?s={search_term_string}"},"query-input":{"@type":"PropertyValueSpecification","valueRequired":true,"valueName":"search_term_string"}}],"inLanguage":"it-IT"},{"@type":"Person","@id":"https:\/\/www.article-marketing.eu\/comunicati\/#\/schema\/person\/44372e4d4d0fa797b18e03ed1ace9017","name":"Redazione Comunicati Stampa","image":{"@type":"ImageObject","inLanguage":"it-IT","@id":"https:\/\/www.article-marketing.eu\/comunicati\/#\/schema\/person\/image\/","url":"https:\/\/secure.gravatar.com\/avatar\/50e5c6421d3072f42e7ace803501602c60d75233d34e29fd05feb91c8760b792?s=96&d=mm&r=g","contentUrl":"https:\/\/secure.gravatar.com\/avatar\/50e5c6421d3072f42e7ace803501602c60d75233d34e29fd05feb91c8760b792?s=96&d=mm&r=g","caption":"Redazione Comunicati Stampa"},"url":"https:\/\/www.article-marketing.eu\/comunicati\/author\/redazione-comunicati-stampa\/"}]}},"_links":{"self":[{"href":"https:\/\/www.article-marketing.eu\/comunicati\/wp-json\/wp\/v2\/posts\/1862","targetHints":{"allow":["GET"]}}],"collection":[{"href":"https:\/\/www.article-marketing.eu\/comunicati\/wp-json\/wp\/v2\/posts"}],"about":[{"href":"https:\/\/www.article-marketing.eu\/comunicati\/wp-json\/wp\/v2\/types\/post"}],"author":[{"embeddable":true,"href":"https:\/\/www.article-marketing.eu\/comunicati\/wp-json\/wp\/v2\/users\/10"}],"replies":[{"embeddable":true,"href":"https:\/\/www.article-marketing.eu\/comunicati\/wp-json\/wp\/v2\/comments?post=1862"}],"version-history":[{"count":0,"href":"https:\/\/www.article-marketing.eu\/comunicati\/wp-json\/wp\/v2\/posts\/1862\/revisions"}],"wp:attachment":[{"href":"https:\/\/www.article-marketing.eu\/comunicati\/wp-json\/wp\/v2\/media?parent=1862"}],"wp:term":[{"taxonomy":"category","embeddable":true,"href":"https:\/\/www.article-marketing.eu\/comunicati\/wp-json\/wp\/v2\/categories?post=1862"},{"taxonomy":"post_tag","embeddable":true,"href":"https:\/\/www.article-marketing.eu\/comunicati\/wp-json\/wp\/v2\/tags?post=1862"}],"curies":[{"name":"wp","href":"https:\/\/api.w.org\/{rel}","templated":true}]}}