{"id":1869,"date":"2009-04-27T14:59:04","date_gmt":"2009-04-27T12:59:04","guid":{"rendered":"http:\/\/www.article-marketing.eu\/comunicati\/senza-categoria\/gli-orefici-della-fabbrica-del-gioiello\/"},"modified":"2009-04-27T14:59:04","modified_gmt":"2009-04-27T12:59:04","slug":"gli-orefici-della-fabbrica-del-gioiello","status":"publish","type":"post","link":"https:\/\/www.article-marketing.eu\/comunicati\/societa\/abbigliamento\/gli-orefici-della-fabbrica-del-gioiello\/","title":{"rendered":"Gli orefici della Fabbrica del Gioiello"},"content":{"rendered":"<p>&#8230;..E il progetto continua<br \/>Riprendo e cito pari pari l&#8217;intestazione del nostro gruppo su Facebook:&quot;La Fabbrica del Gioiello si propone di continuare e proiettare nel futuro l&#8217;immensa tradizione artigiana della gioielleria valenzana.Questo progetto si concretizza soprattutto quando, interpretando i desideri dei nostri clienti, realizziamo stupendi oggetti unici. Selezioniamo noi stessi i diamanti e le gemme che useremo per avere sempre il meglio da proporre.<br \/>Crediamo che nell&#8217;anima di tutti alberghi una scintilla di creativit\u00e0.<br \/>La nostra missione \u00e8 interpretarla nel linguaggio dei gioielli&quot;.<br \/>La storia antica di Valenza, travagliata quanto basta, non credo che in questa sede troverebbe la rilevanza che merita. E\u2019 per\u00f2 fuori di dubbio che,se vogliamo trovare il perch\u00e8 della presenza di cos\u00ec tante ditte orafe dobbiamo per forza fare un passo indietro. Sappiamo che l\u2019attivit\u00e0 orafa in Valenza nacque dall\u2019iniziativa del sig. Vincenzo Morosetti che impiant\u00f2 un laboratorio nella cittadina di allora. Immagino che i discepoli del maestro Morosetti abbiano fondato loro volta altri laboratori e cos\u00ec via fino ad arrivare ai giorni nostri in cui non si pu\u00f2 pi\u00f9 scindere la realt\u00e0 valenzana dalla produzione di preziosi.<br \/>Mio padre, classe \u201935, ha sempre fatto l\u2019orefice riuscendo ad aprire un laboratorio suo abbastanza in fretta. Io, si pu\u00f2 dire, sono cresciuto sentendo il rumore dei trapani che girano, il sibilo delle fiamme ossiacetileniche, guardando le abilissime ceriste e pulitrici lavorare assieme a mia madre. Mio padre mi portava con s\u00e8 in altre fabbriche e ne ricordo bene alcune somiglianti a grotte: muri neri, scatole, polveri, le\u201dtolle\u201d di stagno, i seggiolini di legno, le centrifughe e i cilindri per fondere l\u2019oro.<br \/>Il tutto in uno spazio estremamente esiguo con solo una finestrella per far uscire il fumo.<br \/>Da questi posti uscivano oggetti bellissimi, intrisi di abilit\u00e0 manuale, fantasia e una quantit\u00e0 significativa di impegno e sudore.<br \/>D\u2019altronde \u00e8 vera la massima di Edison secondo cui il genio \u00e8 10% ispirazione e 90% traspirazione. Ed \u00e8 in questo genio che risiede la fortuna di Valenza.<br \/>Nel preciso, estenuante a volta alienante a volta esaltante lavoro manuale di gioielleria.<br \/>Ci sono altri modi di produrre preziosi, vedi ad esempio qualsiasi altra realt\u00e0 orafa italiana. Vi sono macchine che sfornano automaticamente chilometri di catename. E non le fanno neanche male, anzi. Macchine che saldano, piegano, che assemblano pezzi creando gioielli. E\u2019 inutile dire che anche Valenza si \u00e8 inquinata della tecnologia. Non poteva non succedere e se fosse andata diversamente sarebbe stato molto romantico ma assolutamente sconveniente.<br \/>Le fabbriche, grazie agli interventi legislativi, sono tutte belle, arieggiate, ordinate con impianti a norma.<br \/>Ma se qualcuno vuole un anello molto particolare, una spilla con i brillanti della fedina della nonna o ha un disegno che vorrebbe vedere realizzato mi dispiace ragazzi, ma \u00e8 qui a valenza che deve venire. La Fabbrica del Gioiello fa parte di questa tradizione e questo ci motiva e ci spinge avanti. Immaginateci, per favore, a lavorare in una specie di grotta. Immaginateci artigiani burberi, con la barba lunga e un p\u00f2 induriti dal contatto quotidiano con il metallo. Spiegateci cosa cercate oppure cercatelo nelle nostre proposte. Contattateci e soddisferemo la vostre richieste.Ci trovate su <a href=\"http:\/\/www.lafabbricadelgioiello.com\">http:\/\/www.lafabbricadelgioiello.com<\/a> o allo 0131\/928330.Info anche su info@lafabbricadelgioiello.com<\/p>\n","protected":false},"excerpt":{"rendered":"<p>Brevi cenni sull&#8217;attivit\u00e0, sulle motivazioni e sulla storia della M.G. Gold SAS di cui la Fabbrica del gioiello \u00e8 l&#8217;emanazione sul web<\/p>\n","protected":false},"author":10,"featured_media":0,"comment_status":"open","ping_status":"open","sticky":false,"template":"","format":"standard","meta":{"cybocfi_hide_featured_image":"","footnotes":""},"categories":[3429],"tags":[4982,892,3167,4980,4981,4979,4978,5952,4304,4303,5953,4300,4983],"class_list":["post-1869","post","type-post","status-publish","format-standard","hentry","category-abbigliamento","tag-anelli","tag-anello","tag-artigianato","tag-brillante","tag-brillanti","tag-diamante","tag-diamanti","tag-gioielleria","tag-gioielli","tag-gioiello","tag-oreficeria","tag-oro","tag-vendita-gioielli"],"yoast_head":"<!-- This site is optimized with the Yoast SEO plugin v27.0 - https:\/\/yoast.com\/product\/yoast-seo-wordpress\/ -->\n<title>Gli orefici della Fabbrica del Gioiello - Article Marketing<\/title>\n<meta name=\"robots\" content=\"index, follow, max-snippet:-1, max-image-preview:large, max-video-preview:-1\" \/>\n<link rel=\"canonical\" href=\"https:\/\/www.article-marketing.eu\/comunicati\/societa\/abbigliamento\/gli-orefici-della-fabbrica-del-gioiello\/\" \/>\n<meta property=\"og:locale\" content=\"it_IT\" \/>\n<meta property=\"og:type\" content=\"article\" \/>\n<meta property=\"og:title\" content=\"Gli orefici della Fabbrica del Gioiello - Article Marketing\" \/>\n<meta property=\"og:description\" content=\"Brevi cenni sull&#039;attivit\u00e0, sulle motivazioni e sulla storia della M.G. Gold SAS di cui la Fabbrica del gioiello \u00e8 l&#039;emanazione sul web\" \/>\n<meta property=\"og:url\" content=\"https:\/\/www.article-marketing.eu\/comunicati\/societa\/abbigliamento\/gli-orefici-della-fabbrica-del-gioiello\/\" \/>\n<meta property=\"og:site_name\" content=\"Article Marketing\" \/>\n<meta property=\"article:published_time\" content=\"2009-04-27T12:59:04+00:00\" \/>\n<meta name=\"author\" content=\"Redazione Comunicati Stampa\" \/>\n<meta name=\"twitter:card\" content=\"summary_large_image\" \/>\n<meta name=\"twitter:label1\" content=\"Scritto da\" \/>\n\t<meta name=\"twitter:data1\" content=\"Redazione Comunicati Stampa\" \/>\n\t<meta name=\"twitter:label2\" content=\"Tempo di lettura stimato\" \/>\n\t<meta name=\"twitter:data2\" content=\"3 minuti\" \/>\n<script type=\"application\/ld+json\" class=\"yoast-schema-graph\">{\"@context\":\"https:\/\/schema.org\",\"@graph\":[{\"@type\":\"Article\",\"@id\":\"https:\/\/www.article-marketing.eu\/comunicati\/societa\/abbigliamento\/gli-orefici-della-fabbrica-del-gioiello\/#article\",\"isPartOf\":{\"@id\":\"https:\/\/www.article-marketing.eu\/comunicati\/societa\/abbigliamento\/gli-orefici-della-fabbrica-del-gioiello\/\"},\"author\":{\"name\":\"Redazione Comunicati Stampa\",\"@id\":\"https:\/\/www.article-marketing.eu\/comunicati\/#\/schema\/person\/44372e4d4d0fa797b18e03ed1ace9017\"},\"headline\":\"Gli orefici della Fabbrica del Gioiello\",\"datePublished\":\"2009-04-27T12:59:04+00:00\",\"mainEntityOfPage\":{\"@id\":\"https:\/\/www.article-marketing.eu\/comunicati\/societa\/abbigliamento\/gli-orefici-della-fabbrica-del-gioiello\/\"},\"wordCount\":538,\"commentCount\":0,\"keywords\":[\"anelli\",\"anello\",\"artigianato\",\"brillante\",\"brillanti\",\"diamante\",\"diamanti\",\"gioielleria\",\"gioielli\",\"gioiello\",\"oreficeria\",\"oro\",\"vendita gioielli\"],\"articleSection\":[\"Abbigliamento e accessori\"],\"inLanguage\":\"it-IT\",\"potentialAction\":[{\"@type\":\"CommentAction\",\"name\":\"Comment\",\"target\":[\"https:\/\/www.article-marketing.eu\/comunicati\/societa\/abbigliamento\/gli-orefici-della-fabbrica-del-gioiello\/#respond\"]}]},{\"@type\":\"WebPage\",\"@id\":\"https:\/\/www.article-marketing.eu\/comunicati\/societa\/abbigliamento\/gli-orefici-della-fabbrica-del-gioiello\/\",\"url\":\"https:\/\/www.article-marketing.eu\/comunicati\/societa\/abbigliamento\/gli-orefici-della-fabbrica-del-gioiello\/\",\"name\":\"Gli orefici della Fabbrica del Gioiello - Article Marketing\",\"isPartOf\":{\"@id\":\"https:\/\/www.article-marketing.eu\/comunicati\/#website\"},\"datePublished\":\"2009-04-27T12:59:04+00:00\",\"author\":{\"@id\":\"https:\/\/www.article-marketing.eu\/comunicati\/#\/schema\/person\/44372e4d4d0fa797b18e03ed1ace9017\"},\"breadcrumb\":{\"@id\":\"https:\/\/www.article-marketing.eu\/comunicati\/societa\/abbigliamento\/gli-orefici-della-fabbrica-del-gioiello\/#breadcrumb\"},\"inLanguage\":\"it-IT\",\"potentialAction\":[{\"@type\":\"ReadAction\",\"target\":[\"https:\/\/www.article-marketing.eu\/comunicati\/societa\/abbigliamento\/gli-orefici-della-fabbrica-del-gioiello\/\"]}]},{\"@type\":\"BreadcrumbList\",\"@id\":\"https:\/\/www.article-marketing.eu\/comunicati\/societa\/abbigliamento\/gli-orefici-della-fabbrica-del-gioiello\/#breadcrumb\",\"itemListElement\":[{\"@type\":\"ListItem\",\"position\":1,\"name\":\"Home\",\"item\":\"https:\/\/www.article-marketing.eu\/comunicati\/\"},{\"@type\":\"ListItem\",\"position\":2,\"name\":\"Gli orefici della Fabbrica del Gioiello\"}]},{\"@type\":\"WebSite\",\"@id\":\"https:\/\/www.article-marketing.eu\/comunicati\/#website\",\"url\":\"https:\/\/www.article-marketing.eu\/comunicati\/\",\"name\":\"Article Marketing\",\"description\":\"article marketing &amp; press release\",\"potentialAction\":[{\"@type\":\"SearchAction\",\"target\":{\"@type\":\"EntryPoint\",\"urlTemplate\":\"https:\/\/www.article-marketing.eu\/comunicati\/?s={search_term_string}\"},\"query-input\":{\"@type\":\"PropertyValueSpecification\",\"valueRequired\":true,\"valueName\":\"search_term_string\"}}],\"inLanguage\":\"it-IT\"},{\"@type\":\"Person\",\"@id\":\"https:\/\/www.article-marketing.eu\/comunicati\/#\/schema\/person\/44372e4d4d0fa797b18e03ed1ace9017\",\"name\":\"Redazione Comunicati Stampa\",\"image\":{\"@type\":\"ImageObject\",\"inLanguage\":\"it-IT\",\"@id\":\"https:\/\/www.article-marketing.eu\/comunicati\/#\/schema\/person\/image\/\",\"url\":\"https:\/\/secure.gravatar.com\/avatar\/50e5c6421d3072f42e7ace803501602c60d75233d34e29fd05feb91c8760b792?s=96&d=mm&r=g\",\"contentUrl\":\"https:\/\/secure.gravatar.com\/avatar\/50e5c6421d3072f42e7ace803501602c60d75233d34e29fd05feb91c8760b792?s=96&d=mm&r=g\",\"caption\":\"Redazione Comunicati Stampa\"},\"url\":\"https:\/\/www.article-marketing.eu\/comunicati\/author\/redazione-comunicati-stampa\/\"}]}<\/script>\n<!-- \/ Yoast SEO plugin. -->","yoast_head_json":{"title":"Gli orefici della Fabbrica del Gioiello - Article Marketing","robots":{"index":"index","follow":"follow","max-snippet":"max-snippet:-1","max-image-preview":"max-image-preview:large","max-video-preview":"max-video-preview:-1"},"canonical":"https:\/\/www.article-marketing.eu\/comunicati\/societa\/abbigliamento\/gli-orefici-della-fabbrica-del-gioiello\/","og_locale":"it_IT","og_type":"article","og_title":"Gli orefici della Fabbrica del Gioiello - Article Marketing","og_description":"Brevi cenni sull'attivit\u00e0, sulle motivazioni e sulla storia della M.G. Gold SAS di cui la Fabbrica del gioiello \u00e8 l'emanazione sul web","og_url":"https:\/\/www.article-marketing.eu\/comunicati\/societa\/abbigliamento\/gli-orefici-della-fabbrica-del-gioiello\/","og_site_name":"Article Marketing","article_published_time":"2009-04-27T12:59:04+00:00","author":"Redazione Comunicati Stampa","twitter_card":"summary_large_image","twitter_misc":{"Scritto da":"Redazione Comunicati Stampa","Tempo di lettura stimato":"3 minuti"},"schema":{"@context":"https:\/\/schema.org","@graph":[{"@type":"Article","@id":"https:\/\/www.article-marketing.eu\/comunicati\/societa\/abbigliamento\/gli-orefici-della-fabbrica-del-gioiello\/#article","isPartOf":{"@id":"https:\/\/www.article-marketing.eu\/comunicati\/societa\/abbigliamento\/gli-orefici-della-fabbrica-del-gioiello\/"},"author":{"name":"Redazione Comunicati Stampa","@id":"https:\/\/www.article-marketing.eu\/comunicati\/#\/schema\/person\/44372e4d4d0fa797b18e03ed1ace9017"},"headline":"Gli orefici della Fabbrica del Gioiello","datePublished":"2009-04-27T12:59:04+00:00","mainEntityOfPage":{"@id":"https:\/\/www.article-marketing.eu\/comunicati\/societa\/abbigliamento\/gli-orefici-della-fabbrica-del-gioiello\/"},"wordCount":538,"commentCount":0,"keywords":["anelli","anello","artigianato","brillante","brillanti","diamante","diamanti","gioielleria","gioielli","gioiello","oreficeria","oro","vendita gioielli"],"articleSection":["Abbigliamento e accessori"],"inLanguage":"it-IT","potentialAction":[{"@type":"CommentAction","name":"Comment","target":["https:\/\/www.article-marketing.eu\/comunicati\/societa\/abbigliamento\/gli-orefici-della-fabbrica-del-gioiello\/#respond"]}]},{"@type":"WebPage","@id":"https:\/\/www.article-marketing.eu\/comunicati\/societa\/abbigliamento\/gli-orefici-della-fabbrica-del-gioiello\/","url":"https:\/\/www.article-marketing.eu\/comunicati\/societa\/abbigliamento\/gli-orefici-della-fabbrica-del-gioiello\/","name":"Gli orefici della Fabbrica del Gioiello - Article Marketing","isPartOf":{"@id":"https:\/\/www.article-marketing.eu\/comunicati\/#website"},"datePublished":"2009-04-27T12:59:04+00:00","author":{"@id":"https:\/\/www.article-marketing.eu\/comunicati\/#\/schema\/person\/44372e4d4d0fa797b18e03ed1ace9017"},"breadcrumb":{"@id":"https:\/\/www.article-marketing.eu\/comunicati\/societa\/abbigliamento\/gli-orefici-della-fabbrica-del-gioiello\/#breadcrumb"},"inLanguage":"it-IT","potentialAction":[{"@type":"ReadAction","target":["https:\/\/www.article-marketing.eu\/comunicati\/societa\/abbigliamento\/gli-orefici-della-fabbrica-del-gioiello\/"]}]},{"@type":"BreadcrumbList","@id":"https:\/\/www.article-marketing.eu\/comunicati\/societa\/abbigliamento\/gli-orefici-della-fabbrica-del-gioiello\/#breadcrumb","itemListElement":[{"@type":"ListItem","position":1,"name":"Home","item":"https:\/\/www.article-marketing.eu\/comunicati\/"},{"@type":"ListItem","position":2,"name":"Gli orefici della Fabbrica del Gioiello"}]},{"@type":"WebSite","@id":"https:\/\/www.article-marketing.eu\/comunicati\/#website","url":"https:\/\/www.article-marketing.eu\/comunicati\/","name":"Article Marketing","description":"article marketing &amp; press release","potentialAction":[{"@type":"SearchAction","target":{"@type":"EntryPoint","urlTemplate":"https:\/\/www.article-marketing.eu\/comunicati\/?s={search_term_string}"},"query-input":{"@type":"PropertyValueSpecification","valueRequired":true,"valueName":"search_term_string"}}],"inLanguage":"it-IT"},{"@type":"Person","@id":"https:\/\/www.article-marketing.eu\/comunicati\/#\/schema\/person\/44372e4d4d0fa797b18e03ed1ace9017","name":"Redazione Comunicati Stampa","image":{"@type":"ImageObject","inLanguage":"it-IT","@id":"https:\/\/www.article-marketing.eu\/comunicati\/#\/schema\/person\/image\/","url":"https:\/\/secure.gravatar.com\/avatar\/50e5c6421d3072f42e7ace803501602c60d75233d34e29fd05feb91c8760b792?s=96&d=mm&r=g","contentUrl":"https:\/\/secure.gravatar.com\/avatar\/50e5c6421d3072f42e7ace803501602c60d75233d34e29fd05feb91c8760b792?s=96&d=mm&r=g","caption":"Redazione Comunicati Stampa"},"url":"https:\/\/www.article-marketing.eu\/comunicati\/author\/redazione-comunicati-stampa\/"}]}},"_links":{"self":[{"href":"https:\/\/www.article-marketing.eu\/comunicati\/wp-json\/wp\/v2\/posts\/1869","targetHints":{"allow":["GET"]}}],"collection":[{"href":"https:\/\/www.article-marketing.eu\/comunicati\/wp-json\/wp\/v2\/posts"}],"about":[{"href":"https:\/\/www.article-marketing.eu\/comunicati\/wp-json\/wp\/v2\/types\/post"}],"author":[{"embeddable":true,"href":"https:\/\/www.article-marketing.eu\/comunicati\/wp-json\/wp\/v2\/users\/10"}],"replies":[{"embeddable":true,"href":"https:\/\/www.article-marketing.eu\/comunicati\/wp-json\/wp\/v2\/comments?post=1869"}],"version-history":[{"count":0,"href":"https:\/\/www.article-marketing.eu\/comunicati\/wp-json\/wp\/v2\/posts\/1869\/revisions"}],"wp:attachment":[{"href":"https:\/\/www.article-marketing.eu\/comunicati\/wp-json\/wp\/v2\/media?parent=1869"}],"wp:term":[{"taxonomy":"category","embeddable":true,"href":"https:\/\/www.article-marketing.eu\/comunicati\/wp-json\/wp\/v2\/categories?post=1869"},{"taxonomy":"post_tag","embeddable":true,"href":"https:\/\/www.article-marketing.eu\/comunicati\/wp-json\/wp\/v2\/tags?post=1869"}],"curies":[{"name":"wp","href":"https:\/\/api.w.org\/{rel}","templated":true}]}}