{"id":18725,"date":"2011-08-02T15:49:24","date_gmt":"2011-08-02T13:49:24","guid":{"rendered":"http:\/\/www.article-marketing.eu\/comunicati\/senza-categoria\/svuotiamogli-le-tasche\/"},"modified":"2018-07-10T05:09:13","modified_gmt":"2018-07-10T03:09:13","slug":"svuotiamogli-le-tasche","status":"publish","type":"post","link":"https:\/\/www.article-marketing.eu\/comunicati\/societa\/politica\/svuotiamogli-le-tasche\/","title":{"rendered":"Svuotiamogli Le Tasche, abbassiamo gli stipendi dei politici"},"content":{"rendered":"<p>Facciamo girare il pi&ugrave; possibile i dettagli di questa iniziativa, tanto immediata e simpatica, quanto forte e determinata.<br \/>Raggiungiamo il maggior numero di aderenti e partecipanti.<br \/>Ognuno di noi, ogni sostenitore di questa iniziativa, vale una manciata &euro;uro in meno nelle tasche dei nostri governanti.. un tentativo che a noi non costa proprio niente! <br \/>Maggiore sar&agrave; il numero di voti (&#8220;Mi piace&#8221; e &#8220;Tweet&#8221;) e di azioni sulle pagine relative a questa iniziativa, pi&ugrave; cospicuo sar&agrave; il ridimensionamento dello status del nostro politico in homepage.<br \/>Quello che dobbiamo fare &egrave; cliccare, condividere, compiere azioni sul sito di SvuotiamogliGliTasche e sulla relativa FanPage di Facebook, attraverso i nostri account Facebook e Twitter.<br \/>Dobbiamo dare vita al pi&ugrave; massiccio dei passaparola, invitando tutti e tutte!<br \/>Dobbiamo mobilitarci per concretizzare il nostro disappunto, la nostra insoddisfazione, ben oltre le banali riflessioni di sorta e la demagogia da bar.<br \/>Facciamoci sentire, facciamoci vedere, facciamo in modo di contare!<br \/>E&#8217; possibile monitorare passo passo gli sviluppi dell&#8217;iniziativa, in un modo semplice e piacevole.<br \/>I nostri sforzi potrebbero attuarsi attraverso un&#8217;azione militante, mobilitante, addirittura ufficiale.<br \/>I risultati li otterremo solamente in funzione della nostra determinazione e delle nostre azioni reali: dobbiamo essere tantissimi!<br \/>I nostri clic devono diventare assordanti!<\/p>\n<p>Facciamo qualcosa di utile e concreto. Diffondiamo il verbo e invitiamo ad unirsi a noi pi&ugrave; gente possibile.<br \/>Facciamo affidamento solo su di noi e su di voi, sulla coesione di un gruppo che prova ancora a sognare, almeno un po&#8217;, nonostante le zavorre del disincanto.<br \/>Abbiamo poco tempo per raggiungere i nostri obiettivi, per fare risultato.<br \/>Scriveteci tutto quello che vi pare, scrivete sulla bacheca della FanPage di Facebook tutto quello che non vi sta bene.<br \/>Unitevi ai fan dell&#8217;iniziativa e accedete al sito di SvuotiamogliLeTasche. Seguite il &#8220;countdown&#8221; ufficiale, in continuo aggiornamento: svuotiamo le tasche al nostro politico immaginario e lasciamolo in mutande!<br \/>Selezionate ed invitate, divertitevi e agite! Ognuno di noi, dal proprio pc e col sorriso, pu&ograve; cominciare ad alleggerire i portafogli della nostra &#8220;cara&#8221; Casta politica!<br \/>Per presentare un progetto di legge servono almeno 50mila firmatari, per depositare una richiesta di referendum almeno 500mila. Noi vogliamo essere almeno 1milione! Vogliamo scommettere che qualcuno se ne accorgerebbe?!<\/p>\n<p>Non dimentichiamoci che sulle poltrone del nostro Parlamento c&#8217;&egrave; chi realmente gioca e si annoia per arrivare a fine giornata.<br \/>\nChi litiga per riforme faziose e capziose.<br \/>\nChi promette e puntualmente non mantiene.<br \/>\nChi pensa ad interessi personali ed al proprio status, perdendo di vista il futuro del Paese e dei cittadini che rappresenta.<br \/>\nNoi siamo stanchi dei demiurghi e degli ipocriti, di un impianto basato su &#8220;voti di scambio&#8221; e spudorati favoritismi.<br \/>\nSiamo convinti che la Gente si meriti ben altro e che la Casta non sia degna di tutti i privilegi di cui gode (ed ai quali non intende, da sola, rinunciare).<br \/>\nVogliamo che le regole vengano rispettate e che i principi di equit&agrave; e giustizia tornino ad essere il paradigma. Un&#8217;utopia? Forse. Ma provarci, con un semplice clic, non ci costa nulla.<br \/>\nTroppo c&#8217;&egrave; di assurdo, insensato e spesso vergognoso. Troppe le vessazioni davanti ai nostri occhi.<br \/>\nSi sono persi per strada valori e ideali, impegno civile e sociale.<br \/>\nBasta! Svuotiamogli le tasche! E&#8217; il momento giusto per fare qualcosa di concreto.<\/p>\n","protected":false},"excerpt":{"rendered":"<p>Maggiore sar\u00e0 il numero di voti (&#8220;Mi piace&#8221; e &#8220;Tweet&#8221;) e di azioni sulle pagine relative a questa iniziativa, pi\u00f9 cospicuo sar\u00e0 il ridimensionamento dello status del nostro politico in homepage.<\/p>\n<p>Quello che dobbiamo fare \u00e8 cliccare, condividere, compiere azioni sul sito di SvuotiamogliGliTasche e sulla relativa FanPage di Facebook, attraverso i nostri account Facebook e Twitter.<br \/>Selezionate ed invitate, divertitevi e agite! Ognuno di noi, dal proprio pc e col sorriso, pu\u00f2 cominciare ad alleggerire i portafogli della nostra &#8220;cara&#8221; Casta politica!<\/p>\n","protected":false},"author":10,"featured_media":0,"comment_status":"open","ping_status":"open","sticky":false,"template":"","format":"standard","meta":{"cybocfi_hide_featured_image":"","footnotes":""},"categories":[19],"tags":[28623,28620,28621,28622,28619],"class_list":["post-18725","post","type-post","status-publish","format-standard","hentry","category-politica","tag-abbassare-stipendio-politici","tag-casta-politica","tag-costi-politici","tag-stipendi-politici","tag-svuotiamogli-le-tasche"],"yoast_head":"<!-- This site is optimized with the Yoast SEO plugin v27.0 - https:\/\/yoast.com\/product\/yoast-seo-wordpress\/ -->\n<title>Svuotiamogli Le Tasche, abbassiamo gli stipendi dei politici - Article Marketing<\/title>\n<meta name=\"robots\" content=\"index, follow, max-snippet:-1, max-image-preview:large, max-video-preview:-1\" \/>\n<link rel=\"canonical\" href=\"https:\/\/www.article-marketing.eu\/comunicati\/societa\/politica\/svuotiamogli-le-tasche\/\" \/>\n<meta property=\"og:locale\" content=\"it_IT\" \/>\n<meta property=\"og:type\" content=\"article\" \/>\n<meta property=\"og:title\" content=\"Svuotiamogli Le Tasche, abbassiamo gli stipendi dei politici - Article Marketing\" \/>\n<meta property=\"og:description\" content=\"Maggiore sar\u00e0 il numero di voti (&quot;Mi piace&quot; e &quot;Tweet&quot;) e di azioni sulle pagine relative a questa iniziativa, pi\u00f9 cospicuo sar\u00e0 il ridimensionamento dello status del nostro politico in homepage.Quello che dobbiamo fare \u00e8 cliccare, condividere, compiere azioni sul sito di SvuotiamogliGliTasche e sulla relativa FanPage di Facebook, attraverso i nostri account Facebook e Twitter.Selezionate ed invitate, divertitevi e agite! Ognuno di noi, dal proprio pc e col sorriso, pu\u00f2 cominciare ad alleggerire i portafogli della nostra &quot;cara&quot; Casta politica!\" \/>\n<meta property=\"og:url\" content=\"https:\/\/www.article-marketing.eu\/comunicati\/societa\/politica\/svuotiamogli-le-tasche\/\" \/>\n<meta property=\"og:site_name\" content=\"Article Marketing\" \/>\n<meta property=\"article:published_time\" content=\"2011-08-02T13:49:24+00:00\" \/>\n<meta property=\"article:modified_time\" content=\"2018-07-10T03:09:13+00:00\" \/>\n<meta name=\"author\" content=\"Redazione Comunicati Stampa\" \/>\n<meta name=\"twitter:card\" content=\"summary_large_image\" \/>\n<meta name=\"twitter:label1\" content=\"Scritto da\" \/>\n\t<meta name=\"twitter:data1\" content=\"Redazione Comunicati Stampa\" \/>\n\t<meta name=\"twitter:label2\" content=\"Tempo di lettura stimato\" \/>\n\t<meta name=\"twitter:data2\" content=\"3 minuti\" \/>\n<script type=\"application\/ld+json\" class=\"yoast-schema-graph\">{\"@context\":\"https:\/\/schema.org\",\"@graph\":[{\"@type\":\"Article\",\"@id\":\"https:\/\/www.article-marketing.eu\/comunicati\/societa\/politica\/svuotiamogli-le-tasche\/#article\",\"isPartOf\":{\"@id\":\"https:\/\/www.article-marketing.eu\/comunicati\/societa\/politica\/svuotiamogli-le-tasche\/\"},\"author\":{\"name\":\"Redazione Comunicati Stampa\",\"@id\":\"https:\/\/www.article-marketing.eu\/comunicati\/#\/schema\/person\/44372e4d4d0fa797b18e03ed1ace9017\"},\"headline\":\"Svuotiamogli Le Tasche, abbassiamo gli stipendi dei politici\",\"datePublished\":\"2011-08-02T13:49:24+00:00\",\"dateModified\":\"2018-07-10T03:09:13+00:00\",\"mainEntityOfPage\":{\"@id\":\"https:\/\/www.article-marketing.eu\/comunicati\/societa\/politica\/svuotiamogli-le-tasche\/\"},\"wordCount\":558,\"commentCount\":0,\"keywords\":[\"abbassare stipendio politici\",\"casta politica\",\"costi politici\",\"stipendi politici\",\"svuotiamogli le tasche\"],\"articleSection\":[\"Politica\"],\"inLanguage\":\"it-IT\",\"potentialAction\":[{\"@type\":\"CommentAction\",\"name\":\"Comment\",\"target\":[\"https:\/\/www.article-marketing.eu\/comunicati\/societa\/politica\/svuotiamogli-le-tasche\/#respond\"]}]},{\"@type\":\"WebPage\",\"@id\":\"https:\/\/www.article-marketing.eu\/comunicati\/societa\/politica\/svuotiamogli-le-tasche\/\",\"url\":\"https:\/\/www.article-marketing.eu\/comunicati\/societa\/politica\/svuotiamogli-le-tasche\/\",\"name\":\"Svuotiamogli Le Tasche, abbassiamo gli stipendi dei politici - Article Marketing\",\"isPartOf\":{\"@id\":\"https:\/\/www.article-marketing.eu\/comunicati\/#website\"},\"datePublished\":\"2011-08-02T13:49:24+00:00\",\"dateModified\":\"2018-07-10T03:09:13+00:00\",\"author\":{\"@id\":\"https:\/\/www.article-marketing.eu\/comunicati\/#\/schema\/person\/44372e4d4d0fa797b18e03ed1ace9017\"},\"breadcrumb\":{\"@id\":\"https:\/\/www.article-marketing.eu\/comunicati\/societa\/politica\/svuotiamogli-le-tasche\/#breadcrumb\"},\"inLanguage\":\"it-IT\",\"potentialAction\":[{\"@type\":\"ReadAction\",\"target\":[\"https:\/\/www.article-marketing.eu\/comunicati\/societa\/politica\/svuotiamogli-le-tasche\/\"]}]},{\"@type\":\"BreadcrumbList\",\"@id\":\"https:\/\/www.article-marketing.eu\/comunicati\/societa\/politica\/svuotiamogli-le-tasche\/#breadcrumb\",\"itemListElement\":[{\"@type\":\"ListItem\",\"position\":1,\"name\":\"Home\",\"item\":\"https:\/\/www.article-marketing.eu\/comunicati\/\"},{\"@type\":\"ListItem\",\"position\":2,\"name\":\"Svuotiamogli Le Tasche, abbassiamo gli stipendi dei politici\"}]},{\"@type\":\"WebSite\",\"@id\":\"https:\/\/www.article-marketing.eu\/comunicati\/#website\",\"url\":\"https:\/\/www.article-marketing.eu\/comunicati\/\",\"name\":\"Article Marketing\",\"description\":\"article marketing &amp; press release\",\"potentialAction\":[{\"@type\":\"SearchAction\",\"target\":{\"@type\":\"EntryPoint\",\"urlTemplate\":\"https:\/\/www.article-marketing.eu\/comunicati\/?s={search_term_string}\"},\"query-input\":{\"@type\":\"PropertyValueSpecification\",\"valueRequired\":true,\"valueName\":\"search_term_string\"}}],\"inLanguage\":\"it-IT\"},{\"@type\":\"Person\",\"@id\":\"https:\/\/www.article-marketing.eu\/comunicati\/#\/schema\/person\/44372e4d4d0fa797b18e03ed1ace9017\",\"name\":\"Redazione Comunicati Stampa\",\"image\":{\"@type\":\"ImageObject\",\"inLanguage\":\"it-IT\",\"@id\":\"https:\/\/www.article-marketing.eu\/comunicati\/#\/schema\/person\/image\/\",\"url\":\"https:\/\/secure.gravatar.com\/avatar\/50e5c6421d3072f42e7ace803501602c60d75233d34e29fd05feb91c8760b792?s=96&d=mm&r=g\",\"contentUrl\":\"https:\/\/secure.gravatar.com\/avatar\/50e5c6421d3072f42e7ace803501602c60d75233d34e29fd05feb91c8760b792?s=96&d=mm&r=g\",\"caption\":\"Redazione Comunicati Stampa\"},\"url\":\"https:\/\/www.article-marketing.eu\/comunicati\/author\/redazione-comunicati-stampa\/\"}]}<\/script>\n<!-- \/ Yoast SEO plugin. -->","yoast_head_json":{"title":"Svuotiamogli Le Tasche, abbassiamo gli stipendi dei politici - Article Marketing","robots":{"index":"index","follow":"follow","max-snippet":"max-snippet:-1","max-image-preview":"max-image-preview:large","max-video-preview":"max-video-preview:-1"},"canonical":"https:\/\/www.article-marketing.eu\/comunicati\/societa\/politica\/svuotiamogli-le-tasche\/","og_locale":"it_IT","og_type":"article","og_title":"Svuotiamogli Le Tasche, abbassiamo gli stipendi dei politici - Article Marketing","og_description":"Maggiore sar\u00e0 il numero di voti (\"Mi piace\" e \"Tweet\") e di azioni sulle pagine relative a questa iniziativa, pi\u00f9 cospicuo sar\u00e0 il ridimensionamento dello status del nostro politico in homepage.Quello che dobbiamo fare \u00e8 cliccare, condividere, compiere azioni sul sito di SvuotiamogliGliTasche e sulla relativa FanPage di Facebook, attraverso i nostri account Facebook e Twitter.Selezionate ed invitate, divertitevi e agite! Ognuno di noi, dal proprio pc e col sorriso, pu\u00f2 cominciare ad alleggerire i portafogli della nostra \"cara\" Casta politica!","og_url":"https:\/\/www.article-marketing.eu\/comunicati\/societa\/politica\/svuotiamogli-le-tasche\/","og_site_name":"Article Marketing","article_published_time":"2011-08-02T13:49:24+00:00","article_modified_time":"2018-07-10T03:09:13+00:00","author":"Redazione Comunicati Stampa","twitter_card":"summary_large_image","twitter_misc":{"Scritto da":"Redazione Comunicati Stampa","Tempo di lettura stimato":"3 minuti"},"schema":{"@context":"https:\/\/schema.org","@graph":[{"@type":"Article","@id":"https:\/\/www.article-marketing.eu\/comunicati\/societa\/politica\/svuotiamogli-le-tasche\/#article","isPartOf":{"@id":"https:\/\/www.article-marketing.eu\/comunicati\/societa\/politica\/svuotiamogli-le-tasche\/"},"author":{"name":"Redazione Comunicati Stampa","@id":"https:\/\/www.article-marketing.eu\/comunicati\/#\/schema\/person\/44372e4d4d0fa797b18e03ed1ace9017"},"headline":"Svuotiamogli Le Tasche, abbassiamo gli stipendi dei politici","datePublished":"2011-08-02T13:49:24+00:00","dateModified":"2018-07-10T03:09:13+00:00","mainEntityOfPage":{"@id":"https:\/\/www.article-marketing.eu\/comunicati\/societa\/politica\/svuotiamogli-le-tasche\/"},"wordCount":558,"commentCount":0,"keywords":["abbassare stipendio politici","casta politica","costi politici","stipendi politici","svuotiamogli le tasche"],"articleSection":["Politica"],"inLanguage":"it-IT","potentialAction":[{"@type":"CommentAction","name":"Comment","target":["https:\/\/www.article-marketing.eu\/comunicati\/societa\/politica\/svuotiamogli-le-tasche\/#respond"]}]},{"@type":"WebPage","@id":"https:\/\/www.article-marketing.eu\/comunicati\/societa\/politica\/svuotiamogli-le-tasche\/","url":"https:\/\/www.article-marketing.eu\/comunicati\/societa\/politica\/svuotiamogli-le-tasche\/","name":"Svuotiamogli Le Tasche, abbassiamo gli stipendi dei politici - Article Marketing","isPartOf":{"@id":"https:\/\/www.article-marketing.eu\/comunicati\/#website"},"datePublished":"2011-08-02T13:49:24+00:00","dateModified":"2018-07-10T03:09:13+00:00","author":{"@id":"https:\/\/www.article-marketing.eu\/comunicati\/#\/schema\/person\/44372e4d4d0fa797b18e03ed1ace9017"},"breadcrumb":{"@id":"https:\/\/www.article-marketing.eu\/comunicati\/societa\/politica\/svuotiamogli-le-tasche\/#breadcrumb"},"inLanguage":"it-IT","potentialAction":[{"@type":"ReadAction","target":["https:\/\/www.article-marketing.eu\/comunicati\/societa\/politica\/svuotiamogli-le-tasche\/"]}]},{"@type":"BreadcrumbList","@id":"https:\/\/www.article-marketing.eu\/comunicati\/societa\/politica\/svuotiamogli-le-tasche\/#breadcrumb","itemListElement":[{"@type":"ListItem","position":1,"name":"Home","item":"https:\/\/www.article-marketing.eu\/comunicati\/"},{"@type":"ListItem","position":2,"name":"Svuotiamogli Le Tasche, abbassiamo gli stipendi dei politici"}]},{"@type":"WebSite","@id":"https:\/\/www.article-marketing.eu\/comunicati\/#website","url":"https:\/\/www.article-marketing.eu\/comunicati\/","name":"Article Marketing","description":"article marketing &amp; press release","potentialAction":[{"@type":"SearchAction","target":{"@type":"EntryPoint","urlTemplate":"https:\/\/www.article-marketing.eu\/comunicati\/?s={search_term_string}"},"query-input":{"@type":"PropertyValueSpecification","valueRequired":true,"valueName":"search_term_string"}}],"inLanguage":"it-IT"},{"@type":"Person","@id":"https:\/\/www.article-marketing.eu\/comunicati\/#\/schema\/person\/44372e4d4d0fa797b18e03ed1ace9017","name":"Redazione Comunicati Stampa","image":{"@type":"ImageObject","inLanguage":"it-IT","@id":"https:\/\/www.article-marketing.eu\/comunicati\/#\/schema\/person\/image\/","url":"https:\/\/secure.gravatar.com\/avatar\/50e5c6421d3072f42e7ace803501602c60d75233d34e29fd05feb91c8760b792?s=96&d=mm&r=g","contentUrl":"https:\/\/secure.gravatar.com\/avatar\/50e5c6421d3072f42e7ace803501602c60d75233d34e29fd05feb91c8760b792?s=96&d=mm&r=g","caption":"Redazione Comunicati Stampa"},"url":"https:\/\/www.article-marketing.eu\/comunicati\/author\/redazione-comunicati-stampa\/"}]}},"_links":{"self":[{"href":"https:\/\/www.article-marketing.eu\/comunicati\/wp-json\/wp\/v2\/posts\/18725","targetHints":{"allow":["GET"]}}],"collection":[{"href":"https:\/\/www.article-marketing.eu\/comunicati\/wp-json\/wp\/v2\/posts"}],"about":[{"href":"https:\/\/www.article-marketing.eu\/comunicati\/wp-json\/wp\/v2\/types\/post"}],"author":[{"embeddable":true,"href":"https:\/\/www.article-marketing.eu\/comunicati\/wp-json\/wp\/v2\/users\/10"}],"replies":[{"embeddable":true,"href":"https:\/\/www.article-marketing.eu\/comunicati\/wp-json\/wp\/v2\/comments?post=18725"}],"version-history":[{"count":2,"href":"https:\/\/www.article-marketing.eu\/comunicati\/wp-json\/wp\/v2\/posts\/18725\/revisions"}],"predecessor-version":[{"id":60789,"href":"https:\/\/www.article-marketing.eu\/comunicati\/wp-json\/wp\/v2\/posts\/18725\/revisions\/60789"}],"wp:attachment":[{"href":"https:\/\/www.article-marketing.eu\/comunicati\/wp-json\/wp\/v2\/media?parent=18725"}],"wp:term":[{"taxonomy":"category","embeddable":true,"href":"https:\/\/www.article-marketing.eu\/comunicati\/wp-json\/wp\/v2\/categories?post=18725"},{"taxonomy":"post_tag","embeddable":true,"href":"https:\/\/www.article-marketing.eu\/comunicati\/wp-json\/wp\/v2\/tags?post=18725"}],"curies":[{"name":"wp","href":"https:\/\/api.w.org\/{rel}","templated":true}]}}