{"id":1877,"date":"2009-04-28T13:10:46","date_gmt":"2009-04-28T11:10:46","guid":{"rendered":"http:\/\/www.article-marketing.eu\/comunicati\/senza-categoria\/inaugurazione-costa-pacifica-e-costa-luminosa\/"},"modified":"2009-04-28T13:10:46","modified_gmt":"2009-04-28T11:10:46","slug":"inaugurazione-costa-pacifica-e-costa-luminosa","status":"publish","type":"post","link":"https:\/\/www.article-marketing.eu\/comunicati\/viaggi-e-vacanze\/inaugurazione-costa-pacifica-e-costa-luminosa\/","title":{"rendered":"Inaugurazione Costa Pacifica e Costa Luminosa"},"content":{"rendered":"<p>Il battesimo delle 2 nuove punte di dimante di Costa Crociere realizzate da Fincantieri, avverr\u00e0 il prossimo 5 Giugno. Per la prima volta si eseguir\u00e0 il varo in contemporanea di due splendide navi come Costa Pacifica e Costa Luminosa. Sar\u00e0 possibile seguire l&#8217;evento sulla Web TV di <a href=\"http:\/\/www.lastminuteclick.it\/crociere\/\">http:\/\/www.lastminuteclick.it\/<\/a>&nbsp;sito web specializzato e leader nella vendita on line di viaggi e crociere. L&#8217;evento, di straordinaria importanza, sar\u00e0 cos\u00ec trasmesso on line su Lastminuteclick.it e quindi disponibile, gratuitamente, per tutti gli utenti interessati. La trasmissione dell&#8217;evento, rappresenta per Lastminuteclick.it l&#8217;apertura verso il nuovo confine della web tv, su cui l&#8217;azienda crede molto e a cui ha riservato ingenti investimenti per il 2010. Costa Pacifica e Costa Luminosa rappresentano sicuramente il massimo in termini di teconlogia e confort; la prima \u00e8 denominata la nave della Musica, mentre la &quot;Luminosa&quot; la nave della &quot;luce&quot;. Entrambe sono state realizzate, come del resto tutte le navi della flotta Costa, com materiali pregiati, marmi particolari, e con particolare attenzione al centro benessere presente a bordo sia della Luminosa che della Pacifica. Tutto il mondo, turistico e non, scomette sulla grande risposta, in temrini di confort e di relax, che queste 2 punte di dimante sapranno concedere ai propri ospiti. Le splendide navi verranno impiegate su itinerari di sicuro interesse; Costa Pacifica nel periodo estivo (Giugno Settembre) far\u00e0 l&#8217;itineraio classico del Mediterraneo occidentale toccando quindi i orti di Savona, Civitavecchia, Palermo, Malta, Tunisi, Palma di Maiorca. Un itinerario di sicuro interesse sia per la clientela italiana che quella mondiale, toccando i punti di maggior interesse per una crociera sul mediterraneo. Costa Luminosa, invece, dopo un Vernissage nel mediterraneo, verr\u00e0 posizionata, nel periodo estivo, in Nord Europa, meta suggestuva per i panorami mozzafiato dei fiordi Norvergesi. Ma Costa Luminosa si spinge oltre i fiordi: infatti, a bordo di questa splendida nave da crociera, sar\u00e0 possibile, sopratutto in luglio, arrivare fino a Capo Nord per ammirare il Sole di Mezzanotte. Quale miglior connubbio&#8230;.. In autunno, la crociera della luce, toccher\u00e0 il mediterraneo occidentale con scali di sicuro interesse come Baarcellona, Casablanca, la bellissima Madera, per finire alle splendide Isole Canarie di Tenerife e Lanzarote; destinazioni, quest&#8217;ultime, molto apprezzate nel nostro inverno in quanto godono di un clime mite (23 Gradi circa di media) tutto l&#8217;anno e che pertmettono quindi di scappare dal freddo del nostro inverno. Costa Pacifica invece a partire dal mese di Novembre 2009, sar\u00e0 impiegata su rotte clasiche come Grecia ed Egitto; infatti toccher\u00e0 scali come Olimpia, Limassol (Cipro) Alessandria; tutte mete ricche di storia ultra millenaria, da vivere nelle sempre interessanti ed eusatuve escurisoni proposte dal team Costa Crociere. Quindi itinerari per tutti i gusti gi\u00e0 solo nel 2009 proposti dalle punte di diamente della flotta Costa; un magico mix tra modernissime tecnoligie che permettono il massimo confort a bordo, un centro benessere per il relax &quot;ricercato&quot; e tanti itinerari da scoprire, uno ad uno, a bordo delle pi\u00f9 moderne navi della flotta Costa Crociere.<\/p>\n","protected":false},"excerpt":{"rendered":"<p>Segui on line l&#8217;inaugurazione della Costa Pacifica e della Costa Luminosa, le due nuove splendide navi da crociera di Costa Crociere.<br \/>\nIl varo delle 2 navi avverr\u00e0 il 5 Giugno 2009.<\/p>\n","protected":false},"author":10,"featured_media":0,"comment_status":"open","ping_status":"open","sticky":false,"template":"","format":"standard","meta":{"cybocfi_hide_featured_image":"","footnotes":""},"categories":[280],"tags":[5965,5966,5967],"class_list":["post-1877","post","type-post","status-publish","format-standard","hentry","category-viaggi-e-vacanze","tag-inaugurazione-costa-pacifica-costa-luminosa","tag-varo-costa-luminosa","tag-vedere-varo-costa-pacifica"],"yoast_head":"<!-- This site is optimized with the Yoast SEO plugin v27.0 - https:\/\/yoast.com\/product\/yoast-seo-wordpress\/ -->\n<title>Inaugurazione Costa Pacifica e Costa Luminosa - Article Marketing<\/title>\n<meta name=\"robots\" content=\"index, follow, max-snippet:-1, max-image-preview:large, max-video-preview:-1\" \/>\n<link rel=\"canonical\" href=\"https:\/\/www.article-marketing.eu\/comunicati\/viaggi-e-vacanze\/inaugurazione-costa-pacifica-e-costa-luminosa\/\" \/>\n<meta property=\"og:locale\" content=\"it_IT\" \/>\n<meta property=\"og:type\" content=\"article\" \/>\n<meta property=\"og:title\" content=\"Inaugurazione Costa Pacifica e Costa Luminosa - Article Marketing\" \/>\n<meta property=\"og:description\" content=\"Segui on line l&#039;inaugurazione della Costa Pacifica e della Costa Luminosa, le due nuove splendide navi da crociera di Costa Crociere. Il varo delle 2 navi avverr\u00e0 il 5 Giugno 2009.\" \/>\n<meta property=\"og:url\" content=\"https:\/\/www.article-marketing.eu\/comunicati\/viaggi-e-vacanze\/inaugurazione-costa-pacifica-e-costa-luminosa\/\" \/>\n<meta property=\"og:site_name\" content=\"Article Marketing\" \/>\n<meta property=\"article:published_time\" content=\"2009-04-28T11:10:46+00:00\" \/>\n<meta name=\"author\" content=\"Redazione Comunicati Stampa\" \/>\n<meta name=\"twitter:card\" content=\"summary_large_image\" \/>\n<meta name=\"twitter:label1\" content=\"Scritto da\" \/>\n\t<meta name=\"twitter:data1\" content=\"Redazione Comunicati Stampa\" \/>\n\t<meta name=\"twitter:label2\" content=\"Tempo di lettura stimato\" \/>\n\t<meta name=\"twitter:data2\" content=\"2 minuti\" \/>\n<script type=\"application\/ld+json\" class=\"yoast-schema-graph\">{\"@context\":\"https:\/\/schema.org\",\"@graph\":[{\"@type\":\"Article\",\"@id\":\"https:\/\/www.article-marketing.eu\/comunicati\/viaggi-e-vacanze\/inaugurazione-costa-pacifica-e-costa-luminosa\/#article\",\"isPartOf\":{\"@id\":\"https:\/\/www.article-marketing.eu\/comunicati\/viaggi-e-vacanze\/inaugurazione-costa-pacifica-e-costa-luminosa\/\"},\"author\":{\"name\":\"Redazione Comunicati Stampa\",\"@id\":\"https:\/\/www.article-marketing.eu\/comunicati\/#\/schema\/person\/44372e4d4d0fa797b18e03ed1ace9017\"},\"headline\":\"Inaugurazione Costa Pacifica e Costa Luminosa\",\"datePublished\":\"2009-04-28T11:10:46+00:00\",\"mainEntityOfPage\":{\"@id\":\"https:\/\/www.article-marketing.eu\/comunicati\/viaggi-e-vacanze\/inaugurazione-costa-pacifica-e-costa-luminosa\/\"},\"wordCount\":499,\"commentCount\":0,\"keywords\":[\"Inaugurazione Costa Pacifica Costa Luminosa\",\"varo Costa Luminosa\",\"vedere varo costa pacifica\"],\"articleSection\":[\"Viaggi e vacanze\"],\"inLanguage\":\"it-IT\",\"potentialAction\":[{\"@type\":\"CommentAction\",\"name\":\"Comment\",\"target\":[\"https:\/\/www.article-marketing.eu\/comunicati\/viaggi-e-vacanze\/inaugurazione-costa-pacifica-e-costa-luminosa\/#respond\"]}]},{\"@type\":\"WebPage\",\"@id\":\"https:\/\/www.article-marketing.eu\/comunicati\/viaggi-e-vacanze\/inaugurazione-costa-pacifica-e-costa-luminosa\/\",\"url\":\"https:\/\/www.article-marketing.eu\/comunicati\/viaggi-e-vacanze\/inaugurazione-costa-pacifica-e-costa-luminosa\/\",\"name\":\"Inaugurazione Costa Pacifica e Costa Luminosa - Article Marketing\",\"isPartOf\":{\"@id\":\"https:\/\/www.article-marketing.eu\/comunicati\/#website\"},\"datePublished\":\"2009-04-28T11:10:46+00:00\",\"author\":{\"@id\":\"https:\/\/www.article-marketing.eu\/comunicati\/#\/schema\/person\/44372e4d4d0fa797b18e03ed1ace9017\"},\"breadcrumb\":{\"@id\":\"https:\/\/www.article-marketing.eu\/comunicati\/viaggi-e-vacanze\/inaugurazione-costa-pacifica-e-costa-luminosa\/#breadcrumb\"},\"inLanguage\":\"it-IT\",\"potentialAction\":[{\"@type\":\"ReadAction\",\"target\":[\"https:\/\/www.article-marketing.eu\/comunicati\/viaggi-e-vacanze\/inaugurazione-costa-pacifica-e-costa-luminosa\/\"]}]},{\"@type\":\"BreadcrumbList\",\"@id\":\"https:\/\/www.article-marketing.eu\/comunicati\/viaggi-e-vacanze\/inaugurazione-costa-pacifica-e-costa-luminosa\/#breadcrumb\",\"itemListElement\":[{\"@type\":\"ListItem\",\"position\":1,\"name\":\"Home\",\"item\":\"https:\/\/www.article-marketing.eu\/comunicati\/\"},{\"@type\":\"ListItem\",\"position\":2,\"name\":\"Inaugurazione Costa Pacifica e Costa Luminosa\"}]},{\"@type\":\"WebSite\",\"@id\":\"https:\/\/www.article-marketing.eu\/comunicati\/#website\",\"url\":\"https:\/\/www.article-marketing.eu\/comunicati\/\",\"name\":\"Article Marketing\",\"description\":\"article marketing &amp; press release\",\"potentialAction\":[{\"@type\":\"SearchAction\",\"target\":{\"@type\":\"EntryPoint\",\"urlTemplate\":\"https:\/\/www.article-marketing.eu\/comunicati\/?s={search_term_string}\"},\"query-input\":{\"@type\":\"PropertyValueSpecification\",\"valueRequired\":true,\"valueName\":\"search_term_string\"}}],\"inLanguage\":\"it-IT\"},{\"@type\":\"Person\",\"@id\":\"https:\/\/www.article-marketing.eu\/comunicati\/#\/schema\/person\/44372e4d4d0fa797b18e03ed1ace9017\",\"name\":\"Redazione Comunicati Stampa\",\"image\":{\"@type\":\"ImageObject\",\"inLanguage\":\"it-IT\",\"@id\":\"https:\/\/www.article-marketing.eu\/comunicati\/#\/schema\/person\/image\/\",\"url\":\"https:\/\/secure.gravatar.com\/avatar\/50e5c6421d3072f42e7ace803501602c60d75233d34e29fd05feb91c8760b792?s=96&d=mm&r=g\",\"contentUrl\":\"https:\/\/secure.gravatar.com\/avatar\/50e5c6421d3072f42e7ace803501602c60d75233d34e29fd05feb91c8760b792?s=96&d=mm&r=g\",\"caption\":\"Redazione Comunicati Stampa\"},\"url\":\"https:\/\/www.article-marketing.eu\/comunicati\/author\/redazione-comunicati-stampa\/\"}]}<\/script>\n<!-- \/ Yoast SEO plugin. -->","yoast_head_json":{"title":"Inaugurazione Costa Pacifica e Costa Luminosa - Article Marketing","robots":{"index":"index","follow":"follow","max-snippet":"max-snippet:-1","max-image-preview":"max-image-preview:large","max-video-preview":"max-video-preview:-1"},"canonical":"https:\/\/www.article-marketing.eu\/comunicati\/viaggi-e-vacanze\/inaugurazione-costa-pacifica-e-costa-luminosa\/","og_locale":"it_IT","og_type":"article","og_title":"Inaugurazione Costa Pacifica e Costa Luminosa - Article Marketing","og_description":"Segui on line l'inaugurazione della Costa Pacifica e della Costa Luminosa, le due nuove splendide navi da crociera di Costa Crociere. Il varo delle 2 navi avverr\u00e0 il 5 Giugno 2009.","og_url":"https:\/\/www.article-marketing.eu\/comunicati\/viaggi-e-vacanze\/inaugurazione-costa-pacifica-e-costa-luminosa\/","og_site_name":"Article Marketing","article_published_time":"2009-04-28T11:10:46+00:00","author":"Redazione Comunicati Stampa","twitter_card":"summary_large_image","twitter_misc":{"Scritto da":"Redazione Comunicati Stampa","Tempo di lettura stimato":"2 minuti"},"schema":{"@context":"https:\/\/schema.org","@graph":[{"@type":"Article","@id":"https:\/\/www.article-marketing.eu\/comunicati\/viaggi-e-vacanze\/inaugurazione-costa-pacifica-e-costa-luminosa\/#article","isPartOf":{"@id":"https:\/\/www.article-marketing.eu\/comunicati\/viaggi-e-vacanze\/inaugurazione-costa-pacifica-e-costa-luminosa\/"},"author":{"name":"Redazione Comunicati Stampa","@id":"https:\/\/www.article-marketing.eu\/comunicati\/#\/schema\/person\/44372e4d4d0fa797b18e03ed1ace9017"},"headline":"Inaugurazione Costa Pacifica e Costa Luminosa","datePublished":"2009-04-28T11:10:46+00:00","mainEntityOfPage":{"@id":"https:\/\/www.article-marketing.eu\/comunicati\/viaggi-e-vacanze\/inaugurazione-costa-pacifica-e-costa-luminosa\/"},"wordCount":499,"commentCount":0,"keywords":["Inaugurazione Costa Pacifica Costa Luminosa","varo Costa Luminosa","vedere varo costa pacifica"],"articleSection":["Viaggi e vacanze"],"inLanguage":"it-IT","potentialAction":[{"@type":"CommentAction","name":"Comment","target":["https:\/\/www.article-marketing.eu\/comunicati\/viaggi-e-vacanze\/inaugurazione-costa-pacifica-e-costa-luminosa\/#respond"]}]},{"@type":"WebPage","@id":"https:\/\/www.article-marketing.eu\/comunicati\/viaggi-e-vacanze\/inaugurazione-costa-pacifica-e-costa-luminosa\/","url":"https:\/\/www.article-marketing.eu\/comunicati\/viaggi-e-vacanze\/inaugurazione-costa-pacifica-e-costa-luminosa\/","name":"Inaugurazione Costa Pacifica e Costa Luminosa - Article Marketing","isPartOf":{"@id":"https:\/\/www.article-marketing.eu\/comunicati\/#website"},"datePublished":"2009-04-28T11:10:46+00:00","author":{"@id":"https:\/\/www.article-marketing.eu\/comunicati\/#\/schema\/person\/44372e4d4d0fa797b18e03ed1ace9017"},"breadcrumb":{"@id":"https:\/\/www.article-marketing.eu\/comunicati\/viaggi-e-vacanze\/inaugurazione-costa-pacifica-e-costa-luminosa\/#breadcrumb"},"inLanguage":"it-IT","potentialAction":[{"@type":"ReadAction","target":["https:\/\/www.article-marketing.eu\/comunicati\/viaggi-e-vacanze\/inaugurazione-costa-pacifica-e-costa-luminosa\/"]}]},{"@type":"BreadcrumbList","@id":"https:\/\/www.article-marketing.eu\/comunicati\/viaggi-e-vacanze\/inaugurazione-costa-pacifica-e-costa-luminosa\/#breadcrumb","itemListElement":[{"@type":"ListItem","position":1,"name":"Home","item":"https:\/\/www.article-marketing.eu\/comunicati\/"},{"@type":"ListItem","position":2,"name":"Inaugurazione Costa Pacifica e Costa Luminosa"}]},{"@type":"WebSite","@id":"https:\/\/www.article-marketing.eu\/comunicati\/#website","url":"https:\/\/www.article-marketing.eu\/comunicati\/","name":"Article Marketing","description":"article marketing &amp; press release","potentialAction":[{"@type":"SearchAction","target":{"@type":"EntryPoint","urlTemplate":"https:\/\/www.article-marketing.eu\/comunicati\/?s={search_term_string}"},"query-input":{"@type":"PropertyValueSpecification","valueRequired":true,"valueName":"search_term_string"}}],"inLanguage":"it-IT"},{"@type":"Person","@id":"https:\/\/www.article-marketing.eu\/comunicati\/#\/schema\/person\/44372e4d4d0fa797b18e03ed1ace9017","name":"Redazione Comunicati Stampa","image":{"@type":"ImageObject","inLanguage":"it-IT","@id":"https:\/\/www.article-marketing.eu\/comunicati\/#\/schema\/person\/image\/","url":"https:\/\/secure.gravatar.com\/avatar\/50e5c6421d3072f42e7ace803501602c60d75233d34e29fd05feb91c8760b792?s=96&d=mm&r=g","contentUrl":"https:\/\/secure.gravatar.com\/avatar\/50e5c6421d3072f42e7ace803501602c60d75233d34e29fd05feb91c8760b792?s=96&d=mm&r=g","caption":"Redazione Comunicati Stampa"},"url":"https:\/\/www.article-marketing.eu\/comunicati\/author\/redazione-comunicati-stampa\/"}]}},"_links":{"self":[{"href":"https:\/\/www.article-marketing.eu\/comunicati\/wp-json\/wp\/v2\/posts\/1877","targetHints":{"allow":["GET"]}}],"collection":[{"href":"https:\/\/www.article-marketing.eu\/comunicati\/wp-json\/wp\/v2\/posts"}],"about":[{"href":"https:\/\/www.article-marketing.eu\/comunicati\/wp-json\/wp\/v2\/types\/post"}],"author":[{"embeddable":true,"href":"https:\/\/www.article-marketing.eu\/comunicati\/wp-json\/wp\/v2\/users\/10"}],"replies":[{"embeddable":true,"href":"https:\/\/www.article-marketing.eu\/comunicati\/wp-json\/wp\/v2\/comments?post=1877"}],"version-history":[{"count":0,"href":"https:\/\/www.article-marketing.eu\/comunicati\/wp-json\/wp\/v2\/posts\/1877\/revisions"}],"wp:attachment":[{"href":"https:\/\/www.article-marketing.eu\/comunicati\/wp-json\/wp\/v2\/media?parent=1877"}],"wp:term":[{"taxonomy":"category","embeddable":true,"href":"https:\/\/www.article-marketing.eu\/comunicati\/wp-json\/wp\/v2\/categories?post=1877"},{"taxonomy":"post_tag","embeddable":true,"href":"https:\/\/www.article-marketing.eu\/comunicati\/wp-json\/wp\/v2\/tags?post=1877"}],"curies":[{"name":"wp","href":"https:\/\/api.w.org\/{rel}","templated":true}]}}