{"id":1881,"date":"2009-04-28T17:35:27","date_gmt":"2009-04-28T15:35:27","guid":{"rendered":"http:\/\/www.article-marketing.eu\/comunicati\/senza-categoria\/learning-week-145-nuovi-percorsi-approvati-per-gli-studenti-lombardi\/"},"modified":"2009-04-28T17:35:27","modified_gmt":"2009-04-28T15:35:27","slug":"learning-week-145-nuovi-percorsi-approvati-per-gli-studenti-lombardi","status":"publish","type":"post","link":"https:\/\/www.article-marketing.eu\/comunicati\/comunicati-stampa\/learning-week-145-nuovi-percorsi-approvati-per-gli-studenti-lombardi\/","title":{"rendered":"\u201cLearning Week\u201d:  145 nuovi percorsi approvati per gli studenti lombardi"},"content":{"rendered":"<p>Sono stati resi noti nei giorni scorsi i risultati relativi all\u2019ultimo ciclo di valutazione delle Learning Week, il progetto formativo voluto dalla Direzione Generale Istruzione Formazione Lavoro della Regione Lombardia e rivolto agli studenti lombardi degli ultimi tre anni degli Istituti Secondari Superiori. <\/p>\n<p>Curiosi e stimolanti i temi che animeranno i 145 nuovi percorsi formativi approvati e inseriti nel catalogo Learning Week, che andranno ad aggiungersi a quelli gi\u00e0 attivati nei cicli precedenti, per un totale di 348 percorsi. Tra questi, segnaliamo l\u2019originale \u201cCibo e cocktails molecolari\u201d, promosso dal Cr-Forma Azienda Speciale della Provincia di Cremona per la Gestione dei Servizi di Formazione Professionale, con la partecipazione dell\u2019Istituto Scolastico Galileo Galilei di Crema. Durante i sei giorni di attivit\u00e0 gli studenti alterneranno lezioni teoriche di cucina molecolare e fisiologia del gusto a sperimentazioni \u201csul campo\u201d, tra cui: visita al laboratorio di fisica gastronomica dell\u2019Universit\u00e0 degli Studi di Parma e test olfattivi e gustativi. Negli ultimi giorni si attiveranno anche i gruppi di lavoro ed i ragazzi saranno chiamati ad applicare le tecniche di cucina molecolare apprese per la realizzazione di alcuni prodotti. Non mancheranno, tra le altre Learning Week in catalogo, giornate dedicate alla scoperta delle stelle, alla regia e alla realizzazione di documentari, anche all\u2019estero, laboratori di fotografia digitale e full immersion nella lingua e nella cultura inglesi. Gli studenti degli Istituti Scolastici lombardi hanno gi\u00e0 prenotato 4.473 Doti per accedere ai percorsi Learning Week.<br \/>\nPer maggiori informazioni e approfondimenti vi invitiamo a consultare il catalogo completo sul sito http:\/\/www.learningweek.it.<\/p>\n<p>I ragazzi di tutte le province lombarde potranno arricchire le conoscenze scolastiche fuori dall\u2019aula, attraverso percorsi multidisciplinari innovativi e stimolanti che consentiranno loro di confrontarsi con il mondo del lavoro che li aspetta dopo gli studi, imparare a costruire nuove relazioni e mettere alla prova le proprie abilit\u00e0, sia sul piano professionale che su quello umano e personale. <\/p>\n<p>INFORMAZIONI GENERALI SULLE LEARNING WEEK <\/p>\n<p>Cosa sono: le Learning Week sono un progetto formativo, anche  a carattere residenziale, voluto dalla Direzione Generale Istruzione Formazione Lavoro della Regione Lombardia<\/p>\n<p>A chi si rivolgono: le Learning Week sono rivolte agli studenti lombardi che frequentano il 3\u00b0, 4\u00b0, 5\u00b0 anno degli Istituti Secondari Superiori, statali o paritari, e a quelli iscritti al 3\u00b0 o 4\u00b0 anno dei percorsi sperimentali di Diritto Dovere di Istruzione e Formazione Professionale (D.D.I.F.)<\/p>\n<p>Quanto durano:  le Learning Week hanno durata di una settimana, per un totale di 40 ore<\/p>\n<p>Come accedere: le Learning Week sono finanziate tramite lo strumento della \u201cDote\u201d : i percorsi possono essere selezionati dal Catalogo sul sito  http:\/\/www.learningweek.it e rivolgendosi all\u2019Istituzione Formativa titolare  del percorso o all\u2019Istituto Scolastico in rete.<\/p>\n<p>Per informazioni: Entertraining societ\u00e0 consortile a r.l, via Vida, 11 \u2013 20127 Milano.<br \/>\nInfoPoint: 02-33.572.348. L\u2019infoPoint \u00e8 aperto dal luned\u00ec al venerd\u00ec dalle ore 9.00 alle ore 12.00 e dalle ore 14.30 alle ore 16.30.<br \/>\nE-mail: info@learningweek.it Internet: http:\/\/www.learningweek.it<\/p>\n<p>UFFICIO STAMPA LEARNING WEEK<br \/>\nSimona Artanidi<br \/>\nTel. 339.1685505<br \/>\ne-mail: simona.artanidi@learningweek.it<\/p>\n","protected":false},"excerpt":{"rendered":"<p>Si \u00e8 chiuso nei giorni scorsi l\u2019ultimo ciclo di valutazione delle Learning Week, il progetto che prevede la realizzazione di percorsi formativi integrativi alle normali attivit\u00e0 scolastiche per gli studenti lombardi degli Istituti Secondari Superiori. 145 i nuovi percorsi approvati che completeranno il catalogo, per un totale di 348 Learning Week<\/p>\n","protected":false},"author":10,"featured_media":0,"comment_status":"open","ping_status":"open","sticky":false,"template":"","format":"standard","meta":{"cybocfi_hide_featured_image":"","footnotes":""},"categories":[190],"tags":[],"class_list":["post-1881","post","type-post","status-publish","format-standard","hentry","category-comunicati-stampa"],"yoast_head":"<!-- This site is optimized with the Yoast SEO plugin v27.0 - https:\/\/yoast.com\/product\/yoast-seo-wordpress\/ -->\n<title>\u201cLearning Week\u201d: 145 nuovi percorsi approvati per gli studenti lombardi - Article Marketing<\/title>\n<meta name=\"robots\" content=\"index, follow, max-snippet:-1, max-image-preview:large, max-video-preview:-1\" \/>\n<link rel=\"canonical\" href=\"https:\/\/www.article-marketing.eu\/comunicati\/comunicati-stampa\/learning-week-145-nuovi-percorsi-approvati-per-gli-studenti-lombardi\/\" \/>\n<meta property=\"og:locale\" content=\"it_IT\" \/>\n<meta property=\"og:type\" content=\"article\" \/>\n<meta property=\"og:title\" content=\"\u201cLearning Week\u201d: 145 nuovi percorsi approvati per gli studenti lombardi - Article Marketing\" \/>\n<meta property=\"og:description\" content=\"Si \u00e8 chiuso nei giorni scorsi l\u2019ultimo ciclo di valutazione delle Learning Week, il progetto che prevede la realizzazione di percorsi formativi integrativi alle normali attivit\u00e0 scolastiche per gli studenti lombardi degli Istituti Secondari Superiori. 145 i nuovi percorsi approvati che completeranno il catalogo, per un totale di 348 Learning Week\" \/>\n<meta property=\"og:url\" content=\"https:\/\/www.article-marketing.eu\/comunicati\/comunicati-stampa\/learning-week-145-nuovi-percorsi-approvati-per-gli-studenti-lombardi\/\" \/>\n<meta property=\"og:site_name\" content=\"Article Marketing\" \/>\n<meta property=\"article:published_time\" content=\"2009-04-28T15:35:27+00:00\" \/>\n<meta name=\"author\" content=\"Redazione Comunicati Stampa\" \/>\n<meta name=\"twitter:card\" content=\"summary_large_image\" \/>\n<meta name=\"twitter:label1\" content=\"Scritto da\" \/>\n\t<meta name=\"twitter:data1\" content=\"Redazione Comunicati Stampa\" \/>\n\t<meta name=\"twitter:label2\" content=\"Tempo di lettura stimato\" \/>\n\t<meta name=\"twitter:data2\" content=\"2 minuti\" \/>\n<script type=\"application\/ld+json\" class=\"yoast-schema-graph\">{\"@context\":\"https:\/\/schema.org\",\"@graph\":[{\"@type\":\"Article\",\"@id\":\"https:\/\/www.article-marketing.eu\/comunicati\/comunicati-stampa\/learning-week-145-nuovi-percorsi-approvati-per-gli-studenti-lombardi\/#article\",\"isPartOf\":{\"@id\":\"https:\/\/www.article-marketing.eu\/comunicati\/comunicati-stampa\/learning-week-145-nuovi-percorsi-approvati-per-gli-studenti-lombardi\/\"},\"author\":{\"name\":\"Redazione Comunicati Stampa\",\"@id\":\"https:\/\/www.article-marketing.eu\/comunicati\/#\/schema\/person\/44372e4d4d0fa797b18e03ed1ace9017\"},\"headline\":\"\u201cLearning Week\u201d: 145 nuovi percorsi approvati per gli studenti lombardi\",\"datePublished\":\"2009-04-28T15:35:27+00:00\",\"mainEntityOfPage\":{\"@id\":\"https:\/\/www.article-marketing.eu\/comunicati\/comunicati-stampa\/learning-week-145-nuovi-percorsi-approvati-per-gli-studenti-lombardi\/\"},\"wordCount\":501,\"commentCount\":0,\"articleSection\":[\"Comunicati stampa\"],\"inLanguage\":\"it-IT\",\"potentialAction\":[{\"@type\":\"CommentAction\",\"name\":\"Comment\",\"target\":[\"https:\/\/www.article-marketing.eu\/comunicati\/comunicati-stampa\/learning-week-145-nuovi-percorsi-approvati-per-gli-studenti-lombardi\/#respond\"]}]},{\"@type\":\"WebPage\",\"@id\":\"https:\/\/www.article-marketing.eu\/comunicati\/comunicati-stampa\/learning-week-145-nuovi-percorsi-approvati-per-gli-studenti-lombardi\/\",\"url\":\"https:\/\/www.article-marketing.eu\/comunicati\/comunicati-stampa\/learning-week-145-nuovi-percorsi-approvati-per-gli-studenti-lombardi\/\",\"name\":\"\u201cLearning Week\u201d: 145 nuovi percorsi approvati per gli studenti lombardi - Article Marketing\",\"isPartOf\":{\"@id\":\"https:\/\/www.article-marketing.eu\/comunicati\/#website\"},\"datePublished\":\"2009-04-28T15:35:27+00:00\",\"author\":{\"@id\":\"https:\/\/www.article-marketing.eu\/comunicati\/#\/schema\/person\/44372e4d4d0fa797b18e03ed1ace9017\"},\"breadcrumb\":{\"@id\":\"https:\/\/www.article-marketing.eu\/comunicati\/comunicati-stampa\/learning-week-145-nuovi-percorsi-approvati-per-gli-studenti-lombardi\/#breadcrumb\"},\"inLanguage\":\"it-IT\",\"potentialAction\":[{\"@type\":\"ReadAction\",\"target\":[\"https:\/\/www.article-marketing.eu\/comunicati\/comunicati-stampa\/learning-week-145-nuovi-percorsi-approvati-per-gli-studenti-lombardi\/\"]}]},{\"@type\":\"BreadcrumbList\",\"@id\":\"https:\/\/www.article-marketing.eu\/comunicati\/comunicati-stampa\/learning-week-145-nuovi-percorsi-approvati-per-gli-studenti-lombardi\/#breadcrumb\",\"itemListElement\":[{\"@type\":\"ListItem\",\"position\":1,\"name\":\"Home\",\"item\":\"https:\/\/www.article-marketing.eu\/comunicati\/\"},{\"@type\":\"ListItem\",\"position\":2,\"name\":\"\u201cLearning Week\u201d: 145 nuovi percorsi approvati per gli studenti lombardi\"}]},{\"@type\":\"WebSite\",\"@id\":\"https:\/\/www.article-marketing.eu\/comunicati\/#website\",\"url\":\"https:\/\/www.article-marketing.eu\/comunicati\/\",\"name\":\"Article Marketing\",\"description\":\"article marketing &amp; press release\",\"potentialAction\":[{\"@type\":\"SearchAction\",\"target\":{\"@type\":\"EntryPoint\",\"urlTemplate\":\"https:\/\/www.article-marketing.eu\/comunicati\/?s={search_term_string}\"},\"query-input\":{\"@type\":\"PropertyValueSpecification\",\"valueRequired\":true,\"valueName\":\"search_term_string\"}}],\"inLanguage\":\"it-IT\"},{\"@type\":\"Person\",\"@id\":\"https:\/\/www.article-marketing.eu\/comunicati\/#\/schema\/person\/44372e4d4d0fa797b18e03ed1ace9017\",\"name\":\"Redazione Comunicati Stampa\",\"image\":{\"@type\":\"ImageObject\",\"inLanguage\":\"it-IT\",\"@id\":\"https:\/\/www.article-marketing.eu\/comunicati\/#\/schema\/person\/image\/\",\"url\":\"https:\/\/secure.gravatar.com\/avatar\/50e5c6421d3072f42e7ace803501602c60d75233d34e29fd05feb91c8760b792?s=96&d=mm&r=g\",\"contentUrl\":\"https:\/\/secure.gravatar.com\/avatar\/50e5c6421d3072f42e7ace803501602c60d75233d34e29fd05feb91c8760b792?s=96&d=mm&r=g\",\"caption\":\"Redazione Comunicati Stampa\"},\"url\":\"https:\/\/www.article-marketing.eu\/comunicati\/author\/redazione-comunicati-stampa\/\"}]}<\/script>\n<!-- \/ Yoast SEO plugin. -->","yoast_head_json":{"title":"\u201cLearning Week\u201d: 145 nuovi percorsi approvati per gli studenti lombardi - Article Marketing","robots":{"index":"index","follow":"follow","max-snippet":"max-snippet:-1","max-image-preview":"max-image-preview:large","max-video-preview":"max-video-preview:-1"},"canonical":"https:\/\/www.article-marketing.eu\/comunicati\/comunicati-stampa\/learning-week-145-nuovi-percorsi-approvati-per-gli-studenti-lombardi\/","og_locale":"it_IT","og_type":"article","og_title":"\u201cLearning Week\u201d: 145 nuovi percorsi approvati per gli studenti lombardi - Article Marketing","og_description":"Si \u00e8 chiuso nei giorni scorsi l\u2019ultimo ciclo di valutazione delle Learning Week, il progetto che prevede la realizzazione di percorsi formativi integrativi alle normali attivit\u00e0 scolastiche per gli studenti lombardi degli Istituti Secondari Superiori. 145 i nuovi percorsi approvati che completeranno il catalogo, per un totale di 348 Learning Week","og_url":"https:\/\/www.article-marketing.eu\/comunicati\/comunicati-stampa\/learning-week-145-nuovi-percorsi-approvati-per-gli-studenti-lombardi\/","og_site_name":"Article Marketing","article_published_time":"2009-04-28T15:35:27+00:00","author":"Redazione Comunicati Stampa","twitter_card":"summary_large_image","twitter_misc":{"Scritto da":"Redazione Comunicati Stampa","Tempo di lettura stimato":"2 minuti"},"schema":{"@context":"https:\/\/schema.org","@graph":[{"@type":"Article","@id":"https:\/\/www.article-marketing.eu\/comunicati\/comunicati-stampa\/learning-week-145-nuovi-percorsi-approvati-per-gli-studenti-lombardi\/#article","isPartOf":{"@id":"https:\/\/www.article-marketing.eu\/comunicati\/comunicati-stampa\/learning-week-145-nuovi-percorsi-approvati-per-gli-studenti-lombardi\/"},"author":{"name":"Redazione Comunicati Stampa","@id":"https:\/\/www.article-marketing.eu\/comunicati\/#\/schema\/person\/44372e4d4d0fa797b18e03ed1ace9017"},"headline":"\u201cLearning Week\u201d: 145 nuovi percorsi approvati per gli studenti lombardi","datePublished":"2009-04-28T15:35:27+00:00","mainEntityOfPage":{"@id":"https:\/\/www.article-marketing.eu\/comunicati\/comunicati-stampa\/learning-week-145-nuovi-percorsi-approvati-per-gli-studenti-lombardi\/"},"wordCount":501,"commentCount":0,"articleSection":["Comunicati stampa"],"inLanguage":"it-IT","potentialAction":[{"@type":"CommentAction","name":"Comment","target":["https:\/\/www.article-marketing.eu\/comunicati\/comunicati-stampa\/learning-week-145-nuovi-percorsi-approvati-per-gli-studenti-lombardi\/#respond"]}]},{"@type":"WebPage","@id":"https:\/\/www.article-marketing.eu\/comunicati\/comunicati-stampa\/learning-week-145-nuovi-percorsi-approvati-per-gli-studenti-lombardi\/","url":"https:\/\/www.article-marketing.eu\/comunicati\/comunicati-stampa\/learning-week-145-nuovi-percorsi-approvati-per-gli-studenti-lombardi\/","name":"\u201cLearning Week\u201d: 145 nuovi percorsi approvati per gli studenti lombardi - Article Marketing","isPartOf":{"@id":"https:\/\/www.article-marketing.eu\/comunicati\/#website"},"datePublished":"2009-04-28T15:35:27+00:00","author":{"@id":"https:\/\/www.article-marketing.eu\/comunicati\/#\/schema\/person\/44372e4d4d0fa797b18e03ed1ace9017"},"breadcrumb":{"@id":"https:\/\/www.article-marketing.eu\/comunicati\/comunicati-stampa\/learning-week-145-nuovi-percorsi-approvati-per-gli-studenti-lombardi\/#breadcrumb"},"inLanguage":"it-IT","potentialAction":[{"@type":"ReadAction","target":["https:\/\/www.article-marketing.eu\/comunicati\/comunicati-stampa\/learning-week-145-nuovi-percorsi-approvati-per-gli-studenti-lombardi\/"]}]},{"@type":"BreadcrumbList","@id":"https:\/\/www.article-marketing.eu\/comunicati\/comunicati-stampa\/learning-week-145-nuovi-percorsi-approvati-per-gli-studenti-lombardi\/#breadcrumb","itemListElement":[{"@type":"ListItem","position":1,"name":"Home","item":"https:\/\/www.article-marketing.eu\/comunicati\/"},{"@type":"ListItem","position":2,"name":"\u201cLearning Week\u201d: 145 nuovi percorsi approvati per gli studenti lombardi"}]},{"@type":"WebSite","@id":"https:\/\/www.article-marketing.eu\/comunicati\/#website","url":"https:\/\/www.article-marketing.eu\/comunicati\/","name":"Article Marketing","description":"article marketing &amp; press release","potentialAction":[{"@type":"SearchAction","target":{"@type":"EntryPoint","urlTemplate":"https:\/\/www.article-marketing.eu\/comunicati\/?s={search_term_string}"},"query-input":{"@type":"PropertyValueSpecification","valueRequired":true,"valueName":"search_term_string"}}],"inLanguage":"it-IT"},{"@type":"Person","@id":"https:\/\/www.article-marketing.eu\/comunicati\/#\/schema\/person\/44372e4d4d0fa797b18e03ed1ace9017","name":"Redazione Comunicati Stampa","image":{"@type":"ImageObject","inLanguage":"it-IT","@id":"https:\/\/www.article-marketing.eu\/comunicati\/#\/schema\/person\/image\/","url":"https:\/\/secure.gravatar.com\/avatar\/50e5c6421d3072f42e7ace803501602c60d75233d34e29fd05feb91c8760b792?s=96&d=mm&r=g","contentUrl":"https:\/\/secure.gravatar.com\/avatar\/50e5c6421d3072f42e7ace803501602c60d75233d34e29fd05feb91c8760b792?s=96&d=mm&r=g","caption":"Redazione Comunicati Stampa"},"url":"https:\/\/www.article-marketing.eu\/comunicati\/author\/redazione-comunicati-stampa\/"}]}},"_links":{"self":[{"href":"https:\/\/www.article-marketing.eu\/comunicati\/wp-json\/wp\/v2\/posts\/1881","targetHints":{"allow":["GET"]}}],"collection":[{"href":"https:\/\/www.article-marketing.eu\/comunicati\/wp-json\/wp\/v2\/posts"}],"about":[{"href":"https:\/\/www.article-marketing.eu\/comunicati\/wp-json\/wp\/v2\/types\/post"}],"author":[{"embeddable":true,"href":"https:\/\/www.article-marketing.eu\/comunicati\/wp-json\/wp\/v2\/users\/10"}],"replies":[{"embeddable":true,"href":"https:\/\/www.article-marketing.eu\/comunicati\/wp-json\/wp\/v2\/comments?post=1881"}],"version-history":[{"count":0,"href":"https:\/\/www.article-marketing.eu\/comunicati\/wp-json\/wp\/v2\/posts\/1881\/revisions"}],"wp:attachment":[{"href":"https:\/\/www.article-marketing.eu\/comunicati\/wp-json\/wp\/v2\/media?parent=1881"}],"wp:term":[{"taxonomy":"category","embeddable":true,"href":"https:\/\/www.article-marketing.eu\/comunicati\/wp-json\/wp\/v2\/categories?post=1881"},{"taxonomy":"post_tag","embeddable":true,"href":"https:\/\/www.article-marketing.eu\/comunicati\/wp-json\/wp\/v2\/tags?post=1881"}],"curies":[{"name":"wp","href":"https:\/\/api.w.org\/{rel}","templated":true}]}}