{"id":1882,"date":"2009-04-28T18:02:57","date_gmt":"2009-04-28T16:02:57","guid":{"rendered":"http:\/\/www.article-marketing.eu\/comunicati\/senza-categoria\/csr-e-sostenibilit%e0-come-vettori-di-crescita-il-caso-mazzali\/"},"modified":"2009-04-28T18:02:57","modified_gmt":"2009-04-28T16:02:57","slug":"csr-e-sostenibilit%e0-come-vettori-di-crescita-il-caso-mazzali","status":"publish","type":"post","link":"https:\/\/www.article-marketing.eu\/comunicati\/economia-e-lavoro\/marketing\/csr-e-sostenibilit%e0-come-vettori-di-crescita-il-caso-mazzali\/","title":{"rendered":"CSR e sostenibilit\u00e0 come vettori di crescita: il caso Mazzali"},"content":{"rendered":"<p style=\"TEXT-ALIGN: justify\">La responsabilit\u00e0 sociale in Mazzali, azienda produttrice di mobili, &nbsp;\u00e8 oggi sempre pi\u00f9 un vettore strategico, una visione ed un approccio culturale al business. <\/p>\n<p style=\"TEXT-ALIGN: justify\">Ma responsabilit\u00e0 sociale e sostenibilit\u00e0 sono e sono stati&nbsp; anche e soprattutto driver fondamentali di crescita e differenziazione. Hanno impattato sugli asset intangibili, come volano di promozione e valorizzazione dell\u2019azienda, hanno permesso una forte differenziazione rispetto ai competitor, generando un importante vantaggio competitivo, hanno dato il via una significativa crescita dei volumi, sono stati un importante vettore di miglioramento e crescita nei rapporti con la comunit\u00e0 e l\u2019ambiente in senso lato, hanno permesso all\u2019azienda di acquisire competenze e migliorare la sua offerta grazie ad un continuo e costruttivo confronto con gli stakeholder.<\/p>\n<p style=\"TEXT-ALIGN: justify\">&nbsp;<\/p>\n<p style=\"TEXT-ALIGN: justify\">La scelta di una produzione sostenibile ha avuto nel concreto impatti rilevanti sull\u2019offerta e il posizionamento Mazzali. Dal 1998, anno in cui veniva presentata la prima linea di prodotti progettati in un\u2019ottica di basso impatto ambientale (linea Isola Verde ), i volumi di vendita di tale linea sono cos\u00ec cresciuti che hanno poi modificato il modo di fare industria dell\u2019azienda, tale da rendere quella che era inizialmente un progetto legato ad una determinata categoria di prodotti, un approccio che coinvolge tutto l\u2019ambito produttivo.<\/p>\n<p style=\"TEXT-ALIGN: justify\">&nbsp;<\/p>\n<p style=\"TEXT-ALIGN: justify\">In quest\u2019ottica la ricerca aziendale si \u00e8 sempre pi\u00f9 focalizzata, anche in collaborazione con gli stakeholders, verso prodotti che avessero un ridotto impatto ambientale.<\/p>\n<p style=\"TEXT-ALIGN: justify\">&nbsp;<\/p>\n<p style=\"TEXT-ALIGN: justify\">Sottolineiamo, al fine di non cadere in facili retoriche, che la Mazzali \u00e8 consapevole di creare impatto ambientale. <\/p>\n<p style=\"TEXT-ALIGN: justify\">L\u2019impegno in questi anni \u00e8 stato quello di ridurre progressivamente tale impatto attraverso una continua ricerca di nuove tecnologie e la selezione della materia prima utilizzata. <\/p>\n<p style=\"TEXT-ALIGN: justify\">Tre le direttrici verso cui l\u2019azienda Mazzali si \u00e8 mossa: l\u2019unit\u00e0 produttiva, il prodotto, la verniciatura.<\/p>\n<p style=\"TEXT-ALIGN: justify\">&nbsp;<\/p>\n<p><strong><u>L\u2019unit\u00e0 produttiva<\/u><\/strong>: <\/p>\n<p>&nbsp;<\/p>\n<p style=\"TEXT-ALIGN: justify\">&#8211; Effettuati rilevanti investimenti per l&#8217;abbattimento delle sostanze volatili da vernice che si disperdono nell&#8217;aria durante il processo di verniciatura (overspray&#8230;) attraverso l&#8217;utilizzo combinato di &quot;cabine a velo d&#8217;acqua&quot; e condotte di aspirazione. &nbsp;<\/p>\n<p style=\"TEXT-ALIGN: justify\">&#8211; L&#8217;acqua viene raccolta in apposite cisterne ed affidata, per il suo smaltimento, a societ\u00e0 specializzate autorizzate dal ministero. Le condotte di aspirazione hanno speciali filtri di abbattimento.<\/p>\n<p style=\"TEXT-ALIGN: justify\">&#8211; Implementato un progetto continuo di ricerca per la riduzione della quantit\u00e0 di vernice spruzzata su ogni singolo pezzo (fermo restando i requisiti di durata, resistenza, estetica) con l&#8217;obiettivo di diminuire la quantit\u00e0 di sostanze volatili che si disperdono.<\/p>\n<p style=\"TEXT-ALIGN: justify\">&#8211; Attuato un piano per la raccolta differenziata degli scarti della lavorazione: legno, materiali speciali, carta ed affini. Tutti i nostri scarti e rifiuti vengono o riciclati o smaltiti senza recare danno all&#8217;ambiente.<\/p>\n<p style=\"TEXT-ALIGN: justify\">&#8211;&nbsp; Ridotto l&#8217;inquinamento acustico attraverso sostituzioni e modifiche degli impianti.<\/p>\n<p style=\"TEXT-ALIGN: justify\">&nbsp;<\/p>\n<p><strong><u>Il prodotto<\/u><\/strong>:&nbsp;<\/p>\n<p>&nbsp;<\/p>\n<p style=\"TEXT-ALIGN: justify\">Il legno \u00e8 la nostra materia dell\u2019azienda; lo sforzo \u00e8 stato quello di garantire alle generazioni future e a noi stessi la sua disponibilit\u00e0. Inoltre ci siamo imposti di bandire colle e materiali etichettati come tossici o dannosi per la salute e di ridurre l&#8217;utilizzo di colle contenenti formaldeide. In quest&#8217;ottica:&nbsp; <\/p>\n<p style=\"TEXT-ALIGN: justify\">&#8211; Negli armadi utilizziano per il 95% legno a riforestazione programmata e per il 5% legno proveniente da zone i cui governi hanno sottoscritto un impegno a campagne di ripiantumazione.<\/p>\n<p style=\"TEXT-ALIGN: justify\">&#8211; Nei gruppi letto utilizzano esclusivamente legni a riforestazione programmata.<\/p>\n<p style=\"TEXT-ALIGN: justify\">&#8211; Le colle impiegata nella struttura dell&#8217;armadio sono per il 50% colle a base acqua e per il 50% colle a base ureica in classe E1 a bassa emissione di formaldeide secondo quanto dispone la normative tedesca.<\/p>\n<p style=\"TEXT-ALIGN: justify\">&#8211; La scelta di utilizzare ante in tamburato di compensato con massello in abete ci ha consentito si ridurre del 98%, rispetto ad un armadio in truciolare, l&#8217;utilizzo di colle sintetiche contenenti formaldeide.<\/p>\n<p style=\"TEXT-ALIGN: justify\">&#8211; Per la realizzazione della struttura alveolare utilizziano cartone riciclato e l&#8217;incollaggio \u00e8 effettuato con colla a base vegetale (fecola, patate&#8230;)<\/p>\n<p style=\"TEXT-ALIGN: justify\">&#8211; I pannelli delle ante&nbsp; e della struttura in mdf&nbsp; sono esclusivamente in classe E1 a bassa emissione di formaldeide.<\/p>\n<p>&nbsp;<\/p>\n<p><strong><u>La verniciatura<\/u><\/strong><\/p>\n<p><strong><u><\/u><\/strong><\/p>\n<p style=\"TEXT-ALIGN: justify\">Una delle pi\u00f9 <u>gravi forme di inquinamento<\/u> dell&#8217;atmosfera sono i composti organici volatili che si generano nel processo di asciugatura delle vernici. Tali composti se contengono, tra l&#8217;altro, sostante tossiche possono creare danni irreversibili all&#8217;ambiente e gravi danni alla salute della persona. In quest&#8217;ottica: &nbsp; <\/p>\n<p style=\"TEXT-ALIGN: justify\">&#8211; Sono state bandite qualsiasi tipo di vernice che contenesse sostanze etichettate come tossiche ed in particolare piombo, amianto, formaldeide. <\/p>\n<p style=\"TEXT-ALIGN: justify\">&#8211; Sono state realizzate finiture con ciclo misto all\u2019acqua che utilizzando metodologie combinate (acqua, UV, acrilico) e materiali a poro aperto riducono del 75% l&#8217;emissione di solventi rispetto alle finiture tradizionali laccate. <\/p>\n<p style=\"TEXT-ALIGN: justify\">&#8211; Le parti interne sono verniciate esclusivamente ad UV con una riduzione 95% delle emissione di sostanze organiche volatili rispetto alle finiture tradizionali laccate.<\/p>\n<p>&#8211; E\u2019 stata realizzata la finitura \u201c100% Acqua\u201d che vanta il marchio comunitario LIFE per lo \u201csviluppo durevole e sostenibile\u201d e le certificazioni UNI EN 71-3 per le vernici all\u2019acqua e la sicurezza dei giocattoli e la 97\/48\/CE come vernice idonea al contatto con sostanze alimentari per una garanzia assoluta di tutela della salute del consumatore e dell\u2019ambiente.<\/p>\n<p>&nbsp;<\/p>\n","protected":false},"excerpt":{"rendered":"<p>L&#8217;esperienza Mazzali dove sostenibilit\u00e0 e responsabilit\u00e0 sociale sono divenuti vettori strategici di crescita<\/p>\n","protected":false},"author":10,"featured_media":0,"comment_status":"open","ping_status":"open","sticky":false,"template":"","format":"standard","meta":{"cybocfi_hide_featured_image":"","footnotes":""},"categories":[103],"tags":[576,1300,575,5972,577,578],"class_list":["post-1882","post","type-post","status-publish","format-standard","hentry","category-marketing","tag-arredamento","tag-csr","tag-mobili","tag-rsi","tag-sostenibilita","tag-sviluppo-sostenibile"],"yoast_head":"<!-- This site is optimized with the Yoast SEO plugin v27.0 - https:\/\/yoast.com\/product\/yoast-seo-wordpress\/ -->\n<title>CSR e sostenibilit\u00e0 come vettori di crescita: il caso Mazzali - Article Marketing<\/title>\n<meta name=\"robots\" content=\"index, follow, max-snippet:-1, max-image-preview:large, max-video-preview:-1\" \/>\n<link rel=\"canonical\" href=\"https:\/\/www.article-marketing.eu\/comunicati\/economia-e-lavoro\/marketing\/csr-e-sostenibilit?-come-vettori-di-crescita-il-caso-mazzali\/\" \/>\n<meta property=\"og:locale\" content=\"it_IT\" \/>\n<meta property=\"og:type\" content=\"article\" \/>\n<meta property=\"og:title\" content=\"CSR e sostenibilit\u00e0 come vettori di crescita: il caso Mazzali - Article Marketing\" \/>\n<meta property=\"og:description\" content=\"L&#039;esperienza Mazzali dove sostenibilit\u00e0 e responsabilit\u00e0 sociale sono divenuti vettori strategici di crescita\" \/>\n<meta property=\"og:url\" content=\"\" \/>\n<meta property=\"og:site_name\" content=\"Article Marketing\" \/>\n<meta property=\"article:published_time\" content=\"2009-04-28T16:02:57+00:00\" \/>\n<meta name=\"author\" content=\"Redazione Comunicati Stampa\" \/>\n<meta name=\"twitter:card\" content=\"summary_large_image\" \/>\n<meta name=\"twitter:label1\" content=\"Scritto da\" \/>\n\t<meta name=\"twitter:data1\" content=\"Redazione Comunicati Stampa\" \/>\n\t<meta name=\"twitter:label2\" content=\"Tempo di lettura stimato\" \/>\n\t<meta name=\"twitter:data2\" content=\"4 minuti\" \/>\n<script type=\"application\/ld+json\" class=\"yoast-schema-graph\">{\"@context\":\"https:\/\/schema.org\",\"@graph\":[{\"@type\":\"Article\",\"@id\":\"https:\/\/www.article-marketing.eu\/comunicati\/economia-e-lavoro\/marketing\/csr-e-sostenibilit%e0-come-vettori-di-crescita-il-caso-mazzali\/#article\",\"isPartOf\":{\"@id\":\"https:\/\/www.article-marketing.eu\/comunicati\/economia-e-lavoro\/marketing\/csr-e-sostenibilit%e0-come-vettori-di-crescita-il-caso-mazzali\/\"},\"author\":{\"name\":\"Redazione Comunicati Stampa\",\"@id\":\"https:\/\/www.article-marketing.eu\/comunicati\/#\/schema\/person\/44372e4d4d0fa797b18e03ed1ace9017\"},\"headline\":\"CSR e sostenibilit\u00e0 come vettori di crescita: il caso Mazzali\",\"datePublished\":\"2009-04-28T16:02:57+00:00\",\"mainEntityOfPage\":{\"@id\":\"https:\/\/www.article-marketing.eu\/comunicati\/economia-e-lavoro\/marketing\/csr-e-sostenibilit%e0-come-vettori-di-crescita-il-caso-mazzali\/\"},\"wordCount\":840,\"commentCount\":0,\"keywords\":[\"arredamento\",\"csr\",\"mobili\",\"rsi\",\"sostenibilit\u00e0\",\"sviluppo sostenibile\"],\"articleSection\":[\"Marketing\"],\"inLanguage\":\"it-IT\",\"potentialAction\":[{\"@type\":\"CommentAction\",\"name\":\"Comment\",\"target\":[\"https:\/\/www.article-marketing.eu\/comunicati\/economia-e-lavoro\/marketing\/csr-e-sostenibilit%e0-come-vettori-di-crescita-il-caso-mazzali\/#respond\"]}]},{\"@type\":\"WebPage\",\"@id\":\"https:\/\/www.article-marketing.eu\/comunicati\/economia-e-lavoro\/marketing\/csr-e-sostenibilit%e0-come-vettori-di-crescita-il-caso-mazzali\/\",\"url\":\"https:\/\/www.article-marketing.eu\/comunicati\/economia-e-lavoro\/marketing\/csr-e-sostenibilit%e0-come-vettori-di-crescita-il-caso-mazzali\/\",\"name\":\"CSR e sostenibilit\u00e0 come vettori di crescita: il caso Mazzali - Article Marketing\",\"isPartOf\":{\"@id\":\"https:\/\/www.article-marketing.eu\/comunicati\/#website\"},\"datePublished\":\"2009-04-28T16:02:57+00:00\",\"author\":{\"@id\":\"https:\/\/www.article-marketing.eu\/comunicati\/#\/schema\/person\/44372e4d4d0fa797b18e03ed1ace9017\"},\"breadcrumb\":{\"@id\":\"https:\/\/www.article-marketing.eu\/comunicati\/economia-e-lavoro\/marketing\/csr-e-sostenibilit%e0-come-vettori-di-crescita-il-caso-mazzali\/#breadcrumb\"},\"inLanguage\":\"it-IT\",\"potentialAction\":[{\"@type\":\"ReadAction\",\"target\":[\"https:\/\/www.article-marketing.eu\/comunicati\/economia-e-lavoro\/marketing\/csr-e-sostenibilit%e0-come-vettori-di-crescita-il-caso-mazzali\/\"]}]},{\"@type\":\"BreadcrumbList\",\"@id\":\"https:\/\/www.article-marketing.eu\/comunicati\/economia-e-lavoro\/marketing\/csr-e-sostenibilit%e0-come-vettori-di-crescita-il-caso-mazzali\/#breadcrumb\",\"itemListElement\":[{\"@type\":\"ListItem\",\"position\":1,\"name\":\"Home\",\"item\":\"https:\/\/www.article-marketing.eu\/comunicati\/\"},{\"@type\":\"ListItem\",\"position\":2,\"name\":\"CSR e sostenibilit\u00e0 come vettori di crescita: il caso Mazzali\"}]},{\"@type\":\"WebSite\",\"@id\":\"https:\/\/www.article-marketing.eu\/comunicati\/#website\",\"url\":\"https:\/\/www.article-marketing.eu\/comunicati\/\",\"name\":\"Article Marketing\",\"description\":\"article marketing &amp; press release\",\"potentialAction\":[{\"@type\":\"SearchAction\",\"target\":{\"@type\":\"EntryPoint\",\"urlTemplate\":\"https:\/\/www.article-marketing.eu\/comunicati\/?s={search_term_string}\"},\"query-input\":{\"@type\":\"PropertyValueSpecification\",\"valueRequired\":true,\"valueName\":\"search_term_string\"}}],\"inLanguage\":\"it-IT\"},{\"@type\":\"Person\",\"@id\":\"https:\/\/www.article-marketing.eu\/comunicati\/#\/schema\/person\/44372e4d4d0fa797b18e03ed1ace9017\",\"name\":\"Redazione Comunicati Stampa\",\"image\":{\"@type\":\"ImageObject\",\"inLanguage\":\"it-IT\",\"@id\":\"https:\/\/www.article-marketing.eu\/comunicati\/#\/schema\/person\/image\/\",\"url\":\"https:\/\/secure.gravatar.com\/avatar\/50e5c6421d3072f42e7ace803501602c60d75233d34e29fd05feb91c8760b792?s=96&d=mm&r=g\",\"contentUrl\":\"https:\/\/secure.gravatar.com\/avatar\/50e5c6421d3072f42e7ace803501602c60d75233d34e29fd05feb91c8760b792?s=96&d=mm&r=g\",\"caption\":\"Redazione Comunicati Stampa\"},\"url\":\"https:\/\/www.article-marketing.eu\/comunicati\/author\/redazione-comunicati-stampa\/\"}]}<\/script>\n<!-- \/ Yoast SEO plugin. -->","yoast_head_json":{"title":"CSR e sostenibilit\u00e0 come vettori di crescita: il caso Mazzali - Article Marketing","robots":{"index":"index","follow":"follow","max-snippet":"max-snippet:-1","max-image-preview":"max-image-preview:large","max-video-preview":"max-video-preview:-1"},"canonical":"https:\/\/www.article-marketing.eu\/comunicati\/economia-e-lavoro\/marketing\/csr-e-sostenibilit?-come-vettori-di-crescita-il-caso-mazzali\/","og_locale":"it_IT","og_type":"article","og_title":"CSR e sostenibilit\u00e0 come vettori di crescita: il caso Mazzali - Article Marketing","og_description":"L'esperienza Mazzali dove sostenibilit\u00e0 e responsabilit\u00e0 sociale sono divenuti vettori strategici di crescita","og_url":"https:\/\/www.article-marketing.eu\/comunicati\/economia-e-lavoro\/marketing\/csr-e-sostenibilit?-come-vettori-di-crescita-il-caso-mazzali\/","og_site_name":"Article Marketing","article_published_time":"2009-04-28T16:02:57+00:00","author":"Redazione Comunicati Stampa","twitter_card":"summary_large_image","twitter_misc":{"Scritto da":"Redazione Comunicati Stampa","Tempo di lettura stimato":"4 minuti"},"schema":{"@context":"https:\/\/schema.org","@graph":[{"@type":"Article","@id":"https:\/\/www.article-marketing.eu\/comunicati\/economia-e-lavoro\/marketing\/csr-e-sostenibilit%e0-come-vettori-di-crescita-il-caso-mazzali\/#article","isPartOf":{"@id":"https:\/\/www.article-marketing.eu\/comunicati\/economia-e-lavoro\/marketing\/csr-e-sostenibilit%e0-come-vettori-di-crescita-il-caso-mazzali\/"},"author":{"name":"Redazione Comunicati Stampa","@id":"https:\/\/www.article-marketing.eu\/comunicati\/#\/schema\/person\/44372e4d4d0fa797b18e03ed1ace9017"},"headline":"CSR e sostenibilit\u00e0 come vettori di crescita: il caso Mazzali","datePublished":"2009-04-28T16:02:57+00:00","mainEntityOfPage":{"@id":"https:\/\/www.article-marketing.eu\/comunicati\/economia-e-lavoro\/marketing\/csr-e-sostenibilit%e0-come-vettori-di-crescita-il-caso-mazzali\/"},"wordCount":840,"commentCount":0,"keywords":["arredamento","csr","mobili","rsi","sostenibilit\u00e0","sviluppo sostenibile"],"articleSection":["Marketing"],"inLanguage":"it-IT","potentialAction":[{"@type":"CommentAction","name":"Comment","target":["https:\/\/www.article-marketing.eu\/comunicati\/economia-e-lavoro\/marketing\/csr-e-sostenibilit%e0-come-vettori-di-crescita-il-caso-mazzali\/#respond"]}]},{"@type":"WebPage","@id":"https:\/\/www.article-marketing.eu\/comunicati\/economia-e-lavoro\/marketing\/csr-e-sostenibilit%e0-come-vettori-di-crescita-il-caso-mazzali\/","url":"https:\/\/www.article-marketing.eu\/comunicati\/economia-e-lavoro\/marketing\/csr-e-sostenibilit%e0-come-vettori-di-crescita-il-caso-mazzali\/","name":"CSR e sostenibilit\u00e0 come vettori di crescita: il caso Mazzali - Article Marketing","isPartOf":{"@id":"https:\/\/www.article-marketing.eu\/comunicati\/#website"},"datePublished":"2009-04-28T16:02:57+00:00","author":{"@id":"https:\/\/www.article-marketing.eu\/comunicati\/#\/schema\/person\/44372e4d4d0fa797b18e03ed1ace9017"},"breadcrumb":{"@id":"https:\/\/www.article-marketing.eu\/comunicati\/economia-e-lavoro\/marketing\/csr-e-sostenibilit%e0-come-vettori-di-crescita-il-caso-mazzali\/#breadcrumb"},"inLanguage":"it-IT","potentialAction":[{"@type":"ReadAction","target":["https:\/\/www.article-marketing.eu\/comunicati\/economia-e-lavoro\/marketing\/csr-e-sostenibilit%e0-come-vettori-di-crescita-il-caso-mazzali\/"]}]},{"@type":"BreadcrumbList","@id":"https:\/\/www.article-marketing.eu\/comunicati\/economia-e-lavoro\/marketing\/csr-e-sostenibilit%e0-come-vettori-di-crescita-il-caso-mazzali\/#breadcrumb","itemListElement":[{"@type":"ListItem","position":1,"name":"Home","item":"https:\/\/www.article-marketing.eu\/comunicati\/"},{"@type":"ListItem","position":2,"name":"CSR e sostenibilit\u00e0 come vettori di crescita: il caso Mazzali"}]},{"@type":"WebSite","@id":"https:\/\/www.article-marketing.eu\/comunicati\/#website","url":"https:\/\/www.article-marketing.eu\/comunicati\/","name":"Article Marketing","description":"article marketing &amp; press release","potentialAction":[{"@type":"SearchAction","target":{"@type":"EntryPoint","urlTemplate":"https:\/\/www.article-marketing.eu\/comunicati\/?s={search_term_string}"},"query-input":{"@type":"PropertyValueSpecification","valueRequired":true,"valueName":"search_term_string"}}],"inLanguage":"it-IT"},{"@type":"Person","@id":"https:\/\/www.article-marketing.eu\/comunicati\/#\/schema\/person\/44372e4d4d0fa797b18e03ed1ace9017","name":"Redazione Comunicati Stampa","image":{"@type":"ImageObject","inLanguage":"it-IT","@id":"https:\/\/www.article-marketing.eu\/comunicati\/#\/schema\/person\/image\/","url":"https:\/\/secure.gravatar.com\/avatar\/50e5c6421d3072f42e7ace803501602c60d75233d34e29fd05feb91c8760b792?s=96&d=mm&r=g","contentUrl":"https:\/\/secure.gravatar.com\/avatar\/50e5c6421d3072f42e7ace803501602c60d75233d34e29fd05feb91c8760b792?s=96&d=mm&r=g","caption":"Redazione Comunicati Stampa"},"url":"https:\/\/www.article-marketing.eu\/comunicati\/author\/redazione-comunicati-stampa\/"}]}},"_links":{"self":[{"href":"https:\/\/www.article-marketing.eu\/comunicati\/wp-json\/wp\/v2\/posts\/1882","targetHints":{"allow":["GET"]}}],"collection":[{"href":"https:\/\/www.article-marketing.eu\/comunicati\/wp-json\/wp\/v2\/posts"}],"about":[{"href":"https:\/\/www.article-marketing.eu\/comunicati\/wp-json\/wp\/v2\/types\/post"}],"author":[{"embeddable":true,"href":"https:\/\/www.article-marketing.eu\/comunicati\/wp-json\/wp\/v2\/users\/10"}],"replies":[{"embeddable":true,"href":"https:\/\/www.article-marketing.eu\/comunicati\/wp-json\/wp\/v2\/comments?post=1882"}],"version-history":[{"count":0,"href":"https:\/\/www.article-marketing.eu\/comunicati\/wp-json\/wp\/v2\/posts\/1882\/revisions"}],"wp:attachment":[{"href":"https:\/\/www.article-marketing.eu\/comunicati\/wp-json\/wp\/v2\/media?parent=1882"}],"wp:term":[{"taxonomy":"category","embeddable":true,"href":"https:\/\/www.article-marketing.eu\/comunicati\/wp-json\/wp\/v2\/categories?post=1882"},{"taxonomy":"post_tag","embeddable":true,"href":"https:\/\/www.article-marketing.eu\/comunicati\/wp-json\/wp\/v2\/tags?post=1882"}],"curies":[{"name":"wp","href":"https:\/\/api.w.org\/{rel}","templated":true}]}}