{"id":18892,"date":"2011-08-15T19:26:41","date_gmt":"2011-08-15T17:26:41","guid":{"rendered":"http:\/\/www.article-marketing.eu\/comunicati\/senza-categoria\/passione-per-i-mobili-classici-anche-per-lufficio\/"},"modified":"2018-07-10T05:30:20","modified_gmt":"2018-07-10T03:30:20","slug":"passione-per-i-mobili-classici-anche-per-lufficio","status":"publish","type":"post","link":"https:\/\/www.article-marketing.eu\/comunicati\/economia-e-lavoro\/aziende\/passione-per-i-mobili-classici-anche-per-lufficio\/","title":{"rendered":"Passione per i Mobili Classici, anche per l&#8217;ufficio"},"content":{"rendered":"<p>L&rsquo;arredamento Classico &egrave; una passione, uno stile di vita. Se anche per la vostra attivit&agrave; volete rivolgere l&rsquo;attenzione a soluzione di arredo classico, date un&rsquo;occhiata a questi suggerimenti per una scelta azzeccata dei mobili classici per ufficio.<br \/>Uno dei biglietti di visita pi&ugrave; prestigiosi quando ci si rapporta con i clienti, all&#8217;interno dei propri spazi lavorativi, &egrave; certamente la cura del proprio arredo, vale a dire, l&#8217;accuratezza nella scelta di tutti quei dettagli e particolari che, in effetti, hanno il sopravvento sull&#8217;architettura globale dell&#8217;interno, dando un tocco di eleganza, raffinatezza e personalit&agrave; a degli spazi abitativi che, altrimenti, sarebbero senz&#8217;anima.<br \/>In questo senso, il miglior <strong>arredo ufficio classico<\/strong> che possa essere confacente ai propri spazi lavorativi, &egrave; quello che &egrave; capace di trasfondere in un ambiente di lavoro quel senso di confort tipico dei mobili realizzati da mani che padroneggiano sapientemente l&#8217;arte dell&#8217;arredo e, nello stesso tempo, una sensazione di grande equilibrio nella disposizione degli spazi, pieni e vuoti, in un contesto in cui si trova ci&ograve; che si cerca con naturalezza. L&#8217;arredo ufficio classico, nella maggior parte dei casi, si compone di mobili le cui essenze di legno sono particolarmente nobili e ricercate, siccome si distinguono tanto per la durezza delle stesse, quanto per la colorazione naturale tendente allo scuro e, inoltre, un altro aspetto molto importante &egrave; rappresentato dal disegno dell&#8217;arredo, che solitamente si differenzia per una spiccata ricerca di forme arrotondate e da una geometria piuttosto razionale delle forme. L&#8217;arredo ufficio classico, in particolare, si diversifica da tutti gli altri orientamenti stilistici dell&#8217;arte dell&#8217;arredamento degli spazi lavorativi per le sue scelte stilistiche votate all&#8217;antichit&agrave; ed alla conservazione delle proporzioni tradizionali, giacch&eacute; predilige una precisa e regolare suddivisione delle zone operative, adibendo ad ognuna delle stesse un mobile apposito, affinch&eacute; determinate attivit&agrave; vengano compiute in un certo contesto piuttosto che un altro. Il migliore arredo ufficio classico, inoltre, si contraddistingue per l&#8217;accurato accostamento cromatico tra i vari elementi, caratteristica questa che pu&ograve; essere ulteriormente sottolineata mediante un uso accurato delle ombre e delle luci, ad esempio, impiegando delle tende piuttosto corpose e spesse con, d&#8217;altro canto, delle lampade dalla luce alogena, capace di illuminare nel migliore dei modi gli angoli del proprio ufficio. L&#8217;arredo ufficio classico, inoltre, prevede generalmente la scelta di sedie ampie e dai materiali pregiati come il cuoio e i legni scuri, elementi questi che sottolineano nel migliore dei modi il prestigio della tradizione artigianale: quest&#8217;ultima, del resto, attraverso la realizzazione di oggetti dalla manifattura eccellente, esprime il meglio di s&eacute;. Nella scelta del proprio arredo ufficio classico, infine, &egrave; sempre bene tener presente che i migliori mobili sono quelli contraddistinti dalla sobriet&agrave;.<\/p>\n","protected":false},"excerpt":{"rendered":"<p>Per un professionista arredare il proprio ufficio, significa impegnarsi nel creare qualcosa che parli di s\u00e9, della propria attivit\u00e0, della propria personalit\u00e0 al primo impatto. Lo stile Classico chiede molta pi\u00f9 accortezza, perch\u00e9 senza volerlo si potrebbe cadere nel pacchiano<\/p>\n","protected":false},"author":10,"featured_media":0,"comment_status":"open","ping_status":"open","sticky":false,"template":"","format":"standard","meta":{"cybocfi_hide_featured_image":"","footnotes":""},"categories":[129],"tags":[28800,1077],"class_list":["post-18892","post","type-post","status-publish","format-standard","hentry","category-aziende","tag-arredo-classico-per-uffici","tag-mobili-classici"],"yoast_head":"<!-- This site is optimized with the Yoast SEO plugin v27.0 - https:\/\/yoast.com\/product\/yoast-seo-wordpress\/ -->\n<title>Passione per i Mobili Classici, anche per l&#039;ufficio - Article Marketing<\/title>\n<meta name=\"robots\" content=\"index, follow, max-snippet:-1, max-image-preview:large, max-video-preview:-1\" \/>\n<link rel=\"canonical\" href=\"https:\/\/www.article-marketing.eu\/comunicati\/economia-e-lavoro\/aziende\/passione-per-i-mobili-classici-anche-per-lufficio\/\" \/>\n<meta property=\"og:locale\" content=\"it_IT\" \/>\n<meta property=\"og:type\" content=\"article\" \/>\n<meta property=\"og:title\" content=\"Passione per i Mobili Classici, anche per l&#039;ufficio - Article Marketing\" \/>\n<meta property=\"og:description\" content=\"Per un professionista arredare il proprio ufficio, significa impegnarsi nel creare qualcosa che parli di s\u00e9, della propria attivit\u00e0, della propria personalit\u00e0 al primo impatto. Lo stile Classico chiede molta pi\u00f9 accortezza, perch\u00e9 senza volerlo si potrebbe cadere nel pacchiano\" \/>\n<meta property=\"og:url\" content=\"https:\/\/www.article-marketing.eu\/comunicati\/economia-e-lavoro\/aziende\/passione-per-i-mobili-classici-anche-per-lufficio\/\" \/>\n<meta property=\"og:site_name\" content=\"Article Marketing\" \/>\n<meta property=\"article:published_time\" content=\"2011-08-15T17:26:41+00:00\" \/>\n<meta property=\"article:modified_time\" content=\"2018-07-10T03:30:20+00:00\" \/>\n<meta name=\"author\" content=\"Redazione Comunicati Stampa\" \/>\n<meta name=\"twitter:card\" content=\"summary_large_image\" \/>\n<meta name=\"twitter:label1\" content=\"Scritto da\" \/>\n\t<meta name=\"twitter:data1\" content=\"Redazione Comunicati Stampa\" \/>\n\t<meta name=\"twitter:label2\" content=\"Tempo di lettura stimato\" \/>\n\t<meta name=\"twitter:data2\" content=\"2 minuti\" \/>\n<script type=\"application\/ld+json\" class=\"yoast-schema-graph\">{\"@context\":\"https:\/\/schema.org\",\"@graph\":[{\"@type\":\"Article\",\"@id\":\"https:\/\/www.article-marketing.eu\/comunicati\/economia-e-lavoro\/aziende\/passione-per-i-mobili-classici-anche-per-lufficio\/#article\",\"isPartOf\":{\"@id\":\"https:\/\/www.article-marketing.eu\/comunicati\/economia-e-lavoro\/aziende\/passione-per-i-mobili-classici-anche-per-lufficio\/\"},\"author\":{\"name\":\"Redazione Comunicati Stampa\",\"@id\":\"https:\/\/www.article-marketing.eu\/comunicati\/#\/schema\/person\/44372e4d4d0fa797b18e03ed1ace9017\"},\"headline\":\"Passione per i Mobili Classici, anche per l&#8217;ufficio\",\"datePublished\":\"2011-08-15T17:26:41+00:00\",\"dateModified\":\"2018-07-10T03:30:20+00:00\",\"mainEntityOfPage\":{\"@id\":\"https:\/\/www.article-marketing.eu\/comunicati\/economia-e-lavoro\/aziende\/passione-per-i-mobili-classici-anche-per-lufficio\/\"},\"wordCount\":463,\"commentCount\":0,\"keywords\":[\"Arredo Classico per Uffici\",\"mobili classici\"],\"articleSection\":[\"Aziende\"],\"inLanguage\":\"it-IT\",\"potentialAction\":[{\"@type\":\"CommentAction\",\"name\":\"Comment\",\"target\":[\"https:\/\/www.article-marketing.eu\/comunicati\/economia-e-lavoro\/aziende\/passione-per-i-mobili-classici-anche-per-lufficio\/#respond\"]}]},{\"@type\":\"WebPage\",\"@id\":\"https:\/\/www.article-marketing.eu\/comunicati\/economia-e-lavoro\/aziende\/passione-per-i-mobili-classici-anche-per-lufficio\/\",\"url\":\"https:\/\/www.article-marketing.eu\/comunicati\/economia-e-lavoro\/aziende\/passione-per-i-mobili-classici-anche-per-lufficio\/\",\"name\":\"Passione per i Mobili Classici, anche per l'ufficio - Article Marketing\",\"isPartOf\":{\"@id\":\"https:\/\/www.article-marketing.eu\/comunicati\/#website\"},\"datePublished\":\"2011-08-15T17:26:41+00:00\",\"dateModified\":\"2018-07-10T03:30:20+00:00\",\"author\":{\"@id\":\"https:\/\/www.article-marketing.eu\/comunicati\/#\/schema\/person\/44372e4d4d0fa797b18e03ed1ace9017\"},\"breadcrumb\":{\"@id\":\"https:\/\/www.article-marketing.eu\/comunicati\/economia-e-lavoro\/aziende\/passione-per-i-mobili-classici-anche-per-lufficio\/#breadcrumb\"},\"inLanguage\":\"it-IT\",\"potentialAction\":[{\"@type\":\"ReadAction\",\"target\":[\"https:\/\/www.article-marketing.eu\/comunicati\/economia-e-lavoro\/aziende\/passione-per-i-mobili-classici-anche-per-lufficio\/\"]}]},{\"@type\":\"BreadcrumbList\",\"@id\":\"https:\/\/www.article-marketing.eu\/comunicati\/economia-e-lavoro\/aziende\/passione-per-i-mobili-classici-anche-per-lufficio\/#breadcrumb\",\"itemListElement\":[{\"@type\":\"ListItem\",\"position\":1,\"name\":\"Home\",\"item\":\"https:\/\/www.article-marketing.eu\/comunicati\/\"},{\"@type\":\"ListItem\",\"position\":2,\"name\":\"Passione per i Mobili Classici, anche per l&#8217;ufficio\"}]},{\"@type\":\"WebSite\",\"@id\":\"https:\/\/www.article-marketing.eu\/comunicati\/#website\",\"url\":\"https:\/\/www.article-marketing.eu\/comunicati\/\",\"name\":\"Article Marketing\",\"description\":\"article marketing &amp; press release\",\"potentialAction\":[{\"@type\":\"SearchAction\",\"target\":{\"@type\":\"EntryPoint\",\"urlTemplate\":\"https:\/\/www.article-marketing.eu\/comunicati\/?s={search_term_string}\"},\"query-input\":{\"@type\":\"PropertyValueSpecification\",\"valueRequired\":true,\"valueName\":\"search_term_string\"}}],\"inLanguage\":\"it-IT\"},{\"@type\":\"Person\",\"@id\":\"https:\/\/www.article-marketing.eu\/comunicati\/#\/schema\/person\/44372e4d4d0fa797b18e03ed1ace9017\",\"name\":\"Redazione Comunicati Stampa\",\"image\":{\"@type\":\"ImageObject\",\"inLanguage\":\"it-IT\",\"@id\":\"https:\/\/www.article-marketing.eu\/comunicati\/#\/schema\/person\/image\/\",\"url\":\"https:\/\/secure.gravatar.com\/avatar\/50e5c6421d3072f42e7ace803501602c60d75233d34e29fd05feb91c8760b792?s=96&d=mm&r=g\",\"contentUrl\":\"https:\/\/secure.gravatar.com\/avatar\/50e5c6421d3072f42e7ace803501602c60d75233d34e29fd05feb91c8760b792?s=96&d=mm&r=g\",\"caption\":\"Redazione Comunicati Stampa\"},\"url\":\"https:\/\/www.article-marketing.eu\/comunicati\/author\/redazione-comunicati-stampa\/\"}]}<\/script>\n<!-- \/ Yoast SEO plugin. -->","yoast_head_json":{"title":"Passione per i Mobili Classici, anche per l'ufficio - Article Marketing","robots":{"index":"index","follow":"follow","max-snippet":"max-snippet:-1","max-image-preview":"max-image-preview:large","max-video-preview":"max-video-preview:-1"},"canonical":"https:\/\/www.article-marketing.eu\/comunicati\/economia-e-lavoro\/aziende\/passione-per-i-mobili-classici-anche-per-lufficio\/","og_locale":"it_IT","og_type":"article","og_title":"Passione per i Mobili Classici, anche per l'ufficio - Article Marketing","og_description":"Per un professionista arredare il proprio ufficio, significa impegnarsi nel creare qualcosa che parli di s\u00e9, della propria attivit\u00e0, della propria personalit\u00e0 al primo impatto. Lo stile Classico chiede molta pi\u00f9 accortezza, perch\u00e9 senza volerlo si potrebbe cadere nel pacchiano","og_url":"https:\/\/www.article-marketing.eu\/comunicati\/economia-e-lavoro\/aziende\/passione-per-i-mobili-classici-anche-per-lufficio\/","og_site_name":"Article Marketing","article_published_time":"2011-08-15T17:26:41+00:00","article_modified_time":"2018-07-10T03:30:20+00:00","author":"Redazione Comunicati Stampa","twitter_card":"summary_large_image","twitter_misc":{"Scritto da":"Redazione Comunicati Stampa","Tempo di lettura stimato":"2 minuti"},"schema":{"@context":"https:\/\/schema.org","@graph":[{"@type":"Article","@id":"https:\/\/www.article-marketing.eu\/comunicati\/economia-e-lavoro\/aziende\/passione-per-i-mobili-classici-anche-per-lufficio\/#article","isPartOf":{"@id":"https:\/\/www.article-marketing.eu\/comunicati\/economia-e-lavoro\/aziende\/passione-per-i-mobili-classici-anche-per-lufficio\/"},"author":{"name":"Redazione Comunicati Stampa","@id":"https:\/\/www.article-marketing.eu\/comunicati\/#\/schema\/person\/44372e4d4d0fa797b18e03ed1ace9017"},"headline":"Passione per i Mobili Classici, anche per l&#8217;ufficio","datePublished":"2011-08-15T17:26:41+00:00","dateModified":"2018-07-10T03:30:20+00:00","mainEntityOfPage":{"@id":"https:\/\/www.article-marketing.eu\/comunicati\/economia-e-lavoro\/aziende\/passione-per-i-mobili-classici-anche-per-lufficio\/"},"wordCount":463,"commentCount":0,"keywords":["Arredo Classico per Uffici","mobili classici"],"articleSection":["Aziende"],"inLanguage":"it-IT","potentialAction":[{"@type":"CommentAction","name":"Comment","target":["https:\/\/www.article-marketing.eu\/comunicati\/economia-e-lavoro\/aziende\/passione-per-i-mobili-classici-anche-per-lufficio\/#respond"]}]},{"@type":"WebPage","@id":"https:\/\/www.article-marketing.eu\/comunicati\/economia-e-lavoro\/aziende\/passione-per-i-mobili-classici-anche-per-lufficio\/","url":"https:\/\/www.article-marketing.eu\/comunicati\/economia-e-lavoro\/aziende\/passione-per-i-mobili-classici-anche-per-lufficio\/","name":"Passione per i Mobili Classici, anche per l'ufficio - Article Marketing","isPartOf":{"@id":"https:\/\/www.article-marketing.eu\/comunicati\/#website"},"datePublished":"2011-08-15T17:26:41+00:00","dateModified":"2018-07-10T03:30:20+00:00","author":{"@id":"https:\/\/www.article-marketing.eu\/comunicati\/#\/schema\/person\/44372e4d4d0fa797b18e03ed1ace9017"},"breadcrumb":{"@id":"https:\/\/www.article-marketing.eu\/comunicati\/economia-e-lavoro\/aziende\/passione-per-i-mobili-classici-anche-per-lufficio\/#breadcrumb"},"inLanguage":"it-IT","potentialAction":[{"@type":"ReadAction","target":["https:\/\/www.article-marketing.eu\/comunicati\/economia-e-lavoro\/aziende\/passione-per-i-mobili-classici-anche-per-lufficio\/"]}]},{"@type":"BreadcrumbList","@id":"https:\/\/www.article-marketing.eu\/comunicati\/economia-e-lavoro\/aziende\/passione-per-i-mobili-classici-anche-per-lufficio\/#breadcrumb","itemListElement":[{"@type":"ListItem","position":1,"name":"Home","item":"https:\/\/www.article-marketing.eu\/comunicati\/"},{"@type":"ListItem","position":2,"name":"Passione per i Mobili Classici, anche per l&#8217;ufficio"}]},{"@type":"WebSite","@id":"https:\/\/www.article-marketing.eu\/comunicati\/#website","url":"https:\/\/www.article-marketing.eu\/comunicati\/","name":"Article Marketing","description":"article marketing &amp; press release","potentialAction":[{"@type":"SearchAction","target":{"@type":"EntryPoint","urlTemplate":"https:\/\/www.article-marketing.eu\/comunicati\/?s={search_term_string}"},"query-input":{"@type":"PropertyValueSpecification","valueRequired":true,"valueName":"search_term_string"}}],"inLanguage":"it-IT"},{"@type":"Person","@id":"https:\/\/www.article-marketing.eu\/comunicati\/#\/schema\/person\/44372e4d4d0fa797b18e03ed1ace9017","name":"Redazione Comunicati Stampa","image":{"@type":"ImageObject","inLanguage":"it-IT","@id":"https:\/\/www.article-marketing.eu\/comunicati\/#\/schema\/person\/image\/","url":"https:\/\/secure.gravatar.com\/avatar\/50e5c6421d3072f42e7ace803501602c60d75233d34e29fd05feb91c8760b792?s=96&d=mm&r=g","contentUrl":"https:\/\/secure.gravatar.com\/avatar\/50e5c6421d3072f42e7ace803501602c60d75233d34e29fd05feb91c8760b792?s=96&d=mm&r=g","caption":"Redazione Comunicati Stampa"},"url":"https:\/\/www.article-marketing.eu\/comunicati\/author\/redazione-comunicati-stampa\/"}]}},"_links":{"self":[{"href":"https:\/\/www.article-marketing.eu\/comunicati\/wp-json\/wp\/v2\/posts\/18892","targetHints":{"allow":["GET"]}}],"collection":[{"href":"https:\/\/www.article-marketing.eu\/comunicati\/wp-json\/wp\/v2\/posts"}],"about":[{"href":"https:\/\/www.article-marketing.eu\/comunicati\/wp-json\/wp\/v2\/types\/post"}],"author":[{"embeddable":true,"href":"https:\/\/www.article-marketing.eu\/comunicati\/wp-json\/wp\/v2\/users\/10"}],"replies":[{"embeddable":true,"href":"https:\/\/www.article-marketing.eu\/comunicati\/wp-json\/wp\/v2\/comments?post=18892"}],"version-history":[{"count":1,"href":"https:\/\/www.article-marketing.eu\/comunicati\/wp-json\/wp\/v2\/posts\/18892\/revisions"}],"predecessor-version":[{"id":61662,"href":"https:\/\/www.article-marketing.eu\/comunicati\/wp-json\/wp\/v2\/posts\/18892\/revisions\/61662"}],"wp:attachment":[{"href":"https:\/\/www.article-marketing.eu\/comunicati\/wp-json\/wp\/v2\/media?parent=18892"}],"wp:term":[{"taxonomy":"category","embeddable":true,"href":"https:\/\/www.article-marketing.eu\/comunicati\/wp-json\/wp\/v2\/categories?post=18892"},{"taxonomy":"post_tag","embeddable":true,"href":"https:\/\/www.article-marketing.eu\/comunicati\/wp-json\/wp\/v2\/tags?post=18892"}],"curies":[{"name":"wp","href":"https:\/\/api.w.org\/{rel}","templated":true}]}}