{"id":1895,"date":"2009-04-29T16:23:33","date_gmt":"2009-04-29T14:23:33","guid":{"rendered":"http:\/\/www.article-marketing.eu\/comunicati\/senza-categoria\/roma-race-for-the-cure-17-maggio-2009\/"},"modified":"2009-04-29T16:23:33","modified_gmt":"2009-04-29T14:23:33","slug":"roma-race-for-the-cure-17-maggio-2009","status":"publish","type":"post","link":"https:\/\/www.article-marketing.eu\/comunicati\/comunicati-stampa\/eventi\/roma-race-for-the-cure-17-maggio-2009\/","title":{"rendered":"Roma: Race for the Cure, 17 Maggio 2009"},"content":{"rendered":"<p>La maratona \u201cRace for the Cure\u201d nacque negli Stati Uniti nel 1982, per poi essere esportata in moltissimi altri paesi, tra cui l\u2019Italia: il 17 maggio Roma ospiter\u00e0 la decima edizione della corsa, che da 3 edizioni si svolge anche a Bari e a Bologna (quest\u2019anno la maratona far\u00e0 tappa nelle due citt\u00e0 rispettivamente il 24 maggio e il 27 settembre). L\u2019evento si presenta come un riuscito mix di sport, divertimento e solidariet\u00e0, che convince ogni anno moltissimi sportivi e non a trascorrere un weekend low cost a Roma: se la prima edizione che si svolse nella capitale, nel 2000, attir\u00f2 circa 5000 partecipanti, l\u2019evento \u00e8 poi cresciuto col tempo, fino a raggiungere la cifra record di 37.000 partecipanti nell\u2019edizione del 2008: cifra che, secondo gli organizzatori, \u00e8 destinata a salire ulteriormente nel 2009, in concomitanza con il decennale della manifestazione. <\/p>\n<p>A sancire il successo dell\u2019evento \u00e8 anche la variet\u00e0 degli spazi e degli appuntamenti proposti, in grado di andare incontro alle esigenze e ai desideri pi\u00f9 diversi e di coniugare perfettamente solidariet\u00e0, discussioni su temi importanti e intrattenimento. Gli amanti dello sport, e della maratona in particolare, potranno cimentarsi nella corsa: i corridori professionisti potranno partecipare (sia individualmente che in gruppo) alla competizione vera e propria, che mette numerosi premi in palio (per i primi 10 arrivati uomini e le prime 10 arrivate donne, le prime 3 societ\u00e0 pi\u00f9 numerose e le prime 10 \u201cdonne in rosa\u201d, ossia coloro che hanno affrontato o stanno combattendo contro il tumore al seno, e che indosseranno delle magliette e dei cappellini rosa), ma anche coloro che non sono allenati e preferiscono camminare potranno sentirsi parte dell\u2019evento, partecipando alla passeggiata di 2 km che si snoda, come pure la maratona di 5 km, tra alcune delle pi\u00f9 belle zone di Roma. Un\u2019occasione unica anche per le famiglie, quindi, che potranno prenotare un albergo per famiglie a Roma e passare una domenica all\u2019aria aperta in una delle pi\u00f9 belle citt\u00e0 del mondo; i bambini potranno inoltre divertirsi all\u2019interno di un\u2019ampia e attrezzatissima area divertimenti. <\/p>\n<p>Se volete partecipare alla corsa prenotate un <a href=\"http:\/\/it.flashbooking.com\/navigation\/europa_italia_roma_appartamenti_all.html\">appartamento nel centro di Roma<\/a>: la partenza \u00e8 fissata per le 10:00 allo Stadio \u201cNando Martellini\u201d delle Terme di Caracalla, dove verranno allestiti diversi stand e spazi per coloro che preferiranno non partecipare alla maratona (palchi con musica dal vivo, stand degli sponsor e molto altro ancora). L\u2019obiettivo principale dell\u2019evento \u00e8 per\u00f2 quello di raccogliere fondi per la ricerca e la cura (i partecipanti alla maratona verseranno un contributo minimo di 10 euro a testa) e di promuovere la prevenzione: la diagnosi precoce pu\u00f2 infatti aumentare le possibilit\u00e0 di sopravvivenza fino al 90%. Per dare un aiuto e un segnale concreto, il 16 maggio verr\u00e0 quindi allestito il \u201cVillaggio della Prevenzione\u201d, dove sar\u00e0 possibile, dando precedenza alle donne pi\u00f9 disagiate, effettuare gratuitamente delle visite senologiche, ecografie e mammografie. <\/p>\n<p>Biglietto: 10 euro <br \/>Data: 17 Maggio 2009 <br \/>Dove: Stadio \u201cNando Martellini\u201d delle Terme di Caracalla, Roma, Italia<\/p>\n","protected":false},"excerpt":{"rendered":"<p>Dal 2000 si svolge a Roma \u201cRace for the cure\u201d, una minimaratona di 5 km che si pone come obiettivo principale la raccolta di fondi per la prevenzione e la cura dei tumori al seno.<\/p>\n","protected":false},"author":10,"featured_media":0,"comment_status":"open","ping_status":"open","sticky":false,"template":"","format":"standard","meta":{"cybocfi_hide_featured_image":"","footnotes":""},"categories":[388],"tags":[899,3171,6016,6015,251,5484,5458],"class_list":["post-1895","post","type-post","status-publish","format-standard","hentry","category-eventi","tag-corsa","tag-maratona","tag-prevenzione","tag-race-for-the-cure","tag-roma","tag-solidarieta","tag-tumori"],"yoast_head":"<!-- This site is optimized with the Yoast SEO plugin v27.0 - https:\/\/yoast.com\/product\/yoast-seo-wordpress\/ -->\n<title>Roma: Race for the Cure, 17 Maggio 2009 - Article Marketing<\/title>\n<meta name=\"robots\" content=\"index, follow, max-snippet:-1, max-image-preview:large, max-video-preview:-1\" \/>\n<link rel=\"canonical\" href=\"https:\/\/www.article-marketing.eu\/comunicati\/comunicati-stampa\/eventi\/roma-race-for-the-cure-17-maggio-2009\/\" \/>\n<meta property=\"og:locale\" content=\"it_IT\" \/>\n<meta property=\"og:type\" content=\"article\" \/>\n<meta property=\"og:title\" content=\"Roma: Race for the Cure, 17 Maggio 2009 - Article Marketing\" \/>\n<meta property=\"og:description\" content=\"Dal 2000 si svolge a Roma \u201cRace for the cure\u201d, una minimaratona di 5 km che si pone come obiettivo principale la raccolta di fondi per la prevenzione e la cura dei tumori al seno.\" \/>\n<meta property=\"og:url\" content=\"https:\/\/www.article-marketing.eu\/comunicati\/comunicati-stampa\/eventi\/roma-race-for-the-cure-17-maggio-2009\/\" \/>\n<meta property=\"og:site_name\" content=\"Article Marketing\" \/>\n<meta property=\"article:published_time\" content=\"2009-04-29T14:23:33+00:00\" \/>\n<meta name=\"author\" content=\"Redazione Comunicati Stampa\" \/>\n<meta name=\"twitter:card\" content=\"summary_large_image\" \/>\n<meta name=\"twitter:label1\" content=\"Scritto da\" \/>\n\t<meta name=\"twitter:data1\" content=\"Redazione Comunicati Stampa\" \/>\n\t<meta name=\"twitter:label2\" content=\"Tempo di lettura stimato\" \/>\n\t<meta name=\"twitter:data2\" content=\"2 minuti\" \/>\n<script type=\"application\/ld+json\" class=\"yoast-schema-graph\">{\"@context\":\"https:\/\/schema.org\",\"@graph\":[{\"@type\":\"Article\",\"@id\":\"https:\/\/www.article-marketing.eu\/comunicati\/comunicati-stampa\/eventi\/roma-race-for-the-cure-17-maggio-2009\/#article\",\"isPartOf\":{\"@id\":\"https:\/\/www.article-marketing.eu\/comunicati\/comunicati-stampa\/eventi\/roma-race-for-the-cure-17-maggio-2009\/\"},\"author\":{\"name\":\"Redazione Comunicati Stampa\",\"@id\":\"https:\/\/www.article-marketing.eu\/comunicati\/#\/schema\/person\/44372e4d4d0fa797b18e03ed1ace9017\"},\"headline\":\"Roma: Race for the Cure, 17 Maggio 2009\",\"datePublished\":\"2009-04-29T14:23:33+00:00\",\"mainEntityOfPage\":{\"@id\":\"https:\/\/www.article-marketing.eu\/comunicati\/comunicati-stampa\/eventi\/roma-race-for-the-cure-17-maggio-2009\/\"},\"wordCount\":483,\"commentCount\":0,\"keywords\":[\"corsa\",\"maratona\",\"prevenzione\",\"Race for the cure\",\"roma\",\"solidariet\u00e0\",\"tumori\"],\"articleSection\":[\"Eventi\"],\"inLanguage\":\"it-IT\",\"potentialAction\":[{\"@type\":\"CommentAction\",\"name\":\"Comment\",\"target\":[\"https:\/\/www.article-marketing.eu\/comunicati\/comunicati-stampa\/eventi\/roma-race-for-the-cure-17-maggio-2009\/#respond\"]}]},{\"@type\":\"WebPage\",\"@id\":\"https:\/\/www.article-marketing.eu\/comunicati\/comunicati-stampa\/eventi\/roma-race-for-the-cure-17-maggio-2009\/\",\"url\":\"https:\/\/www.article-marketing.eu\/comunicati\/comunicati-stampa\/eventi\/roma-race-for-the-cure-17-maggio-2009\/\",\"name\":\"Roma: Race for the Cure, 17 Maggio 2009 - Article Marketing\",\"isPartOf\":{\"@id\":\"https:\/\/www.article-marketing.eu\/comunicati\/#website\"},\"datePublished\":\"2009-04-29T14:23:33+00:00\",\"author\":{\"@id\":\"https:\/\/www.article-marketing.eu\/comunicati\/#\/schema\/person\/44372e4d4d0fa797b18e03ed1ace9017\"},\"breadcrumb\":{\"@id\":\"https:\/\/www.article-marketing.eu\/comunicati\/comunicati-stampa\/eventi\/roma-race-for-the-cure-17-maggio-2009\/#breadcrumb\"},\"inLanguage\":\"it-IT\",\"potentialAction\":[{\"@type\":\"ReadAction\",\"target\":[\"https:\/\/www.article-marketing.eu\/comunicati\/comunicati-stampa\/eventi\/roma-race-for-the-cure-17-maggio-2009\/\"]}]},{\"@type\":\"BreadcrumbList\",\"@id\":\"https:\/\/www.article-marketing.eu\/comunicati\/comunicati-stampa\/eventi\/roma-race-for-the-cure-17-maggio-2009\/#breadcrumb\",\"itemListElement\":[{\"@type\":\"ListItem\",\"position\":1,\"name\":\"Home\",\"item\":\"https:\/\/www.article-marketing.eu\/comunicati\/\"},{\"@type\":\"ListItem\",\"position\":2,\"name\":\"Roma: Race for the Cure, 17 Maggio 2009\"}]},{\"@type\":\"WebSite\",\"@id\":\"https:\/\/www.article-marketing.eu\/comunicati\/#website\",\"url\":\"https:\/\/www.article-marketing.eu\/comunicati\/\",\"name\":\"Article Marketing\",\"description\":\"article marketing &amp; press release\",\"potentialAction\":[{\"@type\":\"SearchAction\",\"target\":{\"@type\":\"EntryPoint\",\"urlTemplate\":\"https:\/\/www.article-marketing.eu\/comunicati\/?s={search_term_string}\"},\"query-input\":{\"@type\":\"PropertyValueSpecification\",\"valueRequired\":true,\"valueName\":\"search_term_string\"}}],\"inLanguage\":\"it-IT\"},{\"@type\":\"Person\",\"@id\":\"https:\/\/www.article-marketing.eu\/comunicati\/#\/schema\/person\/44372e4d4d0fa797b18e03ed1ace9017\",\"name\":\"Redazione Comunicati Stampa\",\"image\":{\"@type\":\"ImageObject\",\"inLanguage\":\"it-IT\",\"@id\":\"https:\/\/www.article-marketing.eu\/comunicati\/#\/schema\/person\/image\/\",\"url\":\"https:\/\/secure.gravatar.com\/avatar\/50e5c6421d3072f42e7ace803501602c60d75233d34e29fd05feb91c8760b792?s=96&d=mm&r=g\",\"contentUrl\":\"https:\/\/secure.gravatar.com\/avatar\/50e5c6421d3072f42e7ace803501602c60d75233d34e29fd05feb91c8760b792?s=96&d=mm&r=g\",\"caption\":\"Redazione Comunicati Stampa\"},\"url\":\"https:\/\/www.article-marketing.eu\/comunicati\/author\/redazione-comunicati-stampa\/\"}]}<\/script>\n<!-- \/ Yoast SEO plugin. -->","yoast_head_json":{"title":"Roma: Race for the Cure, 17 Maggio 2009 - Article Marketing","robots":{"index":"index","follow":"follow","max-snippet":"max-snippet:-1","max-image-preview":"max-image-preview:large","max-video-preview":"max-video-preview:-1"},"canonical":"https:\/\/www.article-marketing.eu\/comunicati\/comunicati-stampa\/eventi\/roma-race-for-the-cure-17-maggio-2009\/","og_locale":"it_IT","og_type":"article","og_title":"Roma: Race for the Cure, 17 Maggio 2009 - Article Marketing","og_description":"Dal 2000 si svolge a Roma \u201cRace for the cure\u201d, una minimaratona di 5 km che si pone come obiettivo principale la raccolta di fondi per la prevenzione e la cura dei tumori al seno.","og_url":"https:\/\/www.article-marketing.eu\/comunicati\/comunicati-stampa\/eventi\/roma-race-for-the-cure-17-maggio-2009\/","og_site_name":"Article Marketing","article_published_time":"2009-04-29T14:23:33+00:00","author":"Redazione Comunicati Stampa","twitter_card":"summary_large_image","twitter_misc":{"Scritto da":"Redazione Comunicati Stampa","Tempo di lettura stimato":"2 minuti"},"schema":{"@context":"https:\/\/schema.org","@graph":[{"@type":"Article","@id":"https:\/\/www.article-marketing.eu\/comunicati\/comunicati-stampa\/eventi\/roma-race-for-the-cure-17-maggio-2009\/#article","isPartOf":{"@id":"https:\/\/www.article-marketing.eu\/comunicati\/comunicati-stampa\/eventi\/roma-race-for-the-cure-17-maggio-2009\/"},"author":{"name":"Redazione Comunicati Stampa","@id":"https:\/\/www.article-marketing.eu\/comunicati\/#\/schema\/person\/44372e4d4d0fa797b18e03ed1ace9017"},"headline":"Roma: Race for the Cure, 17 Maggio 2009","datePublished":"2009-04-29T14:23:33+00:00","mainEntityOfPage":{"@id":"https:\/\/www.article-marketing.eu\/comunicati\/comunicati-stampa\/eventi\/roma-race-for-the-cure-17-maggio-2009\/"},"wordCount":483,"commentCount":0,"keywords":["corsa","maratona","prevenzione","Race for the cure","roma","solidariet\u00e0","tumori"],"articleSection":["Eventi"],"inLanguage":"it-IT","potentialAction":[{"@type":"CommentAction","name":"Comment","target":["https:\/\/www.article-marketing.eu\/comunicati\/comunicati-stampa\/eventi\/roma-race-for-the-cure-17-maggio-2009\/#respond"]}]},{"@type":"WebPage","@id":"https:\/\/www.article-marketing.eu\/comunicati\/comunicati-stampa\/eventi\/roma-race-for-the-cure-17-maggio-2009\/","url":"https:\/\/www.article-marketing.eu\/comunicati\/comunicati-stampa\/eventi\/roma-race-for-the-cure-17-maggio-2009\/","name":"Roma: Race for the Cure, 17 Maggio 2009 - Article Marketing","isPartOf":{"@id":"https:\/\/www.article-marketing.eu\/comunicati\/#website"},"datePublished":"2009-04-29T14:23:33+00:00","author":{"@id":"https:\/\/www.article-marketing.eu\/comunicati\/#\/schema\/person\/44372e4d4d0fa797b18e03ed1ace9017"},"breadcrumb":{"@id":"https:\/\/www.article-marketing.eu\/comunicati\/comunicati-stampa\/eventi\/roma-race-for-the-cure-17-maggio-2009\/#breadcrumb"},"inLanguage":"it-IT","potentialAction":[{"@type":"ReadAction","target":["https:\/\/www.article-marketing.eu\/comunicati\/comunicati-stampa\/eventi\/roma-race-for-the-cure-17-maggio-2009\/"]}]},{"@type":"BreadcrumbList","@id":"https:\/\/www.article-marketing.eu\/comunicati\/comunicati-stampa\/eventi\/roma-race-for-the-cure-17-maggio-2009\/#breadcrumb","itemListElement":[{"@type":"ListItem","position":1,"name":"Home","item":"https:\/\/www.article-marketing.eu\/comunicati\/"},{"@type":"ListItem","position":2,"name":"Roma: Race for the Cure, 17 Maggio 2009"}]},{"@type":"WebSite","@id":"https:\/\/www.article-marketing.eu\/comunicati\/#website","url":"https:\/\/www.article-marketing.eu\/comunicati\/","name":"Article Marketing","description":"article marketing &amp; press release","potentialAction":[{"@type":"SearchAction","target":{"@type":"EntryPoint","urlTemplate":"https:\/\/www.article-marketing.eu\/comunicati\/?s={search_term_string}"},"query-input":{"@type":"PropertyValueSpecification","valueRequired":true,"valueName":"search_term_string"}}],"inLanguage":"it-IT"},{"@type":"Person","@id":"https:\/\/www.article-marketing.eu\/comunicati\/#\/schema\/person\/44372e4d4d0fa797b18e03ed1ace9017","name":"Redazione Comunicati Stampa","image":{"@type":"ImageObject","inLanguage":"it-IT","@id":"https:\/\/www.article-marketing.eu\/comunicati\/#\/schema\/person\/image\/","url":"https:\/\/secure.gravatar.com\/avatar\/50e5c6421d3072f42e7ace803501602c60d75233d34e29fd05feb91c8760b792?s=96&d=mm&r=g","contentUrl":"https:\/\/secure.gravatar.com\/avatar\/50e5c6421d3072f42e7ace803501602c60d75233d34e29fd05feb91c8760b792?s=96&d=mm&r=g","caption":"Redazione Comunicati Stampa"},"url":"https:\/\/www.article-marketing.eu\/comunicati\/author\/redazione-comunicati-stampa\/"}]}},"_links":{"self":[{"href":"https:\/\/www.article-marketing.eu\/comunicati\/wp-json\/wp\/v2\/posts\/1895","targetHints":{"allow":["GET"]}}],"collection":[{"href":"https:\/\/www.article-marketing.eu\/comunicati\/wp-json\/wp\/v2\/posts"}],"about":[{"href":"https:\/\/www.article-marketing.eu\/comunicati\/wp-json\/wp\/v2\/types\/post"}],"author":[{"embeddable":true,"href":"https:\/\/www.article-marketing.eu\/comunicati\/wp-json\/wp\/v2\/users\/10"}],"replies":[{"embeddable":true,"href":"https:\/\/www.article-marketing.eu\/comunicati\/wp-json\/wp\/v2\/comments?post=1895"}],"version-history":[{"count":0,"href":"https:\/\/www.article-marketing.eu\/comunicati\/wp-json\/wp\/v2\/posts\/1895\/revisions"}],"wp:attachment":[{"href":"https:\/\/www.article-marketing.eu\/comunicati\/wp-json\/wp\/v2\/media?parent=1895"}],"wp:term":[{"taxonomy":"category","embeddable":true,"href":"https:\/\/www.article-marketing.eu\/comunicati\/wp-json\/wp\/v2\/categories?post=1895"},{"taxonomy":"post_tag","embeddable":true,"href":"https:\/\/www.article-marketing.eu\/comunicati\/wp-json\/wp\/v2\/tags?post=1895"}],"curies":[{"name":"wp","href":"https:\/\/api.w.org\/{rel}","templated":true}]}}