{"id":18973,"date":"2011-08-19T17:48:52","date_gmt":"2011-08-19T15:48:52","guid":{"rendered":"http:\/\/www.article-marketing.eu\/comunicati\/senza-categoria\/mostre-darte-esposizioni-temporanee-ed-esposizioni-in-italia\/"},"modified":"2011-08-19T17:48:52","modified_gmt":"2011-08-19T15:48:52","slug":"mostre-darte-esposizioni-temporanee-ed-esposizioni-in-italia","status":"publish","type":"post","link":"https:\/\/www.article-marketing.eu\/comunicati\/arte-e-cultura\/mostre-darte-esposizioni-temporanee-ed-esposizioni-in-italia\/","title":{"rendered":"Mostre d&#8217;arte, esposizioni temporanee ed esposizioni in Italia"},"content":{"rendered":"<p>E&#8217; certamente impossibile citare i nomi di tutti i principali artisti italiani, ma personaggi del calibro di Leon Battista Alberti, Antonello da Messina, Botticelli, Bramante, Michelangelo, Tiziano, Caravaggio, Cimabue, Raffaello, Leonardo da Vinci, Giorgio de Chirico, Lucio Fontana, Gentile da Fabriano (e sono solo alla lettera G), hanno reso l&#8217;Italia una grande galleria d&#8217;arte all&#8217;aria aperta.<br \/>Come per ogni galleria d&#8217;arte che si rispetti, in Italia &egrave; molto ampio il calendario di <a href=\"http:\/\/www.eventi-firenze.com\/gallerie_d_arte\/\">mostre<\/a> ed esposizioni temporanee o permanenti organizzate sia nelle principali citt&agrave;, sia nei piccoli borghi di provincia.<br \/><strong>Le mostre<\/strong> vengono solitamente organizzate nei luoghi pi&ugrave; tradizionali come gallerie d&#8217;arte (private e civiche), musei, castelli, fondazioni e sale espositive di vario genere (ville comunali, biblioteche, sale comunali).<br \/>Accade spesso, inoltre, che le esposizioni temporanee (principalmente quelle di arte moderna e contemporanea), vengono allestite in luoghi tradizionalmente non associati al mondo dell&#8217;arte e della cultura: ecco quindi che fotografie, quadri ed installazioni si possono ammirare all&#8217;interno di pub, discoteche e ristoranti, luoghi pubblici come piazze, vie e stazioni dei treni, nonch&eacute; negozi, centri commerciali ed hotel.<br \/>Non bisogna dimenticare, inoltre, che numerose esposizioni sono allestite all&#8217;interno di location di particolare prestigio come: il Castello Sforzesco e il Palazzo Reale di <strong>Milano<\/strong>, <strong>gli Uffizi e Palazzo Pitti di Firenze<\/strong> o i Musei Vaticani ed il Colosseo a <strong>Roma<\/strong>, solo per citarne alcuni. Accade inoltre, anche se pi&ugrave; raramente, che alcune esposizioni vengano ospitate all&#8217;interno delle aree archeologiche: immersi in un&#8217;atmosfera misteriosa e magica, le opere e le installazioni dei principali artisti contemporanei vanno ad armonizzarsi o a creare precisi contrasti con le testimonianze storiche che circondano il visitatore.<br \/><strong>Le esposizioni temporanee<\/strong> toccano tutte le diverse discipline artistiche, dalla pittura alla fotografia, dalla scultura alla videoarte, dal design all&#8217;architettura, spesso prese in considerazione singolarmente (tramite l&#8217;esposizione di sole opere di pittura o scultura, ecc..) oppure, come spesso accade, unendo in un&#8217;unica mostra, opere di diversa natura.<br \/>Capita, inoltre, che spesso vengano organizzate vere e proprie mostre per celebrare l&#8217;operato di famosi stilisti: capi d&#8217;abbigliamento ed accessori, infatti, sono sempre pi&ugrave; simili a vere e proprie opere d&#8217;arte.<br \/>Le varie esposizioni, inoltre, consentono di ammirare i grandi capolavori classici o le opere di celebri artisti contemporanei, installazioni futuristiche realizzate con i materiali pi&ugrave; disparati o le opere di giovani artisti emergenti. Senza dimenticare le mostre a carattere scientifico o storico: esposizioni di reperti e cimeli archeologici, progetti ed invenzioni dei pi&ugrave; grandi scienziati ed inventori del mondo, esposizioni a scopi didattici, ideali per avvicinare anche i pi&ugrave; giovani alle discipline tecniche, scientifiche ed anche all&#8217;arte.<br \/>Le mostre vengono organizzate spesso in occasione di determinate ricorrenze, per la commemorazione della morte o per festeggiare l&#8217;anniversario della nascita di un grande artista (italiano o straniero) o ancora, per presentare al pubblico un opera recentemente restaurata, ritornata finalmente al suo originale splendore, o in occasione di particolari eventi di rilievo internazionale, come nel caso delle Olimpiadi Invernali di Torino 2006.<br \/>In Italia si tengono ogni anno o a cadenza biennale, numerose manifestazioni interamente dedicate all&#8217;arte, alcune delle quali particolarmente importanti anche a livello internazionale, prima fra tutte, la Biennale di Venezia che comprende importanti esposizioni non solo d&#8217;arte visiva, ma anche di danza, musica, cinema e teatro.<br \/>Tra le importanti manifestazioni dedicate all&#8217;<strong>arte in <\/strong><strong>Italia<\/strong>, ricordiamo: la Biennale Internazionale di Fotografia di Brescia, l&#8217;Estate Fotografica di Milano, il FotoGrafia Festival di Roma, Cento Pittori Via Margutta a Roma e Gemine Muse (esposizioni dislocate in tutte le principali citt&agrave; italiane).<\/p>\n","protected":false},"excerpt":{"rendered":"<p>L&#8217;Italia \u00e8 ricca di citt\u00e0 d&#8217;arte apprezzate e famose in tutto il mondo come Firenze, Roma, Siena e Perugia, solo per citarne alcune. Citt\u00e0 che custodiscono capolavori artistici ed architettonici di prestigio, d&#8217;altro canto molti dei pi\u00f9 celebri artisti del panorama mondiale o erano italiani o molto pi\u00f9 spesso lavoravano nel nostro paese adornando con la loro arte i palazzi e le ville dei pi\u00f9 grandi mecenati italiani.<\/p>\n","protected":false},"author":10,"featured_media":0,"comment_status":"open","ping_status":"open","sticky":false,"template":"","format":"standard","meta":{"cybocfi_hide_featured_image":"","footnotes":""},"categories":[27],"tags":[],"class_list":["post-18973","post","type-post","status-publish","format-standard","hentry","category-arte-e-cultura"],"yoast_head":"<!-- This site is optimized with the Yoast SEO plugin v27.0 - https:\/\/yoast.com\/product\/yoast-seo-wordpress\/ -->\n<title>Mostre d&#039;arte, esposizioni temporanee ed esposizioni in Italia - Article Marketing<\/title>\n<meta name=\"robots\" content=\"index, follow, max-snippet:-1, max-image-preview:large, max-video-preview:-1\" \/>\n<link rel=\"canonical\" href=\"https:\/\/www.article-marketing.eu\/comunicati\/arte-e-cultura\/mostre-darte-esposizioni-temporanee-ed-esposizioni-in-italia\/\" \/>\n<meta property=\"og:locale\" content=\"it_IT\" \/>\n<meta property=\"og:type\" content=\"article\" \/>\n<meta property=\"og:title\" content=\"Mostre d&#039;arte, esposizioni temporanee ed esposizioni in Italia - Article Marketing\" \/>\n<meta property=\"og:description\" content=\"L&#039;Italia \u00e8 ricca di citt\u00e0 d&#039;arte apprezzate e famose in tutto il mondo come Firenze, Roma, Siena e Perugia, solo per citarne alcune. Citt\u00e0 che custodiscono capolavori artistici ed architettonici di prestigio, d&#039;altro canto molti dei pi\u00f9 celebri artisti del panorama mondiale o erano italiani o molto pi\u00f9 spesso lavoravano nel nostro paese adornando con la loro arte i palazzi e le ville dei pi\u00f9 grandi mecenati italiani.\" \/>\n<meta property=\"og:url\" content=\"https:\/\/www.article-marketing.eu\/comunicati\/arte-e-cultura\/mostre-darte-esposizioni-temporanee-ed-esposizioni-in-italia\/\" \/>\n<meta property=\"og:site_name\" content=\"Article Marketing\" \/>\n<meta property=\"article:published_time\" content=\"2011-08-19T15:48:52+00:00\" \/>\n<meta name=\"author\" content=\"Redazione Comunicati Stampa\" \/>\n<meta name=\"twitter:card\" content=\"summary_large_image\" \/>\n<meta name=\"twitter:label1\" content=\"Scritto da\" \/>\n\t<meta name=\"twitter:data1\" content=\"Redazione Comunicati Stampa\" \/>\n\t<meta name=\"twitter:label2\" content=\"Tempo di lettura stimato\" \/>\n\t<meta name=\"twitter:data2\" content=\"3 minuti\" \/>\n<script type=\"application\/ld+json\" class=\"yoast-schema-graph\">{\"@context\":\"https:\/\/schema.org\",\"@graph\":[{\"@type\":\"Article\",\"@id\":\"https:\/\/www.article-marketing.eu\/comunicati\/arte-e-cultura\/mostre-darte-esposizioni-temporanee-ed-esposizioni-in-italia\/#article\",\"isPartOf\":{\"@id\":\"https:\/\/www.article-marketing.eu\/comunicati\/arte-e-cultura\/mostre-darte-esposizioni-temporanee-ed-esposizioni-in-italia\/\"},\"author\":{\"name\":\"Redazione Comunicati Stampa\",\"@id\":\"https:\/\/www.article-marketing.eu\/comunicati\/#\/schema\/person\/44372e4d4d0fa797b18e03ed1ace9017\"},\"headline\":\"Mostre d&#8217;arte, esposizioni temporanee ed esposizioni in Italia\",\"datePublished\":\"2011-08-19T15:48:52+00:00\",\"mainEntityOfPage\":{\"@id\":\"https:\/\/www.article-marketing.eu\/comunicati\/arte-e-cultura\/mostre-darte-esposizioni-temporanee-ed-esposizioni-in-italia\/\"},\"wordCount\":589,\"commentCount\":0,\"articleSection\":[\"Arte e cultura\"],\"inLanguage\":\"it-IT\",\"potentialAction\":[{\"@type\":\"CommentAction\",\"name\":\"Comment\",\"target\":[\"https:\/\/www.article-marketing.eu\/comunicati\/arte-e-cultura\/mostre-darte-esposizioni-temporanee-ed-esposizioni-in-italia\/#respond\"]}]},{\"@type\":\"WebPage\",\"@id\":\"https:\/\/www.article-marketing.eu\/comunicati\/arte-e-cultura\/mostre-darte-esposizioni-temporanee-ed-esposizioni-in-italia\/\",\"url\":\"https:\/\/www.article-marketing.eu\/comunicati\/arte-e-cultura\/mostre-darte-esposizioni-temporanee-ed-esposizioni-in-italia\/\",\"name\":\"Mostre d'arte, esposizioni temporanee ed esposizioni in Italia - Article Marketing\",\"isPartOf\":{\"@id\":\"https:\/\/www.article-marketing.eu\/comunicati\/#website\"},\"datePublished\":\"2011-08-19T15:48:52+00:00\",\"author\":{\"@id\":\"https:\/\/www.article-marketing.eu\/comunicati\/#\/schema\/person\/44372e4d4d0fa797b18e03ed1ace9017\"},\"breadcrumb\":{\"@id\":\"https:\/\/www.article-marketing.eu\/comunicati\/arte-e-cultura\/mostre-darte-esposizioni-temporanee-ed-esposizioni-in-italia\/#breadcrumb\"},\"inLanguage\":\"it-IT\",\"potentialAction\":[{\"@type\":\"ReadAction\",\"target\":[\"https:\/\/www.article-marketing.eu\/comunicati\/arte-e-cultura\/mostre-darte-esposizioni-temporanee-ed-esposizioni-in-italia\/\"]}]},{\"@type\":\"BreadcrumbList\",\"@id\":\"https:\/\/www.article-marketing.eu\/comunicati\/arte-e-cultura\/mostre-darte-esposizioni-temporanee-ed-esposizioni-in-italia\/#breadcrumb\",\"itemListElement\":[{\"@type\":\"ListItem\",\"position\":1,\"name\":\"Home\",\"item\":\"https:\/\/www.article-marketing.eu\/comunicati\/\"},{\"@type\":\"ListItem\",\"position\":2,\"name\":\"Mostre d&#8217;arte, esposizioni temporanee ed esposizioni in Italia\"}]},{\"@type\":\"WebSite\",\"@id\":\"https:\/\/www.article-marketing.eu\/comunicati\/#website\",\"url\":\"https:\/\/www.article-marketing.eu\/comunicati\/\",\"name\":\"Article Marketing\",\"description\":\"article marketing &amp; press release\",\"potentialAction\":[{\"@type\":\"SearchAction\",\"target\":{\"@type\":\"EntryPoint\",\"urlTemplate\":\"https:\/\/www.article-marketing.eu\/comunicati\/?s={search_term_string}\"},\"query-input\":{\"@type\":\"PropertyValueSpecification\",\"valueRequired\":true,\"valueName\":\"search_term_string\"}}],\"inLanguage\":\"it-IT\"},{\"@type\":\"Person\",\"@id\":\"https:\/\/www.article-marketing.eu\/comunicati\/#\/schema\/person\/44372e4d4d0fa797b18e03ed1ace9017\",\"name\":\"Redazione Comunicati Stampa\",\"image\":{\"@type\":\"ImageObject\",\"inLanguage\":\"it-IT\",\"@id\":\"https:\/\/www.article-marketing.eu\/comunicati\/#\/schema\/person\/image\/\",\"url\":\"https:\/\/secure.gravatar.com\/avatar\/50e5c6421d3072f42e7ace803501602c60d75233d34e29fd05feb91c8760b792?s=96&d=mm&r=g\",\"contentUrl\":\"https:\/\/secure.gravatar.com\/avatar\/50e5c6421d3072f42e7ace803501602c60d75233d34e29fd05feb91c8760b792?s=96&d=mm&r=g\",\"caption\":\"Redazione Comunicati Stampa\"},\"url\":\"https:\/\/www.article-marketing.eu\/comunicati\/author\/redazione-comunicati-stampa\/\"}]}<\/script>\n<!-- \/ Yoast SEO plugin. -->","yoast_head_json":{"title":"Mostre d'arte, esposizioni temporanee ed esposizioni in Italia - Article Marketing","robots":{"index":"index","follow":"follow","max-snippet":"max-snippet:-1","max-image-preview":"max-image-preview:large","max-video-preview":"max-video-preview:-1"},"canonical":"https:\/\/www.article-marketing.eu\/comunicati\/arte-e-cultura\/mostre-darte-esposizioni-temporanee-ed-esposizioni-in-italia\/","og_locale":"it_IT","og_type":"article","og_title":"Mostre d'arte, esposizioni temporanee ed esposizioni in Italia - Article Marketing","og_description":"L'Italia \u00e8 ricca di citt\u00e0 d'arte apprezzate e famose in tutto il mondo come Firenze, Roma, Siena e Perugia, solo per citarne alcune. Citt\u00e0 che custodiscono capolavori artistici ed architettonici di prestigio, d'altro canto molti dei pi\u00f9 celebri artisti del panorama mondiale o erano italiani o molto pi\u00f9 spesso lavoravano nel nostro paese adornando con la loro arte i palazzi e le ville dei pi\u00f9 grandi mecenati italiani.","og_url":"https:\/\/www.article-marketing.eu\/comunicati\/arte-e-cultura\/mostre-darte-esposizioni-temporanee-ed-esposizioni-in-italia\/","og_site_name":"Article Marketing","article_published_time":"2011-08-19T15:48:52+00:00","author":"Redazione Comunicati Stampa","twitter_card":"summary_large_image","twitter_misc":{"Scritto da":"Redazione Comunicati Stampa","Tempo di lettura stimato":"3 minuti"},"schema":{"@context":"https:\/\/schema.org","@graph":[{"@type":"Article","@id":"https:\/\/www.article-marketing.eu\/comunicati\/arte-e-cultura\/mostre-darte-esposizioni-temporanee-ed-esposizioni-in-italia\/#article","isPartOf":{"@id":"https:\/\/www.article-marketing.eu\/comunicati\/arte-e-cultura\/mostre-darte-esposizioni-temporanee-ed-esposizioni-in-italia\/"},"author":{"name":"Redazione Comunicati Stampa","@id":"https:\/\/www.article-marketing.eu\/comunicati\/#\/schema\/person\/44372e4d4d0fa797b18e03ed1ace9017"},"headline":"Mostre d&#8217;arte, esposizioni temporanee ed esposizioni in Italia","datePublished":"2011-08-19T15:48:52+00:00","mainEntityOfPage":{"@id":"https:\/\/www.article-marketing.eu\/comunicati\/arte-e-cultura\/mostre-darte-esposizioni-temporanee-ed-esposizioni-in-italia\/"},"wordCount":589,"commentCount":0,"articleSection":["Arte e cultura"],"inLanguage":"it-IT","potentialAction":[{"@type":"CommentAction","name":"Comment","target":["https:\/\/www.article-marketing.eu\/comunicati\/arte-e-cultura\/mostre-darte-esposizioni-temporanee-ed-esposizioni-in-italia\/#respond"]}]},{"@type":"WebPage","@id":"https:\/\/www.article-marketing.eu\/comunicati\/arte-e-cultura\/mostre-darte-esposizioni-temporanee-ed-esposizioni-in-italia\/","url":"https:\/\/www.article-marketing.eu\/comunicati\/arte-e-cultura\/mostre-darte-esposizioni-temporanee-ed-esposizioni-in-italia\/","name":"Mostre d'arte, esposizioni temporanee ed esposizioni in Italia - Article Marketing","isPartOf":{"@id":"https:\/\/www.article-marketing.eu\/comunicati\/#website"},"datePublished":"2011-08-19T15:48:52+00:00","author":{"@id":"https:\/\/www.article-marketing.eu\/comunicati\/#\/schema\/person\/44372e4d4d0fa797b18e03ed1ace9017"},"breadcrumb":{"@id":"https:\/\/www.article-marketing.eu\/comunicati\/arte-e-cultura\/mostre-darte-esposizioni-temporanee-ed-esposizioni-in-italia\/#breadcrumb"},"inLanguage":"it-IT","potentialAction":[{"@type":"ReadAction","target":["https:\/\/www.article-marketing.eu\/comunicati\/arte-e-cultura\/mostre-darte-esposizioni-temporanee-ed-esposizioni-in-italia\/"]}]},{"@type":"BreadcrumbList","@id":"https:\/\/www.article-marketing.eu\/comunicati\/arte-e-cultura\/mostre-darte-esposizioni-temporanee-ed-esposizioni-in-italia\/#breadcrumb","itemListElement":[{"@type":"ListItem","position":1,"name":"Home","item":"https:\/\/www.article-marketing.eu\/comunicati\/"},{"@type":"ListItem","position":2,"name":"Mostre d&#8217;arte, esposizioni temporanee ed esposizioni in Italia"}]},{"@type":"WebSite","@id":"https:\/\/www.article-marketing.eu\/comunicati\/#website","url":"https:\/\/www.article-marketing.eu\/comunicati\/","name":"Article Marketing","description":"article marketing &amp; press release","potentialAction":[{"@type":"SearchAction","target":{"@type":"EntryPoint","urlTemplate":"https:\/\/www.article-marketing.eu\/comunicati\/?s={search_term_string}"},"query-input":{"@type":"PropertyValueSpecification","valueRequired":true,"valueName":"search_term_string"}}],"inLanguage":"it-IT"},{"@type":"Person","@id":"https:\/\/www.article-marketing.eu\/comunicati\/#\/schema\/person\/44372e4d4d0fa797b18e03ed1ace9017","name":"Redazione Comunicati Stampa","image":{"@type":"ImageObject","inLanguage":"it-IT","@id":"https:\/\/www.article-marketing.eu\/comunicati\/#\/schema\/person\/image\/","url":"https:\/\/secure.gravatar.com\/avatar\/50e5c6421d3072f42e7ace803501602c60d75233d34e29fd05feb91c8760b792?s=96&d=mm&r=g","contentUrl":"https:\/\/secure.gravatar.com\/avatar\/50e5c6421d3072f42e7ace803501602c60d75233d34e29fd05feb91c8760b792?s=96&d=mm&r=g","caption":"Redazione Comunicati Stampa"},"url":"https:\/\/www.article-marketing.eu\/comunicati\/author\/redazione-comunicati-stampa\/"}]}},"_links":{"self":[{"href":"https:\/\/www.article-marketing.eu\/comunicati\/wp-json\/wp\/v2\/posts\/18973","targetHints":{"allow":["GET"]}}],"collection":[{"href":"https:\/\/www.article-marketing.eu\/comunicati\/wp-json\/wp\/v2\/posts"}],"about":[{"href":"https:\/\/www.article-marketing.eu\/comunicati\/wp-json\/wp\/v2\/types\/post"}],"author":[{"embeddable":true,"href":"https:\/\/www.article-marketing.eu\/comunicati\/wp-json\/wp\/v2\/users\/10"}],"replies":[{"embeddable":true,"href":"https:\/\/www.article-marketing.eu\/comunicati\/wp-json\/wp\/v2\/comments?post=18973"}],"version-history":[{"count":0,"href":"https:\/\/www.article-marketing.eu\/comunicati\/wp-json\/wp\/v2\/posts\/18973\/revisions"}],"wp:attachment":[{"href":"https:\/\/www.article-marketing.eu\/comunicati\/wp-json\/wp\/v2\/media?parent=18973"}],"wp:term":[{"taxonomy":"category","embeddable":true,"href":"https:\/\/www.article-marketing.eu\/comunicati\/wp-json\/wp\/v2\/categories?post=18973"},{"taxonomy":"post_tag","embeddable":true,"href":"https:\/\/www.article-marketing.eu\/comunicati\/wp-json\/wp\/v2\/tags?post=18973"}],"curies":[{"name":"wp","href":"https:\/\/api.w.org\/{rel}","templated":true}]}}