{"id":1908,"date":"2009-05-01T17:42:09","date_gmt":"2009-05-01T15:42:09","guid":{"rendered":"http:\/\/www.article-marketing.eu\/comunicati\/senza-categoria\/dal-29-maggio-al-2-giugno-la-6%b0-edizione-di-viareggio-mare\/"},"modified":"2009-05-01T17:42:09","modified_gmt":"2009-05-01T15:42:09","slug":"dal-29-maggio-al-2-giugno-la-6%b0-edizione-di-viareggio-mare","status":"publish","type":"post","link":"https:\/\/www.article-marketing.eu\/comunicati\/viaggi-e-vacanze\/viaggi-e-turismo\/dal-29-maggio-al-2-giugno-la-6%b0-edizione-di-viareggio-mare\/","title":{"rendered":"Dal 29 maggio al 2 giugno la 6\u00b0 edizione di Viareggio Mare"},"content":{"rendered":"<p><a href=\"http:\/\/www.ciaociaoitaly.com\/it\/hotel-viareggio.c814.htm\">Viareggio<\/a> \u00e8 forse una delle citt\u00e0 con la maggiore densit\u00e0 di hotel per chilometro quadrato, infatti \u00e8 la localit\u00e0 turistica di punta della Versilia; luogo di vacanza per tutto l&#8217;anno \u00e8 particolarmente frequentata per il turismo balneare. La lunga spiaggia sabbiosa, la folta pineta che la delimita e la Passeggiata Lungomare con gli edifici in stile eclettico, art-dec\u00f2 e liberty che vi si affacciano sono i suoi tratti caratteristici.<br \/>\nDa sempre legata al mare e alle sue attivit\u00e0, Viareggio \u00e8 rinomata per l&#8217;ingegneria navale e i maestri d&#8217;ascia. Di rilevanza internazionale, i cantieri navali della citt\u00e0, vissero nel XIX secolo un momento di grande prestigio ideando e costruendo anche diverse tipologie di battelli come la Tartana Viareggina, il Barcobestia e il Brigantino Goletta Viareggino.<br \/>\nOggi Viareggio \u00e8 considerata, a livello mondiale, la capitale della nautica da diporto e la rassegna Viareggio Mare \u00e8 \u201clo show del mare\u201d sotto tutti i suoi aspetti.<br \/>\nEventi e stand invaderanno la Passeggiata, l&#8217;area portuale, Via Coppino, la darsena del Triangolino e il porticciolo turistico La Madonnina.<br \/>\nDurante i cinque giorni della manifestazione verranno rappresentati lo sport, il turismo, la cultura e il commercio il tutto legato da momenti di animazione e spettacoli molto graditi dal pubblico come le precedenti edizioni hanno gi\u00e0 potuto confermare.<br \/>\nNumerose e ricche di novit\u00e0 le proposte in programma: convegni, visite ai musei, mostre fotografiche, concerti e tanti momenti di intrattenimento e di piacere che culmineranno con la &#8220;Notte Blu&#8221;, evento di punta della presente manifestazione.<br \/>\nOltre duecento saranno i villaggi delle associazioni e gli stand delle aziende presenti alla rassegna; saranno organizzati raduni nautici, prove libere in mare delle imbarcazioni e la prestigiosa gara motonautica Viareggio-Montecarlo-Viareggio.<br \/>\nL&#8217;incantevole Piazza Mazzini sar\u00e0 lo scenario delle esibizioni di band e artisti emergenti a cui verranno dedicati 3 giorni durante la manifestazione.<br \/>\nOltre alle mille opportunit\u00e0 offerte da Viareggio Mare ci sono attrattive di grande interesse naturalistico.<br \/>\nLo specchio d&#8217;acqua antistante la costa versiliese rientra nel territorio del Santuario dei Cetacei, un&#8217;area marina protetta dove si possono effettuare uscite in barca per l&#8217;osservazione di balene e delfini.<br \/>\nIl Parco Naturale Migliarino &#8211; San Rossore &#8211; Massaciuccoli che si estende tra Viareggio e Livorno. Vi sono comprese le Pinete di Migliarino, del Tombolo e della Macchia. Il parco \u00e8 aperto al pubblico alla domenica ed nei giorni festivi, vi si pu\u00f2 accedere per una visita libera a piedi e in bicicletta. Vi si svolgono visite guidate anche a cavallo o in carrozza e si pu\u00f2 visitare il Lago di Massaciuccoli in battello.<br \/>\nIl parco comprende anche la vicina Spiaggia della Lecciona, un tratto di litorale caratterizzato dalle dune selvagge ricoperte da una vegetazione che le preserva nel tempo dall&#8217;erosione del mare.<\/p>\n","protected":false},"excerpt":{"rendered":"<p>Il mare \u00e8 una preziosa risorsa e il suo rapporto con la citt\u00e0 \u00e8 antico e indissolubile; un forte legame che la manifestazione Viareggio Mare mette eccezionalmente in risalto.<\/p>\n","protected":false},"author":10,"featured_media":0,"comment_status":"open","ping_status":"open","sticky":false,"template":"","format":"standard","meta":{"cybocfi_hide_featured_image":"","footnotes":""},"categories":[2],"tags":[253,3,4,6070],"class_list":["post-1908","post","type-post","status-publish","format-standard","hentry","category-viaggi-e-turismo","tag-turismo","tag-vacanze","tag-viaggi","tag-viareggio"],"yoast_head":"<!-- This site is optimized with the Yoast SEO plugin v27.0 - https:\/\/yoast.com\/product\/yoast-seo-wordpress\/ -->\n<title>Dal 29 maggio al 2 giugno la 6\u00b0 edizione di Viareggio Mare - Article Marketing<\/title>\n<meta name=\"robots\" content=\"index, follow, max-snippet:-1, max-image-preview:large, max-video-preview:-1\" \/>\n<link rel=\"canonical\" href=\"https:\/\/www.article-marketing.eu\/comunicati\/viaggi-e-vacanze\/viaggi-e-turismo\/dal-29-maggio-al-2-giugno-la-6?-edizione-di-viareggio-mare\/\" \/>\n<meta property=\"og:locale\" content=\"it_IT\" \/>\n<meta property=\"og:type\" content=\"article\" \/>\n<meta property=\"og:title\" content=\"Dal 29 maggio al 2 giugno la 6\u00b0 edizione di Viareggio Mare - Article Marketing\" \/>\n<meta property=\"og:description\" content=\"Il mare \u00e8 una preziosa risorsa e il suo rapporto con la citt\u00e0 \u00e8 antico e indissolubile; un forte legame che la manifestazione Viareggio Mare mette eccezionalmente in risalto.\" \/>\n<meta property=\"og:url\" content=\"\" \/>\n<meta property=\"og:site_name\" content=\"Article Marketing\" \/>\n<meta property=\"article:published_time\" content=\"2009-05-01T15:42:09+00:00\" \/>\n<meta name=\"author\" content=\"Redazione Comunicati Stampa\" \/>\n<meta name=\"twitter:card\" content=\"summary_large_image\" \/>\n<meta name=\"twitter:label1\" content=\"Scritto da\" \/>\n\t<meta name=\"twitter:data1\" content=\"Redazione Comunicati Stampa\" \/>\n\t<meta name=\"twitter:label2\" content=\"Tempo di lettura stimato\" \/>\n\t<meta name=\"twitter:data2\" content=\"2 minuti\" \/>\n<script type=\"application\/ld+json\" class=\"yoast-schema-graph\">{\"@context\":\"https:\/\/schema.org\",\"@graph\":[{\"@type\":\"Article\",\"@id\":\"https:\/\/www.article-marketing.eu\/comunicati\/viaggi-e-vacanze\/viaggi-e-turismo\/dal-29-maggio-al-2-giugno-la-6%b0-edizione-di-viareggio-mare\/#article\",\"isPartOf\":{\"@id\":\"https:\/\/www.article-marketing.eu\/comunicati\/viaggi-e-vacanze\/viaggi-e-turismo\/dal-29-maggio-al-2-giugno-la-6%b0-edizione-di-viareggio-mare\/\"},\"author\":{\"name\":\"Redazione Comunicati Stampa\",\"@id\":\"https:\/\/www.article-marketing.eu\/comunicati\/#\/schema\/person\/44372e4d4d0fa797b18e03ed1ace9017\"},\"headline\":\"Dal 29 maggio al 2 giugno la 6\u00b0 edizione di Viareggio Mare\",\"datePublished\":\"2009-05-01T15:42:09+00:00\",\"mainEntityOfPage\":{\"@id\":\"https:\/\/www.article-marketing.eu\/comunicati\/viaggi-e-vacanze\/viaggi-e-turismo\/dal-29-maggio-al-2-giugno-la-6%b0-edizione-di-viareggio-mare\/\"},\"wordCount\":448,\"commentCount\":0,\"keywords\":[\"turismo\",\"vacanze\",\"viaggi\",\"viareggio\"],\"articleSection\":[\"Viaggi e Turismo\"],\"inLanguage\":\"it-IT\",\"potentialAction\":[{\"@type\":\"CommentAction\",\"name\":\"Comment\",\"target\":[\"https:\/\/www.article-marketing.eu\/comunicati\/viaggi-e-vacanze\/viaggi-e-turismo\/dal-29-maggio-al-2-giugno-la-6%b0-edizione-di-viareggio-mare\/#respond\"]}]},{\"@type\":\"WebPage\",\"@id\":\"https:\/\/www.article-marketing.eu\/comunicati\/viaggi-e-vacanze\/viaggi-e-turismo\/dal-29-maggio-al-2-giugno-la-6%b0-edizione-di-viareggio-mare\/\",\"url\":\"https:\/\/www.article-marketing.eu\/comunicati\/viaggi-e-vacanze\/viaggi-e-turismo\/dal-29-maggio-al-2-giugno-la-6%b0-edizione-di-viareggio-mare\/\",\"name\":\"Dal 29 maggio al 2 giugno la 6\u00b0 edizione di Viareggio Mare - Article Marketing\",\"isPartOf\":{\"@id\":\"https:\/\/www.article-marketing.eu\/comunicati\/#website\"},\"datePublished\":\"2009-05-01T15:42:09+00:00\",\"author\":{\"@id\":\"https:\/\/www.article-marketing.eu\/comunicati\/#\/schema\/person\/44372e4d4d0fa797b18e03ed1ace9017\"},\"breadcrumb\":{\"@id\":\"https:\/\/www.article-marketing.eu\/comunicati\/viaggi-e-vacanze\/viaggi-e-turismo\/dal-29-maggio-al-2-giugno-la-6%b0-edizione-di-viareggio-mare\/#breadcrumb\"},\"inLanguage\":\"it-IT\",\"potentialAction\":[{\"@type\":\"ReadAction\",\"target\":[\"https:\/\/www.article-marketing.eu\/comunicati\/viaggi-e-vacanze\/viaggi-e-turismo\/dal-29-maggio-al-2-giugno-la-6%b0-edizione-di-viareggio-mare\/\"]}]},{\"@type\":\"BreadcrumbList\",\"@id\":\"https:\/\/www.article-marketing.eu\/comunicati\/viaggi-e-vacanze\/viaggi-e-turismo\/dal-29-maggio-al-2-giugno-la-6%b0-edizione-di-viareggio-mare\/#breadcrumb\",\"itemListElement\":[{\"@type\":\"ListItem\",\"position\":1,\"name\":\"Home\",\"item\":\"https:\/\/www.article-marketing.eu\/comunicati\/\"},{\"@type\":\"ListItem\",\"position\":2,\"name\":\"Dal 29 maggio al 2 giugno la 6\u00b0 edizione di Viareggio Mare\"}]},{\"@type\":\"WebSite\",\"@id\":\"https:\/\/www.article-marketing.eu\/comunicati\/#website\",\"url\":\"https:\/\/www.article-marketing.eu\/comunicati\/\",\"name\":\"Article Marketing\",\"description\":\"article marketing &amp; press release\",\"potentialAction\":[{\"@type\":\"SearchAction\",\"target\":{\"@type\":\"EntryPoint\",\"urlTemplate\":\"https:\/\/www.article-marketing.eu\/comunicati\/?s={search_term_string}\"},\"query-input\":{\"@type\":\"PropertyValueSpecification\",\"valueRequired\":true,\"valueName\":\"search_term_string\"}}],\"inLanguage\":\"it-IT\"},{\"@type\":\"Person\",\"@id\":\"https:\/\/www.article-marketing.eu\/comunicati\/#\/schema\/person\/44372e4d4d0fa797b18e03ed1ace9017\",\"name\":\"Redazione Comunicati Stampa\",\"image\":{\"@type\":\"ImageObject\",\"inLanguage\":\"it-IT\",\"@id\":\"https:\/\/www.article-marketing.eu\/comunicati\/#\/schema\/person\/image\/\",\"url\":\"https:\/\/secure.gravatar.com\/avatar\/50e5c6421d3072f42e7ace803501602c60d75233d34e29fd05feb91c8760b792?s=96&d=mm&r=g\",\"contentUrl\":\"https:\/\/secure.gravatar.com\/avatar\/50e5c6421d3072f42e7ace803501602c60d75233d34e29fd05feb91c8760b792?s=96&d=mm&r=g\",\"caption\":\"Redazione Comunicati Stampa\"},\"url\":\"https:\/\/www.article-marketing.eu\/comunicati\/author\/redazione-comunicati-stampa\/\"}]}<\/script>\n<!-- \/ Yoast SEO plugin. -->","yoast_head_json":{"title":"Dal 29 maggio al 2 giugno la 6\u00b0 edizione di Viareggio Mare - Article Marketing","robots":{"index":"index","follow":"follow","max-snippet":"max-snippet:-1","max-image-preview":"max-image-preview:large","max-video-preview":"max-video-preview:-1"},"canonical":"https:\/\/www.article-marketing.eu\/comunicati\/viaggi-e-vacanze\/viaggi-e-turismo\/dal-29-maggio-al-2-giugno-la-6?-edizione-di-viareggio-mare\/","og_locale":"it_IT","og_type":"article","og_title":"Dal 29 maggio al 2 giugno la 6\u00b0 edizione di Viareggio Mare - Article Marketing","og_description":"Il mare \u00e8 una preziosa risorsa e il suo rapporto con la citt\u00e0 \u00e8 antico e indissolubile; un forte legame che la manifestazione Viareggio Mare mette eccezionalmente in risalto.","og_url":"https:\/\/www.article-marketing.eu\/comunicati\/viaggi-e-vacanze\/viaggi-e-turismo\/dal-29-maggio-al-2-giugno-la-6?-edizione-di-viareggio-mare\/","og_site_name":"Article Marketing","article_published_time":"2009-05-01T15:42:09+00:00","author":"Redazione Comunicati Stampa","twitter_card":"summary_large_image","twitter_misc":{"Scritto da":"Redazione Comunicati Stampa","Tempo di lettura stimato":"2 minuti"},"schema":{"@context":"https:\/\/schema.org","@graph":[{"@type":"Article","@id":"https:\/\/www.article-marketing.eu\/comunicati\/viaggi-e-vacanze\/viaggi-e-turismo\/dal-29-maggio-al-2-giugno-la-6%b0-edizione-di-viareggio-mare\/#article","isPartOf":{"@id":"https:\/\/www.article-marketing.eu\/comunicati\/viaggi-e-vacanze\/viaggi-e-turismo\/dal-29-maggio-al-2-giugno-la-6%b0-edizione-di-viareggio-mare\/"},"author":{"name":"Redazione Comunicati Stampa","@id":"https:\/\/www.article-marketing.eu\/comunicati\/#\/schema\/person\/44372e4d4d0fa797b18e03ed1ace9017"},"headline":"Dal 29 maggio al 2 giugno la 6\u00b0 edizione di Viareggio Mare","datePublished":"2009-05-01T15:42:09+00:00","mainEntityOfPage":{"@id":"https:\/\/www.article-marketing.eu\/comunicati\/viaggi-e-vacanze\/viaggi-e-turismo\/dal-29-maggio-al-2-giugno-la-6%b0-edizione-di-viareggio-mare\/"},"wordCount":448,"commentCount":0,"keywords":["turismo","vacanze","viaggi","viareggio"],"articleSection":["Viaggi e Turismo"],"inLanguage":"it-IT","potentialAction":[{"@type":"CommentAction","name":"Comment","target":["https:\/\/www.article-marketing.eu\/comunicati\/viaggi-e-vacanze\/viaggi-e-turismo\/dal-29-maggio-al-2-giugno-la-6%b0-edizione-di-viareggio-mare\/#respond"]}]},{"@type":"WebPage","@id":"https:\/\/www.article-marketing.eu\/comunicati\/viaggi-e-vacanze\/viaggi-e-turismo\/dal-29-maggio-al-2-giugno-la-6%b0-edizione-di-viareggio-mare\/","url":"https:\/\/www.article-marketing.eu\/comunicati\/viaggi-e-vacanze\/viaggi-e-turismo\/dal-29-maggio-al-2-giugno-la-6%b0-edizione-di-viareggio-mare\/","name":"Dal 29 maggio al 2 giugno la 6\u00b0 edizione di Viareggio Mare - Article Marketing","isPartOf":{"@id":"https:\/\/www.article-marketing.eu\/comunicati\/#website"},"datePublished":"2009-05-01T15:42:09+00:00","author":{"@id":"https:\/\/www.article-marketing.eu\/comunicati\/#\/schema\/person\/44372e4d4d0fa797b18e03ed1ace9017"},"breadcrumb":{"@id":"https:\/\/www.article-marketing.eu\/comunicati\/viaggi-e-vacanze\/viaggi-e-turismo\/dal-29-maggio-al-2-giugno-la-6%b0-edizione-di-viareggio-mare\/#breadcrumb"},"inLanguage":"it-IT","potentialAction":[{"@type":"ReadAction","target":["https:\/\/www.article-marketing.eu\/comunicati\/viaggi-e-vacanze\/viaggi-e-turismo\/dal-29-maggio-al-2-giugno-la-6%b0-edizione-di-viareggio-mare\/"]}]},{"@type":"BreadcrumbList","@id":"https:\/\/www.article-marketing.eu\/comunicati\/viaggi-e-vacanze\/viaggi-e-turismo\/dal-29-maggio-al-2-giugno-la-6%b0-edizione-di-viareggio-mare\/#breadcrumb","itemListElement":[{"@type":"ListItem","position":1,"name":"Home","item":"https:\/\/www.article-marketing.eu\/comunicati\/"},{"@type":"ListItem","position":2,"name":"Dal 29 maggio al 2 giugno la 6\u00b0 edizione di Viareggio Mare"}]},{"@type":"WebSite","@id":"https:\/\/www.article-marketing.eu\/comunicati\/#website","url":"https:\/\/www.article-marketing.eu\/comunicati\/","name":"Article Marketing","description":"article marketing &amp; press release","potentialAction":[{"@type":"SearchAction","target":{"@type":"EntryPoint","urlTemplate":"https:\/\/www.article-marketing.eu\/comunicati\/?s={search_term_string}"},"query-input":{"@type":"PropertyValueSpecification","valueRequired":true,"valueName":"search_term_string"}}],"inLanguage":"it-IT"},{"@type":"Person","@id":"https:\/\/www.article-marketing.eu\/comunicati\/#\/schema\/person\/44372e4d4d0fa797b18e03ed1ace9017","name":"Redazione Comunicati Stampa","image":{"@type":"ImageObject","inLanguage":"it-IT","@id":"https:\/\/www.article-marketing.eu\/comunicati\/#\/schema\/person\/image\/","url":"https:\/\/secure.gravatar.com\/avatar\/50e5c6421d3072f42e7ace803501602c60d75233d34e29fd05feb91c8760b792?s=96&d=mm&r=g","contentUrl":"https:\/\/secure.gravatar.com\/avatar\/50e5c6421d3072f42e7ace803501602c60d75233d34e29fd05feb91c8760b792?s=96&d=mm&r=g","caption":"Redazione Comunicati Stampa"},"url":"https:\/\/www.article-marketing.eu\/comunicati\/author\/redazione-comunicati-stampa\/"}]}},"_links":{"self":[{"href":"https:\/\/www.article-marketing.eu\/comunicati\/wp-json\/wp\/v2\/posts\/1908","targetHints":{"allow":["GET"]}}],"collection":[{"href":"https:\/\/www.article-marketing.eu\/comunicati\/wp-json\/wp\/v2\/posts"}],"about":[{"href":"https:\/\/www.article-marketing.eu\/comunicati\/wp-json\/wp\/v2\/types\/post"}],"author":[{"embeddable":true,"href":"https:\/\/www.article-marketing.eu\/comunicati\/wp-json\/wp\/v2\/users\/10"}],"replies":[{"embeddable":true,"href":"https:\/\/www.article-marketing.eu\/comunicati\/wp-json\/wp\/v2\/comments?post=1908"}],"version-history":[{"count":0,"href":"https:\/\/www.article-marketing.eu\/comunicati\/wp-json\/wp\/v2\/posts\/1908\/revisions"}],"wp:attachment":[{"href":"https:\/\/www.article-marketing.eu\/comunicati\/wp-json\/wp\/v2\/media?parent=1908"}],"wp:term":[{"taxonomy":"category","embeddable":true,"href":"https:\/\/www.article-marketing.eu\/comunicati\/wp-json\/wp\/v2\/categories?post=1908"},{"taxonomy":"post_tag","embeddable":true,"href":"https:\/\/www.article-marketing.eu\/comunicati\/wp-json\/wp\/v2\/tags?post=1908"}],"curies":[{"name":"wp","href":"https:\/\/api.w.org\/{rel}","templated":true}]}}