{"id":1913,"date":"2009-05-04T11:20:17","date_gmt":"2009-05-04T09:20:17","guid":{"rendered":"http:\/\/www.article-marketing.eu\/comunicati\/senza-categoria\/roma-futurismo-avanguardia-avanguardie-20-febbraio-24-maggio-2009\/"},"modified":"2009-05-04T11:20:17","modified_gmt":"2009-05-04T09:20:17","slug":"roma-futurismo-avanguardia-avanguardie-20-febbraio-24-maggio-2009","status":"publish","type":"post","link":"https:\/\/www.article-marketing.eu\/comunicati\/comunicati-stampa\/eventi\/roma-futurismo-avanguardia-avanguardie-20-febbraio-24-maggio-2009\/","title":{"rendered":"Roma: Futurismo Avanguardia \u2013 Avanguardie, 20 Febbraio \u2013 24 Maggio 2009"},"content":{"rendered":"<p>La mostra, che verr\u00e0 ospitata alle Scuderie del Quirinale fino al 24 maggio (avete ancora qualche settimana di tempo per prenotare un hotel economico a Roma e visitare la mostra), si presenta come uno degli eventi d\u2019arte internazionali pi\u00f9 importanti dell\u2019anno, un\u2019occasione imperdibile per conoscere uno dei movimenti artistici che pi\u00f9 hanno contraddistinto il Novecento. Negli spazi espositivi delle Scuderie del Quirinale verranno infatti esposte 77 opere provenienti da musei e collezioni private di tutto il mondo, che aiuteranno i visitatori in vacanza a Roma a capire come il movimento futurista abbia sconvolto le regole dell\u2019arte e abbia influenzato molte altre correnti artistiche. Tra le opere esposte, vari dipinti rari e molti capolavori realizzati da alcuni dei pi\u00f9 importanti artisti del secolo scorso e diventati ormai dei classici, come &quot;La risata&quot; di Umberto Boccioni e &quot;I funerali dell&#8217;anarchico Galli&quot; di Carlo Carr\u00e0 dal Museum of Modern Art di New York, &quot;Le grand nu&quot; di Georges Braque e &quot;La femme assise dans un fauteuil&quot; di Pablo Picasso dal Centre Pompidou, &quot;La stazione di Milano&quot; di Carlo Carr\u00e0 e &quot;Le voci della mia stanza&quot; di Gino Severini dalla Staatsgalerie di Stuttgart, i &quot;Volumi orizzontali&quot; di Umberto Boccioni dalla Pinacoteca di Monaco. <\/p>\n<p>La particolarit\u00e0 della mostra, che si \u00e8 gi\u00e0 tenuta a Parigi (da ottobre 2008 a gennaio 2009) e verr\u00e0 ospitata anche a Londra (da giugno a settembre 2009), a sottolineare il rilievo assunto dal movimento futurista a livello internazionale, sta nel particolare percorso espositivo allestito in tutte e tre le sedi della mostra: con cura filologica le opere sono state esposte cercando di ricostruire la mostra futurista che si tenne nel 1912 a Parigi, alla galleria Bernheim-Jeune, un evento che, presentando al mondo la poetica futurista e il suo contrasto con tutte le regole artistiche preesistenti, suscit\u00f2 grande clamore e contribu\u00ec alla diffusione delle idee di velocit\u00e0 e dinamismo, tipiche del futurismo. <\/p>\n<p>La portata innovativa del futurismo influenz\u00f2 molto le successive correnti artistiche, e la mostra vuole mettere in risalto come il movimento contribu\u00ec a cambiare il linguaggio dell\u2019arte, evidenziando le connessioni tra Futurismo e Cubismo, altro importantissimo movimento artistico (una sezione della mostra sar\u00e0 dedicata ai dipinti cubisti), ma anche tra Futurismo e altre avanguardie, come il cubofuturismo russo, il verticismo inglese, il sincronismo americano.<\/p>\n<p>Se prenoterete un <a href=\"http:\/\/it.flashbooking.com\/navigation\/europa_italia_roma_ostello_all.html\">ostello della giovent\u00f9 a Roma<\/a> e visiterete la mostra sarete sicuramente colpiti dall\u2019originalit\u00e0 e dalla forza delle opere simbolo del futurismo, un movimento che investendo tutti i generi artistici, trov\u00f2 nella pittura la forma espressiva ideale per riassumere la sua intera poetica, una poetica che riusc\u00ec a sedurre intere generazioni conservando intatto il suo fascino fino a i giorni nostri. Per far s\u00ec che anche le generazioni pi\u00f9 giovani si avvicinino e imparino a scoprire l\u2019arte futurista, verranno proposti dei percorsi studiati per bambini dai 3 agli 11 anni, con visite animate e laboratori artistici.<\/p>\n<p>Biglietti: 10 euro, ridotto 7,50 euro<br \/>Date: 20 Febbraio \u2013 24 Maggio 2009 <br \/>Dove: Scuderie del Quirinale, Roma, Italia<\/p>\n","protected":false},"excerpt":{"rendered":"<p>Il 20 febbraio, in occasione del centenario della pubblicazione del Manifesto del Futurismo su Le Figaro ad opera di Tommaso Martinetti, \u00e8 stata inaugurata a Roma la mostra \u201cFuturismo Avanguardia \u2013 Avanguardie\u201d.<\/p>\n","protected":false},"author":10,"featured_media":0,"comment_status":"open","ping_status":"open","sticky":false,"template":"","format":"standard","meta":{"cybocfi_hide_featured_image":"","footnotes":""},"categories":[388],"tags":[171,6082,6081,1000,251],"class_list":["post-1913","post","type-post","status-publish","format-standard","hentry","category-eventi","tag-arte","tag-avanguardie","tag-futurismo","tag-mostra","tag-roma"],"yoast_head":"<!-- This site is optimized with the Yoast SEO plugin v27.0 - https:\/\/yoast.com\/product\/yoast-seo-wordpress\/ -->\n<title>Roma: Futurismo Avanguardia \u2013 Avanguardie, 20 Febbraio \u2013 24 Maggio 2009 - Article Marketing<\/title>\n<meta name=\"robots\" content=\"index, follow, max-snippet:-1, max-image-preview:large, max-video-preview:-1\" \/>\n<link rel=\"canonical\" href=\"https:\/\/www.article-marketing.eu\/comunicati\/comunicati-stampa\/eventi\/roma-futurismo-avanguardia-avanguardie-20-febbraio-24-maggio-2009\/\" \/>\n<meta property=\"og:locale\" content=\"it_IT\" \/>\n<meta property=\"og:type\" content=\"article\" \/>\n<meta property=\"og:title\" content=\"Roma: Futurismo Avanguardia \u2013 Avanguardie, 20 Febbraio \u2013 24 Maggio 2009 - Article Marketing\" \/>\n<meta property=\"og:description\" content=\"Il 20 febbraio, in occasione del centenario della pubblicazione del Manifesto del Futurismo su Le Figaro ad opera di Tommaso Martinetti, \u00e8 stata inaugurata a Roma la mostra \u201cFuturismo Avanguardia \u2013 Avanguardie\u201d.\" \/>\n<meta property=\"og:url\" content=\"https:\/\/www.article-marketing.eu\/comunicati\/comunicati-stampa\/eventi\/roma-futurismo-avanguardia-avanguardie-20-febbraio-24-maggio-2009\/\" \/>\n<meta property=\"og:site_name\" content=\"Article Marketing\" \/>\n<meta property=\"article:published_time\" content=\"2009-05-04T09:20:17+00:00\" \/>\n<meta name=\"author\" content=\"Redazione Comunicati Stampa\" \/>\n<meta name=\"twitter:card\" content=\"summary_large_image\" \/>\n<meta name=\"twitter:label1\" content=\"Scritto da\" \/>\n\t<meta name=\"twitter:data1\" content=\"Redazione Comunicati Stampa\" \/>\n\t<meta name=\"twitter:label2\" content=\"Tempo di lettura stimato\" \/>\n\t<meta name=\"twitter:data2\" content=\"2 minuti\" \/>\n<script type=\"application\/ld+json\" class=\"yoast-schema-graph\">{\"@context\":\"https:\/\/schema.org\",\"@graph\":[{\"@type\":\"Article\",\"@id\":\"https:\/\/www.article-marketing.eu\/comunicati\/comunicati-stampa\/eventi\/roma-futurismo-avanguardia-avanguardie-20-febbraio-24-maggio-2009\/#article\",\"isPartOf\":{\"@id\":\"https:\/\/www.article-marketing.eu\/comunicati\/comunicati-stampa\/eventi\/roma-futurismo-avanguardia-avanguardie-20-febbraio-24-maggio-2009\/\"},\"author\":{\"name\":\"Redazione Comunicati Stampa\",\"@id\":\"https:\/\/www.article-marketing.eu\/comunicati\/#\/schema\/person\/44372e4d4d0fa797b18e03ed1ace9017\"},\"headline\":\"Roma: Futurismo Avanguardia \u2013 Avanguardie, 20 Febbraio \u2013 24 Maggio 2009\",\"datePublished\":\"2009-05-04T09:20:17+00:00\",\"mainEntityOfPage\":{\"@id\":\"https:\/\/www.article-marketing.eu\/comunicati\/comunicati-stampa\/eventi\/roma-futurismo-avanguardia-avanguardie-20-febbraio-24-maggio-2009\/\"},\"wordCount\":503,\"commentCount\":0,\"keywords\":[\"arte\",\"avanguardie\",\"futurismo\",\"Mostra\",\"roma\"],\"articleSection\":[\"Eventi\"],\"inLanguage\":\"it-IT\",\"potentialAction\":[{\"@type\":\"CommentAction\",\"name\":\"Comment\",\"target\":[\"https:\/\/www.article-marketing.eu\/comunicati\/comunicati-stampa\/eventi\/roma-futurismo-avanguardia-avanguardie-20-febbraio-24-maggio-2009\/#respond\"]}]},{\"@type\":\"WebPage\",\"@id\":\"https:\/\/www.article-marketing.eu\/comunicati\/comunicati-stampa\/eventi\/roma-futurismo-avanguardia-avanguardie-20-febbraio-24-maggio-2009\/\",\"url\":\"https:\/\/www.article-marketing.eu\/comunicati\/comunicati-stampa\/eventi\/roma-futurismo-avanguardia-avanguardie-20-febbraio-24-maggio-2009\/\",\"name\":\"Roma: Futurismo Avanguardia \u2013 Avanguardie, 20 Febbraio \u2013 24 Maggio 2009 - Article Marketing\",\"isPartOf\":{\"@id\":\"https:\/\/www.article-marketing.eu\/comunicati\/#website\"},\"datePublished\":\"2009-05-04T09:20:17+00:00\",\"author\":{\"@id\":\"https:\/\/www.article-marketing.eu\/comunicati\/#\/schema\/person\/44372e4d4d0fa797b18e03ed1ace9017\"},\"breadcrumb\":{\"@id\":\"https:\/\/www.article-marketing.eu\/comunicati\/comunicati-stampa\/eventi\/roma-futurismo-avanguardia-avanguardie-20-febbraio-24-maggio-2009\/#breadcrumb\"},\"inLanguage\":\"it-IT\",\"potentialAction\":[{\"@type\":\"ReadAction\",\"target\":[\"https:\/\/www.article-marketing.eu\/comunicati\/comunicati-stampa\/eventi\/roma-futurismo-avanguardia-avanguardie-20-febbraio-24-maggio-2009\/\"]}]},{\"@type\":\"BreadcrumbList\",\"@id\":\"https:\/\/www.article-marketing.eu\/comunicati\/comunicati-stampa\/eventi\/roma-futurismo-avanguardia-avanguardie-20-febbraio-24-maggio-2009\/#breadcrumb\",\"itemListElement\":[{\"@type\":\"ListItem\",\"position\":1,\"name\":\"Home\",\"item\":\"https:\/\/www.article-marketing.eu\/comunicati\/\"},{\"@type\":\"ListItem\",\"position\":2,\"name\":\"Roma: Futurismo Avanguardia \u2013 Avanguardie, 20 Febbraio \u2013 24 Maggio 2009\"}]},{\"@type\":\"WebSite\",\"@id\":\"https:\/\/www.article-marketing.eu\/comunicati\/#website\",\"url\":\"https:\/\/www.article-marketing.eu\/comunicati\/\",\"name\":\"Article Marketing\",\"description\":\"article marketing &amp; press release\",\"potentialAction\":[{\"@type\":\"SearchAction\",\"target\":{\"@type\":\"EntryPoint\",\"urlTemplate\":\"https:\/\/www.article-marketing.eu\/comunicati\/?s={search_term_string}\"},\"query-input\":{\"@type\":\"PropertyValueSpecification\",\"valueRequired\":true,\"valueName\":\"search_term_string\"}}],\"inLanguage\":\"it-IT\"},{\"@type\":\"Person\",\"@id\":\"https:\/\/www.article-marketing.eu\/comunicati\/#\/schema\/person\/44372e4d4d0fa797b18e03ed1ace9017\",\"name\":\"Redazione Comunicati Stampa\",\"image\":{\"@type\":\"ImageObject\",\"inLanguage\":\"it-IT\",\"@id\":\"https:\/\/www.article-marketing.eu\/comunicati\/#\/schema\/person\/image\/\",\"url\":\"https:\/\/secure.gravatar.com\/avatar\/50e5c6421d3072f42e7ace803501602c60d75233d34e29fd05feb91c8760b792?s=96&d=mm&r=g\",\"contentUrl\":\"https:\/\/secure.gravatar.com\/avatar\/50e5c6421d3072f42e7ace803501602c60d75233d34e29fd05feb91c8760b792?s=96&d=mm&r=g\",\"caption\":\"Redazione Comunicati Stampa\"},\"url\":\"https:\/\/www.article-marketing.eu\/comunicati\/author\/redazione-comunicati-stampa\/\"}]}<\/script>\n<!-- \/ Yoast SEO plugin. -->","yoast_head_json":{"title":"Roma: Futurismo Avanguardia \u2013 Avanguardie, 20 Febbraio \u2013 24 Maggio 2009 - Article Marketing","robots":{"index":"index","follow":"follow","max-snippet":"max-snippet:-1","max-image-preview":"max-image-preview:large","max-video-preview":"max-video-preview:-1"},"canonical":"https:\/\/www.article-marketing.eu\/comunicati\/comunicati-stampa\/eventi\/roma-futurismo-avanguardia-avanguardie-20-febbraio-24-maggio-2009\/","og_locale":"it_IT","og_type":"article","og_title":"Roma: Futurismo Avanguardia \u2013 Avanguardie, 20 Febbraio \u2013 24 Maggio 2009 - Article Marketing","og_description":"Il 20 febbraio, in occasione del centenario della pubblicazione del Manifesto del Futurismo su Le Figaro ad opera di Tommaso Martinetti, \u00e8 stata inaugurata a Roma la mostra \u201cFuturismo Avanguardia \u2013 Avanguardie\u201d.","og_url":"https:\/\/www.article-marketing.eu\/comunicati\/comunicati-stampa\/eventi\/roma-futurismo-avanguardia-avanguardie-20-febbraio-24-maggio-2009\/","og_site_name":"Article Marketing","article_published_time":"2009-05-04T09:20:17+00:00","author":"Redazione Comunicati Stampa","twitter_card":"summary_large_image","twitter_misc":{"Scritto da":"Redazione Comunicati Stampa","Tempo di lettura stimato":"2 minuti"},"schema":{"@context":"https:\/\/schema.org","@graph":[{"@type":"Article","@id":"https:\/\/www.article-marketing.eu\/comunicati\/comunicati-stampa\/eventi\/roma-futurismo-avanguardia-avanguardie-20-febbraio-24-maggio-2009\/#article","isPartOf":{"@id":"https:\/\/www.article-marketing.eu\/comunicati\/comunicati-stampa\/eventi\/roma-futurismo-avanguardia-avanguardie-20-febbraio-24-maggio-2009\/"},"author":{"name":"Redazione Comunicati Stampa","@id":"https:\/\/www.article-marketing.eu\/comunicati\/#\/schema\/person\/44372e4d4d0fa797b18e03ed1ace9017"},"headline":"Roma: Futurismo Avanguardia \u2013 Avanguardie, 20 Febbraio \u2013 24 Maggio 2009","datePublished":"2009-05-04T09:20:17+00:00","mainEntityOfPage":{"@id":"https:\/\/www.article-marketing.eu\/comunicati\/comunicati-stampa\/eventi\/roma-futurismo-avanguardia-avanguardie-20-febbraio-24-maggio-2009\/"},"wordCount":503,"commentCount":0,"keywords":["arte","avanguardie","futurismo","Mostra","roma"],"articleSection":["Eventi"],"inLanguage":"it-IT","potentialAction":[{"@type":"CommentAction","name":"Comment","target":["https:\/\/www.article-marketing.eu\/comunicati\/comunicati-stampa\/eventi\/roma-futurismo-avanguardia-avanguardie-20-febbraio-24-maggio-2009\/#respond"]}]},{"@type":"WebPage","@id":"https:\/\/www.article-marketing.eu\/comunicati\/comunicati-stampa\/eventi\/roma-futurismo-avanguardia-avanguardie-20-febbraio-24-maggio-2009\/","url":"https:\/\/www.article-marketing.eu\/comunicati\/comunicati-stampa\/eventi\/roma-futurismo-avanguardia-avanguardie-20-febbraio-24-maggio-2009\/","name":"Roma: Futurismo Avanguardia \u2013 Avanguardie, 20 Febbraio \u2013 24 Maggio 2009 - Article Marketing","isPartOf":{"@id":"https:\/\/www.article-marketing.eu\/comunicati\/#website"},"datePublished":"2009-05-04T09:20:17+00:00","author":{"@id":"https:\/\/www.article-marketing.eu\/comunicati\/#\/schema\/person\/44372e4d4d0fa797b18e03ed1ace9017"},"breadcrumb":{"@id":"https:\/\/www.article-marketing.eu\/comunicati\/comunicati-stampa\/eventi\/roma-futurismo-avanguardia-avanguardie-20-febbraio-24-maggio-2009\/#breadcrumb"},"inLanguage":"it-IT","potentialAction":[{"@type":"ReadAction","target":["https:\/\/www.article-marketing.eu\/comunicati\/comunicati-stampa\/eventi\/roma-futurismo-avanguardia-avanguardie-20-febbraio-24-maggio-2009\/"]}]},{"@type":"BreadcrumbList","@id":"https:\/\/www.article-marketing.eu\/comunicati\/comunicati-stampa\/eventi\/roma-futurismo-avanguardia-avanguardie-20-febbraio-24-maggio-2009\/#breadcrumb","itemListElement":[{"@type":"ListItem","position":1,"name":"Home","item":"https:\/\/www.article-marketing.eu\/comunicati\/"},{"@type":"ListItem","position":2,"name":"Roma: Futurismo Avanguardia \u2013 Avanguardie, 20 Febbraio \u2013 24 Maggio 2009"}]},{"@type":"WebSite","@id":"https:\/\/www.article-marketing.eu\/comunicati\/#website","url":"https:\/\/www.article-marketing.eu\/comunicati\/","name":"Article Marketing","description":"article marketing &amp; press release","potentialAction":[{"@type":"SearchAction","target":{"@type":"EntryPoint","urlTemplate":"https:\/\/www.article-marketing.eu\/comunicati\/?s={search_term_string}"},"query-input":{"@type":"PropertyValueSpecification","valueRequired":true,"valueName":"search_term_string"}}],"inLanguage":"it-IT"},{"@type":"Person","@id":"https:\/\/www.article-marketing.eu\/comunicati\/#\/schema\/person\/44372e4d4d0fa797b18e03ed1ace9017","name":"Redazione Comunicati Stampa","image":{"@type":"ImageObject","inLanguage":"it-IT","@id":"https:\/\/www.article-marketing.eu\/comunicati\/#\/schema\/person\/image\/","url":"https:\/\/secure.gravatar.com\/avatar\/50e5c6421d3072f42e7ace803501602c60d75233d34e29fd05feb91c8760b792?s=96&d=mm&r=g","contentUrl":"https:\/\/secure.gravatar.com\/avatar\/50e5c6421d3072f42e7ace803501602c60d75233d34e29fd05feb91c8760b792?s=96&d=mm&r=g","caption":"Redazione Comunicati Stampa"},"url":"https:\/\/www.article-marketing.eu\/comunicati\/author\/redazione-comunicati-stampa\/"}]}},"_links":{"self":[{"href":"https:\/\/www.article-marketing.eu\/comunicati\/wp-json\/wp\/v2\/posts\/1913","targetHints":{"allow":["GET"]}}],"collection":[{"href":"https:\/\/www.article-marketing.eu\/comunicati\/wp-json\/wp\/v2\/posts"}],"about":[{"href":"https:\/\/www.article-marketing.eu\/comunicati\/wp-json\/wp\/v2\/types\/post"}],"author":[{"embeddable":true,"href":"https:\/\/www.article-marketing.eu\/comunicati\/wp-json\/wp\/v2\/users\/10"}],"replies":[{"embeddable":true,"href":"https:\/\/www.article-marketing.eu\/comunicati\/wp-json\/wp\/v2\/comments?post=1913"}],"version-history":[{"count":0,"href":"https:\/\/www.article-marketing.eu\/comunicati\/wp-json\/wp\/v2\/posts\/1913\/revisions"}],"wp:attachment":[{"href":"https:\/\/www.article-marketing.eu\/comunicati\/wp-json\/wp\/v2\/media?parent=1913"}],"wp:term":[{"taxonomy":"category","embeddable":true,"href":"https:\/\/www.article-marketing.eu\/comunicati\/wp-json\/wp\/v2\/categories?post=1913"},{"taxonomy":"post_tag","embeddable":true,"href":"https:\/\/www.article-marketing.eu\/comunicati\/wp-json\/wp\/v2\/tags?post=1913"}],"curies":[{"name":"wp","href":"https:\/\/api.w.org\/{rel}","templated":true}]}}