{"id":1917,"date":"2009-05-04T15:55:54","date_gmt":"2009-05-04T13:55:54","guid":{"rendered":"http:\/\/www.article-marketing.eu\/comunicati\/senza-categoria\/cagliari-porta-della-sardegna\/"},"modified":"2009-05-04T15:55:54","modified_gmt":"2009-05-04T13:55:54","slug":"cagliari-porta-della-sardegna","status":"publish","type":"post","link":"https:\/\/www.article-marketing.eu\/comunicati\/viaggi-e-vacanze\/cagliari-porta-della-sardegna\/","title":{"rendered":"Cagliari, porta della Sardegna"},"content":{"rendered":"<p>Cagliari &#8211; chiamata Kalares, in greco antico, e C\u00e0ralis, in latino &#8211; \u00e8 una citt\u00e0 antichissima, fondata probabilmente gi\u00e0 nell&#8217;VIII secolo a.C. dai Fenici. Posta al centro del Mediterraneo, rappresenta da sempre la porta della Sardegna e qui hanno stabilito il loro centro di potere tutti i popoli giunti in Sardegna. Si affaccia esattamente al centro del Golfo degli Angeli, nella parte meridionale dell&#8217;isola.<\/p>\n<p>La citt\u00e0, in larga parte sul mare, si sviluppa intorno alla Sella del Diavolo, che divide in due la costa: da un lato si trovano il porticciolo di Marina Piccola e la lunga spiaggia del Poetto, affollatissima d&#8217;estate; dall&#8217;altro Calamosca e pi\u00f9 avanti la vasta area portuale. A est della citt\u00e0 \u00e8 si elevano i monti dei Sette Fratelli, ad ovest i monti di Capoterra, mentre a nord si estende la pianura del Campidano.<\/p>\n<p>Storia, sole e mare sono gli ingredienti principali delle <a href=\"http:\/\/it.sardegne.com\/vacanze\/cagliari\/\">vacanze Cagliari<\/a>. Soggiornare in citt\u00e0 non \u00e8 un problema perch\u00e9 sono tante e diverse le strutture ricettive che spaziano dagli hotel Cagliari ai b&amp;b Cagliari, sparsi tra il centro, il Poetto e gli altri quartieri, al nuovo ostello della giovent\u00f9 nel cuore del quartiere Marina.<\/p>\n<p>Cagliari sorge su sette colli. Spostarsi da una zona all&#8217;altra della citt\u00e0 spesso significa percorrere, per questo motivo, salite e discese, ma dai punti pi\u00f9 alti, come i bastioni di Castello, Monte Urpino e il colle dove del Castello di San Michele, si godono visuali e scorci che valgono la fatica delle salite, soprattutto al tramonto. All&#8217;orizzonte un susseguirsi di tetti e campanili, navi e barche, le montagne, ma il mare incantevole fa da sfondo quasi da ogni punto di osservazione.<\/p>\n<p>Se si guarda Cagliari dall&#8217;aereo, ci si rende perfettamente conto che la citt\u00e0 \u00e8 poco lineare: un&#8217;alternanza di salite, discese, colli e piani, parchi, case, chiese, specchi d&#8217;acqua. Accanto alla citt\u00e0 si sviluppano, rispettivamente, a est lo stagno di Molentargius e a ovest lo stagno di Santa Gilla, entrambi popolati da una cospicua avifauna, il cui protagonista principale \u00e8 il fenicottero rosa.<\/p>\n<p>Arrivando in nave si resta affascinati da uno stupendo scorcio del centro storico di Cagliari. Lo sguardo spazia dai portici dell&#8217;elegante via Roma, porta del quartiere Marina, verso l&#8217;alto dove si arrampica l&#8217;antico quartiere di Castello, poi verso destra, dove compare la bellissima basilica di Bonaria in cima ad una scalinata.<\/p>\n<p>Cagliari, antico crocevia di popoli e di traffici commerciali, mostra ancora oggi le testimonianze delle antiche dominazioni. Esempi simbolici sono la necropoli fenicio-punica di Tuvixeddu, la pi\u00f9 vasta ed importante area sepolcrale del Mediterraneo, e l&#8217;Anfiteatro Romano.<\/p>\n<p>Eredit\u00e0 delle dominazioni posteriori &#8211; pisana, aragonese, spagnola e piemontese &#8211; si possono ammirare nel centro storico della citt\u00e0, in particolare a Castello. Basti pensare alle torri pisane, ai bastioni, alle vecchie porte, ai tanti palazzi nobiliari e alle chiese. Ma non solo. La citt\u00e0 \u00e8 ricca di vecchie cisterne sotterranee, quasi una citt\u00e0 sotto la citt\u00e0.<\/p>\n<p>Castello, la Marina, Villanova e Stampace sono i quattro quartieri storici di Cagliari, le culle della citt\u00e0, ricchi di ricordi del passato come mostrato dalle case, le viuzze, le piazzette, le vecchie botteghe. \u00c8 bello scoprirli passeggiando a piedi per cogliere gli angoli nascosti, conoscere le persone, assaggiare le tipicit\u00e0 enogastronomiche e respirare l&#8217;atmosfera caratteristica.<\/p>\n","protected":false},"excerpt":{"rendered":"<p>Cagliari \u00e8 una citt\u00e0 da scoprire. Ancora poco conosciuta, riserva a ch scrglie di visitarla belle sorprese, a cominciare dagli scorci e dalle stupende visuali che \u00e8 in grado di offrire.<\/p>\n","protected":false},"author":10,"featured_media":0,"comment_status":"open","ping_status":"open","sticky":false,"template":"","format":"standard","meta":{"cybocfi_hide_featured_image":"","footnotes":""},"categories":[280],"tags":[250,1400,255,1086,3],"class_list":["post-1917","post","type-post","status-publish","format-standard","hentry","category-viaggi-e-vacanze","tag-bb","tag-cagliari","tag-hotel","tag-sardegna","tag-vacanze"],"yoast_head":"<!-- This site is optimized with the Yoast SEO plugin v27.0 - https:\/\/yoast.com\/product\/yoast-seo-wordpress\/ -->\n<title>Cagliari, porta della Sardegna - Article Marketing<\/title>\n<meta name=\"robots\" content=\"index, follow, max-snippet:-1, max-image-preview:large, max-video-preview:-1\" \/>\n<link rel=\"canonical\" href=\"https:\/\/www.article-marketing.eu\/comunicati\/viaggi-e-vacanze\/cagliari-porta-della-sardegna\/\" \/>\n<meta property=\"og:locale\" content=\"it_IT\" \/>\n<meta property=\"og:type\" content=\"article\" \/>\n<meta property=\"og:title\" content=\"Cagliari, porta della Sardegna - Article Marketing\" \/>\n<meta property=\"og:description\" content=\"Cagliari \u00e8 una citt\u00e0 da scoprire. Ancora poco conosciuta, riserva a ch scrglie di visitarla belle sorprese, a cominciare dagli scorci e dalle stupende visuali che \u00e8 in grado di offrire.\" \/>\n<meta property=\"og:url\" content=\"https:\/\/www.article-marketing.eu\/comunicati\/viaggi-e-vacanze\/cagliari-porta-della-sardegna\/\" \/>\n<meta property=\"og:site_name\" content=\"Article Marketing\" \/>\n<meta property=\"article:published_time\" content=\"2009-05-04T13:55:54+00:00\" \/>\n<meta name=\"author\" content=\"Redazione Comunicati Stampa\" \/>\n<meta name=\"twitter:card\" content=\"summary_large_image\" \/>\n<meta name=\"twitter:label1\" content=\"Scritto da\" \/>\n\t<meta name=\"twitter:data1\" content=\"Redazione Comunicati Stampa\" \/>\n\t<meta name=\"twitter:label2\" content=\"Tempo di lettura stimato\" \/>\n\t<meta name=\"twitter:data2\" content=\"3 minuti\" \/>\n<script type=\"application\/ld+json\" class=\"yoast-schema-graph\">{\"@context\":\"https:\/\/schema.org\",\"@graph\":[{\"@type\":\"Article\",\"@id\":\"https:\/\/www.article-marketing.eu\/comunicati\/viaggi-e-vacanze\/cagliari-porta-della-sardegna\/#article\",\"isPartOf\":{\"@id\":\"https:\/\/www.article-marketing.eu\/comunicati\/viaggi-e-vacanze\/cagliari-porta-della-sardegna\/\"},\"author\":{\"name\":\"Redazione Comunicati Stampa\",\"@id\":\"https:\/\/www.article-marketing.eu\/comunicati\/#\/schema\/person\/44372e4d4d0fa797b18e03ed1ace9017\"},\"headline\":\"Cagliari, porta della Sardegna\",\"datePublished\":\"2009-05-04T13:55:54+00:00\",\"mainEntityOfPage\":{\"@id\":\"https:\/\/www.article-marketing.eu\/comunicati\/viaggi-e-vacanze\/cagliari-porta-della-sardegna\/\"},\"wordCount\":536,\"commentCount\":0,\"keywords\":[\"b&amp;b\",\"cagliari\",\"hotel\",\"sardegna\",\"vacanze\"],\"articleSection\":[\"Viaggi e vacanze\"],\"inLanguage\":\"it-IT\",\"potentialAction\":[{\"@type\":\"CommentAction\",\"name\":\"Comment\",\"target\":[\"https:\/\/www.article-marketing.eu\/comunicati\/viaggi-e-vacanze\/cagliari-porta-della-sardegna\/#respond\"]}]},{\"@type\":\"WebPage\",\"@id\":\"https:\/\/www.article-marketing.eu\/comunicati\/viaggi-e-vacanze\/cagliari-porta-della-sardegna\/\",\"url\":\"https:\/\/www.article-marketing.eu\/comunicati\/viaggi-e-vacanze\/cagliari-porta-della-sardegna\/\",\"name\":\"Cagliari, porta della Sardegna - Article Marketing\",\"isPartOf\":{\"@id\":\"https:\/\/www.article-marketing.eu\/comunicati\/#website\"},\"datePublished\":\"2009-05-04T13:55:54+00:00\",\"author\":{\"@id\":\"https:\/\/www.article-marketing.eu\/comunicati\/#\/schema\/person\/44372e4d4d0fa797b18e03ed1ace9017\"},\"breadcrumb\":{\"@id\":\"https:\/\/www.article-marketing.eu\/comunicati\/viaggi-e-vacanze\/cagliari-porta-della-sardegna\/#breadcrumb\"},\"inLanguage\":\"it-IT\",\"potentialAction\":[{\"@type\":\"ReadAction\",\"target\":[\"https:\/\/www.article-marketing.eu\/comunicati\/viaggi-e-vacanze\/cagliari-porta-della-sardegna\/\"]}]},{\"@type\":\"BreadcrumbList\",\"@id\":\"https:\/\/www.article-marketing.eu\/comunicati\/viaggi-e-vacanze\/cagliari-porta-della-sardegna\/#breadcrumb\",\"itemListElement\":[{\"@type\":\"ListItem\",\"position\":1,\"name\":\"Home\",\"item\":\"https:\/\/www.article-marketing.eu\/comunicati\/\"},{\"@type\":\"ListItem\",\"position\":2,\"name\":\"Cagliari, porta della Sardegna\"}]},{\"@type\":\"WebSite\",\"@id\":\"https:\/\/www.article-marketing.eu\/comunicati\/#website\",\"url\":\"https:\/\/www.article-marketing.eu\/comunicati\/\",\"name\":\"Article Marketing\",\"description\":\"article marketing &amp; press release\",\"potentialAction\":[{\"@type\":\"SearchAction\",\"target\":{\"@type\":\"EntryPoint\",\"urlTemplate\":\"https:\/\/www.article-marketing.eu\/comunicati\/?s={search_term_string}\"},\"query-input\":{\"@type\":\"PropertyValueSpecification\",\"valueRequired\":true,\"valueName\":\"search_term_string\"}}],\"inLanguage\":\"it-IT\"},{\"@type\":\"Person\",\"@id\":\"https:\/\/www.article-marketing.eu\/comunicati\/#\/schema\/person\/44372e4d4d0fa797b18e03ed1ace9017\",\"name\":\"Redazione Comunicati Stampa\",\"image\":{\"@type\":\"ImageObject\",\"inLanguage\":\"it-IT\",\"@id\":\"https:\/\/www.article-marketing.eu\/comunicati\/#\/schema\/person\/image\/\",\"url\":\"https:\/\/secure.gravatar.com\/avatar\/50e5c6421d3072f42e7ace803501602c60d75233d34e29fd05feb91c8760b792?s=96&d=mm&r=g\",\"contentUrl\":\"https:\/\/secure.gravatar.com\/avatar\/50e5c6421d3072f42e7ace803501602c60d75233d34e29fd05feb91c8760b792?s=96&d=mm&r=g\",\"caption\":\"Redazione Comunicati Stampa\"},\"url\":\"https:\/\/www.article-marketing.eu\/comunicati\/author\/redazione-comunicati-stampa\/\"}]}<\/script>\n<!-- \/ Yoast SEO plugin. -->","yoast_head_json":{"title":"Cagliari, porta della Sardegna - Article Marketing","robots":{"index":"index","follow":"follow","max-snippet":"max-snippet:-1","max-image-preview":"max-image-preview:large","max-video-preview":"max-video-preview:-1"},"canonical":"https:\/\/www.article-marketing.eu\/comunicati\/viaggi-e-vacanze\/cagliari-porta-della-sardegna\/","og_locale":"it_IT","og_type":"article","og_title":"Cagliari, porta della Sardegna - Article Marketing","og_description":"Cagliari \u00e8 una citt\u00e0 da scoprire. Ancora poco conosciuta, riserva a ch scrglie di visitarla belle sorprese, a cominciare dagli scorci e dalle stupende visuali che \u00e8 in grado di offrire.","og_url":"https:\/\/www.article-marketing.eu\/comunicati\/viaggi-e-vacanze\/cagliari-porta-della-sardegna\/","og_site_name":"Article Marketing","article_published_time":"2009-05-04T13:55:54+00:00","author":"Redazione Comunicati Stampa","twitter_card":"summary_large_image","twitter_misc":{"Scritto da":"Redazione Comunicati Stampa","Tempo di lettura stimato":"3 minuti"},"schema":{"@context":"https:\/\/schema.org","@graph":[{"@type":"Article","@id":"https:\/\/www.article-marketing.eu\/comunicati\/viaggi-e-vacanze\/cagliari-porta-della-sardegna\/#article","isPartOf":{"@id":"https:\/\/www.article-marketing.eu\/comunicati\/viaggi-e-vacanze\/cagliari-porta-della-sardegna\/"},"author":{"name":"Redazione Comunicati Stampa","@id":"https:\/\/www.article-marketing.eu\/comunicati\/#\/schema\/person\/44372e4d4d0fa797b18e03ed1ace9017"},"headline":"Cagliari, porta della Sardegna","datePublished":"2009-05-04T13:55:54+00:00","mainEntityOfPage":{"@id":"https:\/\/www.article-marketing.eu\/comunicati\/viaggi-e-vacanze\/cagliari-porta-della-sardegna\/"},"wordCount":536,"commentCount":0,"keywords":["b&amp;b","cagliari","hotel","sardegna","vacanze"],"articleSection":["Viaggi e vacanze"],"inLanguage":"it-IT","potentialAction":[{"@type":"CommentAction","name":"Comment","target":["https:\/\/www.article-marketing.eu\/comunicati\/viaggi-e-vacanze\/cagliari-porta-della-sardegna\/#respond"]}]},{"@type":"WebPage","@id":"https:\/\/www.article-marketing.eu\/comunicati\/viaggi-e-vacanze\/cagliari-porta-della-sardegna\/","url":"https:\/\/www.article-marketing.eu\/comunicati\/viaggi-e-vacanze\/cagliari-porta-della-sardegna\/","name":"Cagliari, porta della Sardegna - Article Marketing","isPartOf":{"@id":"https:\/\/www.article-marketing.eu\/comunicati\/#website"},"datePublished":"2009-05-04T13:55:54+00:00","author":{"@id":"https:\/\/www.article-marketing.eu\/comunicati\/#\/schema\/person\/44372e4d4d0fa797b18e03ed1ace9017"},"breadcrumb":{"@id":"https:\/\/www.article-marketing.eu\/comunicati\/viaggi-e-vacanze\/cagliari-porta-della-sardegna\/#breadcrumb"},"inLanguage":"it-IT","potentialAction":[{"@type":"ReadAction","target":["https:\/\/www.article-marketing.eu\/comunicati\/viaggi-e-vacanze\/cagliari-porta-della-sardegna\/"]}]},{"@type":"BreadcrumbList","@id":"https:\/\/www.article-marketing.eu\/comunicati\/viaggi-e-vacanze\/cagliari-porta-della-sardegna\/#breadcrumb","itemListElement":[{"@type":"ListItem","position":1,"name":"Home","item":"https:\/\/www.article-marketing.eu\/comunicati\/"},{"@type":"ListItem","position":2,"name":"Cagliari, porta della Sardegna"}]},{"@type":"WebSite","@id":"https:\/\/www.article-marketing.eu\/comunicati\/#website","url":"https:\/\/www.article-marketing.eu\/comunicati\/","name":"Article Marketing","description":"article marketing &amp; press release","potentialAction":[{"@type":"SearchAction","target":{"@type":"EntryPoint","urlTemplate":"https:\/\/www.article-marketing.eu\/comunicati\/?s={search_term_string}"},"query-input":{"@type":"PropertyValueSpecification","valueRequired":true,"valueName":"search_term_string"}}],"inLanguage":"it-IT"},{"@type":"Person","@id":"https:\/\/www.article-marketing.eu\/comunicati\/#\/schema\/person\/44372e4d4d0fa797b18e03ed1ace9017","name":"Redazione Comunicati Stampa","image":{"@type":"ImageObject","inLanguage":"it-IT","@id":"https:\/\/www.article-marketing.eu\/comunicati\/#\/schema\/person\/image\/","url":"https:\/\/secure.gravatar.com\/avatar\/50e5c6421d3072f42e7ace803501602c60d75233d34e29fd05feb91c8760b792?s=96&d=mm&r=g","contentUrl":"https:\/\/secure.gravatar.com\/avatar\/50e5c6421d3072f42e7ace803501602c60d75233d34e29fd05feb91c8760b792?s=96&d=mm&r=g","caption":"Redazione Comunicati Stampa"},"url":"https:\/\/www.article-marketing.eu\/comunicati\/author\/redazione-comunicati-stampa\/"}]}},"_links":{"self":[{"href":"https:\/\/www.article-marketing.eu\/comunicati\/wp-json\/wp\/v2\/posts\/1917","targetHints":{"allow":["GET"]}}],"collection":[{"href":"https:\/\/www.article-marketing.eu\/comunicati\/wp-json\/wp\/v2\/posts"}],"about":[{"href":"https:\/\/www.article-marketing.eu\/comunicati\/wp-json\/wp\/v2\/types\/post"}],"author":[{"embeddable":true,"href":"https:\/\/www.article-marketing.eu\/comunicati\/wp-json\/wp\/v2\/users\/10"}],"replies":[{"embeddable":true,"href":"https:\/\/www.article-marketing.eu\/comunicati\/wp-json\/wp\/v2\/comments?post=1917"}],"version-history":[{"count":0,"href":"https:\/\/www.article-marketing.eu\/comunicati\/wp-json\/wp\/v2\/posts\/1917\/revisions"}],"wp:attachment":[{"href":"https:\/\/www.article-marketing.eu\/comunicati\/wp-json\/wp\/v2\/media?parent=1917"}],"wp:term":[{"taxonomy":"category","embeddable":true,"href":"https:\/\/www.article-marketing.eu\/comunicati\/wp-json\/wp\/v2\/categories?post=1917"},{"taxonomy":"post_tag","embeddable":true,"href":"https:\/\/www.article-marketing.eu\/comunicati\/wp-json\/wp\/v2\/tags?post=1917"}],"curies":[{"name":"wp","href":"https:\/\/api.w.org\/{rel}","templated":true}]}}