{"id":19298,"date":"2011-09-02T13:05:36","date_gmt":"2011-09-02T11:05:36","guid":{"rendered":"http:\/\/www.article-marketing.eu\/comunicati\/senza-categoria\/vii-conferenza-nazionale-del-colore-universit%c3%a0-sapienza-di-roma\/"},"modified":"2011-09-02T13:05:36","modified_gmt":"2011-09-02T11:05:36","slug":"vii-conferenza-nazionale-del-colore-universit%c3%a0-sapienza-di-roma","status":"publish","type":"post","link":"https:\/\/www.article-marketing.eu\/comunicati\/arte-e-cultura\/vii-conferenza-nazionale-del-colore-universit%c3%a0-sapienza-di-roma\/","title":{"rendered":"VII Conferenza Nazionale del Colore &#8211; Universit\u00e0 Sapienza di Roma"},"content":{"rendered":"<p>15-16 settembre 2011<br \/>Facolt&agrave; di Ingegneria<br \/>Sapienza &#8211; Universit&agrave; di Roma<\/p>\n<p>Si terr&agrave; il prossimo 15 e 16 settembre <strong>presso la Facolt&agrave; di Ingegneria della Sapienza Universit&agrave; di Roma la settima Conferenza Nazionale del Colore<\/strong> organizzata in collaborazione con il Dipartimento di Ingegneria Astronautica Elettrica ed Energetica e il Gruppo del Colore SIOF.<\/p>\n<p>La conferenza tratter&agrave; il tema del Colore multi disciplinarmente negli aspetti che riguardano la <strong>progettazione, la didattica, la psicologia, i beni culturali, il design, la fisiologia della visione, l&#8217;illuminazione, la colorimetria, gli alimenti, la gestione e stampa digitale del colore.<\/strong><\/p>\n<p>La conferenza &egrave; patrocinata da:<strong> AIAP<\/strong> (Associazione Italiana Progettazione per la Comunicazione Visiva), <strong>AIAR<\/strong> (Associazione italiana di Archeometria), <strong>AIDI<\/strong> (Associazione Italiana di Illuminazione), <strong>ASI <\/strong>(Agenzia Spaziale Italiana), <strong>CISTeC<\/strong> (Centro di Ricerca Scienza e Tecnica per la Conservazione del Patrimonio Storico-Architettonico), <strong>Federchimica Avisa<\/strong> (Associazione Nazionale Vernici, Inchiostri, Sigillanti e Adesivi), <strong>GIRPR<\/strong> (Gruppo Italiano Ricercatori in Pattern Recognition), <strong>ICCROM<\/strong> (International Centre for the Study of the Preservation and Restoration of Cultural Property), <strong>IGIIC<\/strong> (Gruppo Italiano International Institute for Conservation), Ordine degli Architetti Pianificatori Paesaggisti e Conservatori di Roma e Provincia, Ordine degli Architetti Pianificatori Paesaggisti e Conservatori della provincia di Terni, Ordine degli Ingegneri della Provincia di Terni e SI-Design (Societ&agrave; Italiana Design).<\/p>\n<p><a href=\"http:\/\/www.archilight.it\/GetPage.pub_do?id=8a8a8ac1185ea8b401185f800bda03cd&amp;_JPFORCEDINFO=8a8a8ab7318a7c720131cdaa76320075\">http:\/\/www.archilight.it\/GetPage.pub_do?id=8a8a8ac1185ea8b401185f800bda03cd&amp;_JPFORCEDINFO=8a8a8ab7318a7c720131cdaa76320075<\/a><\/p>\n<p>15-16 September 2011<br \/>Faculty of Engineering<br \/>La Sapienza University in Rome<\/p>\n<p>The <strong>7th National Conference on Colour<\/strong> organised by the Astronautical, Electrical and Energetic Engineering Department, together with the SIOF Colour Group will be held at the <strong>Faculty of Engineering of La Sapienza University in Rome<\/strong> on September 15 and 16.<\/p>\n<p>The conference will offer multi-disciplinary lectures on Colour taking into account aspects that concern <strong>planning, training, psychology, cultural heritage, design, physiology of vision, colourimetry, food, as well as the management and digital printing of colour.<\/strong><\/p>\n<p>The conference is sponsored by<strong> AIAP<\/strong> (Italian Association for Planning of Visual Communication), <strong>AIAR<\/strong> (Italian Association of Archeometry), <strong>AIDI<\/strong> (Italian Lighting Association), <strong>ASI <\/strong>(Italian Space Agency), <strong>CISTeC<\/strong> (Centre of science and technical research for the preservation of historical-architectonic heritage), <strong>Federchimica Avisa<\/strong> (National Association of Varnishes, Inks, Seals and Adhesives), <strong>GIRPR<\/strong> (Italian Group of Researchers in Pattern Recognition), <strong>ICCROM<\/strong> (International Centre for the Study of the Preservation and Restoration of Cultural Property), <strong>IGIIC<\/strong> (Italian Group for the International Institute for Conservation), Order of Architects, town planners, landscape designers, and curators of Rome and province, Order of Architects , town planners, landscape designers and curators of the province of Terni, Order of Engineers of the province of Terni and SI-Design (Italian Design Society).<\/p>\n<p>http:\/\/www.archilight.it\/GetPage.pub_do?id=8a8a8ac1185ea8b401185f800bda03cd&amp;_JPFORCEDINFO=8a8a8ab7318a7c720131cdaa76320075&amp;language=ENG<\/p>\n","protected":false},"excerpt":{"rendered":"<p>Si terr\u00e0 il prossimo 15 e 16 settembre presso la Facolt\u00e0 di Ingegneria della Sapienza Universit\u00e0 di Roma la settima Conferenza Nazionale del Colore organizzata in collaborazione con il Dipartimento di Ingegneria Astronautica Elettrica ed Energetica e il Gruppo del Colore SIOF.<\/p>\n","protected":false},"author":10,"featured_media":0,"comment_status":"open","ping_status":"open","sticky":false,"template":"","format":"standard","meta":{"cybocfi_hide_featured_image":"","footnotes":""},"categories":[27],"tags":[26375,28922,29069],"class_list":["post-19298","post","type-post","status-publish","format-standard","hentry","category-arte-e-cultura","tag-archilight","tag-disano-illuminazione","tag-gruppo-del-colore-siof"],"yoast_head":"<!-- This site is optimized with the Yoast SEO plugin v27.0 - https:\/\/yoast.com\/product\/yoast-seo-wordpress\/ -->\n<title>VII Conferenza Nazionale del Colore - Universit\u00e0 Sapienza di Roma - Article Marketing<\/title>\n<meta name=\"robots\" content=\"index, follow, max-snippet:-1, max-image-preview:large, max-video-preview:-1\" \/>\n<link rel=\"canonical\" href=\"https:\/\/www.article-marketing.eu\/comunicati\/arte-e-cultura\/vii-conferenza-nazionale-del-colore-universit\u00e0-sapienza-di-roma\/\" \/>\n<meta property=\"og:locale\" content=\"it_IT\" \/>\n<meta property=\"og:type\" content=\"article\" \/>\n<meta property=\"og:title\" content=\"VII Conferenza Nazionale del Colore - Universit\u00e0 Sapienza di Roma - Article Marketing\" \/>\n<meta property=\"og:description\" content=\"Si terr\u00e0 il prossimo 15 e 16 settembre presso la Facolt\u00e0 di Ingegneria della Sapienza Universit\u00e0 di Roma la settima Conferenza Nazionale del Colore organizzata in collaborazione con il Dipartimento di Ingegneria Astronautica Elettrica ed Energetica e il Gruppo del Colore SIOF.\" \/>\n<meta property=\"og:url\" content=\"https:\/\/www.article-marketing.eu\/comunicati\/arte-e-cultura\/vii-conferenza-nazionale-del-colore-universit\u00e0-sapienza-di-roma\/\" \/>\n<meta property=\"og:site_name\" content=\"Article Marketing\" \/>\n<meta property=\"article:published_time\" content=\"2011-09-02T11:05:36+00:00\" \/>\n<meta name=\"author\" content=\"Redazione Comunicati Stampa\" \/>\n<meta name=\"twitter:card\" content=\"summary_large_image\" \/>\n<meta name=\"twitter:label1\" content=\"Scritto da\" \/>\n\t<meta name=\"twitter:data1\" content=\"Redazione Comunicati Stampa\" \/>\n\t<meta name=\"twitter:label2\" content=\"Tempo di lettura stimato\" \/>\n\t<meta name=\"twitter:data2\" content=\"2 minuti\" \/>\n<script type=\"application\/ld+json\" class=\"yoast-schema-graph\">{\"@context\":\"https:\/\/schema.org\",\"@graph\":[{\"@type\":\"Article\",\"@id\":\"https:\/\/www.article-marketing.eu\/comunicati\/arte-e-cultura\/vii-conferenza-nazionale-del-colore-universit%c3%a0-sapienza-di-roma\/#article\",\"isPartOf\":{\"@id\":\"https:\/\/www.article-marketing.eu\/comunicati\/arte-e-cultura\/vii-conferenza-nazionale-del-colore-universit%c3%a0-sapienza-di-roma\/\"},\"author\":{\"name\":\"Redazione Comunicati Stampa\",\"@id\":\"https:\/\/www.article-marketing.eu\/comunicati\/#\/schema\/person\/44372e4d4d0fa797b18e03ed1ace9017\"},\"headline\":\"VII Conferenza Nazionale del Colore &#8211; Universit\u00e0 Sapienza di Roma\",\"datePublished\":\"2011-09-02T11:05:36+00:00\",\"mainEntityOfPage\":{\"@id\":\"https:\/\/www.article-marketing.eu\/comunicati\/arte-e-cultura\/vii-conferenza-nazionale-del-colore-universit%c3%a0-sapienza-di-roma\/\"},\"wordCount\":470,\"commentCount\":0,\"keywords\":[\"archilight\",\"Disano Illuminazione\",\"Gruppo del Colore SIOF\"],\"articleSection\":[\"Arte e cultura\"],\"inLanguage\":\"it-IT\",\"potentialAction\":[{\"@type\":\"CommentAction\",\"name\":\"Comment\",\"target\":[\"https:\/\/www.article-marketing.eu\/comunicati\/arte-e-cultura\/vii-conferenza-nazionale-del-colore-universit%c3%a0-sapienza-di-roma\/#respond\"]}]},{\"@type\":\"WebPage\",\"@id\":\"https:\/\/www.article-marketing.eu\/comunicati\/arte-e-cultura\/vii-conferenza-nazionale-del-colore-universit%c3%a0-sapienza-di-roma\/\",\"url\":\"https:\/\/www.article-marketing.eu\/comunicati\/arte-e-cultura\/vii-conferenza-nazionale-del-colore-universit%c3%a0-sapienza-di-roma\/\",\"name\":\"VII Conferenza Nazionale del Colore - Universit\u00e0 Sapienza di Roma - Article Marketing\",\"isPartOf\":{\"@id\":\"https:\/\/www.article-marketing.eu\/comunicati\/#website\"},\"datePublished\":\"2011-09-02T11:05:36+00:00\",\"author\":{\"@id\":\"https:\/\/www.article-marketing.eu\/comunicati\/#\/schema\/person\/44372e4d4d0fa797b18e03ed1ace9017\"},\"breadcrumb\":{\"@id\":\"https:\/\/www.article-marketing.eu\/comunicati\/arte-e-cultura\/vii-conferenza-nazionale-del-colore-universit%c3%a0-sapienza-di-roma\/#breadcrumb\"},\"inLanguage\":\"it-IT\",\"potentialAction\":[{\"@type\":\"ReadAction\",\"target\":[\"https:\/\/www.article-marketing.eu\/comunicati\/arte-e-cultura\/vii-conferenza-nazionale-del-colore-universit%c3%a0-sapienza-di-roma\/\"]}]},{\"@type\":\"BreadcrumbList\",\"@id\":\"https:\/\/www.article-marketing.eu\/comunicati\/arte-e-cultura\/vii-conferenza-nazionale-del-colore-universit%c3%a0-sapienza-di-roma\/#breadcrumb\",\"itemListElement\":[{\"@type\":\"ListItem\",\"position\":1,\"name\":\"Home\",\"item\":\"https:\/\/www.article-marketing.eu\/comunicati\/\"},{\"@type\":\"ListItem\",\"position\":2,\"name\":\"VII Conferenza Nazionale del Colore &#8211; Universit\u00e0 Sapienza di Roma\"}]},{\"@type\":\"WebSite\",\"@id\":\"https:\/\/www.article-marketing.eu\/comunicati\/#website\",\"url\":\"https:\/\/www.article-marketing.eu\/comunicati\/\",\"name\":\"Article Marketing\",\"description\":\"article marketing &amp; press release\",\"potentialAction\":[{\"@type\":\"SearchAction\",\"target\":{\"@type\":\"EntryPoint\",\"urlTemplate\":\"https:\/\/www.article-marketing.eu\/comunicati\/?s={search_term_string}\"},\"query-input\":{\"@type\":\"PropertyValueSpecification\",\"valueRequired\":true,\"valueName\":\"search_term_string\"}}],\"inLanguage\":\"it-IT\"},{\"@type\":\"Person\",\"@id\":\"https:\/\/www.article-marketing.eu\/comunicati\/#\/schema\/person\/44372e4d4d0fa797b18e03ed1ace9017\",\"name\":\"Redazione Comunicati Stampa\",\"image\":{\"@type\":\"ImageObject\",\"inLanguage\":\"it-IT\",\"@id\":\"https:\/\/www.article-marketing.eu\/comunicati\/#\/schema\/person\/image\/\",\"url\":\"https:\/\/secure.gravatar.com\/avatar\/50e5c6421d3072f42e7ace803501602c60d75233d34e29fd05feb91c8760b792?s=96&d=mm&r=g\",\"contentUrl\":\"https:\/\/secure.gravatar.com\/avatar\/50e5c6421d3072f42e7ace803501602c60d75233d34e29fd05feb91c8760b792?s=96&d=mm&r=g\",\"caption\":\"Redazione Comunicati Stampa\"},\"url\":\"https:\/\/www.article-marketing.eu\/comunicati\/author\/redazione-comunicati-stampa\/\"}]}<\/script>\n<!-- \/ Yoast SEO plugin. -->","yoast_head_json":{"title":"VII Conferenza Nazionale del Colore - Universit\u00e0 Sapienza di Roma - Article Marketing","robots":{"index":"index","follow":"follow","max-snippet":"max-snippet:-1","max-image-preview":"max-image-preview:large","max-video-preview":"max-video-preview:-1"},"canonical":"https:\/\/www.article-marketing.eu\/comunicati\/arte-e-cultura\/vii-conferenza-nazionale-del-colore-universit\u00e0-sapienza-di-roma\/","og_locale":"it_IT","og_type":"article","og_title":"VII Conferenza Nazionale del Colore - Universit\u00e0 Sapienza di Roma - Article Marketing","og_description":"Si terr\u00e0 il prossimo 15 e 16 settembre presso la Facolt\u00e0 di Ingegneria della Sapienza Universit\u00e0 di Roma la settima Conferenza Nazionale del Colore organizzata in collaborazione con il Dipartimento di Ingegneria Astronautica Elettrica ed Energetica e il Gruppo del Colore SIOF.","og_url":"https:\/\/www.article-marketing.eu\/comunicati\/arte-e-cultura\/vii-conferenza-nazionale-del-colore-universit\u00e0-sapienza-di-roma\/","og_site_name":"Article Marketing","article_published_time":"2011-09-02T11:05:36+00:00","author":"Redazione Comunicati Stampa","twitter_card":"summary_large_image","twitter_misc":{"Scritto da":"Redazione Comunicati Stampa","Tempo di lettura stimato":"2 minuti"},"schema":{"@context":"https:\/\/schema.org","@graph":[{"@type":"Article","@id":"https:\/\/www.article-marketing.eu\/comunicati\/arte-e-cultura\/vii-conferenza-nazionale-del-colore-universit%c3%a0-sapienza-di-roma\/#article","isPartOf":{"@id":"https:\/\/www.article-marketing.eu\/comunicati\/arte-e-cultura\/vii-conferenza-nazionale-del-colore-universit%c3%a0-sapienza-di-roma\/"},"author":{"name":"Redazione Comunicati Stampa","@id":"https:\/\/www.article-marketing.eu\/comunicati\/#\/schema\/person\/44372e4d4d0fa797b18e03ed1ace9017"},"headline":"VII Conferenza Nazionale del Colore &#8211; Universit\u00e0 Sapienza di Roma","datePublished":"2011-09-02T11:05:36+00:00","mainEntityOfPage":{"@id":"https:\/\/www.article-marketing.eu\/comunicati\/arte-e-cultura\/vii-conferenza-nazionale-del-colore-universit%c3%a0-sapienza-di-roma\/"},"wordCount":470,"commentCount":0,"keywords":["archilight","Disano Illuminazione","Gruppo del Colore SIOF"],"articleSection":["Arte e cultura"],"inLanguage":"it-IT","potentialAction":[{"@type":"CommentAction","name":"Comment","target":["https:\/\/www.article-marketing.eu\/comunicati\/arte-e-cultura\/vii-conferenza-nazionale-del-colore-universit%c3%a0-sapienza-di-roma\/#respond"]}]},{"@type":"WebPage","@id":"https:\/\/www.article-marketing.eu\/comunicati\/arte-e-cultura\/vii-conferenza-nazionale-del-colore-universit%c3%a0-sapienza-di-roma\/","url":"https:\/\/www.article-marketing.eu\/comunicati\/arte-e-cultura\/vii-conferenza-nazionale-del-colore-universit%c3%a0-sapienza-di-roma\/","name":"VII Conferenza Nazionale del Colore - Universit\u00e0 Sapienza di Roma - Article Marketing","isPartOf":{"@id":"https:\/\/www.article-marketing.eu\/comunicati\/#website"},"datePublished":"2011-09-02T11:05:36+00:00","author":{"@id":"https:\/\/www.article-marketing.eu\/comunicati\/#\/schema\/person\/44372e4d4d0fa797b18e03ed1ace9017"},"breadcrumb":{"@id":"https:\/\/www.article-marketing.eu\/comunicati\/arte-e-cultura\/vii-conferenza-nazionale-del-colore-universit%c3%a0-sapienza-di-roma\/#breadcrumb"},"inLanguage":"it-IT","potentialAction":[{"@type":"ReadAction","target":["https:\/\/www.article-marketing.eu\/comunicati\/arte-e-cultura\/vii-conferenza-nazionale-del-colore-universit%c3%a0-sapienza-di-roma\/"]}]},{"@type":"BreadcrumbList","@id":"https:\/\/www.article-marketing.eu\/comunicati\/arte-e-cultura\/vii-conferenza-nazionale-del-colore-universit%c3%a0-sapienza-di-roma\/#breadcrumb","itemListElement":[{"@type":"ListItem","position":1,"name":"Home","item":"https:\/\/www.article-marketing.eu\/comunicati\/"},{"@type":"ListItem","position":2,"name":"VII Conferenza Nazionale del Colore &#8211; Universit\u00e0 Sapienza di Roma"}]},{"@type":"WebSite","@id":"https:\/\/www.article-marketing.eu\/comunicati\/#website","url":"https:\/\/www.article-marketing.eu\/comunicati\/","name":"Article Marketing","description":"article marketing &amp; press release","potentialAction":[{"@type":"SearchAction","target":{"@type":"EntryPoint","urlTemplate":"https:\/\/www.article-marketing.eu\/comunicati\/?s={search_term_string}"},"query-input":{"@type":"PropertyValueSpecification","valueRequired":true,"valueName":"search_term_string"}}],"inLanguage":"it-IT"},{"@type":"Person","@id":"https:\/\/www.article-marketing.eu\/comunicati\/#\/schema\/person\/44372e4d4d0fa797b18e03ed1ace9017","name":"Redazione Comunicati Stampa","image":{"@type":"ImageObject","inLanguage":"it-IT","@id":"https:\/\/www.article-marketing.eu\/comunicati\/#\/schema\/person\/image\/","url":"https:\/\/secure.gravatar.com\/avatar\/50e5c6421d3072f42e7ace803501602c60d75233d34e29fd05feb91c8760b792?s=96&d=mm&r=g","contentUrl":"https:\/\/secure.gravatar.com\/avatar\/50e5c6421d3072f42e7ace803501602c60d75233d34e29fd05feb91c8760b792?s=96&d=mm&r=g","caption":"Redazione Comunicati Stampa"},"url":"https:\/\/www.article-marketing.eu\/comunicati\/author\/redazione-comunicati-stampa\/"}]}},"_links":{"self":[{"href":"https:\/\/www.article-marketing.eu\/comunicati\/wp-json\/wp\/v2\/posts\/19298","targetHints":{"allow":["GET"]}}],"collection":[{"href":"https:\/\/www.article-marketing.eu\/comunicati\/wp-json\/wp\/v2\/posts"}],"about":[{"href":"https:\/\/www.article-marketing.eu\/comunicati\/wp-json\/wp\/v2\/types\/post"}],"author":[{"embeddable":true,"href":"https:\/\/www.article-marketing.eu\/comunicati\/wp-json\/wp\/v2\/users\/10"}],"replies":[{"embeddable":true,"href":"https:\/\/www.article-marketing.eu\/comunicati\/wp-json\/wp\/v2\/comments?post=19298"}],"version-history":[{"count":0,"href":"https:\/\/www.article-marketing.eu\/comunicati\/wp-json\/wp\/v2\/posts\/19298\/revisions"}],"wp:attachment":[{"href":"https:\/\/www.article-marketing.eu\/comunicati\/wp-json\/wp\/v2\/media?parent=19298"}],"wp:term":[{"taxonomy":"category","embeddable":true,"href":"https:\/\/www.article-marketing.eu\/comunicati\/wp-json\/wp\/v2\/categories?post=19298"},{"taxonomy":"post_tag","embeddable":true,"href":"https:\/\/www.article-marketing.eu\/comunicati\/wp-json\/wp\/v2\/tags?post=19298"}],"curies":[{"name":"wp","href":"https:\/\/api.w.org\/{rel}","templated":true}]}}