{"id":1930,"date":"2009-05-06T10:12:13","date_gmt":"2009-05-06T08:12:13","guid":{"rendered":"http:\/\/www.article-marketing.eu\/comunicati\/senza-categoria\/napoli-2-0-i-professionisti-del-web-fanno-rete\/"},"modified":"2009-05-06T10:12:13","modified_gmt":"2009-05-06T08:12:13","slug":"napoli-2-0-i-professionisti-del-web-fanno-rete","status":"publish","type":"post","link":"https:\/\/www.article-marketing.eu\/comunicati\/internet\/blog\/napoli-2-0-i-professionisti-del-web-fanno-rete\/","title":{"rendered":"Napoli 2.0: i professionisti del web fanno rete"},"content":{"rendered":"<p style=\"margin-top: 0px; margin-right: 0px; margin-bottom: 0px; margin-left: 0px; text-align: justify; font: normal normal normal 12px\/normal Cambria; \">Lo scopo della piattaforma realizzata su Ning (www.napoliduezero.ning.com), \u00e8 quello di riorganizzare su Napoli, la cultura del lavoro nel campo della comunicazione (se ne parla sempre, ma nessuno riesce mai ad entrare nel merito proponendo qualcosa di concretamente utile a tutti). Grafici, fotografi, esperti di web marketing, copywriters, web masters, operatori flash, problem solvers, da oggi hanno un nuovo punto di riferimento per gestire rapporti di &quot;buon vicinato&quot; con i colleghi ed all&#8217;occorrenza, per fare gruppo su commissioni che da soli non potrebbero evadere.<\/p>\n<p style=\"margin-top: 0px; margin-right: 0px; margin-bottom: 0px; margin-left: 0px; text-align: justify; font: normal normal normal 12px\/normal Cambria; min-height: 14px; \"><\/p>\n<p style=\"margin-top: 0px; margin-right: 0px; margin-bottom: 0px; margin-left: 0px; text-align: justify; font: normal normal normal 12px\/normal Cambria; \">Diverse le aree tematiche aperte alla discussione: si spazia dalle proposte di collaborazione a progetti, alle domande e risposte su problematiche di ogni tipo (ma sempre business), alle discussioni aperte sul mondo della comunicazione commerciale.<\/p>\n<p style=\"margin-top: 0px; margin-right: 0px; margin-bottom: 0px; margin-left: 0px; text-align: justify; font: normal normal normal 12px\/normal Cambria; min-height: 14px; \"><\/p>\n<p style=\"margin-top: 0px; margin-right: 0px; margin-bottom: 0px; margin-left: 0px; text-align: justify; font: normal normal normal 12px\/normal Cambria; \">L\u2019idea del network, concepita come un grande hub \u00e8 frutto di un\u2019intuizione del dott. Alessandro Mazz\u00f9, Marketing Manager e CEO di QADRA.NET, web agency campana, ormai alla ribalta nel panorama partenopeo del marketing e della comunicazione people oriented.<\/p>\n<p style=\"margin-top: 0px; margin-right: 0px; margin-bottom: 0px; margin-left: 0px; text-align: justify; font: normal normal normal 12px\/normal Cambria; min-height: 14px; \"><\/p>\n<p style=\"margin-top: 0px; margin-right: 0px; margin-bottom: 0px; margin-left: 0px; text-align: justify; font: normal normal normal 12px\/normal Cambria; \">&quot;da tempo ormai- ci racconta il dott. Mazz\u00f9 -sentivo l\u2019esigenza di uno strumento che consentisse alla mia societ\u00e0, ma anche alle piccole realt\u00e0 che operano su Napoli nel marketing in tutte le sue forme, di aprirsi e contemporaneamente di fare gruppo, o come amo dire \u201cfare <em>S<\/em><em>Q<\/em><em>A<\/em><em>DR<\/em><em>A<\/em>\u201d, per riflettere insieme sulle ultime tecniche, orientare e perch\u00e9 no, anche condividere lavori in atto con freelance capaci.<\/p>\n<p style=\"margin-top: 0px; margin-right: 0px; margin-bottom: 0px; margin-left: 0px; text-align: justify; font: normal normal normal 12px\/normal Cambria; \">NAPOI 2.0 rappresenta soprattutto per una citt\u00e0 intermittente come la nostra, rispetto alle opportunit\u00e0 di impiego nei settori della comunicazione, un aggregatore di risorse importantissimo, perch\u00e9 agisce con la forza pervasiva della rete in una realt\u00e0 in cui proprio gli operatori del settore che dovrebbero unire ed orientare le opinioni e le conoscenze, si ritrovano sempre pi\u00f9 spesso isolati, allo sbando e incapaci di esprimersi anche dopo anni di studio e sacrifici&quot;.<\/p>\n<p style=\"margin-top: 0px; margin-right: 0px; margin-bottom: 0px; margin-left: 0px; text-align: justify; font: normal normal normal 12px\/normal Cambria; min-height: 14px; \"><\/p>\n<p style=\"margin-top: 0px; margin-right: 0px; margin-bottom: 0px; margin-left: 0px; text-align: justify; font: normal normal normal 12px\/normal Cambria; \">Il progetto NAPOLI 2.0 (www.napoliduezero.ning.com) \u00e8 supportato dall\u2019Universit\u00e0 degli Studi di Napoli Federico II, presso la quale, il dott. Francesco Margherita, Project Manager di QADRA.NET sta organizzando e tenendo insieme al Preside della facolt\u00e0 di Sociologia e allo stesso dott. Alessandro Mazz\u00f9, una serie di seminari e workshop di orientamento, verso le nuove professioni della comunicazione nel capoluogo campano.<\/p>\n<p style=\"margin-top: 0px; margin-right: 0px; margin-bottom: 0px; margin-left: 0px; text-align: justify; font: normal normal normal 12px\/normal Cambria; min-height: 14px; \"><\/p>\n<p style=\"margin-top: 0px; margin-right: 0px; margin-bottom: 0px; margin-left: 0px; text-align: justify; font: normal normal normal 12px\/normal Cambria; \">Un\u2019occasione importante per mettersi subito in carreggiata, seguendo la scia di chi sta un passo avanti, per costruire oggi, i grandi professionisti di domani.<\/p>\n","protected":false},"excerpt":{"rendered":"<p>Finalmente operativa, NAPOLI 2.0, la nuova piattaforma virtuale dove i freelance possono incontrarsi e fare gruppo, per operare nel mercato della comunicazione business.<\/p>\n","protected":false},"author":10,"featured_media":0,"comment_status":"open","ping_status":"open","sticky":false,"template":"","format":"standard","meta":{"cybocfi_hide_featured_image":"","footnotes":""},"categories":[978],"tags":[],"class_list":["post-1930","post","type-post","status-publish","format-standard","hentry","category-blog"],"yoast_head":"<!-- This site is optimized with the Yoast SEO plugin v27.0 - https:\/\/yoast.com\/product\/yoast-seo-wordpress\/ -->\n<title>Napoli 2.0: i professionisti del web fanno rete - Article Marketing<\/title>\n<meta name=\"robots\" content=\"index, follow, max-snippet:-1, max-image-preview:large, max-video-preview:-1\" \/>\n<link rel=\"canonical\" href=\"https:\/\/www.article-marketing.eu\/comunicati\/internet\/blog\/napoli-2-0-i-professionisti-del-web-fanno-rete\/\" \/>\n<meta property=\"og:locale\" content=\"it_IT\" \/>\n<meta property=\"og:type\" content=\"article\" \/>\n<meta property=\"og:title\" content=\"Napoli 2.0: i professionisti del web fanno rete - Article Marketing\" \/>\n<meta property=\"og:description\" content=\"Finalmente operativa, NAPOLI 2.0, la nuova piattaforma virtuale dove i freelance possono incontrarsi e fare gruppo, per operare nel mercato della comunicazione business.\" \/>\n<meta property=\"og:url\" content=\"https:\/\/www.article-marketing.eu\/comunicati\/internet\/blog\/napoli-2-0-i-professionisti-del-web-fanno-rete\/\" \/>\n<meta property=\"og:site_name\" content=\"Article Marketing\" \/>\n<meta property=\"article:published_time\" content=\"2009-05-06T08:12:13+00:00\" \/>\n<meta name=\"author\" content=\"Redazione Comunicati Stampa\" \/>\n<meta name=\"twitter:card\" content=\"summary_large_image\" \/>\n<meta name=\"twitter:label1\" content=\"Scritto da\" \/>\n\t<meta name=\"twitter:data1\" content=\"Redazione Comunicati Stampa\" \/>\n\t<meta name=\"twitter:label2\" content=\"Tempo di lettura stimato\" \/>\n\t<meta name=\"twitter:data2\" content=\"2 minuti\" \/>\n<script type=\"application\/ld+json\" class=\"yoast-schema-graph\">{\"@context\":\"https:\/\/schema.org\",\"@graph\":[{\"@type\":\"Article\",\"@id\":\"https:\/\/www.article-marketing.eu\/comunicati\/internet\/blog\/napoli-2-0-i-professionisti-del-web-fanno-rete\/#article\",\"isPartOf\":{\"@id\":\"https:\/\/www.article-marketing.eu\/comunicati\/internet\/blog\/napoli-2-0-i-professionisti-del-web-fanno-rete\/\"},\"author\":{\"name\":\"Redazione Comunicati Stampa\",\"@id\":\"https:\/\/www.article-marketing.eu\/comunicati\/#\/schema\/person\/44372e4d4d0fa797b18e03ed1ace9017\"},\"headline\":\"Napoli 2.0: i professionisti del web fanno rete\",\"datePublished\":\"2009-05-06T08:12:13+00:00\",\"mainEntityOfPage\":{\"@id\":\"https:\/\/www.article-marketing.eu\/comunicati\/internet\/blog\/napoli-2-0-i-professionisti-del-web-fanno-rete\/\"},\"wordCount\":400,\"commentCount\":0,\"articleSection\":[\"Blog\"],\"inLanguage\":\"it-IT\",\"potentialAction\":[{\"@type\":\"CommentAction\",\"name\":\"Comment\",\"target\":[\"https:\/\/www.article-marketing.eu\/comunicati\/internet\/blog\/napoli-2-0-i-professionisti-del-web-fanno-rete\/#respond\"]}]},{\"@type\":\"WebPage\",\"@id\":\"https:\/\/www.article-marketing.eu\/comunicati\/internet\/blog\/napoli-2-0-i-professionisti-del-web-fanno-rete\/\",\"url\":\"https:\/\/www.article-marketing.eu\/comunicati\/internet\/blog\/napoli-2-0-i-professionisti-del-web-fanno-rete\/\",\"name\":\"Napoli 2.0: i professionisti del web fanno rete - Article Marketing\",\"isPartOf\":{\"@id\":\"https:\/\/www.article-marketing.eu\/comunicati\/#website\"},\"datePublished\":\"2009-05-06T08:12:13+00:00\",\"author\":{\"@id\":\"https:\/\/www.article-marketing.eu\/comunicati\/#\/schema\/person\/44372e4d4d0fa797b18e03ed1ace9017\"},\"breadcrumb\":{\"@id\":\"https:\/\/www.article-marketing.eu\/comunicati\/internet\/blog\/napoli-2-0-i-professionisti-del-web-fanno-rete\/#breadcrumb\"},\"inLanguage\":\"it-IT\",\"potentialAction\":[{\"@type\":\"ReadAction\",\"target\":[\"https:\/\/www.article-marketing.eu\/comunicati\/internet\/blog\/napoli-2-0-i-professionisti-del-web-fanno-rete\/\"]}]},{\"@type\":\"BreadcrumbList\",\"@id\":\"https:\/\/www.article-marketing.eu\/comunicati\/internet\/blog\/napoli-2-0-i-professionisti-del-web-fanno-rete\/#breadcrumb\",\"itemListElement\":[{\"@type\":\"ListItem\",\"position\":1,\"name\":\"Home\",\"item\":\"https:\/\/www.article-marketing.eu\/comunicati\/\"},{\"@type\":\"ListItem\",\"position\":2,\"name\":\"Napoli 2.0: i professionisti del web fanno rete\"}]},{\"@type\":\"WebSite\",\"@id\":\"https:\/\/www.article-marketing.eu\/comunicati\/#website\",\"url\":\"https:\/\/www.article-marketing.eu\/comunicati\/\",\"name\":\"Article Marketing\",\"description\":\"article marketing &amp; press release\",\"potentialAction\":[{\"@type\":\"SearchAction\",\"target\":{\"@type\":\"EntryPoint\",\"urlTemplate\":\"https:\/\/www.article-marketing.eu\/comunicati\/?s={search_term_string}\"},\"query-input\":{\"@type\":\"PropertyValueSpecification\",\"valueRequired\":true,\"valueName\":\"search_term_string\"}}],\"inLanguage\":\"it-IT\"},{\"@type\":\"Person\",\"@id\":\"https:\/\/www.article-marketing.eu\/comunicati\/#\/schema\/person\/44372e4d4d0fa797b18e03ed1ace9017\",\"name\":\"Redazione Comunicati Stampa\",\"image\":{\"@type\":\"ImageObject\",\"inLanguage\":\"it-IT\",\"@id\":\"https:\/\/www.article-marketing.eu\/comunicati\/#\/schema\/person\/image\/\",\"url\":\"https:\/\/secure.gravatar.com\/avatar\/50e5c6421d3072f42e7ace803501602c60d75233d34e29fd05feb91c8760b792?s=96&d=mm&r=g\",\"contentUrl\":\"https:\/\/secure.gravatar.com\/avatar\/50e5c6421d3072f42e7ace803501602c60d75233d34e29fd05feb91c8760b792?s=96&d=mm&r=g\",\"caption\":\"Redazione Comunicati Stampa\"},\"url\":\"https:\/\/www.article-marketing.eu\/comunicati\/author\/redazione-comunicati-stampa\/\"}]}<\/script>\n<!-- \/ Yoast SEO plugin. -->","yoast_head_json":{"title":"Napoli 2.0: i professionisti del web fanno rete - Article Marketing","robots":{"index":"index","follow":"follow","max-snippet":"max-snippet:-1","max-image-preview":"max-image-preview:large","max-video-preview":"max-video-preview:-1"},"canonical":"https:\/\/www.article-marketing.eu\/comunicati\/internet\/blog\/napoli-2-0-i-professionisti-del-web-fanno-rete\/","og_locale":"it_IT","og_type":"article","og_title":"Napoli 2.0: i professionisti del web fanno rete - Article Marketing","og_description":"Finalmente operativa, NAPOLI 2.0, la nuova piattaforma virtuale dove i freelance possono incontrarsi e fare gruppo, per operare nel mercato della comunicazione business.","og_url":"https:\/\/www.article-marketing.eu\/comunicati\/internet\/blog\/napoli-2-0-i-professionisti-del-web-fanno-rete\/","og_site_name":"Article Marketing","article_published_time":"2009-05-06T08:12:13+00:00","author":"Redazione Comunicati Stampa","twitter_card":"summary_large_image","twitter_misc":{"Scritto da":"Redazione Comunicati Stampa","Tempo di lettura stimato":"2 minuti"},"schema":{"@context":"https:\/\/schema.org","@graph":[{"@type":"Article","@id":"https:\/\/www.article-marketing.eu\/comunicati\/internet\/blog\/napoli-2-0-i-professionisti-del-web-fanno-rete\/#article","isPartOf":{"@id":"https:\/\/www.article-marketing.eu\/comunicati\/internet\/blog\/napoli-2-0-i-professionisti-del-web-fanno-rete\/"},"author":{"name":"Redazione Comunicati Stampa","@id":"https:\/\/www.article-marketing.eu\/comunicati\/#\/schema\/person\/44372e4d4d0fa797b18e03ed1ace9017"},"headline":"Napoli 2.0: i professionisti del web fanno rete","datePublished":"2009-05-06T08:12:13+00:00","mainEntityOfPage":{"@id":"https:\/\/www.article-marketing.eu\/comunicati\/internet\/blog\/napoli-2-0-i-professionisti-del-web-fanno-rete\/"},"wordCount":400,"commentCount":0,"articleSection":["Blog"],"inLanguage":"it-IT","potentialAction":[{"@type":"CommentAction","name":"Comment","target":["https:\/\/www.article-marketing.eu\/comunicati\/internet\/blog\/napoli-2-0-i-professionisti-del-web-fanno-rete\/#respond"]}]},{"@type":"WebPage","@id":"https:\/\/www.article-marketing.eu\/comunicati\/internet\/blog\/napoli-2-0-i-professionisti-del-web-fanno-rete\/","url":"https:\/\/www.article-marketing.eu\/comunicati\/internet\/blog\/napoli-2-0-i-professionisti-del-web-fanno-rete\/","name":"Napoli 2.0: i professionisti del web fanno rete - Article Marketing","isPartOf":{"@id":"https:\/\/www.article-marketing.eu\/comunicati\/#website"},"datePublished":"2009-05-06T08:12:13+00:00","author":{"@id":"https:\/\/www.article-marketing.eu\/comunicati\/#\/schema\/person\/44372e4d4d0fa797b18e03ed1ace9017"},"breadcrumb":{"@id":"https:\/\/www.article-marketing.eu\/comunicati\/internet\/blog\/napoli-2-0-i-professionisti-del-web-fanno-rete\/#breadcrumb"},"inLanguage":"it-IT","potentialAction":[{"@type":"ReadAction","target":["https:\/\/www.article-marketing.eu\/comunicati\/internet\/blog\/napoli-2-0-i-professionisti-del-web-fanno-rete\/"]}]},{"@type":"BreadcrumbList","@id":"https:\/\/www.article-marketing.eu\/comunicati\/internet\/blog\/napoli-2-0-i-professionisti-del-web-fanno-rete\/#breadcrumb","itemListElement":[{"@type":"ListItem","position":1,"name":"Home","item":"https:\/\/www.article-marketing.eu\/comunicati\/"},{"@type":"ListItem","position":2,"name":"Napoli 2.0: i professionisti del web fanno rete"}]},{"@type":"WebSite","@id":"https:\/\/www.article-marketing.eu\/comunicati\/#website","url":"https:\/\/www.article-marketing.eu\/comunicati\/","name":"Article Marketing","description":"article marketing &amp; press release","potentialAction":[{"@type":"SearchAction","target":{"@type":"EntryPoint","urlTemplate":"https:\/\/www.article-marketing.eu\/comunicati\/?s={search_term_string}"},"query-input":{"@type":"PropertyValueSpecification","valueRequired":true,"valueName":"search_term_string"}}],"inLanguage":"it-IT"},{"@type":"Person","@id":"https:\/\/www.article-marketing.eu\/comunicati\/#\/schema\/person\/44372e4d4d0fa797b18e03ed1ace9017","name":"Redazione Comunicati Stampa","image":{"@type":"ImageObject","inLanguage":"it-IT","@id":"https:\/\/www.article-marketing.eu\/comunicati\/#\/schema\/person\/image\/","url":"https:\/\/secure.gravatar.com\/avatar\/50e5c6421d3072f42e7ace803501602c60d75233d34e29fd05feb91c8760b792?s=96&d=mm&r=g","contentUrl":"https:\/\/secure.gravatar.com\/avatar\/50e5c6421d3072f42e7ace803501602c60d75233d34e29fd05feb91c8760b792?s=96&d=mm&r=g","caption":"Redazione Comunicati Stampa"},"url":"https:\/\/www.article-marketing.eu\/comunicati\/author\/redazione-comunicati-stampa\/"}]}},"_links":{"self":[{"href":"https:\/\/www.article-marketing.eu\/comunicati\/wp-json\/wp\/v2\/posts\/1930","targetHints":{"allow":["GET"]}}],"collection":[{"href":"https:\/\/www.article-marketing.eu\/comunicati\/wp-json\/wp\/v2\/posts"}],"about":[{"href":"https:\/\/www.article-marketing.eu\/comunicati\/wp-json\/wp\/v2\/types\/post"}],"author":[{"embeddable":true,"href":"https:\/\/www.article-marketing.eu\/comunicati\/wp-json\/wp\/v2\/users\/10"}],"replies":[{"embeddable":true,"href":"https:\/\/www.article-marketing.eu\/comunicati\/wp-json\/wp\/v2\/comments?post=1930"}],"version-history":[{"count":0,"href":"https:\/\/www.article-marketing.eu\/comunicati\/wp-json\/wp\/v2\/posts\/1930\/revisions"}],"wp:attachment":[{"href":"https:\/\/www.article-marketing.eu\/comunicati\/wp-json\/wp\/v2\/media?parent=1930"}],"wp:term":[{"taxonomy":"category","embeddable":true,"href":"https:\/\/www.article-marketing.eu\/comunicati\/wp-json\/wp\/v2\/categories?post=1930"},{"taxonomy":"post_tag","embeddable":true,"href":"https:\/\/www.article-marketing.eu\/comunicati\/wp-json\/wp\/v2\/tags?post=1930"}],"curies":[{"name":"wp","href":"https:\/\/api.w.org\/{rel}","templated":true}]}}