{"id":1938,"date":"2009-05-06T17:52:51","date_gmt":"2009-05-06T15:52:51","guid":{"rendered":"http:\/\/www.article-marketing.eu\/comunicati\/senza-categoria\/arriva-a-milano-il-primo-atelier-italiano-di-sensi-ateliers-arts-and-sens\/"},"modified":"2009-05-06T17:52:51","modified_gmt":"2009-05-06T15:52:51","slug":"arriva-a-milano-il-primo-atelier-italiano-di-sensi-ateliers-arts-and-sens","status":"publish","type":"post","link":"https:\/\/www.article-marketing.eu\/comunicati\/comunicati-stampa\/eventi\/arriva-a-milano-il-primo-atelier-italiano-di-sensi-ateliers-arts-and-sens\/","title":{"rendered":"Arriva a  Milano, il primo atelier italiano di SENSI, Ateliers Arts &#038; Sens"},"content":{"rendered":"<p class=\"Pa0\" style=\"LINE-HEIGHT: normal; TEXT-ALIGN: justify\"><img decoding=\"async\" hspace=\"6\" src=\"http:\/\/www.cosedite.it\/CARICA\/foto_Sensi.JPG\" align=\"left\" vspace=\"6\" border=\"0\" \/><a href=\"http:\/\/www.sensi-ateliers.com\">SENSI, Ateliers Arts &amp; Sens<\/a>,&nbsp; \u00e8 un <em>concept<\/em>&nbsp; nuovo che valorizza le potenzialit\u00e0 creative della persona attraverso l\u2019incontro di artisti e l\u2019esperienza dei mestieri d\u2019arte, per stimolare la capacit\u00e0 d\u2019innovazione, la relazione e il benessere. Si rivolge a managers e dirigenti di impresa.<\/p>\n<p class=\"Pa0\" style=\"LINE-HEIGHT: normal; TEXT-ALIGN: justify\">Nato a Parigi, ha gi\u00e0 organizzato ateliers di scultura, pittura, teatro, cucina, fotografia, canto etc per molte aziende, tra cui: <em>Axa, Carita, Coty, Euroexpo, Givaudan, L\u2019Or\u00e9al, K\u00e9rastase, Monnaie de Paris, Renault, Safig, Saint-Gobain, Spie Batignolles, Unilever.<\/em><\/p>\n<p>&nbsp;<\/p>\n<p style=\"TEXT-ALIGN: justify\"><strong>Barbara Albasio<\/strong>, laureata in relazioni internazionali a Sciences Po Paris, MBA negli Stati Uniti, \u00e8 la fondatrice di SENSI, Ateliers Arts &amp; Sens e dei suoi ateliers di creazione artistica e stimolo sensoriale. <\/p>\n<p style=\"TEXT-ALIGN: justify\">A poco pi\u00f9 di un anno di attivit\u00e0 questa innovativa impresa, ha riscosso un successo tale \u2013 oltre 30 sessioni in un anno \u2013 da approdare anche in Italia.<\/p>\n<p style=\"TEXT-ALIGN: justify\">&nbsp;<\/p>\n<p style=\"TEXT-ALIGN: justify\"><em>&#8221;L&#8217;isolamento e l&#8217;eccessivo stress dei dirigenti sono fattori che penalizzano il rendimento aziendale&#8221;<\/em> ha dichiarato&nbsp; Barbara Albasio. Per questo SENSI, Ateliers Arts &amp; Sens propone percorsi diversi per potenziare le performance professionali.<\/p>\n<p style=\"TEXT-ALIGN: justify\">Creati su misura per i clienti, gli ateliers si declinano in numerosi campi di attivita&#8217; che stimolano la creativita&#8217; come la scultura, la pittura, l&#8217;espressione corporea, la fotografia, l&#8217;arte di cucinare oppure di creare profumi, o ancora di inventare cocktails. <\/p>\n<p style=\"TEXT-ALIGN: justify\">In genere riuniscono una decina di partecipanti intorno a un artista di talento in base all&#8217;attivita&#8217; artistica scelta. L&#8217;atelier si sviluppa in due fasi, la creazione e poi la condivisione dell&#8217;esperienza. L&#8217;obiettivo e&#8217; quello di liberare le tensioni, di sbloccare i conflitti tra colleghi, di favorire le relazioni, di instaurare legami di solidarieta&#8217;, equilibrio, fiducia. Il tutto divertendosi.&nbsp; L&#8217;impresa ci guadagna in creativita&#8217;, motivazione e innovazione.<\/p>\n<p style=\"TEXT-ALIGN: justify\">&nbsp;<\/p>\n<p style=\"TEXT-ALIGN: justify\"><strong>Il primo atelier italiano verr\u00e0 proposto&nbsp; in due date milanesi: il 14 maggio al Teatro Franco Parenti e il 15 maggio in una presentazione speciale dedicata ai giornalisti, all\u2019interno della mostra Adriatic Desgin09, al Superstudio.<\/strong><\/p>\n<p style=\"TEXT-ALIGN: justify\">A coordinare il progetto italiano sar\u00e0 <strong>Fabiola Ruggiero<\/strong>, imprenditrice nel mondo del T\u00e8 (www.cosedite.it), che gi\u00e0&nbsp; attraverso la sua <strong><em>Scuola di T\u00e8<\/em><\/strong> propone corsi ed eventi per raccontare la cultura del T\u00e8, non solo come momento estetico ma anche come occasione di conoscenza e di miglioramento personale.<\/p>\n<p style=\"TEXT-ALIGN: justify\"><strong>&nbsp;<\/strong><\/p>\n<p style=\"TEXT-ALIGN: justify\">Promuovere SENSI in Italia significa fare tesoro dell\u2019esperienza di un\u2019eccellenza internazionale per proporre alle imprese del Paese percorsi nuovi di crescita, guidati dall\u2019esplorazione, la scoperta e la valorizzazione del talento delle persone.<\/p>\n<p><strong>&nbsp;<\/strong><\/p>\n<p><strong>&nbsp;<\/strong><\/p>\n<p><strong><em>Per informazioni:<\/em><\/strong><\/p>\n<p>Fabiola Ruggiero<\/p>\n<p>fabiola.ruggiero@sensi-ateliers.com<\/p>\n<p>Tel.+39.335.7744001<\/p>\n<p>&nbsp;<\/p>\n","protected":false},"excerpt":{"rendered":"<p>SENSI, Ateliers Arts &#038; Sens,  \u00e8 un concept  nuovo che valorizza le potenzialit\u00e0 creative della persona attraverso l\u2019incontro di artisti e l\u2019esperienza dei mestieri d\u2019arte, per stimolare la capacit\u00e0 d\u2019innovazione, la relazione e il benessere<\/p>\n","protected":false},"author":10,"featured_media":0,"comment_status":"open","ping_status":"open","sticky":false,"template":"","format":"standard","meta":{"cybocfi_hide_featured_image":"","footnotes":""},"categories":[388],"tags":[6149,6150,6147,1341,65,440,6148,5000,4165],"class_list":["post-1938","post","type-post","status-publish","format-standard","hentry","category-eventi","tag-adriatic-design-09","tag-cose-di-te","tag-creativa","tag-creativita","tag-dirigenti","tag-formazione","tag-imprenditori","tag-manager","tag-te"],"yoast_head":"<!-- This site is optimized with the Yoast SEO plugin v27.0 - https:\/\/yoast.com\/product\/yoast-seo-wordpress\/ -->\n<title>Arriva a Milano, il primo atelier italiano di SENSI, Ateliers Arts &amp; Sens - Article Marketing<\/title>\n<meta name=\"robots\" content=\"index, follow, max-snippet:-1, max-image-preview:large, max-video-preview:-1\" \/>\n<link rel=\"canonical\" href=\"https:\/\/www.article-marketing.eu\/comunicati\/comunicati-stampa\/eventi\/arriva-a-milano-il-primo-atelier-italiano-di-sensi-ateliers-arts-and-sens\/\" \/>\n<meta property=\"og:locale\" content=\"it_IT\" \/>\n<meta property=\"og:type\" content=\"article\" \/>\n<meta property=\"og:title\" content=\"Arriva a Milano, il primo atelier italiano di SENSI, Ateliers Arts &amp; Sens - Article Marketing\" \/>\n<meta property=\"og:description\" content=\"SENSI, Ateliers Arts &amp; Sens, \u00e8 un concept nuovo che valorizza le potenzialit\u00e0 creative della persona attraverso l\u2019incontro di artisti e l\u2019esperienza dei mestieri d\u2019arte, per stimolare la capacit\u00e0 d\u2019innovazione, la relazione e il benessere\" \/>\n<meta property=\"og:url\" content=\"https:\/\/www.article-marketing.eu\/comunicati\/comunicati-stampa\/eventi\/arriva-a-milano-il-primo-atelier-italiano-di-sensi-ateliers-arts-and-sens\/\" \/>\n<meta property=\"og:site_name\" content=\"Article Marketing\" \/>\n<meta property=\"article:published_time\" content=\"2009-05-06T15:52:51+00:00\" \/>\n<meta property=\"og:image\" content=\"http:\/\/www.cosedite.it\/CARICA\/foto_Sensi.JPG\" \/>\n<meta name=\"author\" content=\"Redazione Comunicati Stampa\" \/>\n<meta name=\"twitter:card\" content=\"summary_large_image\" \/>\n<meta name=\"twitter:label1\" content=\"Scritto da\" \/>\n\t<meta name=\"twitter:data1\" content=\"Redazione Comunicati Stampa\" \/>\n\t<meta name=\"twitter:label2\" content=\"Tempo di lettura stimato\" \/>\n\t<meta name=\"twitter:data2\" content=\"2 minuti\" \/>\n<script type=\"application\/ld+json\" class=\"yoast-schema-graph\">{\"@context\":\"https:\/\/schema.org\",\"@graph\":[{\"@type\":\"Article\",\"@id\":\"https:\/\/www.article-marketing.eu\/comunicati\/comunicati-stampa\/eventi\/arriva-a-milano-il-primo-atelier-italiano-di-sensi-ateliers-arts-and-sens\/#article\",\"isPartOf\":{\"@id\":\"https:\/\/www.article-marketing.eu\/comunicati\/comunicati-stampa\/eventi\/arriva-a-milano-il-primo-atelier-italiano-di-sensi-ateliers-arts-and-sens\/\"},\"author\":{\"name\":\"Redazione Comunicati Stampa\",\"@id\":\"https:\/\/www.article-marketing.eu\/comunicati\/#\/schema\/person\/44372e4d4d0fa797b18e03ed1ace9017\"},\"headline\":\"Arriva a Milano, il primo atelier italiano di SENSI, Ateliers Arts &#038; Sens\",\"datePublished\":\"2009-05-06T15:52:51+00:00\",\"mainEntityOfPage\":{\"@id\":\"https:\/\/www.article-marketing.eu\/comunicati\/comunicati-stampa\/eventi\/arriva-a-milano-il-primo-atelier-italiano-di-sensi-ateliers-arts-and-sens\/\"},\"wordCount\":433,\"commentCount\":0,\"image\":{\"@id\":\"https:\/\/www.article-marketing.eu\/comunicati\/comunicati-stampa\/eventi\/arriva-a-milano-il-primo-atelier-italiano-di-sensi-ateliers-arts-and-sens\/#primaryimage\"},\"thumbnailUrl\":\"http:\/\/www.cosedite.it\/CARICA\/foto_Sensi.JPG\",\"keywords\":[\"adriatic design 09\",\"cose di t\u00e8\",\"creativa\",\"creativit\u00e0\",\"dirigenti\",\"formazione\",\"imprenditori\",\"manager\",\"t\u00e8\"],\"articleSection\":[\"Eventi\"],\"inLanguage\":\"it-IT\",\"potentialAction\":[{\"@type\":\"CommentAction\",\"name\":\"Comment\",\"target\":[\"https:\/\/www.article-marketing.eu\/comunicati\/comunicati-stampa\/eventi\/arriva-a-milano-il-primo-atelier-italiano-di-sensi-ateliers-arts-and-sens\/#respond\"]}]},{\"@type\":\"WebPage\",\"@id\":\"https:\/\/www.article-marketing.eu\/comunicati\/comunicati-stampa\/eventi\/arriva-a-milano-il-primo-atelier-italiano-di-sensi-ateliers-arts-and-sens\/\",\"url\":\"https:\/\/www.article-marketing.eu\/comunicati\/comunicati-stampa\/eventi\/arriva-a-milano-il-primo-atelier-italiano-di-sensi-ateliers-arts-and-sens\/\",\"name\":\"Arriva a Milano, il primo atelier italiano di SENSI, Ateliers Arts & Sens - Article Marketing\",\"isPartOf\":{\"@id\":\"https:\/\/www.article-marketing.eu\/comunicati\/#website\"},\"primaryImageOfPage\":{\"@id\":\"https:\/\/www.article-marketing.eu\/comunicati\/comunicati-stampa\/eventi\/arriva-a-milano-il-primo-atelier-italiano-di-sensi-ateliers-arts-and-sens\/#primaryimage\"},\"image\":{\"@id\":\"https:\/\/www.article-marketing.eu\/comunicati\/comunicati-stampa\/eventi\/arriva-a-milano-il-primo-atelier-italiano-di-sensi-ateliers-arts-and-sens\/#primaryimage\"},\"thumbnailUrl\":\"http:\/\/www.cosedite.it\/CARICA\/foto_Sensi.JPG\",\"datePublished\":\"2009-05-06T15:52:51+00:00\",\"author\":{\"@id\":\"https:\/\/www.article-marketing.eu\/comunicati\/#\/schema\/person\/44372e4d4d0fa797b18e03ed1ace9017\"},\"breadcrumb\":{\"@id\":\"https:\/\/www.article-marketing.eu\/comunicati\/comunicati-stampa\/eventi\/arriva-a-milano-il-primo-atelier-italiano-di-sensi-ateliers-arts-and-sens\/#breadcrumb\"},\"inLanguage\":\"it-IT\",\"potentialAction\":[{\"@type\":\"ReadAction\",\"target\":[\"https:\/\/www.article-marketing.eu\/comunicati\/comunicati-stampa\/eventi\/arriva-a-milano-il-primo-atelier-italiano-di-sensi-ateliers-arts-and-sens\/\"]}]},{\"@type\":\"ImageObject\",\"inLanguage\":\"it-IT\",\"@id\":\"https:\/\/www.article-marketing.eu\/comunicati\/comunicati-stampa\/eventi\/arriva-a-milano-il-primo-atelier-italiano-di-sensi-ateliers-arts-and-sens\/#primaryimage\",\"url\":\"http:\/\/www.cosedite.it\/CARICA\/foto_Sensi.JPG\",\"contentUrl\":\"http:\/\/www.cosedite.it\/CARICA\/foto_Sensi.JPG\"},{\"@type\":\"BreadcrumbList\",\"@id\":\"https:\/\/www.article-marketing.eu\/comunicati\/comunicati-stampa\/eventi\/arriva-a-milano-il-primo-atelier-italiano-di-sensi-ateliers-arts-and-sens\/#breadcrumb\",\"itemListElement\":[{\"@type\":\"ListItem\",\"position\":1,\"name\":\"Home\",\"item\":\"https:\/\/www.article-marketing.eu\/comunicati\/\"},{\"@type\":\"ListItem\",\"position\":2,\"name\":\"Arriva a Milano, il primo atelier italiano di SENSI, Ateliers Arts &#038; Sens\"}]},{\"@type\":\"WebSite\",\"@id\":\"https:\/\/www.article-marketing.eu\/comunicati\/#website\",\"url\":\"https:\/\/www.article-marketing.eu\/comunicati\/\",\"name\":\"Article Marketing\",\"description\":\"article marketing &amp; press release\",\"potentialAction\":[{\"@type\":\"SearchAction\",\"target\":{\"@type\":\"EntryPoint\",\"urlTemplate\":\"https:\/\/www.article-marketing.eu\/comunicati\/?s={search_term_string}\"},\"query-input\":{\"@type\":\"PropertyValueSpecification\",\"valueRequired\":true,\"valueName\":\"search_term_string\"}}],\"inLanguage\":\"it-IT\"},{\"@type\":\"Person\",\"@id\":\"https:\/\/www.article-marketing.eu\/comunicati\/#\/schema\/person\/44372e4d4d0fa797b18e03ed1ace9017\",\"name\":\"Redazione Comunicati Stampa\",\"image\":{\"@type\":\"ImageObject\",\"inLanguage\":\"it-IT\",\"@id\":\"https:\/\/www.article-marketing.eu\/comunicati\/#\/schema\/person\/image\/\",\"url\":\"https:\/\/secure.gravatar.com\/avatar\/50e5c6421d3072f42e7ace803501602c60d75233d34e29fd05feb91c8760b792?s=96&d=mm&r=g\",\"contentUrl\":\"https:\/\/secure.gravatar.com\/avatar\/50e5c6421d3072f42e7ace803501602c60d75233d34e29fd05feb91c8760b792?s=96&d=mm&r=g\",\"caption\":\"Redazione Comunicati Stampa\"},\"url\":\"https:\/\/www.article-marketing.eu\/comunicati\/author\/redazione-comunicati-stampa\/\"}]}<\/script>\n<!-- \/ Yoast SEO plugin. -->","yoast_head_json":{"title":"Arriva a Milano, il primo atelier italiano di SENSI, Ateliers Arts & Sens - Article Marketing","robots":{"index":"index","follow":"follow","max-snippet":"max-snippet:-1","max-image-preview":"max-image-preview:large","max-video-preview":"max-video-preview:-1"},"canonical":"https:\/\/www.article-marketing.eu\/comunicati\/comunicati-stampa\/eventi\/arriva-a-milano-il-primo-atelier-italiano-di-sensi-ateliers-arts-and-sens\/","og_locale":"it_IT","og_type":"article","og_title":"Arriva a Milano, il primo atelier italiano di SENSI, Ateliers Arts & Sens - Article Marketing","og_description":"SENSI, Ateliers Arts & Sens, \u00e8 un concept nuovo che valorizza le potenzialit\u00e0 creative della persona attraverso l\u2019incontro di artisti e l\u2019esperienza dei mestieri d\u2019arte, per stimolare la capacit\u00e0 d\u2019innovazione, la relazione e il benessere","og_url":"https:\/\/www.article-marketing.eu\/comunicati\/comunicati-stampa\/eventi\/arriva-a-milano-il-primo-atelier-italiano-di-sensi-ateliers-arts-and-sens\/","og_site_name":"Article Marketing","article_published_time":"2009-05-06T15:52:51+00:00","og_image":[{"url":"http:\/\/www.cosedite.it\/CARICA\/foto_Sensi.JPG","type":"","width":"","height":""}],"author":"Redazione Comunicati Stampa","twitter_card":"summary_large_image","twitter_misc":{"Scritto da":"Redazione Comunicati Stampa","Tempo di lettura stimato":"2 minuti"},"schema":{"@context":"https:\/\/schema.org","@graph":[{"@type":"Article","@id":"https:\/\/www.article-marketing.eu\/comunicati\/comunicati-stampa\/eventi\/arriva-a-milano-il-primo-atelier-italiano-di-sensi-ateliers-arts-and-sens\/#article","isPartOf":{"@id":"https:\/\/www.article-marketing.eu\/comunicati\/comunicati-stampa\/eventi\/arriva-a-milano-il-primo-atelier-italiano-di-sensi-ateliers-arts-and-sens\/"},"author":{"name":"Redazione Comunicati Stampa","@id":"https:\/\/www.article-marketing.eu\/comunicati\/#\/schema\/person\/44372e4d4d0fa797b18e03ed1ace9017"},"headline":"Arriva a Milano, il primo atelier italiano di SENSI, Ateliers Arts &#038; Sens","datePublished":"2009-05-06T15:52:51+00:00","mainEntityOfPage":{"@id":"https:\/\/www.article-marketing.eu\/comunicati\/comunicati-stampa\/eventi\/arriva-a-milano-il-primo-atelier-italiano-di-sensi-ateliers-arts-and-sens\/"},"wordCount":433,"commentCount":0,"image":{"@id":"https:\/\/www.article-marketing.eu\/comunicati\/comunicati-stampa\/eventi\/arriva-a-milano-il-primo-atelier-italiano-di-sensi-ateliers-arts-and-sens\/#primaryimage"},"thumbnailUrl":"http:\/\/www.cosedite.it\/CARICA\/foto_Sensi.JPG","keywords":["adriatic design 09","cose di t\u00e8","creativa","creativit\u00e0","dirigenti","formazione","imprenditori","manager","t\u00e8"],"articleSection":["Eventi"],"inLanguage":"it-IT","potentialAction":[{"@type":"CommentAction","name":"Comment","target":["https:\/\/www.article-marketing.eu\/comunicati\/comunicati-stampa\/eventi\/arriva-a-milano-il-primo-atelier-italiano-di-sensi-ateliers-arts-and-sens\/#respond"]}]},{"@type":"WebPage","@id":"https:\/\/www.article-marketing.eu\/comunicati\/comunicati-stampa\/eventi\/arriva-a-milano-il-primo-atelier-italiano-di-sensi-ateliers-arts-and-sens\/","url":"https:\/\/www.article-marketing.eu\/comunicati\/comunicati-stampa\/eventi\/arriva-a-milano-il-primo-atelier-italiano-di-sensi-ateliers-arts-and-sens\/","name":"Arriva a Milano, il primo atelier italiano di SENSI, Ateliers Arts & Sens - Article Marketing","isPartOf":{"@id":"https:\/\/www.article-marketing.eu\/comunicati\/#website"},"primaryImageOfPage":{"@id":"https:\/\/www.article-marketing.eu\/comunicati\/comunicati-stampa\/eventi\/arriva-a-milano-il-primo-atelier-italiano-di-sensi-ateliers-arts-and-sens\/#primaryimage"},"image":{"@id":"https:\/\/www.article-marketing.eu\/comunicati\/comunicati-stampa\/eventi\/arriva-a-milano-il-primo-atelier-italiano-di-sensi-ateliers-arts-and-sens\/#primaryimage"},"thumbnailUrl":"http:\/\/www.cosedite.it\/CARICA\/foto_Sensi.JPG","datePublished":"2009-05-06T15:52:51+00:00","author":{"@id":"https:\/\/www.article-marketing.eu\/comunicati\/#\/schema\/person\/44372e4d4d0fa797b18e03ed1ace9017"},"breadcrumb":{"@id":"https:\/\/www.article-marketing.eu\/comunicati\/comunicati-stampa\/eventi\/arriva-a-milano-il-primo-atelier-italiano-di-sensi-ateliers-arts-and-sens\/#breadcrumb"},"inLanguage":"it-IT","potentialAction":[{"@type":"ReadAction","target":["https:\/\/www.article-marketing.eu\/comunicati\/comunicati-stampa\/eventi\/arriva-a-milano-il-primo-atelier-italiano-di-sensi-ateliers-arts-and-sens\/"]}]},{"@type":"ImageObject","inLanguage":"it-IT","@id":"https:\/\/www.article-marketing.eu\/comunicati\/comunicati-stampa\/eventi\/arriva-a-milano-il-primo-atelier-italiano-di-sensi-ateliers-arts-and-sens\/#primaryimage","url":"http:\/\/www.cosedite.it\/CARICA\/foto_Sensi.JPG","contentUrl":"http:\/\/www.cosedite.it\/CARICA\/foto_Sensi.JPG"},{"@type":"BreadcrumbList","@id":"https:\/\/www.article-marketing.eu\/comunicati\/comunicati-stampa\/eventi\/arriva-a-milano-il-primo-atelier-italiano-di-sensi-ateliers-arts-and-sens\/#breadcrumb","itemListElement":[{"@type":"ListItem","position":1,"name":"Home","item":"https:\/\/www.article-marketing.eu\/comunicati\/"},{"@type":"ListItem","position":2,"name":"Arriva a Milano, il primo atelier italiano di SENSI, Ateliers Arts &#038; Sens"}]},{"@type":"WebSite","@id":"https:\/\/www.article-marketing.eu\/comunicati\/#website","url":"https:\/\/www.article-marketing.eu\/comunicati\/","name":"Article Marketing","description":"article marketing &amp; press release","potentialAction":[{"@type":"SearchAction","target":{"@type":"EntryPoint","urlTemplate":"https:\/\/www.article-marketing.eu\/comunicati\/?s={search_term_string}"},"query-input":{"@type":"PropertyValueSpecification","valueRequired":true,"valueName":"search_term_string"}}],"inLanguage":"it-IT"},{"@type":"Person","@id":"https:\/\/www.article-marketing.eu\/comunicati\/#\/schema\/person\/44372e4d4d0fa797b18e03ed1ace9017","name":"Redazione Comunicati Stampa","image":{"@type":"ImageObject","inLanguage":"it-IT","@id":"https:\/\/www.article-marketing.eu\/comunicati\/#\/schema\/person\/image\/","url":"https:\/\/secure.gravatar.com\/avatar\/50e5c6421d3072f42e7ace803501602c60d75233d34e29fd05feb91c8760b792?s=96&d=mm&r=g","contentUrl":"https:\/\/secure.gravatar.com\/avatar\/50e5c6421d3072f42e7ace803501602c60d75233d34e29fd05feb91c8760b792?s=96&d=mm&r=g","caption":"Redazione Comunicati Stampa"},"url":"https:\/\/www.article-marketing.eu\/comunicati\/author\/redazione-comunicati-stampa\/"}]}},"_links":{"self":[{"href":"https:\/\/www.article-marketing.eu\/comunicati\/wp-json\/wp\/v2\/posts\/1938","targetHints":{"allow":["GET"]}}],"collection":[{"href":"https:\/\/www.article-marketing.eu\/comunicati\/wp-json\/wp\/v2\/posts"}],"about":[{"href":"https:\/\/www.article-marketing.eu\/comunicati\/wp-json\/wp\/v2\/types\/post"}],"author":[{"embeddable":true,"href":"https:\/\/www.article-marketing.eu\/comunicati\/wp-json\/wp\/v2\/users\/10"}],"replies":[{"embeddable":true,"href":"https:\/\/www.article-marketing.eu\/comunicati\/wp-json\/wp\/v2\/comments?post=1938"}],"version-history":[{"count":0,"href":"https:\/\/www.article-marketing.eu\/comunicati\/wp-json\/wp\/v2\/posts\/1938\/revisions"}],"wp:attachment":[{"href":"https:\/\/www.article-marketing.eu\/comunicati\/wp-json\/wp\/v2\/media?parent=1938"}],"wp:term":[{"taxonomy":"category","embeddable":true,"href":"https:\/\/www.article-marketing.eu\/comunicati\/wp-json\/wp\/v2\/categories?post=1938"},{"taxonomy":"post_tag","embeddable":true,"href":"https:\/\/www.article-marketing.eu\/comunicati\/wp-json\/wp\/v2\/tags?post=1938"}],"curies":[{"name":"wp","href":"https:\/\/api.w.org\/{rel}","templated":true}]}}