{"id":1940,"date":"2009-05-07T16:17:22","date_gmt":"2009-05-07T14:17:22","guid":{"rendered":"http:\/\/www.article-marketing.eu\/comunicati\/senza-categoria\/progetto-le-persone-al-centro\/"},"modified":"2009-05-07T16:17:22","modified_gmt":"2009-05-07T14:17:22","slug":"progetto-le-persone-al-centro","status":"publish","type":"post","link":"https:\/\/www.article-marketing.eu\/comunicati\/economia-e-lavoro\/aziende\/progetto-le-persone-al-centro\/","title":{"rendered":"Progetto \u201cLe Persone al Centro\u201d"},"content":{"rendered":"<p style=\"TEXT-ALIGN: justify\"><strong>Parma, 7 maggio 2009<\/strong> &#8211; Chiesi Farmaceutici con Provincia di Parma e Cisita danno vita a \u201cLe Persone al Centro\u201d, progetto di punta inerente l\u2019area delle Risorse Umane.<\/p>\n<p style=\"TEXT-ALIGN: justify\">La missione di \u201cLe Persone al Centro\u201d \u00e8 lo sviluppo di un programma integrato di servizi rivolti ai dipendenti e collaboratori di Chiesi Farmaceutici finalizzato a migliorare l\u2019EQUILIBRIO LAVORO &#8211; VITA PRIVATA.<\/p>\n<p style=\"TEXT-ALIGN: justify\">L\u2019armonizzazione fra i tempi della vita professionale e personale rappresenta un presupposto importante per lo svolgimento dell\u2019attivit\u00e0 lavorativa, promuove una maggior soddisfazione nel proprio lavoro, agevola l\u2019ottimizzazione degli impegni familiari che spesso pesano prevalentemente sulle donne. Per questo progetti come \u201cpersone al centro\u201d hanno il valore di sostenere concretamente la partecipazione delle donne al lavoro e la realizzazione dei loro talenti.<\/p>\n<p style=\"TEXT-ALIGN: justify\">L\u2019equilibrio tra la gestione delle attivit\u00e0 inerenti il lavoro e delle incombenze familiari promuove il senso di appartenenza, un valore per l\u2019impresa.<\/p>\n<p style=\"TEXT-ALIGN: justify\">Le iniziative promosse nel quadro di questo progetto includono i <strong>Servizi salvatempo e azioni di flessibilit\u00e1 <\/strong>da un lato,&nbsp; e le Azioni di \u201c<strong>People Care\u201d<\/strong> dall\u2019altro.<\/p>\n<p style=\"TEXT-ALIGN: justify\">Tra le prime, l\u2019Assistenza Fiscale, le azioni tese a favorire la mobilit\u00e0 sostenibile (con agevolazioni per acquisto abbonamenti autobus, per gli abbonamenti ferroviari, per utilizzo di righe blu per chi ha particolari requisiti, e l\u2019utilizzo di auto aziendali ecocompatibili), l\u2019ufficio viaggi interno ma anche iniziative quali la concessione di Part time alle mamme con figli di et\u00e0 inferiori ai tre anni, orari flessibili in ingresso al mattino, durante la pausa pranzo e in uscita alla sera, orari personalizzati (per favorire ad esempio la coincidenza con bus o treni). Infine , fra le iniziative pi\u00f9 recenti, il Bancomat interno, il servizio tintoria e sartoria, il servizio calzoleria e duplicazione chiavi e la spesa on line.<\/p>\n<p style=\"MARGIN: 0cm 0cm 10pt; TEXT-ALIGN: justify\"><strong>&nbsp;<\/strong>Queste iniziative si integrano con quelle di People Care tra cui val la pena di evidenziare i prestiti agevolati a dipendenti (col supporto di societ\u00e0 specializzate), le agevolazioni con banche convenzionate, il supporto abitativo per chi proviene da province distanti e ha professionalit\u00e0 di primo piano, l\u2019assicurazione in caso di smarrimento bagagli o di spese mediche per tutti coloro che si recano in trasferta, le assicurazione extra professionale per gli informatori scientifici chiamati a svolgere un lavoro particolare, al di fuori della tradizionale sede di lavoro. Ancora, il contributo alla rete asili (con maggiori aiuti per fasce pi\u00f9 deboli), il giorno di permesso retribuito al padre per la nascita del figlio, i concorsi di Natale con regali ai bimbi, le campagne di benessere psicofisico e l\u2019assistenza legale (per fornire ai propri dipendenti un piccolo aiuto interpretativo su tematiche personali )&nbsp; in corso di attuazione proprio in questi giorni.<\/p>\n<p style=\"MARGIN: 0cm 0cm 10pt; TEXT-ALIGN: justify\">Per il futuro la Chiesi si ripropone di realizzare ulteriori iniziative che ben si potranno integrare con quelle gi\u00e0 in essere, cos\u00ec da promuovere l\u2019armonia tra la prestazione lavorativa e la gestione della vita familiare.<\/p>\n<p style=\"TEXT-ALIGN: justify\">\u201cSe guardiamo oltre i nostri confini \u2013 ha commentato <strong>Vincenzo Bernazzoli<\/strong>, presidente della Provincia di Parma \u2013 vediamo che nei Paesi nei quali ci sono forti politiche di conciliazione i livelli di partecipazione al lavoro da parte delle donne sono i pi\u00f9 alti, fino anche a 10 punti in pi\u00f9 rispetto a quello di una provincia come la nostra, che pure vanta uno dei tassi di occupazione femminile pi\u00f9 alti in Italia.<\/p>\n<p style=\"TEXT-ALIGN: justify\">L\u2019Istat ci dice che nella nostra regione le donne lavorano pi\u00f9 di 70 ore la settimana, ritmi insostenibili che possono mettere in discussione, soprattutto in alcune fasi della loro vita, la partecipazione al lavoro. In questo momento, particolarmente delicato, sentiamo questa possibilit\u00e0 come un rischio supplementare. Per questo sosteniamo progetti come questo che rendono concretamente pi\u00f9 facile la vita delle lavoratrici e dei lavoratori, favorendo il pieno dispiegarsi dei loro talenti.<\/p>\n<p style=\"TEXT-ALIGN: justify\">Anche alla Chiesi. Il settore farmaceutico, in cui opera questa grande azienda, \u00e8 un segmento strategico della nostra economia, che \u201ctiene\u201d anche in questa fase difficile, un campo in cui Provincia e Regione investono per il futuro con uno dei progetti di maggiore rilievo: il tecnopolo scientifico e farmaceutico, che potr\u00e0 anche essere un ambito importante verso il quale promuovere la presenza dei talenti femminili\u201d.<\/p>\n<p style=\"MARGIN: 0cm 0cm 10pt; TEXT-ALIGN: justify\">\u201cLa centralit\u00e0 delle persone \u2013 ha sottolineato <strong>Alessandro Chiesi<\/strong>, membro del Consiglio di Amministrazione del Gruppo \u2013&nbsp; \u00e8 un tema di grande importanza per Chiesi che non solo lo ha inserito tra i propri valori di riferimento ma lo considera anche una valida risorsa. L\u2019attenzione alle esigenze individuali genera infatti consenso e contribuisce a migliorare il clima interno dell\u2019intera organizzazione.&nbsp; Allo stesso modo, credo si debba apprezzare come la collaborazione pubblico \u2013 privato sia stata in grado di cogliere l\u2019importanza della conciliazione tra lavoro e vita privata e, attraverso la Provincia di Parma e Cisita, abbia sostenuto concretamente il programma realizzato dal Gruppo Chiesi\u201d.<\/p>\n<p style=\"LINE-HEIGHT: normal; TEXT-ALIGN: justify\">Ufficio Stampa <\/p>\n<p style=\"TEXT-ALIGN: justify\"><em>Kika Events<\/em><\/p>\n<p style=\"TEXT-ALIGN: justify\"><em>Chiara Allegri<\/em><\/p>\n<p style=\"TEXT-ALIGN: justify\"><em>Francesca Chittolini<\/em><\/p>\n<p style=\"TEXT-ALIGN: justify\"><em>tel. 0521 921956<\/em><\/p>\n<p style=\"TEXT-ALIGN: justify\"><em>www.kikaevents.com<\/em><\/p>\n","protected":false},"excerpt":{"rendered":"<p>La collaborazione tra pubblico e privato per realizzare programmi dedicati che si propongono di armonizzare i tempi lavorativi, le esigenze familiari e personali<\/p>\n","protected":false},"author":10,"featured_media":0,"comment_status":"open","ping_status":"open","sticky":false,"template":"","format":"standard","meta":{"cybocfi_hide_featured_image":"","footnotes":""},"categories":[129],"tags":[1066,6154,6153,6156,6155,6112,6157],"class_list":["post-1940","post","type-post","status-publish","format-standard","hentry","category-aziende","tag-azienda","tag-chiesi","tag-farmaceutica","tag-parma","tag-provincia","tag-risorse","tag-umane"],"yoast_head":"<!-- This site is optimized with the Yoast SEO plugin v27.0 - https:\/\/yoast.com\/product\/yoast-seo-wordpress\/ -->\n<title>Progetto \u201cLe Persone al Centro\u201d - Article Marketing<\/title>\n<meta name=\"robots\" content=\"index, follow, max-snippet:-1, max-image-preview:large, max-video-preview:-1\" \/>\n<link rel=\"canonical\" href=\"https:\/\/www.article-marketing.eu\/comunicati\/economia-e-lavoro\/aziende\/progetto-le-persone-al-centro\/\" \/>\n<meta property=\"og:locale\" content=\"it_IT\" \/>\n<meta property=\"og:type\" content=\"article\" \/>\n<meta property=\"og:title\" content=\"Progetto \u201cLe Persone al Centro\u201d - Article Marketing\" \/>\n<meta property=\"og:description\" content=\"La collaborazione tra pubblico e privato per realizzare programmi dedicati che si propongono di armonizzare i tempi lavorativi, le esigenze familiari e personali\" \/>\n<meta property=\"og:url\" content=\"https:\/\/www.article-marketing.eu\/comunicati\/economia-e-lavoro\/aziende\/progetto-le-persone-al-centro\/\" \/>\n<meta property=\"og:site_name\" content=\"Article Marketing\" \/>\n<meta property=\"article:published_time\" content=\"2009-05-07T14:17:22+00:00\" \/>\n<meta name=\"author\" content=\"Redazione Comunicati Stampa\" \/>\n<meta name=\"twitter:card\" content=\"summary_large_image\" \/>\n<meta name=\"twitter:label1\" content=\"Scritto da\" \/>\n\t<meta name=\"twitter:data1\" content=\"Redazione Comunicati Stampa\" \/>\n\t<meta name=\"twitter:label2\" content=\"Tempo di lettura stimato\" \/>\n\t<meta name=\"twitter:data2\" content=\"4 minuti\" \/>\n<script type=\"application\/ld+json\" class=\"yoast-schema-graph\">{\"@context\":\"https:\/\/schema.org\",\"@graph\":[{\"@type\":\"Article\",\"@id\":\"https:\/\/www.article-marketing.eu\/comunicati\/economia-e-lavoro\/aziende\/progetto-le-persone-al-centro\/#article\",\"isPartOf\":{\"@id\":\"https:\/\/www.article-marketing.eu\/comunicati\/economia-e-lavoro\/aziende\/progetto-le-persone-al-centro\/\"},\"author\":{\"name\":\"Redazione Comunicati Stampa\",\"@id\":\"https:\/\/www.article-marketing.eu\/comunicati\/#\/schema\/person\/44372e4d4d0fa797b18e03ed1ace9017\"},\"headline\":\"Progetto \u201cLe Persone al Centro\u201d\",\"datePublished\":\"2009-05-07T14:17:22+00:00\",\"mainEntityOfPage\":{\"@id\":\"https:\/\/www.article-marketing.eu\/comunicati\/economia-e-lavoro\/aziende\/progetto-le-persone-al-centro\/\"},\"wordCount\":804,\"commentCount\":0,\"keywords\":[\"azienda\",\"Chiesi\",\"farmaceutica\",\"Parma\",\"Provincia\",\"risorse\",\"umane\"],\"articleSection\":[\"Aziende\"],\"inLanguage\":\"it-IT\",\"potentialAction\":[{\"@type\":\"CommentAction\",\"name\":\"Comment\",\"target\":[\"https:\/\/www.article-marketing.eu\/comunicati\/economia-e-lavoro\/aziende\/progetto-le-persone-al-centro\/#respond\"]}]},{\"@type\":\"WebPage\",\"@id\":\"https:\/\/www.article-marketing.eu\/comunicati\/economia-e-lavoro\/aziende\/progetto-le-persone-al-centro\/\",\"url\":\"https:\/\/www.article-marketing.eu\/comunicati\/economia-e-lavoro\/aziende\/progetto-le-persone-al-centro\/\",\"name\":\"Progetto \u201cLe Persone al Centro\u201d - Article Marketing\",\"isPartOf\":{\"@id\":\"https:\/\/www.article-marketing.eu\/comunicati\/#website\"},\"datePublished\":\"2009-05-07T14:17:22+00:00\",\"author\":{\"@id\":\"https:\/\/www.article-marketing.eu\/comunicati\/#\/schema\/person\/44372e4d4d0fa797b18e03ed1ace9017\"},\"breadcrumb\":{\"@id\":\"https:\/\/www.article-marketing.eu\/comunicati\/economia-e-lavoro\/aziende\/progetto-le-persone-al-centro\/#breadcrumb\"},\"inLanguage\":\"it-IT\",\"potentialAction\":[{\"@type\":\"ReadAction\",\"target\":[\"https:\/\/www.article-marketing.eu\/comunicati\/economia-e-lavoro\/aziende\/progetto-le-persone-al-centro\/\"]}]},{\"@type\":\"BreadcrumbList\",\"@id\":\"https:\/\/www.article-marketing.eu\/comunicati\/economia-e-lavoro\/aziende\/progetto-le-persone-al-centro\/#breadcrumb\",\"itemListElement\":[{\"@type\":\"ListItem\",\"position\":1,\"name\":\"Home\",\"item\":\"https:\/\/www.article-marketing.eu\/comunicati\/\"},{\"@type\":\"ListItem\",\"position\":2,\"name\":\"Progetto \u201cLe Persone al Centro\u201d\"}]},{\"@type\":\"WebSite\",\"@id\":\"https:\/\/www.article-marketing.eu\/comunicati\/#website\",\"url\":\"https:\/\/www.article-marketing.eu\/comunicati\/\",\"name\":\"Article Marketing\",\"description\":\"article marketing &amp; press release\",\"potentialAction\":[{\"@type\":\"SearchAction\",\"target\":{\"@type\":\"EntryPoint\",\"urlTemplate\":\"https:\/\/www.article-marketing.eu\/comunicati\/?s={search_term_string}\"},\"query-input\":{\"@type\":\"PropertyValueSpecification\",\"valueRequired\":true,\"valueName\":\"search_term_string\"}}],\"inLanguage\":\"it-IT\"},{\"@type\":\"Person\",\"@id\":\"https:\/\/www.article-marketing.eu\/comunicati\/#\/schema\/person\/44372e4d4d0fa797b18e03ed1ace9017\",\"name\":\"Redazione Comunicati Stampa\",\"image\":{\"@type\":\"ImageObject\",\"inLanguage\":\"it-IT\",\"@id\":\"https:\/\/www.article-marketing.eu\/comunicati\/#\/schema\/person\/image\/\",\"url\":\"https:\/\/secure.gravatar.com\/avatar\/50e5c6421d3072f42e7ace803501602c60d75233d34e29fd05feb91c8760b792?s=96&d=mm&r=g\",\"contentUrl\":\"https:\/\/secure.gravatar.com\/avatar\/50e5c6421d3072f42e7ace803501602c60d75233d34e29fd05feb91c8760b792?s=96&d=mm&r=g\",\"caption\":\"Redazione Comunicati Stampa\"},\"url\":\"https:\/\/www.article-marketing.eu\/comunicati\/author\/redazione-comunicati-stampa\/\"}]}<\/script>\n<!-- \/ Yoast SEO plugin. -->","yoast_head_json":{"title":"Progetto \u201cLe Persone al Centro\u201d - Article Marketing","robots":{"index":"index","follow":"follow","max-snippet":"max-snippet:-1","max-image-preview":"max-image-preview:large","max-video-preview":"max-video-preview:-1"},"canonical":"https:\/\/www.article-marketing.eu\/comunicati\/economia-e-lavoro\/aziende\/progetto-le-persone-al-centro\/","og_locale":"it_IT","og_type":"article","og_title":"Progetto \u201cLe Persone al Centro\u201d - Article Marketing","og_description":"La collaborazione tra pubblico e privato per realizzare programmi dedicati che si propongono di armonizzare i tempi lavorativi, le esigenze familiari e personali","og_url":"https:\/\/www.article-marketing.eu\/comunicati\/economia-e-lavoro\/aziende\/progetto-le-persone-al-centro\/","og_site_name":"Article Marketing","article_published_time":"2009-05-07T14:17:22+00:00","author":"Redazione Comunicati Stampa","twitter_card":"summary_large_image","twitter_misc":{"Scritto da":"Redazione Comunicati Stampa","Tempo di lettura stimato":"4 minuti"},"schema":{"@context":"https:\/\/schema.org","@graph":[{"@type":"Article","@id":"https:\/\/www.article-marketing.eu\/comunicati\/economia-e-lavoro\/aziende\/progetto-le-persone-al-centro\/#article","isPartOf":{"@id":"https:\/\/www.article-marketing.eu\/comunicati\/economia-e-lavoro\/aziende\/progetto-le-persone-al-centro\/"},"author":{"name":"Redazione Comunicati Stampa","@id":"https:\/\/www.article-marketing.eu\/comunicati\/#\/schema\/person\/44372e4d4d0fa797b18e03ed1ace9017"},"headline":"Progetto \u201cLe Persone al Centro\u201d","datePublished":"2009-05-07T14:17:22+00:00","mainEntityOfPage":{"@id":"https:\/\/www.article-marketing.eu\/comunicati\/economia-e-lavoro\/aziende\/progetto-le-persone-al-centro\/"},"wordCount":804,"commentCount":0,"keywords":["azienda","Chiesi","farmaceutica","Parma","Provincia","risorse","umane"],"articleSection":["Aziende"],"inLanguage":"it-IT","potentialAction":[{"@type":"CommentAction","name":"Comment","target":["https:\/\/www.article-marketing.eu\/comunicati\/economia-e-lavoro\/aziende\/progetto-le-persone-al-centro\/#respond"]}]},{"@type":"WebPage","@id":"https:\/\/www.article-marketing.eu\/comunicati\/economia-e-lavoro\/aziende\/progetto-le-persone-al-centro\/","url":"https:\/\/www.article-marketing.eu\/comunicati\/economia-e-lavoro\/aziende\/progetto-le-persone-al-centro\/","name":"Progetto \u201cLe Persone al Centro\u201d - Article Marketing","isPartOf":{"@id":"https:\/\/www.article-marketing.eu\/comunicati\/#website"},"datePublished":"2009-05-07T14:17:22+00:00","author":{"@id":"https:\/\/www.article-marketing.eu\/comunicati\/#\/schema\/person\/44372e4d4d0fa797b18e03ed1ace9017"},"breadcrumb":{"@id":"https:\/\/www.article-marketing.eu\/comunicati\/economia-e-lavoro\/aziende\/progetto-le-persone-al-centro\/#breadcrumb"},"inLanguage":"it-IT","potentialAction":[{"@type":"ReadAction","target":["https:\/\/www.article-marketing.eu\/comunicati\/economia-e-lavoro\/aziende\/progetto-le-persone-al-centro\/"]}]},{"@type":"BreadcrumbList","@id":"https:\/\/www.article-marketing.eu\/comunicati\/economia-e-lavoro\/aziende\/progetto-le-persone-al-centro\/#breadcrumb","itemListElement":[{"@type":"ListItem","position":1,"name":"Home","item":"https:\/\/www.article-marketing.eu\/comunicati\/"},{"@type":"ListItem","position":2,"name":"Progetto \u201cLe Persone al Centro\u201d"}]},{"@type":"WebSite","@id":"https:\/\/www.article-marketing.eu\/comunicati\/#website","url":"https:\/\/www.article-marketing.eu\/comunicati\/","name":"Article Marketing","description":"article marketing &amp; press release","potentialAction":[{"@type":"SearchAction","target":{"@type":"EntryPoint","urlTemplate":"https:\/\/www.article-marketing.eu\/comunicati\/?s={search_term_string}"},"query-input":{"@type":"PropertyValueSpecification","valueRequired":true,"valueName":"search_term_string"}}],"inLanguage":"it-IT"},{"@type":"Person","@id":"https:\/\/www.article-marketing.eu\/comunicati\/#\/schema\/person\/44372e4d4d0fa797b18e03ed1ace9017","name":"Redazione Comunicati Stampa","image":{"@type":"ImageObject","inLanguage":"it-IT","@id":"https:\/\/www.article-marketing.eu\/comunicati\/#\/schema\/person\/image\/","url":"https:\/\/secure.gravatar.com\/avatar\/50e5c6421d3072f42e7ace803501602c60d75233d34e29fd05feb91c8760b792?s=96&d=mm&r=g","contentUrl":"https:\/\/secure.gravatar.com\/avatar\/50e5c6421d3072f42e7ace803501602c60d75233d34e29fd05feb91c8760b792?s=96&d=mm&r=g","caption":"Redazione Comunicati Stampa"},"url":"https:\/\/www.article-marketing.eu\/comunicati\/author\/redazione-comunicati-stampa\/"}]}},"_links":{"self":[{"href":"https:\/\/www.article-marketing.eu\/comunicati\/wp-json\/wp\/v2\/posts\/1940","targetHints":{"allow":["GET"]}}],"collection":[{"href":"https:\/\/www.article-marketing.eu\/comunicati\/wp-json\/wp\/v2\/posts"}],"about":[{"href":"https:\/\/www.article-marketing.eu\/comunicati\/wp-json\/wp\/v2\/types\/post"}],"author":[{"embeddable":true,"href":"https:\/\/www.article-marketing.eu\/comunicati\/wp-json\/wp\/v2\/users\/10"}],"replies":[{"embeddable":true,"href":"https:\/\/www.article-marketing.eu\/comunicati\/wp-json\/wp\/v2\/comments?post=1940"}],"version-history":[{"count":0,"href":"https:\/\/www.article-marketing.eu\/comunicati\/wp-json\/wp\/v2\/posts\/1940\/revisions"}],"wp:attachment":[{"href":"https:\/\/www.article-marketing.eu\/comunicati\/wp-json\/wp\/v2\/media?parent=1940"}],"wp:term":[{"taxonomy":"category","embeddable":true,"href":"https:\/\/www.article-marketing.eu\/comunicati\/wp-json\/wp\/v2\/categories?post=1940"},{"taxonomy":"post_tag","embeddable":true,"href":"https:\/\/www.article-marketing.eu\/comunicati\/wp-json\/wp\/v2\/tags?post=1940"}],"curies":[{"name":"wp","href":"https:\/\/api.w.org\/{rel}","templated":true}]}}