{"id":1954,"date":"2009-05-09T07:23:41","date_gmt":"2009-05-09T05:23:41","guid":{"rendered":"http:\/\/www.article-marketing.eu\/comunicati\/senza-categoria\/corso-di-memoria-a-palermo-il-23-24-maggio\/"},"modified":"2009-05-09T07:23:41","modified_gmt":"2009-05-09T05:23:41","slug":"corso-di-memoria-a-palermo-il-23-24-maggio","status":"publish","type":"post","link":"https:\/\/www.article-marketing.eu\/comunicati\/comunicati-stampa\/servizi\/corso-di-memoria-a-palermo-il-23-24-maggio\/","title":{"rendered":"Corso di memoria a Palermo il 23-24 Maggio"},"content":{"rendered":"<p>Corso di memoria a Palermo il 23-24 Maggio<\/p>\n<p>Ciao, io sono senza parole. Quello che sta succedendo \u00e8 semplicemente incredibile. Io scrivo gli ebook gratuiti, perch\u00e8 penso che mi torneranno sempre utili, lo faccio con passione, con il cuore e parlo delle mie esperienze. Penso di essere molto bravo con le tecniche di memoria e di saperle anche spiegare bene, ma che qualcuno mi scrive che ha fatto il corso di memoria in una citt\u00e0 d&#8217;Italia e sono pi\u00f9 chiaro io nei miei ebook, che le persone che gli hanno fatto il corso di persona, mi fa solo che piacere. Sinceramente quando scrivo gli ebook, penso: &#8220;come posso fargli capire una cosa che dovrebbe essere spiegata a voce scrivendo sulla lavagna a fogli mobili? Questo \u00e8 stato il caso dell&#8217;ebook gratuito &#8220;suoni fonetici&#8221;. Ho avuto molte difficolt\u00e0, credimi, ma ho messo il massimo impegno. Vedo se riesco a trovare qualche video per rendere pi\u00f9 chiara la spiegazione.<\/p>\n<p>Per\u00f2 ti posso assicurare che \u00e8 una grande soddisfazione sentirmi dire che i miei ebook sono pi\u00f9 chiari di una spiegazione di un corso a cui partecipi di persona.<\/p>\n<p>Ora ti spiego quello che sta succedendo. L&#8217;altro giorno parlavo con Isidoro Vabres, un amico di Luigi del Monaco (il mio amico, quello che vi fa avere gli ebook!). Ho conosciuto, anche se non di persona, Isidoro all&#8217;Ebay University di qualche anno fa. E&#8217; stato chiamato sul palco ed ha fatto un intervento (lui si ricorda di me perch\u00e8 dice che quando parlavo il sole risplendeva sulla mia fronte! ahaahahah. Che stronzo. P.s.: ho fatto una domanda sulle spedizioni dei libri e lui si ricorda.). Vi posso assicurare che Isidoro \u00e8 un personaggio, niente da dire. Ora vi racconto. Mi prendeva in giro sui corsi di memoria e io gli detto di leggerli, appena li ha letti, mi ha detto: &#8220;Tu devi farmi il corso, ti pago! Subito&#8221;. E io quasi per scherzo gli ho detto se vuoi possiamo fare il 23 pomeriggio (la mattina sono a scuola al Bisazza a Messina.) e il 24. Lui, erano le 10 di sera, si \u00e8 messo a chiamare tutti, e io ridevo come un pazzo. Gli ho detto:&#8221;non c&#8217;\u00e8 fretta!&#8221;. NO, LO DEVO FARE.<\/p>\n<p>Quando conosco persone che sono amici di Luigi, vado sul sicuro. L&#8217;ho capito subito.<\/p>\n<p>Siamo tutti un po&#8217; creativi, pazzi, con una delineata personalit\u00e0, ma non cambier\u00f2 mai per gl&#8217;altri, come non lo fa n\u00e8 Luigi, n\u00e8 Isidoro. E sinceramente mi piacciono cos\u00ec. Spontanei, come dico io Nature!<\/p>\n<p>Andiamo al sodo!<\/p>\n<p>Isidoro sta organizzando uno &#8220;Corso di memoria a Palermo il 23-24!&#8221;<\/p>\n<p>Deve fare un esame il 17  luglio (giorno del suo compleanno, senn\u00f2 dice che le tecniche di memoria non funzionano. ahahahaha!), quindi gli servono le tecniche.<\/p>\n<p>Devo essere sincero, scrivo il post, ma se penso a Isidoro, mi viene da ridere, perch\u00e8 ci siamo fatti delle gran risate parlando su skype.<\/p>\n<p>Vedi il bello di internet \u00e8 proprio questo! Conosci persone fantastiche, distanti da te, ma con i tuoi stessi valori. Io sinceramente non vedo l&#8217;ora di fare questo corso, perch\u00e8 penso e lo ribadisco, che Isidoro sia una persona fantastica e quindi verr\u00e0 fuori un piccolo corso, lo faccio per lui e i suoi amici e chi vuole partecipare.<\/p>\n<p>Prima di dirvi come sar\u00e0 il corso vi annuncio di altre due cose di cui parler\u00f2 presto:<\/p>\n<p>Corso gratuito a Messina con il titolo &#8220;Formazione a 360\u00b0&#8221;, dove parler\u00f2 di motivazione, autostima, pnl, public speaking, linguaggio del corpo, tecniche di memoria, ecc.<\/p>\n<p>Per\u00f2 ancora non so se possono partecipare gli esterni. Mi devo informare.<\/p>\n<p>Webinar gratuito sulle tecniche di memoria a numero chiuso. E&#8217; un corso on line abbiamo ancora 9 posti liberi e ti puoi prenotare su fondoblu.com<\/p>\n<p>Ora ti spiego come si sviluppa il corso:<\/p>\n<p>il 23 pomeriggio e sera (penso fino alle 10) e 24 tutto il giorno.<br \/>\nE&#8217; un corso full immersion.<\/p>\n<p>Programma del Corso di memoria \u00e8:<br \/>\nTecniche di Rilassamento e Gestione dell\u2019Emotivit\u00e0<br \/>\nTecniche di rilassamento e concentrazione<br \/>\nCiclo dell\u2019Osservazione e memorizzazione di immagini a prima vista<br \/>\nCiclo della Creativit\u00e0<br \/>\nTecniche di memoria: Schedario Mentale<br \/>\nCicli di memorizzazione di:<br \/>\nNumeri di qualsiasi entit\u00e0 (date, telefoni, prezzi, p.iva, ecc.)<br \/>\nArticoli di codice (Diritto Civile, Penale, Amministrativo, ecc.)<br \/>\nLingue Straniere (pronuncia, scrittura, accenti, declinazioni, caratteri, ecc.)<br \/>\nNomi e Visi<br \/>\nTermini scientifici, astratti e definizioni<br \/>\nFormule matematiche, chimiche e fisiche<br \/>\nTesti, Relazioni e Discorsi<br \/>\nAgenda Mentale<br \/>\nStrategie di Sintesi e Capacit\u00e0 Critica del Testo<br \/>\nStrategie di Organizzazione e Pianificazione dello Studio<br \/>\nMappe Mentali<br \/>\nCicli di Ripasso Programmati (breve, medio e lungo termine)<br \/>\nTecniche di Automotivazione<br \/>\nTecniche di sviluppo delle capacit\u00e0 creative e di immaginazione<\/p>\n<p>Si fa in 2 giorni (full day) + 20 ore di assistenza su skype  + assistenza via mail illimitata + Cd di rilassamento e concentrazione + manuale<\/p>\n<p>Il costo \u00e8 di 200<\/p>\n<p>Sinceramente per 200 euro non so che dare di pi\u00f9! Lo faccio perch\u00e8 ho un\u2019associazione culturale che mi permette di offrire questi servizi a cos\u00ec poco.<\/p>\n<p>Se siete interessati, fatemelo sapere il prima possibile, voglio fare un corso per 5 massimo 15 persone.<\/p>\n<p>Se conoscete qualcuno di palermo o zone limitrofe fatemelo sapere.<\/p>\n<p>Buona giornata<\/p>\n<p>Elia Issa<\/p>\n<p>P.s.: ultima cosa, ma non meno importante, volevo ringraziare Tommaso Biemmi e Stefano Primo, che si stanno impegnando con le tecniche e mi hanno mandato delle mail. Mi ha fatto molto piacere. Scrivete! Non rispondo sempre subito, ma rispondo.<\/p>\n<p>P.p.s.: ho cominciato a scrivere questo post presto, perch\u00e8 devo andare a scuola stamattina.<\/p>\n","protected":false},"excerpt":{"rendered":"<p>Corso di memoria a Palermo il 23-24 Maggio<\/p>\n<p>Ciao, io sono senza parole. Quello che sta succedendo \u00e8 semplicemente incredibile. Io scrivo gli ebook gratuiti, perch\u00e8 penso che mi torneranno sempre utili, lo faccio con passione, con il cuore e parlo delle mie esperienze.<\/p>\n","protected":false},"author":10,"featured_media":0,"comment_status":"open","ping_status":"open","sticky":false,"template":"","format":"standard","meta":{"cybocfi_hide_featured_image":"","footnotes":""},"categories":[321],"tags":[6193,369,2251,5933,440,630,4064,5629,4020,875,6194,5930,3224,1740,5273,882,5931,5932,6195],"class_list":["post-1954","post","type-post","status-publish","format-standard","hentry","category-servizi","tag-a","tag-autostima","tag-corso","tag-di","tag-formazione","tag-italia","tag-memoria","tag-neurolinguistica","tag-palermo","tag-pnl","tag-programmazione","tag-ripetizione","tag-scuola","tag-sicilia","tag-siciliano","tag-studiare","tag-studio","tag-tecniche","tag-tecniche-di-memoria"],"yoast_head":"<!-- This site is optimized with the Yoast SEO plugin v27.0 - https:\/\/yoast.com\/product\/yoast-seo-wordpress\/ -->\n<title>Corso di memoria a Palermo il 23-24 Maggio - Article Marketing<\/title>\n<meta name=\"robots\" content=\"index, follow, max-snippet:-1, max-image-preview:large, max-video-preview:-1\" \/>\n<link rel=\"canonical\" href=\"https:\/\/www.article-marketing.eu\/comunicati\/comunicati-stampa\/servizi\/corso-di-memoria-a-palermo-il-23-24-maggio\/\" \/>\n<meta property=\"og:locale\" content=\"it_IT\" \/>\n<meta property=\"og:type\" content=\"article\" \/>\n<meta property=\"og:title\" content=\"Corso di memoria a Palermo il 23-24 Maggio - Article Marketing\" \/>\n<meta property=\"og:description\" content=\"Corso di memoria a Palermo il 23-24 Maggio Ciao, io sono senza parole. Quello che sta succedendo \u00e8 semplicemente incredibile. Io scrivo gli ebook gratuiti, perch\u00e8 penso che mi torneranno sempre utili, lo faccio con passione, con il cuore e parlo delle mie esperienze.\" \/>\n<meta property=\"og:url\" content=\"https:\/\/www.article-marketing.eu\/comunicati\/comunicati-stampa\/servizi\/corso-di-memoria-a-palermo-il-23-24-maggio\/\" \/>\n<meta property=\"og:site_name\" content=\"Article Marketing\" \/>\n<meta property=\"article:published_time\" content=\"2009-05-09T05:23:41+00:00\" \/>\n<meta name=\"author\" content=\"Redazione Comunicati Stampa\" \/>\n<meta name=\"twitter:card\" content=\"summary_large_image\" \/>\n<meta name=\"twitter:label1\" content=\"Scritto da\" \/>\n\t<meta name=\"twitter:data1\" content=\"Redazione Comunicati Stampa\" \/>\n\t<meta name=\"twitter:label2\" content=\"Tempo di lettura stimato\" \/>\n\t<meta name=\"twitter:data2\" content=\"4 minuti\" \/>\n<script type=\"application\/ld+json\" class=\"yoast-schema-graph\">{\"@context\":\"https:\/\/schema.org\",\"@graph\":[{\"@type\":\"Article\",\"@id\":\"https:\/\/www.article-marketing.eu\/comunicati\/comunicati-stampa\/servizi\/corso-di-memoria-a-palermo-il-23-24-maggio\/#article\",\"isPartOf\":{\"@id\":\"https:\/\/www.article-marketing.eu\/comunicati\/comunicati-stampa\/servizi\/corso-di-memoria-a-palermo-il-23-24-maggio\/\"},\"author\":{\"name\":\"Redazione Comunicati Stampa\",\"@id\":\"https:\/\/www.article-marketing.eu\/comunicati\/#\/schema\/person\/44372e4d4d0fa797b18e03ed1ace9017\"},\"headline\":\"Corso di memoria a Palermo il 23-24 Maggio\",\"datePublished\":\"2009-05-09T05:23:41+00:00\",\"mainEntityOfPage\":{\"@id\":\"https:\/\/www.article-marketing.eu\/comunicati\/comunicati-stampa\/servizi\/corso-di-memoria-a-palermo-il-23-24-maggio\/\"},\"wordCount\":899,\"commentCount\":0,\"keywords\":[\"a\",\"autostima\",\"corso\",\"di\",\"formazione\",\"Italia\",\"memoria\",\"neurolinguistica\",\"palermo\",\"pnl\",\"programmazione\",\"ripetizione\",\"SCUOLA\",\"sicilia\",\"siciliano\",\"studiare\",\"studio\",\"tecniche\",\"tecniche di memoria\"],\"articleSection\":[\"Servizi\"],\"inLanguage\":\"it-IT\",\"potentialAction\":[{\"@type\":\"CommentAction\",\"name\":\"Comment\",\"target\":[\"https:\/\/www.article-marketing.eu\/comunicati\/comunicati-stampa\/servizi\/corso-di-memoria-a-palermo-il-23-24-maggio\/#respond\"]}]},{\"@type\":\"WebPage\",\"@id\":\"https:\/\/www.article-marketing.eu\/comunicati\/comunicati-stampa\/servizi\/corso-di-memoria-a-palermo-il-23-24-maggio\/\",\"url\":\"https:\/\/www.article-marketing.eu\/comunicati\/comunicati-stampa\/servizi\/corso-di-memoria-a-palermo-il-23-24-maggio\/\",\"name\":\"Corso di memoria a Palermo il 23-24 Maggio - Article Marketing\",\"isPartOf\":{\"@id\":\"https:\/\/www.article-marketing.eu\/comunicati\/#website\"},\"datePublished\":\"2009-05-09T05:23:41+00:00\",\"author\":{\"@id\":\"https:\/\/www.article-marketing.eu\/comunicati\/#\/schema\/person\/44372e4d4d0fa797b18e03ed1ace9017\"},\"breadcrumb\":{\"@id\":\"https:\/\/www.article-marketing.eu\/comunicati\/comunicati-stampa\/servizi\/corso-di-memoria-a-palermo-il-23-24-maggio\/#breadcrumb\"},\"inLanguage\":\"it-IT\",\"potentialAction\":[{\"@type\":\"ReadAction\",\"target\":[\"https:\/\/www.article-marketing.eu\/comunicati\/comunicati-stampa\/servizi\/corso-di-memoria-a-palermo-il-23-24-maggio\/\"]}]},{\"@type\":\"BreadcrumbList\",\"@id\":\"https:\/\/www.article-marketing.eu\/comunicati\/comunicati-stampa\/servizi\/corso-di-memoria-a-palermo-il-23-24-maggio\/#breadcrumb\",\"itemListElement\":[{\"@type\":\"ListItem\",\"position\":1,\"name\":\"Home\",\"item\":\"https:\/\/www.article-marketing.eu\/comunicati\/\"},{\"@type\":\"ListItem\",\"position\":2,\"name\":\"Corso di memoria a Palermo il 23-24 Maggio\"}]},{\"@type\":\"WebSite\",\"@id\":\"https:\/\/www.article-marketing.eu\/comunicati\/#website\",\"url\":\"https:\/\/www.article-marketing.eu\/comunicati\/\",\"name\":\"Article Marketing\",\"description\":\"article marketing &amp; press release\",\"potentialAction\":[{\"@type\":\"SearchAction\",\"target\":{\"@type\":\"EntryPoint\",\"urlTemplate\":\"https:\/\/www.article-marketing.eu\/comunicati\/?s={search_term_string}\"},\"query-input\":{\"@type\":\"PropertyValueSpecification\",\"valueRequired\":true,\"valueName\":\"search_term_string\"}}],\"inLanguage\":\"it-IT\"},{\"@type\":\"Person\",\"@id\":\"https:\/\/www.article-marketing.eu\/comunicati\/#\/schema\/person\/44372e4d4d0fa797b18e03ed1ace9017\",\"name\":\"Redazione Comunicati Stampa\",\"image\":{\"@type\":\"ImageObject\",\"inLanguage\":\"it-IT\",\"@id\":\"https:\/\/www.article-marketing.eu\/comunicati\/#\/schema\/person\/image\/\",\"url\":\"https:\/\/secure.gravatar.com\/avatar\/50e5c6421d3072f42e7ace803501602c60d75233d34e29fd05feb91c8760b792?s=96&d=mm&r=g\",\"contentUrl\":\"https:\/\/secure.gravatar.com\/avatar\/50e5c6421d3072f42e7ace803501602c60d75233d34e29fd05feb91c8760b792?s=96&d=mm&r=g\",\"caption\":\"Redazione Comunicati Stampa\"},\"url\":\"https:\/\/www.article-marketing.eu\/comunicati\/author\/redazione-comunicati-stampa\/\"}]}<\/script>\n<!-- \/ Yoast SEO plugin. -->","yoast_head_json":{"title":"Corso di memoria a Palermo il 23-24 Maggio - Article Marketing","robots":{"index":"index","follow":"follow","max-snippet":"max-snippet:-1","max-image-preview":"max-image-preview:large","max-video-preview":"max-video-preview:-1"},"canonical":"https:\/\/www.article-marketing.eu\/comunicati\/comunicati-stampa\/servizi\/corso-di-memoria-a-palermo-il-23-24-maggio\/","og_locale":"it_IT","og_type":"article","og_title":"Corso di memoria a Palermo il 23-24 Maggio - Article Marketing","og_description":"Corso di memoria a Palermo il 23-24 Maggio Ciao, io sono senza parole. Quello che sta succedendo \u00e8 semplicemente incredibile. Io scrivo gli ebook gratuiti, perch\u00e8 penso che mi torneranno sempre utili, lo faccio con passione, con il cuore e parlo delle mie esperienze.","og_url":"https:\/\/www.article-marketing.eu\/comunicati\/comunicati-stampa\/servizi\/corso-di-memoria-a-palermo-il-23-24-maggio\/","og_site_name":"Article Marketing","article_published_time":"2009-05-09T05:23:41+00:00","author":"Redazione Comunicati Stampa","twitter_card":"summary_large_image","twitter_misc":{"Scritto da":"Redazione Comunicati Stampa","Tempo di lettura stimato":"4 minuti"},"schema":{"@context":"https:\/\/schema.org","@graph":[{"@type":"Article","@id":"https:\/\/www.article-marketing.eu\/comunicati\/comunicati-stampa\/servizi\/corso-di-memoria-a-palermo-il-23-24-maggio\/#article","isPartOf":{"@id":"https:\/\/www.article-marketing.eu\/comunicati\/comunicati-stampa\/servizi\/corso-di-memoria-a-palermo-il-23-24-maggio\/"},"author":{"name":"Redazione Comunicati Stampa","@id":"https:\/\/www.article-marketing.eu\/comunicati\/#\/schema\/person\/44372e4d4d0fa797b18e03ed1ace9017"},"headline":"Corso di memoria a Palermo il 23-24 Maggio","datePublished":"2009-05-09T05:23:41+00:00","mainEntityOfPage":{"@id":"https:\/\/www.article-marketing.eu\/comunicati\/comunicati-stampa\/servizi\/corso-di-memoria-a-palermo-il-23-24-maggio\/"},"wordCount":899,"commentCount":0,"keywords":["a","autostima","corso","di","formazione","Italia","memoria","neurolinguistica","palermo","pnl","programmazione","ripetizione","SCUOLA","sicilia","siciliano","studiare","studio","tecniche","tecniche di memoria"],"articleSection":["Servizi"],"inLanguage":"it-IT","potentialAction":[{"@type":"CommentAction","name":"Comment","target":["https:\/\/www.article-marketing.eu\/comunicati\/comunicati-stampa\/servizi\/corso-di-memoria-a-palermo-il-23-24-maggio\/#respond"]}]},{"@type":"WebPage","@id":"https:\/\/www.article-marketing.eu\/comunicati\/comunicati-stampa\/servizi\/corso-di-memoria-a-palermo-il-23-24-maggio\/","url":"https:\/\/www.article-marketing.eu\/comunicati\/comunicati-stampa\/servizi\/corso-di-memoria-a-palermo-il-23-24-maggio\/","name":"Corso di memoria a Palermo il 23-24 Maggio - Article Marketing","isPartOf":{"@id":"https:\/\/www.article-marketing.eu\/comunicati\/#website"},"datePublished":"2009-05-09T05:23:41+00:00","author":{"@id":"https:\/\/www.article-marketing.eu\/comunicati\/#\/schema\/person\/44372e4d4d0fa797b18e03ed1ace9017"},"breadcrumb":{"@id":"https:\/\/www.article-marketing.eu\/comunicati\/comunicati-stampa\/servizi\/corso-di-memoria-a-palermo-il-23-24-maggio\/#breadcrumb"},"inLanguage":"it-IT","potentialAction":[{"@type":"ReadAction","target":["https:\/\/www.article-marketing.eu\/comunicati\/comunicati-stampa\/servizi\/corso-di-memoria-a-palermo-il-23-24-maggio\/"]}]},{"@type":"BreadcrumbList","@id":"https:\/\/www.article-marketing.eu\/comunicati\/comunicati-stampa\/servizi\/corso-di-memoria-a-palermo-il-23-24-maggio\/#breadcrumb","itemListElement":[{"@type":"ListItem","position":1,"name":"Home","item":"https:\/\/www.article-marketing.eu\/comunicati\/"},{"@type":"ListItem","position":2,"name":"Corso di memoria a Palermo il 23-24 Maggio"}]},{"@type":"WebSite","@id":"https:\/\/www.article-marketing.eu\/comunicati\/#website","url":"https:\/\/www.article-marketing.eu\/comunicati\/","name":"Article Marketing","description":"article marketing &amp; press release","potentialAction":[{"@type":"SearchAction","target":{"@type":"EntryPoint","urlTemplate":"https:\/\/www.article-marketing.eu\/comunicati\/?s={search_term_string}"},"query-input":{"@type":"PropertyValueSpecification","valueRequired":true,"valueName":"search_term_string"}}],"inLanguage":"it-IT"},{"@type":"Person","@id":"https:\/\/www.article-marketing.eu\/comunicati\/#\/schema\/person\/44372e4d4d0fa797b18e03ed1ace9017","name":"Redazione Comunicati Stampa","image":{"@type":"ImageObject","inLanguage":"it-IT","@id":"https:\/\/www.article-marketing.eu\/comunicati\/#\/schema\/person\/image\/","url":"https:\/\/secure.gravatar.com\/avatar\/50e5c6421d3072f42e7ace803501602c60d75233d34e29fd05feb91c8760b792?s=96&d=mm&r=g","contentUrl":"https:\/\/secure.gravatar.com\/avatar\/50e5c6421d3072f42e7ace803501602c60d75233d34e29fd05feb91c8760b792?s=96&d=mm&r=g","caption":"Redazione Comunicati Stampa"},"url":"https:\/\/www.article-marketing.eu\/comunicati\/author\/redazione-comunicati-stampa\/"}]}},"_links":{"self":[{"href":"https:\/\/www.article-marketing.eu\/comunicati\/wp-json\/wp\/v2\/posts\/1954","targetHints":{"allow":["GET"]}}],"collection":[{"href":"https:\/\/www.article-marketing.eu\/comunicati\/wp-json\/wp\/v2\/posts"}],"about":[{"href":"https:\/\/www.article-marketing.eu\/comunicati\/wp-json\/wp\/v2\/types\/post"}],"author":[{"embeddable":true,"href":"https:\/\/www.article-marketing.eu\/comunicati\/wp-json\/wp\/v2\/users\/10"}],"replies":[{"embeddable":true,"href":"https:\/\/www.article-marketing.eu\/comunicati\/wp-json\/wp\/v2\/comments?post=1954"}],"version-history":[{"count":0,"href":"https:\/\/www.article-marketing.eu\/comunicati\/wp-json\/wp\/v2\/posts\/1954\/revisions"}],"wp:attachment":[{"href":"https:\/\/www.article-marketing.eu\/comunicati\/wp-json\/wp\/v2\/media?parent=1954"}],"wp:term":[{"taxonomy":"category","embeddable":true,"href":"https:\/\/www.article-marketing.eu\/comunicati\/wp-json\/wp\/v2\/categories?post=1954"},{"taxonomy":"post_tag","embeddable":true,"href":"https:\/\/www.article-marketing.eu\/comunicati\/wp-json\/wp\/v2\/tags?post=1954"}],"curies":[{"name":"wp","href":"https:\/\/api.w.org\/{rel}","templated":true}]}}