{"id":1972,"date":"2009-05-12T16:48:11","date_gmt":"2009-05-12T14:48:11","guid":{"rendered":"http:\/\/www.article-marketing.eu\/comunicati\/senza-categoria\/un-gioiello-della-valle-del-sele-sa\/"},"modified":"2009-05-12T16:48:11","modified_gmt":"2009-05-12T14:48:11","slug":"un-gioiello-della-valle-del-sele-sa","status":"publish","type":"post","link":"https:\/\/www.article-marketing.eu\/comunicati\/viaggi-e-vacanze\/destinazioni\/un-gioiello-della-valle-del-sele-sa\/","title":{"rendered":"Un gioiello della Valle del Sele (Sa)"},"content":{"rendered":"<p>Su di un piccolo promontorio tra le colline della provincia di Salerno, nell\u2019<strong>Alta Valle del Sele<\/strong>, si adagia il bellissimo borgo di <strong>Valva<\/strong>. Si tratta di un delizioso paese di circa 2000 abitanti, fondato in epoca romana. Esso si affaccia sulla Valle del Sele, con un incantevole panorama ed offre un centro storico ricco di vicoli e stradine di impianto tipicamente medievale, sebbene ristrutturato recentemente.<\/p>\n<p>Valva \u00e8 dominata dall\u2019incantevole <strong>Villa dei marchesi D\u2019Ayala<\/strong> e dal sontuoso parco che la circonda.<br \/>Definita pi\u00f9 volte, anche da testi autorevoli, una delle pi\u00f9 belle dimore d\u2019Italia, Villa d\u2019Ayala \u00e8 un gioiello ancora poco conosciuto. Il grande parco di 17 ettari, sembra immerso in una atmosfera magica, capace di catturare la mente del visitatore. Il parco si presenta con un alternarsi di vialetti disseminati di alberi, per lo pi\u00f9 di specie rare, e di giardini \u201call\u2019italiana\u201d, il tutto contornato di statue rappresentanti miti ed arti. Nei mesi di Luglio e Agosto si tengono rappresentazioni teatrali e musicali di alto livello. <\/p>\n<p>Sempre ad Agosto si tiene la nota sagra della \u201ctaratella\u201dun tipica pasta fatta in casa.<br \/>Da non perdere la visita della Chiesa Madre con pianta a tre navate, risalente al XVIII secolo. Sulla facciata si aprono tre ingressi con portali barocchi. L&#8217;altare maggiore, in marmo , \u00e8 di pregievole fattura. Degna di una visita anche la Cappella della Madonna degli Angeli con una struttura molto semplice a navata unica, nella cui abside \u00e8 collocato uno splendido affresco di epoca rinascimentale rappresentante la Beata Vergine con il Bambino, ed alle spalle due angeli.<\/p>\n<p>Nella piazza del centro storico del paese, vi \u00e8 l&#8217;antica cappella dedicata a S. Antonio di Padova, la cui costruzione risale alla fine del 1600. La cappella conserva i busti in legno seicenteschi di Sant\u00b4Antonio da Padova e di San Biagio, e la statua settecentesca di San Vito Martire.<\/p>\n<p>&nbsp;Con una piacevole e panoramica passeggiata a piedi di pochi minuti si raggiunge la deliziosa Cappella di S. Biagio. <\/p>\n<p>&nbsp;<\/p>\n<p>Meritevole di una visita \u00e8 anche&nbsp;la antica e suggestiva <strong>Cappella &#8211; Santuario di S. Michele<\/strong>, situata all&#8217;interno di una grotta naturale nell&#8217;alto della montagna che domina il paese e tutta la valle circostante. La grotta&nbsp;presenta al suo interno&nbsp;&nbsp;anche una piccola sorgente di acqua freschissima. Il luogo \u00e8 raggiungibile da un primo tratto di strada, ben percorribile, e da un secondo tratto, in salita, costituito da un breve sentiero da percorrere a piedi attraverso la florida vegetazione.<\/p>\n<p>Per&nbsp;gli appassionati delle oasi naturalistiche, si suggerisce un&#8217;escursione alla <em><strong>Riserva Naturale dei Monti Eremita &#8211; Marzano<\/strong><\/em>.<br \/>Questa si estende per circa 3.680 ettari e comprende una delle aree pi\u00f9 selvagge, spopolate e sconosciute della Campania. Situata ai confini della Basilicata \u00e8 costituita da alcuni massicci montuosi interamente ricoperti da boschi, per lo pi\u00f9 di faggio, con esemplari anche ultracentenari. Lupo, martora, tasso, corvo imperiale, falchi sono alcune delle specie che popolano un territorio che ha ancora molto da svelare nel campo dell&#8217;esplorazione naturalistica.<\/p>\n<p><p>Grazie alla vicinanza dell\u2019autostrada Sa\/Rc \u00e8 facile raggiungere <strong>Paestum, Salerno e la Costiera Amalfitana in meno di un\u2019ora. Contursi Terme<\/strong>, con le sue acque prodigiose, dista 10 minuti di auto.<\/p>\n<p><\/p><\/p>\n","protected":false},"excerpt":{"rendered":"<p>Tra le colline della provincia di Salerno un incantevole paese,Valva, sede di una prestigiosa villa marchesale di propriet\u00e0 dell&#8217; Ordine dei Cavalieri di Malta<\/p>\n","protected":false},"author":10,"featured_media":0,"comment_status":"open","ping_status":"open","sticky":false,"template":"","format":"standard","meta":{"cybocfi_hide_featured_image":"","footnotes":""},"categories":[143],"tags":[1198,6239],"class_list":["post-1972","post","type-post","status-publish","format-standard","hentry","category-destinazioni","tag-campania","tag-valle-del-sele"],"yoast_head":"<!-- This site is optimized with the Yoast SEO plugin v27.0 - https:\/\/yoast.com\/product\/yoast-seo-wordpress\/ -->\n<title>Un gioiello della Valle del Sele (Sa) - Article Marketing<\/title>\n<meta name=\"robots\" content=\"index, follow, max-snippet:-1, max-image-preview:large, max-video-preview:-1\" \/>\n<link rel=\"canonical\" href=\"https:\/\/www.article-marketing.eu\/comunicati\/viaggi-e-vacanze\/destinazioni\/un-gioiello-della-valle-del-sele-sa\/\" \/>\n<meta property=\"og:locale\" content=\"it_IT\" \/>\n<meta property=\"og:type\" content=\"article\" \/>\n<meta property=\"og:title\" content=\"Un gioiello della Valle del Sele (Sa) - Article Marketing\" \/>\n<meta property=\"og:description\" content=\"Tra le colline della provincia di Salerno un incantevole paese,Valva, sede di una prestigiosa villa marchesale di propriet\u00e0 dell&#039; Ordine dei Cavalieri di Malta\" \/>\n<meta property=\"og:url\" content=\"https:\/\/www.article-marketing.eu\/comunicati\/viaggi-e-vacanze\/destinazioni\/un-gioiello-della-valle-del-sele-sa\/\" \/>\n<meta property=\"og:site_name\" content=\"Article Marketing\" \/>\n<meta property=\"article:published_time\" content=\"2009-05-12T14:48:11+00:00\" \/>\n<meta name=\"author\" content=\"Redazione Comunicati Stampa\" \/>\n<meta name=\"twitter:card\" content=\"summary_large_image\" \/>\n<meta name=\"twitter:label1\" content=\"Scritto da\" \/>\n\t<meta name=\"twitter:data1\" content=\"Redazione Comunicati Stampa\" \/>\n\t<meta name=\"twitter:label2\" content=\"Tempo di lettura stimato\" \/>\n\t<meta name=\"twitter:data2\" content=\"3 minuti\" \/>\n<script type=\"application\/ld+json\" class=\"yoast-schema-graph\">{\"@context\":\"https:\/\/schema.org\",\"@graph\":[{\"@type\":\"Article\",\"@id\":\"https:\/\/www.article-marketing.eu\/comunicati\/viaggi-e-vacanze\/destinazioni\/un-gioiello-della-valle-del-sele-sa\/#article\",\"isPartOf\":{\"@id\":\"https:\/\/www.article-marketing.eu\/comunicati\/viaggi-e-vacanze\/destinazioni\/un-gioiello-della-valle-del-sele-sa\/\"},\"author\":{\"name\":\"Redazione Comunicati Stampa\",\"@id\":\"https:\/\/www.article-marketing.eu\/comunicati\/#\/schema\/person\/44372e4d4d0fa797b18e03ed1ace9017\"},\"headline\":\"Un gioiello della Valle del Sele (Sa)\",\"datePublished\":\"2009-05-12T14:48:11+00:00\",\"mainEntityOfPage\":{\"@id\":\"https:\/\/www.article-marketing.eu\/comunicati\/viaggi-e-vacanze\/destinazioni\/un-gioiello-della-valle-del-sele-sa\/\"},\"wordCount\":529,\"commentCount\":0,\"keywords\":[\"Campania\",\"Valle del Sele\"],\"articleSection\":[\"Destinazioni\"],\"inLanguage\":\"it-IT\",\"potentialAction\":[{\"@type\":\"CommentAction\",\"name\":\"Comment\",\"target\":[\"https:\/\/www.article-marketing.eu\/comunicati\/viaggi-e-vacanze\/destinazioni\/un-gioiello-della-valle-del-sele-sa\/#respond\"]}]},{\"@type\":\"WebPage\",\"@id\":\"https:\/\/www.article-marketing.eu\/comunicati\/viaggi-e-vacanze\/destinazioni\/un-gioiello-della-valle-del-sele-sa\/\",\"url\":\"https:\/\/www.article-marketing.eu\/comunicati\/viaggi-e-vacanze\/destinazioni\/un-gioiello-della-valle-del-sele-sa\/\",\"name\":\"Un gioiello della Valle del Sele (Sa) - Article Marketing\",\"isPartOf\":{\"@id\":\"https:\/\/www.article-marketing.eu\/comunicati\/#website\"},\"datePublished\":\"2009-05-12T14:48:11+00:00\",\"author\":{\"@id\":\"https:\/\/www.article-marketing.eu\/comunicati\/#\/schema\/person\/44372e4d4d0fa797b18e03ed1ace9017\"},\"breadcrumb\":{\"@id\":\"https:\/\/www.article-marketing.eu\/comunicati\/viaggi-e-vacanze\/destinazioni\/un-gioiello-della-valle-del-sele-sa\/#breadcrumb\"},\"inLanguage\":\"it-IT\",\"potentialAction\":[{\"@type\":\"ReadAction\",\"target\":[\"https:\/\/www.article-marketing.eu\/comunicati\/viaggi-e-vacanze\/destinazioni\/un-gioiello-della-valle-del-sele-sa\/\"]}]},{\"@type\":\"BreadcrumbList\",\"@id\":\"https:\/\/www.article-marketing.eu\/comunicati\/viaggi-e-vacanze\/destinazioni\/un-gioiello-della-valle-del-sele-sa\/#breadcrumb\",\"itemListElement\":[{\"@type\":\"ListItem\",\"position\":1,\"name\":\"Home\",\"item\":\"https:\/\/www.article-marketing.eu\/comunicati\/\"},{\"@type\":\"ListItem\",\"position\":2,\"name\":\"Un gioiello della Valle del Sele (Sa)\"}]},{\"@type\":\"WebSite\",\"@id\":\"https:\/\/www.article-marketing.eu\/comunicati\/#website\",\"url\":\"https:\/\/www.article-marketing.eu\/comunicati\/\",\"name\":\"Article Marketing\",\"description\":\"article marketing &amp; press release\",\"potentialAction\":[{\"@type\":\"SearchAction\",\"target\":{\"@type\":\"EntryPoint\",\"urlTemplate\":\"https:\/\/www.article-marketing.eu\/comunicati\/?s={search_term_string}\"},\"query-input\":{\"@type\":\"PropertyValueSpecification\",\"valueRequired\":true,\"valueName\":\"search_term_string\"}}],\"inLanguage\":\"it-IT\"},{\"@type\":\"Person\",\"@id\":\"https:\/\/www.article-marketing.eu\/comunicati\/#\/schema\/person\/44372e4d4d0fa797b18e03ed1ace9017\",\"name\":\"Redazione Comunicati Stampa\",\"image\":{\"@type\":\"ImageObject\",\"inLanguage\":\"it-IT\",\"@id\":\"https:\/\/www.article-marketing.eu\/comunicati\/#\/schema\/person\/image\/\",\"url\":\"https:\/\/secure.gravatar.com\/avatar\/50e5c6421d3072f42e7ace803501602c60d75233d34e29fd05feb91c8760b792?s=96&d=mm&r=g\",\"contentUrl\":\"https:\/\/secure.gravatar.com\/avatar\/50e5c6421d3072f42e7ace803501602c60d75233d34e29fd05feb91c8760b792?s=96&d=mm&r=g\",\"caption\":\"Redazione Comunicati Stampa\"},\"url\":\"https:\/\/www.article-marketing.eu\/comunicati\/author\/redazione-comunicati-stampa\/\"}]}<\/script>\n<!-- \/ Yoast SEO plugin. -->","yoast_head_json":{"title":"Un gioiello della Valle del Sele (Sa) - Article Marketing","robots":{"index":"index","follow":"follow","max-snippet":"max-snippet:-1","max-image-preview":"max-image-preview:large","max-video-preview":"max-video-preview:-1"},"canonical":"https:\/\/www.article-marketing.eu\/comunicati\/viaggi-e-vacanze\/destinazioni\/un-gioiello-della-valle-del-sele-sa\/","og_locale":"it_IT","og_type":"article","og_title":"Un gioiello della Valle del Sele (Sa) - Article Marketing","og_description":"Tra le colline della provincia di Salerno un incantevole paese,Valva, sede di una prestigiosa villa marchesale di propriet\u00e0 dell' Ordine dei Cavalieri di Malta","og_url":"https:\/\/www.article-marketing.eu\/comunicati\/viaggi-e-vacanze\/destinazioni\/un-gioiello-della-valle-del-sele-sa\/","og_site_name":"Article Marketing","article_published_time":"2009-05-12T14:48:11+00:00","author":"Redazione Comunicati Stampa","twitter_card":"summary_large_image","twitter_misc":{"Scritto da":"Redazione Comunicati Stampa","Tempo di lettura stimato":"3 minuti"},"schema":{"@context":"https:\/\/schema.org","@graph":[{"@type":"Article","@id":"https:\/\/www.article-marketing.eu\/comunicati\/viaggi-e-vacanze\/destinazioni\/un-gioiello-della-valle-del-sele-sa\/#article","isPartOf":{"@id":"https:\/\/www.article-marketing.eu\/comunicati\/viaggi-e-vacanze\/destinazioni\/un-gioiello-della-valle-del-sele-sa\/"},"author":{"name":"Redazione Comunicati Stampa","@id":"https:\/\/www.article-marketing.eu\/comunicati\/#\/schema\/person\/44372e4d4d0fa797b18e03ed1ace9017"},"headline":"Un gioiello della Valle del Sele (Sa)","datePublished":"2009-05-12T14:48:11+00:00","mainEntityOfPage":{"@id":"https:\/\/www.article-marketing.eu\/comunicati\/viaggi-e-vacanze\/destinazioni\/un-gioiello-della-valle-del-sele-sa\/"},"wordCount":529,"commentCount":0,"keywords":["Campania","Valle del Sele"],"articleSection":["Destinazioni"],"inLanguage":"it-IT","potentialAction":[{"@type":"CommentAction","name":"Comment","target":["https:\/\/www.article-marketing.eu\/comunicati\/viaggi-e-vacanze\/destinazioni\/un-gioiello-della-valle-del-sele-sa\/#respond"]}]},{"@type":"WebPage","@id":"https:\/\/www.article-marketing.eu\/comunicati\/viaggi-e-vacanze\/destinazioni\/un-gioiello-della-valle-del-sele-sa\/","url":"https:\/\/www.article-marketing.eu\/comunicati\/viaggi-e-vacanze\/destinazioni\/un-gioiello-della-valle-del-sele-sa\/","name":"Un gioiello della Valle del Sele (Sa) - Article Marketing","isPartOf":{"@id":"https:\/\/www.article-marketing.eu\/comunicati\/#website"},"datePublished":"2009-05-12T14:48:11+00:00","author":{"@id":"https:\/\/www.article-marketing.eu\/comunicati\/#\/schema\/person\/44372e4d4d0fa797b18e03ed1ace9017"},"breadcrumb":{"@id":"https:\/\/www.article-marketing.eu\/comunicati\/viaggi-e-vacanze\/destinazioni\/un-gioiello-della-valle-del-sele-sa\/#breadcrumb"},"inLanguage":"it-IT","potentialAction":[{"@type":"ReadAction","target":["https:\/\/www.article-marketing.eu\/comunicati\/viaggi-e-vacanze\/destinazioni\/un-gioiello-della-valle-del-sele-sa\/"]}]},{"@type":"BreadcrumbList","@id":"https:\/\/www.article-marketing.eu\/comunicati\/viaggi-e-vacanze\/destinazioni\/un-gioiello-della-valle-del-sele-sa\/#breadcrumb","itemListElement":[{"@type":"ListItem","position":1,"name":"Home","item":"https:\/\/www.article-marketing.eu\/comunicati\/"},{"@type":"ListItem","position":2,"name":"Un gioiello della Valle del Sele (Sa)"}]},{"@type":"WebSite","@id":"https:\/\/www.article-marketing.eu\/comunicati\/#website","url":"https:\/\/www.article-marketing.eu\/comunicati\/","name":"Article Marketing","description":"article marketing &amp; press release","potentialAction":[{"@type":"SearchAction","target":{"@type":"EntryPoint","urlTemplate":"https:\/\/www.article-marketing.eu\/comunicati\/?s={search_term_string}"},"query-input":{"@type":"PropertyValueSpecification","valueRequired":true,"valueName":"search_term_string"}}],"inLanguage":"it-IT"},{"@type":"Person","@id":"https:\/\/www.article-marketing.eu\/comunicati\/#\/schema\/person\/44372e4d4d0fa797b18e03ed1ace9017","name":"Redazione Comunicati Stampa","image":{"@type":"ImageObject","inLanguage":"it-IT","@id":"https:\/\/www.article-marketing.eu\/comunicati\/#\/schema\/person\/image\/","url":"https:\/\/secure.gravatar.com\/avatar\/50e5c6421d3072f42e7ace803501602c60d75233d34e29fd05feb91c8760b792?s=96&d=mm&r=g","contentUrl":"https:\/\/secure.gravatar.com\/avatar\/50e5c6421d3072f42e7ace803501602c60d75233d34e29fd05feb91c8760b792?s=96&d=mm&r=g","caption":"Redazione Comunicati Stampa"},"url":"https:\/\/www.article-marketing.eu\/comunicati\/author\/redazione-comunicati-stampa\/"}]}},"_links":{"self":[{"href":"https:\/\/www.article-marketing.eu\/comunicati\/wp-json\/wp\/v2\/posts\/1972","targetHints":{"allow":["GET"]}}],"collection":[{"href":"https:\/\/www.article-marketing.eu\/comunicati\/wp-json\/wp\/v2\/posts"}],"about":[{"href":"https:\/\/www.article-marketing.eu\/comunicati\/wp-json\/wp\/v2\/types\/post"}],"author":[{"embeddable":true,"href":"https:\/\/www.article-marketing.eu\/comunicati\/wp-json\/wp\/v2\/users\/10"}],"replies":[{"embeddable":true,"href":"https:\/\/www.article-marketing.eu\/comunicati\/wp-json\/wp\/v2\/comments?post=1972"}],"version-history":[{"count":0,"href":"https:\/\/www.article-marketing.eu\/comunicati\/wp-json\/wp\/v2\/posts\/1972\/revisions"}],"wp:attachment":[{"href":"https:\/\/www.article-marketing.eu\/comunicati\/wp-json\/wp\/v2\/media?parent=1972"}],"wp:term":[{"taxonomy":"category","embeddable":true,"href":"https:\/\/www.article-marketing.eu\/comunicati\/wp-json\/wp\/v2\/categories?post=1972"},{"taxonomy":"post_tag","embeddable":true,"href":"https:\/\/www.article-marketing.eu\/comunicati\/wp-json\/wp\/v2\/tags?post=1972"}],"curies":[{"name":"wp","href":"https:\/\/api.w.org\/{rel}","templated":true}]}}