{"id":1988,"date":"2009-05-14T19:55:17","date_gmt":"2009-05-14T17:55:17","guid":{"rendered":"http:\/\/www.article-marketing.eu\/comunicati\/senza-categoria\/fiera-del-libro-presentazione-del-primo-libro-scritto-con-gli-occhi\/"},"modified":"2009-05-14T19:55:17","modified_gmt":"2009-05-14T17:55:17","slug":"fiera-del-libro-presentazione-del-primo-libro-scritto-con-gli-occhi","status":"publish","type":"post","link":"https:\/\/www.article-marketing.eu\/comunicati\/comunicati-stampa\/eventi\/fiera-del-libro-presentazione-del-primo-libro-scritto-con-gli-occhi\/","title":{"rendered":"FIERA DEL LIBRO,  presentazione del primo libro scritto con gli occhi."},"content":{"rendered":"<p>FIERA INTERNAZIONALE DEL LIBRO di Torino.<br \/>\nPRESENTAZIONE DEL LIBRO &#8220;il ramarro verde&#8221;, scritto da Michele Riva e curato da Gabriella Serravalle, edito da Edizioni Creativa.<\/p>\n<p>Luned\u00ec 18 maggio alle ore 14 presso la sala piazza Italia verr\u00e0 presentato il libro sulla SCLEROSI LATERALE AMIOTROFICA scritto da Michele Riva, affetto da questa malattia, un inno alla vita, un invito a lottare e a non arrendersi alla malattia.<br \/>\nIl primo libro scritto interamente grazie alla tecnologia &#8220;Eye tracker&#8221;, il sistema di controllo oculare che permette di scrivere con il solo movimento degli occhi.<br \/>\nINTERVERRANNO : Eleonora Artesio (ass. reg. piemonte sanit\u00e0), Nino Boeti (medico e cons.reg.), Adriano Chi\u00f2 (ricerc. centro sla univ.di to), Gianluca Dal Lago (amm. del. SRLABS ), Gianluca Ferrara (edizioni creativa), Giuseppe Galanzino (dir. gen. molinette), Gilberto Giuffrida (sindaco Beinasco), Nicola Le Grottaglie (calciatore), Gabriella Manera (segr. AISLA), Marco Nappi (calciatore). <\/p>\n<p> IL RUOLO DELLA SCRITTURA &#8230;..<br \/>\nnon avrei mai pensato di perdere la mia bella favella, estroverso e portato alla comunicazione e al contatto verbale da sempre,<br \/>\npi\u00f9 precisamente da quando da adoloscente mio pap\u00e0 mi regal\u00f2 una radio ricetrasmittente, un CQ, come veniva chiamato quel tipo di radio che poi pi\u00f9 avanti mi fece diventare radioamatore con contatti con ogni paese del mondo.<br \/>\nPerdere l&#8217;uso della parola \u00e8 drammatico, in qualsiasi sciagurata ipotesi \u00e8 una cosa difficile da accettare, a quarantanni e a causa di una malattia che ti rende immobile come la sclerosi laterale amiotrofica lo \u00e8 ancor di pi\u00f9.<br \/>\nDiventare muto a causa della tracheostomia che ti ha salvato la vita \u00e8 il vero controsenso.<br \/>\nIl mio approccio con la scrittura \u00e8 avvenuto cos\u00ec, grazie alla tecnologia eye tracker, il sistema di scrittura a controllo oculare che oggi mi consente di comunicare con la gente,<br \/>\nlo scrivere per poter dare voce ai miei pensieri, un sintetizzatore vocale \u00e8 diventato il mio nuovo suono, il solo modo di farmi sentire da chi \u00e8 presente intorno a me .<br \/>\nMa la vera sorpresa doveva ancora arrivare, dopo poco tempo ho sentito un forte desiderio di raccontarmi, di iniziare a scrivere,<br \/>\nproprio io che ero negato nello scrivere anche solo di auguri su una cartolina postale e che non avevo mai il tempo e la voglia di aprire un libro &#8230;..<br \/>\nHo iniziato cos\u00ec, con la voglia di raccontarmi, la mia prima esperienza letteraria,<br \/>\npi\u00f9 andavo avanti e pi\u00f9 mi appassionavo, come un vero scrittore pi\u00f9 scrivevo e pi\u00f9 ero soddisfatto del mio nuovo modo di raccontarmi e di diffondere quello che volevo esprimere.<br \/>\nL\u00ec ho capito che scrivere \u00e8 fondamentale per sentirsi vivi, scrivere \u00e8 uno dei modi migliori per vivere e continuare a sentirsi una persona come prima, nonostante la malattia,<br \/>\nscrivere \u00e8 realt\u00e0 e meravigliose nuove possibilit\u00e0 di esistere,<br \/>\n&#8220;il ramarro verde&#8221;, il primo libro scritto con gli occhi, edito da EDITZIONI CREATIVA ,<br \/>\nun inno alla vita e a non mollare mai,  anche nella malattia si pu\u00f2 gioire per le belle cose che la vita ci regala.<br \/>\nMichele Riva.<\/p>\n","protected":false},"excerpt":{"rendered":"<p>IL RAMARRO VERDE,  presentazione del nuovo libro scritto con il solo movimento degli occhi da Michele Riva, malato SLA.<\/p>\n","protected":false},"author":10,"featured_media":0,"comment_status":"open","ping_status":"open","sticky":false,"template":"","format":"standard","meta":{"cybocfi_hide_featured_image":"","footnotes":""},"categories":[388],"tags":[6284,1877,1879,6285],"class_list":["post-1988","post","type-post","status-publish","format-standard","hentry","category-eventi","tag-fiera-del-libro","tag-il-ramarro-verde","tag-sclerosi-laterale-amiotrofica","tag-sla"],"yoast_head":"<!-- This site is optimized with the Yoast SEO plugin v27.0 - https:\/\/yoast.com\/product\/yoast-seo-wordpress\/ -->\n<title>FIERA DEL LIBRO, presentazione del primo libro scritto con gli occhi. - Article Marketing<\/title>\n<meta name=\"robots\" content=\"index, follow, max-snippet:-1, max-image-preview:large, max-video-preview:-1\" \/>\n<link rel=\"canonical\" href=\"https:\/\/www.article-marketing.eu\/comunicati\/comunicati-stampa\/eventi\/fiera-del-libro-presentazione-del-primo-libro-scritto-con-gli-occhi\/\" \/>\n<meta property=\"og:locale\" content=\"it_IT\" \/>\n<meta property=\"og:type\" content=\"article\" \/>\n<meta property=\"og:title\" content=\"FIERA DEL LIBRO, presentazione del primo libro scritto con gli occhi. - Article Marketing\" \/>\n<meta property=\"og:description\" content=\"IL RAMARRO VERDE, presentazione del nuovo libro scritto con il solo movimento degli occhi da Michele Riva, malato SLA.\" \/>\n<meta property=\"og:url\" content=\"https:\/\/www.article-marketing.eu\/comunicati\/comunicati-stampa\/eventi\/fiera-del-libro-presentazione-del-primo-libro-scritto-con-gli-occhi\/\" \/>\n<meta property=\"og:site_name\" content=\"Article Marketing\" \/>\n<meta property=\"article:published_time\" content=\"2009-05-14T17:55:17+00:00\" \/>\n<meta name=\"author\" content=\"Redazione Comunicati Stampa\" \/>\n<meta name=\"twitter:card\" content=\"summary_large_image\" \/>\n<meta name=\"twitter:label1\" content=\"Scritto da\" \/>\n\t<meta name=\"twitter:data1\" content=\"Redazione Comunicati Stampa\" \/>\n\t<meta name=\"twitter:label2\" content=\"Tempo di lettura stimato\" \/>\n\t<meta name=\"twitter:data2\" content=\"2 minuti\" \/>\n<script type=\"application\/ld+json\" class=\"yoast-schema-graph\">{\"@context\":\"https:\/\/schema.org\",\"@graph\":[{\"@type\":\"Article\",\"@id\":\"https:\/\/www.article-marketing.eu\/comunicati\/comunicati-stampa\/eventi\/fiera-del-libro-presentazione-del-primo-libro-scritto-con-gli-occhi\/#article\",\"isPartOf\":{\"@id\":\"https:\/\/www.article-marketing.eu\/comunicati\/comunicati-stampa\/eventi\/fiera-del-libro-presentazione-del-primo-libro-scritto-con-gli-occhi\/\"},\"author\":{\"name\":\"Redazione Comunicati Stampa\",\"@id\":\"https:\/\/www.article-marketing.eu\/comunicati\/#\/schema\/person\/44372e4d4d0fa797b18e03ed1ace9017\"},\"headline\":\"FIERA DEL LIBRO, presentazione del primo libro scritto con gli occhi.\",\"datePublished\":\"2009-05-14T17:55:17+00:00\",\"mainEntityOfPage\":{\"@id\":\"https:\/\/www.article-marketing.eu\/comunicati\/comunicati-stampa\/eventi\/fiera-del-libro-presentazione-del-primo-libro-scritto-con-gli-occhi\/\"},\"wordCount\":489,\"commentCount\":0,\"keywords\":[\"fiera del libro\",\"IL RAMARRO VERDE\",\"sclerosi laterale amiotrofica\",\"sla\"],\"articleSection\":[\"Eventi\"],\"inLanguage\":\"it-IT\",\"potentialAction\":[{\"@type\":\"CommentAction\",\"name\":\"Comment\",\"target\":[\"https:\/\/www.article-marketing.eu\/comunicati\/comunicati-stampa\/eventi\/fiera-del-libro-presentazione-del-primo-libro-scritto-con-gli-occhi\/#respond\"]}]},{\"@type\":\"WebPage\",\"@id\":\"https:\/\/www.article-marketing.eu\/comunicati\/comunicati-stampa\/eventi\/fiera-del-libro-presentazione-del-primo-libro-scritto-con-gli-occhi\/\",\"url\":\"https:\/\/www.article-marketing.eu\/comunicati\/comunicati-stampa\/eventi\/fiera-del-libro-presentazione-del-primo-libro-scritto-con-gli-occhi\/\",\"name\":\"FIERA DEL LIBRO, presentazione del primo libro scritto con gli occhi. - Article Marketing\",\"isPartOf\":{\"@id\":\"https:\/\/www.article-marketing.eu\/comunicati\/#website\"},\"datePublished\":\"2009-05-14T17:55:17+00:00\",\"author\":{\"@id\":\"https:\/\/www.article-marketing.eu\/comunicati\/#\/schema\/person\/44372e4d4d0fa797b18e03ed1ace9017\"},\"breadcrumb\":{\"@id\":\"https:\/\/www.article-marketing.eu\/comunicati\/comunicati-stampa\/eventi\/fiera-del-libro-presentazione-del-primo-libro-scritto-con-gli-occhi\/#breadcrumb\"},\"inLanguage\":\"it-IT\",\"potentialAction\":[{\"@type\":\"ReadAction\",\"target\":[\"https:\/\/www.article-marketing.eu\/comunicati\/comunicati-stampa\/eventi\/fiera-del-libro-presentazione-del-primo-libro-scritto-con-gli-occhi\/\"]}]},{\"@type\":\"BreadcrumbList\",\"@id\":\"https:\/\/www.article-marketing.eu\/comunicati\/comunicati-stampa\/eventi\/fiera-del-libro-presentazione-del-primo-libro-scritto-con-gli-occhi\/#breadcrumb\",\"itemListElement\":[{\"@type\":\"ListItem\",\"position\":1,\"name\":\"Home\",\"item\":\"https:\/\/www.article-marketing.eu\/comunicati\/\"},{\"@type\":\"ListItem\",\"position\":2,\"name\":\"FIERA DEL LIBRO, presentazione del primo libro scritto con gli occhi.\"}]},{\"@type\":\"WebSite\",\"@id\":\"https:\/\/www.article-marketing.eu\/comunicati\/#website\",\"url\":\"https:\/\/www.article-marketing.eu\/comunicati\/\",\"name\":\"Article Marketing\",\"description\":\"article marketing &amp; press release\",\"potentialAction\":[{\"@type\":\"SearchAction\",\"target\":{\"@type\":\"EntryPoint\",\"urlTemplate\":\"https:\/\/www.article-marketing.eu\/comunicati\/?s={search_term_string}\"},\"query-input\":{\"@type\":\"PropertyValueSpecification\",\"valueRequired\":true,\"valueName\":\"search_term_string\"}}],\"inLanguage\":\"it-IT\"},{\"@type\":\"Person\",\"@id\":\"https:\/\/www.article-marketing.eu\/comunicati\/#\/schema\/person\/44372e4d4d0fa797b18e03ed1ace9017\",\"name\":\"Redazione Comunicati Stampa\",\"image\":{\"@type\":\"ImageObject\",\"inLanguage\":\"it-IT\",\"@id\":\"https:\/\/www.article-marketing.eu\/comunicati\/#\/schema\/person\/image\/\",\"url\":\"https:\/\/secure.gravatar.com\/avatar\/50e5c6421d3072f42e7ace803501602c60d75233d34e29fd05feb91c8760b792?s=96&d=mm&r=g\",\"contentUrl\":\"https:\/\/secure.gravatar.com\/avatar\/50e5c6421d3072f42e7ace803501602c60d75233d34e29fd05feb91c8760b792?s=96&d=mm&r=g\",\"caption\":\"Redazione Comunicati Stampa\"},\"url\":\"https:\/\/www.article-marketing.eu\/comunicati\/author\/redazione-comunicati-stampa\/\"}]}<\/script>\n<!-- \/ Yoast SEO plugin. -->","yoast_head_json":{"title":"FIERA DEL LIBRO, presentazione del primo libro scritto con gli occhi. - Article Marketing","robots":{"index":"index","follow":"follow","max-snippet":"max-snippet:-1","max-image-preview":"max-image-preview:large","max-video-preview":"max-video-preview:-1"},"canonical":"https:\/\/www.article-marketing.eu\/comunicati\/comunicati-stampa\/eventi\/fiera-del-libro-presentazione-del-primo-libro-scritto-con-gli-occhi\/","og_locale":"it_IT","og_type":"article","og_title":"FIERA DEL LIBRO, presentazione del primo libro scritto con gli occhi. - Article Marketing","og_description":"IL RAMARRO VERDE, presentazione del nuovo libro scritto con il solo movimento degli occhi da Michele Riva, malato SLA.","og_url":"https:\/\/www.article-marketing.eu\/comunicati\/comunicati-stampa\/eventi\/fiera-del-libro-presentazione-del-primo-libro-scritto-con-gli-occhi\/","og_site_name":"Article Marketing","article_published_time":"2009-05-14T17:55:17+00:00","author":"Redazione Comunicati Stampa","twitter_card":"summary_large_image","twitter_misc":{"Scritto da":"Redazione Comunicati Stampa","Tempo di lettura stimato":"2 minuti"},"schema":{"@context":"https:\/\/schema.org","@graph":[{"@type":"Article","@id":"https:\/\/www.article-marketing.eu\/comunicati\/comunicati-stampa\/eventi\/fiera-del-libro-presentazione-del-primo-libro-scritto-con-gli-occhi\/#article","isPartOf":{"@id":"https:\/\/www.article-marketing.eu\/comunicati\/comunicati-stampa\/eventi\/fiera-del-libro-presentazione-del-primo-libro-scritto-con-gli-occhi\/"},"author":{"name":"Redazione Comunicati Stampa","@id":"https:\/\/www.article-marketing.eu\/comunicati\/#\/schema\/person\/44372e4d4d0fa797b18e03ed1ace9017"},"headline":"FIERA DEL LIBRO, presentazione del primo libro scritto con gli occhi.","datePublished":"2009-05-14T17:55:17+00:00","mainEntityOfPage":{"@id":"https:\/\/www.article-marketing.eu\/comunicati\/comunicati-stampa\/eventi\/fiera-del-libro-presentazione-del-primo-libro-scritto-con-gli-occhi\/"},"wordCount":489,"commentCount":0,"keywords":["fiera del libro","IL RAMARRO VERDE","sclerosi laterale amiotrofica","sla"],"articleSection":["Eventi"],"inLanguage":"it-IT","potentialAction":[{"@type":"CommentAction","name":"Comment","target":["https:\/\/www.article-marketing.eu\/comunicati\/comunicati-stampa\/eventi\/fiera-del-libro-presentazione-del-primo-libro-scritto-con-gli-occhi\/#respond"]}]},{"@type":"WebPage","@id":"https:\/\/www.article-marketing.eu\/comunicati\/comunicati-stampa\/eventi\/fiera-del-libro-presentazione-del-primo-libro-scritto-con-gli-occhi\/","url":"https:\/\/www.article-marketing.eu\/comunicati\/comunicati-stampa\/eventi\/fiera-del-libro-presentazione-del-primo-libro-scritto-con-gli-occhi\/","name":"FIERA DEL LIBRO, presentazione del primo libro scritto con gli occhi. - Article Marketing","isPartOf":{"@id":"https:\/\/www.article-marketing.eu\/comunicati\/#website"},"datePublished":"2009-05-14T17:55:17+00:00","author":{"@id":"https:\/\/www.article-marketing.eu\/comunicati\/#\/schema\/person\/44372e4d4d0fa797b18e03ed1ace9017"},"breadcrumb":{"@id":"https:\/\/www.article-marketing.eu\/comunicati\/comunicati-stampa\/eventi\/fiera-del-libro-presentazione-del-primo-libro-scritto-con-gli-occhi\/#breadcrumb"},"inLanguage":"it-IT","potentialAction":[{"@type":"ReadAction","target":["https:\/\/www.article-marketing.eu\/comunicati\/comunicati-stampa\/eventi\/fiera-del-libro-presentazione-del-primo-libro-scritto-con-gli-occhi\/"]}]},{"@type":"BreadcrumbList","@id":"https:\/\/www.article-marketing.eu\/comunicati\/comunicati-stampa\/eventi\/fiera-del-libro-presentazione-del-primo-libro-scritto-con-gli-occhi\/#breadcrumb","itemListElement":[{"@type":"ListItem","position":1,"name":"Home","item":"https:\/\/www.article-marketing.eu\/comunicati\/"},{"@type":"ListItem","position":2,"name":"FIERA DEL LIBRO, presentazione del primo libro scritto con gli occhi."}]},{"@type":"WebSite","@id":"https:\/\/www.article-marketing.eu\/comunicati\/#website","url":"https:\/\/www.article-marketing.eu\/comunicati\/","name":"Article Marketing","description":"article marketing &amp; press release","potentialAction":[{"@type":"SearchAction","target":{"@type":"EntryPoint","urlTemplate":"https:\/\/www.article-marketing.eu\/comunicati\/?s={search_term_string}"},"query-input":{"@type":"PropertyValueSpecification","valueRequired":true,"valueName":"search_term_string"}}],"inLanguage":"it-IT"},{"@type":"Person","@id":"https:\/\/www.article-marketing.eu\/comunicati\/#\/schema\/person\/44372e4d4d0fa797b18e03ed1ace9017","name":"Redazione Comunicati Stampa","image":{"@type":"ImageObject","inLanguage":"it-IT","@id":"https:\/\/www.article-marketing.eu\/comunicati\/#\/schema\/person\/image\/","url":"https:\/\/secure.gravatar.com\/avatar\/50e5c6421d3072f42e7ace803501602c60d75233d34e29fd05feb91c8760b792?s=96&d=mm&r=g","contentUrl":"https:\/\/secure.gravatar.com\/avatar\/50e5c6421d3072f42e7ace803501602c60d75233d34e29fd05feb91c8760b792?s=96&d=mm&r=g","caption":"Redazione Comunicati Stampa"},"url":"https:\/\/www.article-marketing.eu\/comunicati\/author\/redazione-comunicati-stampa\/"}]}},"_links":{"self":[{"href":"https:\/\/www.article-marketing.eu\/comunicati\/wp-json\/wp\/v2\/posts\/1988","targetHints":{"allow":["GET"]}}],"collection":[{"href":"https:\/\/www.article-marketing.eu\/comunicati\/wp-json\/wp\/v2\/posts"}],"about":[{"href":"https:\/\/www.article-marketing.eu\/comunicati\/wp-json\/wp\/v2\/types\/post"}],"author":[{"embeddable":true,"href":"https:\/\/www.article-marketing.eu\/comunicati\/wp-json\/wp\/v2\/users\/10"}],"replies":[{"embeddable":true,"href":"https:\/\/www.article-marketing.eu\/comunicati\/wp-json\/wp\/v2\/comments?post=1988"}],"version-history":[{"count":0,"href":"https:\/\/www.article-marketing.eu\/comunicati\/wp-json\/wp\/v2\/posts\/1988\/revisions"}],"wp:attachment":[{"href":"https:\/\/www.article-marketing.eu\/comunicati\/wp-json\/wp\/v2\/media?parent=1988"}],"wp:term":[{"taxonomy":"category","embeddable":true,"href":"https:\/\/www.article-marketing.eu\/comunicati\/wp-json\/wp\/v2\/categories?post=1988"},{"taxonomy":"post_tag","embeddable":true,"href":"https:\/\/www.article-marketing.eu\/comunicati\/wp-json\/wp\/v2\/tags?post=1988"}],"curies":[{"name":"wp","href":"https:\/\/api.w.org\/{rel}","templated":true}]}}