{"id":2015,"date":"2009-05-19T12:46:48","date_gmt":"2009-05-19T10:46:48","guid":{"rendered":"http:\/\/www.article-marketing.eu\/comunicati\/senza-categoria\/roma-concerto-lenny-kravitz-5-giugno-2009\/"},"modified":"2009-05-19T12:46:48","modified_gmt":"2009-05-19T10:46:48","slug":"roma-concerto-lenny-kravitz-5-giugno-2009","status":"publish","type":"post","link":"https:\/\/www.article-marketing.eu\/comunicati\/comunicati-stampa\/eventi\/roma-concerto-lenny-kravitz-5-giugno-2009\/","title":{"rendered":"Roma: Concerto Lenny Kravitz, 5 Giugno 2009"},"content":{"rendered":"<p>Il minitour estivo di Lenny Kravitz in Italia, parte del tour che coinvolger\u00e0 varie citt\u00e0 europee, \u00e8 un gradito ritorno dopo le esibizioni tenute dal rocker la scorsa estate al Pistoia Blues Festival e al Milano Jazzin\u2019 Festival in occasione dell\u2019uscita del suo ultimo album, It&#8217;s Time for a Love Revolution, disco che ha debuttato al numero 4 nella storica classifica Billboard (un record per un album di Lenny Kravitz), ottenendo un grande successo, sia di pubblico che di critica, in tutto il mondo. L\u2019occasione per i fan, che accorreranno numerosi nella capitale e nelle altre citt\u00e0 toccate dal tour (prenotate subito un hotel low cost a Roma) stavolta \u00e8 per\u00f2 ancora pi\u00f9 ghiotta, ed ha il sapore di una vera a propria celebrazione della carriera del cantante e polistrumentista: nel 2009 cade infatti il ventennale dell\u2019inizio della carriera dell\u2019artista, che pubblic\u00f2 il suo primo album, Let Love Rule, nell\u2019ormai lontano 1989. L\u2019artista ha deciso di festeggiare questa importante ricorrenza, oltre che con il tour europeo, anche con la pubblicazione di una versione speciale del primo album, Let Love Rule 20th Anniversary Edition, che contiene 6 canzoni in pi\u00f9 rispetto alla versione originale e un CD dal vivo extra.<\/p>\n<p>A detta di Kravitz stesso sembra quasi impossibile che siano gi\u00e0 passati due decenni da quando, appena ventiquattrenne, faceva il suo ingresso nel mondo della musica con un album ricco di influenze funky e soul che gi\u00e0 conteneva i germi di un talento che si sarebbe posto sempre pi\u00f9 in luce con gli album a venire, senza far mai registrare segnali di crisi sia in termini di qualit\u00e0 che di successo: in 20 anni l\u2019artista ha infatti venduto oltre 38 milioni di dischi, ottenendo vari dischi di platino e altri importanti premi. La chiave del successo continuo dell\u2019artista sta probabilmente nella passione che Kravitz sa mettere nel suo lavoro, una passione che col tempo non \u00e8 affatto diminuita, ma anzi cresce sempre di pi\u00f9 portandolo ad esplorare campi diversi, come \u00e8 accaduto, per esempio, con l\u2019album 5, nel quale Kravitz speriment\u00f2 per la prima volta l\u2019uso di sonorit\u00e0 elettriche. Un altro elemento che gioca a favore del musicista, e che lo rende una delle star pi\u00f9 amate del mondo, \u00e8 la sua capacit\u00e0 si stare su un palcoscenico, e coloro che assisteranno al concerto nella capitale soggiornando in un campeggio a Roma avranno modo di provare sulla propria pelle il carisma e la bravura del rocker, che oltre a cantare suona vari strumenti, sempre accompagnato da ottimi musicisti.<\/p>\n<p>Approfittate dei molti <a href=\"http:\/\/it.flashbooking.com\/navigation\/europa_italia_roma_all_all.html\">pacchetti vacanza per Roma<\/a> e preparatevi ad ascoltare alcune delle hit storiche di Lenny Kravitz, come Are You Gonna Go My Way, Rock and Roll is Dead, Fly Away, American Woman, Again, e i pezzi pi\u00f9 recenti tratti dall\u2019ultimo album, come Bring it on e I&#8217;ll be Waiting.<\/p>\n<p>Biglietti: 30 \u2013 50 euro <br \/>Data: 5 Giugno 2009 <br \/>Dove: Palalottomatica, Roma, Italia<\/p>\n","protected":false},"excerpt":{"rendered":"<p>Arriva l\u2019estate, stagione di concerti, festival e musica dal vivo. Tra i tanti eventi musicali che si svolgeranno in Italia quest\u2019estate, uno dei pi\u00f9 attesi \u00e8 sicuramente il concerto di Lenny Kravitz, che diffonder\u00e0 la sua musica in quattro citt\u00e0: a Collegno il 3 giugno, a Roma il 5, a Brescia il 6 e a Lucca l\u201911 luglio.<\/p>\n","protected":false},"author":10,"featured_media":0,"comment_status":"open","ping_status":"open","sticky":false,"template":"","format":"standard","meta":{"cybocfi_hide_featured_image":"","footnotes":""},"categories":[388],"tags":[2058,6351,5669,6353,251,6352],"class_list":["post-2015","post","type-post","status-publish","format-standard","hentry","category-eventi","tag-concerto","tag-lenny-kravitz","tag-musica-dal-vivo","tag-palalottomatica","tag-roma","tag-tour-estivi"],"yoast_head":"<!-- This site is optimized with the Yoast SEO plugin v27.0 - https:\/\/yoast.com\/product\/yoast-seo-wordpress\/ -->\n<title>Roma: Concerto Lenny Kravitz, 5 Giugno 2009 - Article Marketing<\/title>\n<meta name=\"robots\" content=\"index, follow, max-snippet:-1, max-image-preview:large, max-video-preview:-1\" \/>\n<link rel=\"canonical\" href=\"https:\/\/www.article-marketing.eu\/comunicati\/comunicati-stampa\/eventi\/roma-concerto-lenny-kravitz-5-giugno-2009\/\" \/>\n<meta property=\"og:locale\" content=\"it_IT\" \/>\n<meta property=\"og:type\" content=\"article\" \/>\n<meta property=\"og:title\" content=\"Roma: Concerto Lenny Kravitz, 5 Giugno 2009 - Article Marketing\" \/>\n<meta property=\"og:description\" content=\"Arriva l\u2019estate, stagione di concerti, festival e musica dal vivo. Tra i tanti eventi musicali che si svolgeranno in Italia quest\u2019estate, uno dei pi\u00f9 attesi \u00e8 sicuramente il concerto di Lenny Kravitz, che diffonder\u00e0 la sua musica in quattro citt\u00e0: a Collegno il 3 giugno, a Roma il 5, a Brescia il 6 e a Lucca l\u201911 luglio.\" \/>\n<meta property=\"og:url\" content=\"https:\/\/www.article-marketing.eu\/comunicati\/comunicati-stampa\/eventi\/roma-concerto-lenny-kravitz-5-giugno-2009\/\" \/>\n<meta property=\"og:site_name\" content=\"Article Marketing\" \/>\n<meta property=\"article:published_time\" content=\"2009-05-19T10:46:48+00:00\" \/>\n<meta name=\"author\" content=\"Redazione Comunicati Stampa\" \/>\n<meta name=\"twitter:card\" content=\"summary_large_image\" \/>\n<meta name=\"twitter:label1\" content=\"Scritto da\" \/>\n\t<meta name=\"twitter:data1\" content=\"Redazione Comunicati Stampa\" \/>\n\t<meta name=\"twitter:label2\" content=\"Tempo di lettura stimato\" \/>\n\t<meta name=\"twitter:data2\" content=\"2 minuti\" \/>\n<script type=\"application\/ld+json\" class=\"yoast-schema-graph\">{\"@context\":\"https:\/\/schema.org\",\"@graph\":[{\"@type\":\"Article\",\"@id\":\"https:\/\/www.article-marketing.eu\/comunicati\/comunicati-stampa\/eventi\/roma-concerto-lenny-kravitz-5-giugno-2009\/#article\",\"isPartOf\":{\"@id\":\"https:\/\/www.article-marketing.eu\/comunicati\/comunicati-stampa\/eventi\/roma-concerto-lenny-kravitz-5-giugno-2009\/\"},\"author\":{\"name\":\"Redazione Comunicati Stampa\",\"@id\":\"https:\/\/www.article-marketing.eu\/comunicati\/#\/schema\/person\/44372e4d4d0fa797b18e03ed1ace9017\"},\"headline\":\"Roma: Concerto Lenny Kravitz, 5 Giugno 2009\",\"datePublished\":\"2009-05-19T10:46:48+00:00\",\"mainEntityOfPage\":{\"@id\":\"https:\/\/www.article-marketing.eu\/comunicati\/comunicati-stampa\/eventi\/roma-concerto-lenny-kravitz-5-giugno-2009\/\"},\"wordCount\":480,\"commentCount\":0,\"keywords\":[\"concerto\",\"Lenny Kravitz\",\"musica dal vivo\",\"Palalottomatica\",\"roma\",\"tour estivi\"],\"articleSection\":[\"Eventi\"],\"inLanguage\":\"it-IT\",\"potentialAction\":[{\"@type\":\"CommentAction\",\"name\":\"Comment\",\"target\":[\"https:\/\/www.article-marketing.eu\/comunicati\/comunicati-stampa\/eventi\/roma-concerto-lenny-kravitz-5-giugno-2009\/#respond\"]}]},{\"@type\":\"WebPage\",\"@id\":\"https:\/\/www.article-marketing.eu\/comunicati\/comunicati-stampa\/eventi\/roma-concerto-lenny-kravitz-5-giugno-2009\/\",\"url\":\"https:\/\/www.article-marketing.eu\/comunicati\/comunicati-stampa\/eventi\/roma-concerto-lenny-kravitz-5-giugno-2009\/\",\"name\":\"Roma: Concerto Lenny Kravitz, 5 Giugno 2009 - Article Marketing\",\"isPartOf\":{\"@id\":\"https:\/\/www.article-marketing.eu\/comunicati\/#website\"},\"datePublished\":\"2009-05-19T10:46:48+00:00\",\"author\":{\"@id\":\"https:\/\/www.article-marketing.eu\/comunicati\/#\/schema\/person\/44372e4d4d0fa797b18e03ed1ace9017\"},\"breadcrumb\":{\"@id\":\"https:\/\/www.article-marketing.eu\/comunicati\/comunicati-stampa\/eventi\/roma-concerto-lenny-kravitz-5-giugno-2009\/#breadcrumb\"},\"inLanguage\":\"it-IT\",\"potentialAction\":[{\"@type\":\"ReadAction\",\"target\":[\"https:\/\/www.article-marketing.eu\/comunicati\/comunicati-stampa\/eventi\/roma-concerto-lenny-kravitz-5-giugno-2009\/\"]}]},{\"@type\":\"BreadcrumbList\",\"@id\":\"https:\/\/www.article-marketing.eu\/comunicati\/comunicati-stampa\/eventi\/roma-concerto-lenny-kravitz-5-giugno-2009\/#breadcrumb\",\"itemListElement\":[{\"@type\":\"ListItem\",\"position\":1,\"name\":\"Home\",\"item\":\"https:\/\/www.article-marketing.eu\/comunicati\/\"},{\"@type\":\"ListItem\",\"position\":2,\"name\":\"Roma: Concerto Lenny Kravitz, 5 Giugno 2009\"}]},{\"@type\":\"WebSite\",\"@id\":\"https:\/\/www.article-marketing.eu\/comunicati\/#website\",\"url\":\"https:\/\/www.article-marketing.eu\/comunicati\/\",\"name\":\"Article Marketing\",\"description\":\"article marketing &amp; press release\",\"potentialAction\":[{\"@type\":\"SearchAction\",\"target\":{\"@type\":\"EntryPoint\",\"urlTemplate\":\"https:\/\/www.article-marketing.eu\/comunicati\/?s={search_term_string}\"},\"query-input\":{\"@type\":\"PropertyValueSpecification\",\"valueRequired\":true,\"valueName\":\"search_term_string\"}}],\"inLanguage\":\"it-IT\"},{\"@type\":\"Person\",\"@id\":\"https:\/\/www.article-marketing.eu\/comunicati\/#\/schema\/person\/44372e4d4d0fa797b18e03ed1ace9017\",\"name\":\"Redazione Comunicati Stampa\",\"image\":{\"@type\":\"ImageObject\",\"inLanguage\":\"it-IT\",\"@id\":\"https:\/\/www.article-marketing.eu\/comunicati\/#\/schema\/person\/image\/\",\"url\":\"https:\/\/secure.gravatar.com\/avatar\/50e5c6421d3072f42e7ace803501602c60d75233d34e29fd05feb91c8760b792?s=96&d=mm&r=g\",\"contentUrl\":\"https:\/\/secure.gravatar.com\/avatar\/50e5c6421d3072f42e7ace803501602c60d75233d34e29fd05feb91c8760b792?s=96&d=mm&r=g\",\"caption\":\"Redazione Comunicati Stampa\"},\"url\":\"https:\/\/www.article-marketing.eu\/comunicati\/author\/redazione-comunicati-stampa\/\"}]}<\/script>\n<!-- \/ Yoast SEO plugin. -->","yoast_head_json":{"title":"Roma: Concerto Lenny Kravitz, 5 Giugno 2009 - Article Marketing","robots":{"index":"index","follow":"follow","max-snippet":"max-snippet:-1","max-image-preview":"max-image-preview:large","max-video-preview":"max-video-preview:-1"},"canonical":"https:\/\/www.article-marketing.eu\/comunicati\/comunicati-stampa\/eventi\/roma-concerto-lenny-kravitz-5-giugno-2009\/","og_locale":"it_IT","og_type":"article","og_title":"Roma: Concerto Lenny Kravitz, 5 Giugno 2009 - Article Marketing","og_description":"Arriva l\u2019estate, stagione di concerti, festival e musica dal vivo. Tra i tanti eventi musicali che si svolgeranno in Italia quest\u2019estate, uno dei pi\u00f9 attesi \u00e8 sicuramente il concerto di Lenny Kravitz, che diffonder\u00e0 la sua musica in quattro citt\u00e0: a Collegno il 3 giugno, a Roma il 5, a Brescia il 6 e a Lucca l\u201911 luglio.","og_url":"https:\/\/www.article-marketing.eu\/comunicati\/comunicati-stampa\/eventi\/roma-concerto-lenny-kravitz-5-giugno-2009\/","og_site_name":"Article Marketing","article_published_time":"2009-05-19T10:46:48+00:00","author":"Redazione Comunicati Stampa","twitter_card":"summary_large_image","twitter_misc":{"Scritto da":"Redazione Comunicati Stampa","Tempo di lettura stimato":"2 minuti"},"schema":{"@context":"https:\/\/schema.org","@graph":[{"@type":"Article","@id":"https:\/\/www.article-marketing.eu\/comunicati\/comunicati-stampa\/eventi\/roma-concerto-lenny-kravitz-5-giugno-2009\/#article","isPartOf":{"@id":"https:\/\/www.article-marketing.eu\/comunicati\/comunicati-stampa\/eventi\/roma-concerto-lenny-kravitz-5-giugno-2009\/"},"author":{"name":"Redazione Comunicati Stampa","@id":"https:\/\/www.article-marketing.eu\/comunicati\/#\/schema\/person\/44372e4d4d0fa797b18e03ed1ace9017"},"headline":"Roma: Concerto Lenny Kravitz, 5 Giugno 2009","datePublished":"2009-05-19T10:46:48+00:00","mainEntityOfPage":{"@id":"https:\/\/www.article-marketing.eu\/comunicati\/comunicati-stampa\/eventi\/roma-concerto-lenny-kravitz-5-giugno-2009\/"},"wordCount":480,"commentCount":0,"keywords":["concerto","Lenny Kravitz","musica dal vivo","Palalottomatica","roma","tour estivi"],"articleSection":["Eventi"],"inLanguage":"it-IT","potentialAction":[{"@type":"CommentAction","name":"Comment","target":["https:\/\/www.article-marketing.eu\/comunicati\/comunicati-stampa\/eventi\/roma-concerto-lenny-kravitz-5-giugno-2009\/#respond"]}]},{"@type":"WebPage","@id":"https:\/\/www.article-marketing.eu\/comunicati\/comunicati-stampa\/eventi\/roma-concerto-lenny-kravitz-5-giugno-2009\/","url":"https:\/\/www.article-marketing.eu\/comunicati\/comunicati-stampa\/eventi\/roma-concerto-lenny-kravitz-5-giugno-2009\/","name":"Roma: Concerto Lenny Kravitz, 5 Giugno 2009 - Article Marketing","isPartOf":{"@id":"https:\/\/www.article-marketing.eu\/comunicati\/#website"},"datePublished":"2009-05-19T10:46:48+00:00","author":{"@id":"https:\/\/www.article-marketing.eu\/comunicati\/#\/schema\/person\/44372e4d4d0fa797b18e03ed1ace9017"},"breadcrumb":{"@id":"https:\/\/www.article-marketing.eu\/comunicati\/comunicati-stampa\/eventi\/roma-concerto-lenny-kravitz-5-giugno-2009\/#breadcrumb"},"inLanguage":"it-IT","potentialAction":[{"@type":"ReadAction","target":["https:\/\/www.article-marketing.eu\/comunicati\/comunicati-stampa\/eventi\/roma-concerto-lenny-kravitz-5-giugno-2009\/"]}]},{"@type":"BreadcrumbList","@id":"https:\/\/www.article-marketing.eu\/comunicati\/comunicati-stampa\/eventi\/roma-concerto-lenny-kravitz-5-giugno-2009\/#breadcrumb","itemListElement":[{"@type":"ListItem","position":1,"name":"Home","item":"https:\/\/www.article-marketing.eu\/comunicati\/"},{"@type":"ListItem","position":2,"name":"Roma: Concerto Lenny Kravitz, 5 Giugno 2009"}]},{"@type":"WebSite","@id":"https:\/\/www.article-marketing.eu\/comunicati\/#website","url":"https:\/\/www.article-marketing.eu\/comunicati\/","name":"Article Marketing","description":"article marketing &amp; press release","potentialAction":[{"@type":"SearchAction","target":{"@type":"EntryPoint","urlTemplate":"https:\/\/www.article-marketing.eu\/comunicati\/?s={search_term_string}"},"query-input":{"@type":"PropertyValueSpecification","valueRequired":true,"valueName":"search_term_string"}}],"inLanguage":"it-IT"},{"@type":"Person","@id":"https:\/\/www.article-marketing.eu\/comunicati\/#\/schema\/person\/44372e4d4d0fa797b18e03ed1ace9017","name":"Redazione Comunicati Stampa","image":{"@type":"ImageObject","inLanguage":"it-IT","@id":"https:\/\/www.article-marketing.eu\/comunicati\/#\/schema\/person\/image\/","url":"https:\/\/secure.gravatar.com\/avatar\/50e5c6421d3072f42e7ace803501602c60d75233d34e29fd05feb91c8760b792?s=96&d=mm&r=g","contentUrl":"https:\/\/secure.gravatar.com\/avatar\/50e5c6421d3072f42e7ace803501602c60d75233d34e29fd05feb91c8760b792?s=96&d=mm&r=g","caption":"Redazione Comunicati Stampa"},"url":"https:\/\/www.article-marketing.eu\/comunicati\/author\/redazione-comunicati-stampa\/"}]}},"_links":{"self":[{"href":"https:\/\/www.article-marketing.eu\/comunicati\/wp-json\/wp\/v2\/posts\/2015","targetHints":{"allow":["GET"]}}],"collection":[{"href":"https:\/\/www.article-marketing.eu\/comunicati\/wp-json\/wp\/v2\/posts"}],"about":[{"href":"https:\/\/www.article-marketing.eu\/comunicati\/wp-json\/wp\/v2\/types\/post"}],"author":[{"embeddable":true,"href":"https:\/\/www.article-marketing.eu\/comunicati\/wp-json\/wp\/v2\/users\/10"}],"replies":[{"embeddable":true,"href":"https:\/\/www.article-marketing.eu\/comunicati\/wp-json\/wp\/v2\/comments?post=2015"}],"version-history":[{"count":0,"href":"https:\/\/www.article-marketing.eu\/comunicati\/wp-json\/wp\/v2\/posts\/2015\/revisions"}],"wp:attachment":[{"href":"https:\/\/www.article-marketing.eu\/comunicati\/wp-json\/wp\/v2\/media?parent=2015"}],"wp:term":[{"taxonomy":"category","embeddable":true,"href":"https:\/\/www.article-marketing.eu\/comunicati\/wp-json\/wp\/v2\/categories?post=2015"},{"taxonomy":"post_tag","embeddable":true,"href":"https:\/\/www.article-marketing.eu\/comunicati\/wp-json\/wp\/v2\/tags?post=2015"}],"curies":[{"name":"wp","href":"https:\/\/api.w.org\/{rel}","templated":true}]}}