{"id":2030,"date":"2009-05-22T16:11:16","date_gmt":"2009-05-22T14:11:16","guid":{"rendered":"http:\/\/www.article-marketing.eu\/comunicati\/senza-categoria\/accessibilit%e0-e-mobilit%e0-servoscale-montascale-ed-elevatori-per-vivere-la-propria-casa-in-piena-libert%e0\/"},"modified":"2018-06-04T20:15:44","modified_gmt":"2018-06-04T18:15:44","slug":"accessibilit%e0-e-mobilit%e0-servoscale-montascale-ed-elevatori-per-vivere-la-propria-casa-in-piena-libert%e0","status":"publish","type":"post","link":"https:\/\/www.article-marketing.eu\/comunicati\/casa\/accessibilit%e0-e-mobilit%e0-servoscale-montascale-ed-elevatori-per-vivere-la-propria-casa-in-piena-libert%e0\/","title":{"rendered":"Accessibilit\u00e0 e Mobilit\u00e0: Servoscale, Montascale ed Elevatori per vivere la propria casa in piena libert\u00e0"},"content":{"rendered":"<p>Dopo la partecipazione al Naidex a Birmingham e alla fiera Campionaria Internazionale di Padova, Vimec sar\u00e0 nuovamente presente a Verona in occasione del <strong>PTE Expo<\/strong> dal 26 al 28 maggio, con i prodotti dedicati all&#8217;accessibilit\u00e0 e alla mobilit\u00e0 domestica. Tecnologie, prodotti e servizi rivolti alla salute e al benessere della Terza Et\u00e0 sono i protagonisti del PTE Expo, principale rassegna espositiva del settore in Italia.&nbsp;Presso lo stand aziendale sar\u00e0 possibile vedere e provare dal vivo il servoscala con poltroncina Elba e i montascale mobili Roby e T06 Comfort, ricevendo tutte le informazioni sugli impianti, le agevolazioni e i vantaggi di tutte le&nbsp;soluzioni Vimec.<\/p>\n<p>Una visita al sito www.vimec.biz \u00e8 il modo pi\u00f9 immediato per conoscere i prodotti Vimec dedicati al superamento delle barriere architettoniche e al miglioramento della vita domestica delle persone con difficolt\u00e0 motorie. Schede complete di dati tecnici, depliant, informazioni inerenti le agevolazioni all&#8217;acquisto e le certificazioni&nbsp;sono fornite&nbsp;agli utenti interessati&nbsp;a <strong>Servoscala, Montascala ed <\/strong><strong>Elevatore domestico<\/strong><strong>&nbsp;<\/strong>e a&nbsp;tutta la gamma di prodotti. &nbsp;E&#8217; inoltre possibile richiedere online un preventivo gratuito su qualsiasi prodotto e individuare il rivenditore pi\u00f9 vicino. Una pratica guida all&#8217;acquisto aiuta gli utenti a trovare la soluzione giusta per ogni esigenza: dai servoscala e montascale mobili adatti ad ogni tipo di scala per migliorare la mobilit\u00e0 domestica e l&#8217;accessibilit\u00e0 degli edifici, agli ascensori domestici studiati per accrescere il comfort, il valore e il prestigio dell&#8217;abitazione domestica e degli ambienti aperti al pubblico.<\/p>\n<p>Di grande interesse l&#8217;<strong>elevatore domestico Easy Living<\/strong> che, disponibile da due a cinque piani, prevede installazioni semplici e su misura, senza la necessit\u00e0 di opere murarie invasive. Con il configuratore grafico online per Easy Living presente sul sito \u00e8 facile verificare come il design dell&#8217;elevatore domestico si adatti perfettamente all&#8217;atmosfera di ogni abitazione. I materiali e le finiture della cabina, l&#8217;illuminazione del tettuccio, la posizione della pulsantiera, il colore della struttura e gli accessori: ogni particolare pu\u00f2 essere scelto tra 100 opportunit\u00e0 di personalizzazione, per ottenere lo stile perfetto per il proprio gusto.<\/p>\n<p>L&#8217;installazione degli ausili Vimec gode dei <strong>contributi statali e<\/strong> <strong>delle agevolazioni fiscali<\/strong> previste per gli interventi volti all&#8217;abbattimento delle barriere architettoniche e costituisce spesa sanitaria detraibile per portatori di handicap. Per maggiori informazioni \u00e8 sufficiente accedere al sito oppure contattare Vimec al Numero Verde 800 204042: la rete di punti di consulenza all\u2019acquisto e di assistenza \u00e8 presente in ogni provincia italiana.<\/p>\n","protected":false},"excerpt":{"rendered":"<p><i>Dal 26 al 28 Maggio Vimec presenta elevatore, servoscala e montascala al PTE Expo di Verona<\/i><\/p>\n","protected":false},"author":10,"featured_media":0,"comment_status":"open","ping_status":"open","sticky":false,"template":"","format":"standard","meta":{"cybocfi_hide_featured_image":"","footnotes":""},"categories":[390],"tags":[3152,6393,6391,6395,6394,6390,6389,6392],"class_list":["post-2030","post","type-post","status-publish","format-standard","hentry","category-casa","tag-accessibilita","tag-elevatore","tag-elevatore-domestico","tag-home-comfort","tag-mobilita-domestica","tag-montascale","tag-servoscale","tag-vimec"],"yoast_head":"<!-- This site is optimized with the Yoast SEO plugin v27.0 - https:\/\/yoast.com\/product\/yoast-seo-wordpress\/ -->\n<title>Accessibilit\u00e0 e Mobilit\u00e0: Servoscale, Montascale ed Elevatori per vivere la propria casa in piena libert\u00e0 - Article Marketing<\/title>\n<meta name=\"robots\" content=\"index, follow, max-snippet:-1, max-image-preview:large, max-video-preview:-1\" \/>\n<link rel=\"canonical\" href=\"https:\/\/www.article-marketing.eu\/comunicati\/casa\/accessibilit?-e-mobilit?-servoscale-montascale-ed-elevatori-per-vivere-la-propria-casa-in-piena-libert?\/\" \/>\n<meta property=\"og:locale\" content=\"it_IT\" \/>\n<meta property=\"og:type\" content=\"article\" \/>\n<meta property=\"og:title\" content=\"Accessibilit\u00e0 e Mobilit\u00e0: Servoscale, Montascale ed Elevatori per vivere la propria casa in piena libert\u00e0 - Article Marketing\" \/>\n<meta property=\"og:description\" content=\"Dal 26 al 28 Maggio Vimec presenta elevatore, servoscala e montascala al PTE Expo di Verona\" \/>\n<meta property=\"og:url\" content=\"\" \/>\n<meta property=\"og:site_name\" content=\"Article Marketing\" \/>\n<meta property=\"article:published_time\" content=\"2009-05-22T14:11:16+00:00\" \/>\n<meta property=\"article:modified_time\" content=\"2018-06-04T18:15:44+00:00\" \/>\n<meta name=\"author\" content=\"Redazione Comunicati Stampa\" \/>\n<meta name=\"twitter:card\" content=\"summary_large_image\" \/>\n<meta name=\"twitter:label1\" content=\"Scritto da\" \/>\n\t<meta name=\"twitter:data1\" content=\"Redazione Comunicati Stampa\" \/>\n\t<meta name=\"twitter:label2\" content=\"Tempo di lettura stimato\" \/>\n\t<meta name=\"twitter:data2\" content=\"2 minuti\" \/>\n<script type=\"application\/ld+json\" class=\"yoast-schema-graph\">{\"@context\":\"https:\/\/schema.org\",\"@graph\":[{\"@type\":\"Article\",\"@id\":\"https:\/\/www.article-marketing.eu\/comunicati\/casa\/accessibilit%e0-e-mobilit%e0-servoscale-montascale-ed-elevatori-per-vivere-la-propria-casa-in-piena-libert%e0\/#article\",\"isPartOf\":{\"@id\":\"https:\/\/www.article-marketing.eu\/comunicati\/casa\/accessibilit%e0-e-mobilit%e0-servoscale-montascale-ed-elevatori-per-vivere-la-propria-casa-in-piena-libert%e0\/\"},\"author\":{\"name\":\"Redazione Comunicati Stampa\",\"@id\":\"https:\/\/www.article-marketing.eu\/comunicati\/#\/schema\/person\/44372e4d4d0fa797b18e03ed1ace9017\"},\"headline\":\"Accessibilit\u00e0 e Mobilit\u00e0: Servoscale, Montascale ed Elevatori per vivere la propria casa in piena libert\u00e0\",\"datePublished\":\"2009-05-22T14:11:16+00:00\",\"dateModified\":\"2018-06-04T18:15:44+00:00\",\"mainEntityOfPage\":{\"@id\":\"https:\/\/www.article-marketing.eu\/comunicati\/casa\/accessibilit%e0-e-mobilit%e0-servoscale-montascale-ed-elevatori-per-vivere-la-propria-casa-in-piena-libert%e0\/\"},\"wordCount\":414,\"commentCount\":0,\"keywords\":[\"accessibilit\u00e0\",\"Elevatore\",\"Elevatore domestico\",\"Home Comfort\",\"Mobilit\u00e0 domestica\",\"Montascale\",\"Servoscale\",\"Vimec\"],\"articleSection\":[\"Casa\"],\"inLanguage\":\"it-IT\",\"potentialAction\":[{\"@type\":\"CommentAction\",\"name\":\"Comment\",\"target\":[\"https:\/\/www.article-marketing.eu\/comunicati\/casa\/accessibilit%e0-e-mobilit%e0-servoscale-montascale-ed-elevatori-per-vivere-la-propria-casa-in-piena-libert%e0\/#respond\"]}]},{\"@type\":\"WebPage\",\"@id\":\"https:\/\/www.article-marketing.eu\/comunicati\/casa\/accessibilit%e0-e-mobilit%e0-servoscale-montascale-ed-elevatori-per-vivere-la-propria-casa-in-piena-libert%e0\/\",\"url\":\"https:\/\/www.article-marketing.eu\/comunicati\/casa\/accessibilit%e0-e-mobilit%e0-servoscale-montascale-ed-elevatori-per-vivere-la-propria-casa-in-piena-libert%e0\/\",\"name\":\"Accessibilit\u00e0 e Mobilit\u00e0: Servoscale, Montascale ed Elevatori per vivere la propria casa in piena libert\u00e0 - Article Marketing\",\"isPartOf\":{\"@id\":\"https:\/\/www.article-marketing.eu\/comunicati\/#website\"},\"datePublished\":\"2009-05-22T14:11:16+00:00\",\"dateModified\":\"2018-06-04T18:15:44+00:00\",\"author\":{\"@id\":\"https:\/\/www.article-marketing.eu\/comunicati\/#\/schema\/person\/44372e4d4d0fa797b18e03ed1ace9017\"},\"breadcrumb\":{\"@id\":\"https:\/\/www.article-marketing.eu\/comunicati\/casa\/accessibilit%e0-e-mobilit%e0-servoscale-montascale-ed-elevatori-per-vivere-la-propria-casa-in-piena-libert%e0\/#breadcrumb\"},\"inLanguage\":\"it-IT\",\"potentialAction\":[{\"@type\":\"ReadAction\",\"target\":[\"https:\/\/www.article-marketing.eu\/comunicati\/casa\/accessibilit%e0-e-mobilit%e0-servoscale-montascale-ed-elevatori-per-vivere-la-propria-casa-in-piena-libert%e0\/\"]}]},{\"@type\":\"BreadcrumbList\",\"@id\":\"https:\/\/www.article-marketing.eu\/comunicati\/casa\/accessibilit%e0-e-mobilit%e0-servoscale-montascale-ed-elevatori-per-vivere-la-propria-casa-in-piena-libert%e0\/#breadcrumb\",\"itemListElement\":[{\"@type\":\"ListItem\",\"position\":1,\"name\":\"Home\",\"item\":\"https:\/\/www.article-marketing.eu\/comunicati\/\"},{\"@type\":\"ListItem\",\"position\":2,\"name\":\"Accessibilit\u00e0 e Mobilit\u00e0: Servoscale, Montascale ed Elevatori per vivere la propria casa in piena libert\u00e0\"}]},{\"@type\":\"WebSite\",\"@id\":\"https:\/\/www.article-marketing.eu\/comunicati\/#website\",\"url\":\"https:\/\/www.article-marketing.eu\/comunicati\/\",\"name\":\"Article Marketing\",\"description\":\"article marketing &amp; press release\",\"potentialAction\":[{\"@type\":\"SearchAction\",\"target\":{\"@type\":\"EntryPoint\",\"urlTemplate\":\"https:\/\/www.article-marketing.eu\/comunicati\/?s={search_term_string}\"},\"query-input\":{\"@type\":\"PropertyValueSpecification\",\"valueRequired\":true,\"valueName\":\"search_term_string\"}}],\"inLanguage\":\"it-IT\"},{\"@type\":\"Person\",\"@id\":\"https:\/\/www.article-marketing.eu\/comunicati\/#\/schema\/person\/44372e4d4d0fa797b18e03ed1ace9017\",\"name\":\"Redazione Comunicati Stampa\",\"image\":{\"@type\":\"ImageObject\",\"inLanguage\":\"it-IT\",\"@id\":\"https:\/\/www.article-marketing.eu\/comunicati\/#\/schema\/person\/image\/\",\"url\":\"https:\/\/secure.gravatar.com\/avatar\/50e5c6421d3072f42e7ace803501602c60d75233d34e29fd05feb91c8760b792?s=96&d=mm&r=g\",\"contentUrl\":\"https:\/\/secure.gravatar.com\/avatar\/50e5c6421d3072f42e7ace803501602c60d75233d34e29fd05feb91c8760b792?s=96&d=mm&r=g\",\"caption\":\"Redazione Comunicati Stampa\"},\"url\":\"https:\/\/www.article-marketing.eu\/comunicati\/author\/redazione-comunicati-stampa\/\"}]}<\/script>\n<!-- \/ Yoast SEO plugin. -->","yoast_head_json":{"title":"Accessibilit\u00e0 e Mobilit\u00e0: Servoscale, Montascale ed Elevatori per vivere la propria casa in piena libert\u00e0 - Article Marketing","robots":{"index":"index","follow":"follow","max-snippet":"max-snippet:-1","max-image-preview":"max-image-preview:large","max-video-preview":"max-video-preview:-1"},"canonical":"https:\/\/www.article-marketing.eu\/comunicati\/casa\/accessibilit?-e-mobilit?-servoscale-montascale-ed-elevatori-per-vivere-la-propria-casa-in-piena-libert?\/","og_locale":"it_IT","og_type":"article","og_title":"Accessibilit\u00e0 e Mobilit\u00e0: Servoscale, Montascale ed Elevatori per vivere la propria casa in piena libert\u00e0 - Article Marketing","og_description":"Dal 26 al 28 Maggio Vimec presenta elevatore, servoscala e montascala al PTE Expo di Verona","og_url":"https:\/\/www.article-marketing.eu\/comunicati\/casa\/accessibilit?-e-mobilit?-servoscale-montascale-ed-elevatori-per-vivere-la-propria-casa-in-piena-libert?\/","og_site_name":"Article Marketing","article_published_time":"2009-05-22T14:11:16+00:00","article_modified_time":"2018-06-04T18:15:44+00:00","author":"Redazione Comunicati Stampa","twitter_card":"summary_large_image","twitter_misc":{"Scritto da":"Redazione Comunicati Stampa","Tempo di lettura stimato":"2 minuti"},"schema":{"@context":"https:\/\/schema.org","@graph":[{"@type":"Article","@id":"https:\/\/www.article-marketing.eu\/comunicati\/casa\/accessibilit%e0-e-mobilit%e0-servoscale-montascale-ed-elevatori-per-vivere-la-propria-casa-in-piena-libert%e0\/#article","isPartOf":{"@id":"https:\/\/www.article-marketing.eu\/comunicati\/casa\/accessibilit%e0-e-mobilit%e0-servoscale-montascale-ed-elevatori-per-vivere-la-propria-casa-in-piena-libert%e0\/"},"author":{"name":"Redazione Comunicati Stampa","@id":"https:\/\/www.article-marketing.eu\/comunicati\/#\/schema\/person\/44372e4d4d0fa797b18e03ed1ace9017"},"headline":"Accessibilit\u00e0 e Mobilit\u00e0: Servoscale, Montascale ed Elevatori per vivere la propria casa in piena libert\u00e0","datePublished":"2009-05-22T14:11:16+00:00","dateModified":"2018-06-04T18:15:44+00:00","mainEntityOfPage":{"@id":"https:\/\/www.article-marketing.eu\/comunicati\/casa\/accessibilit%e0-e-mobilit%e0-servoscale-montascale-ed-elevatori-per-vivere-la-propria-casa-in-piena-libert%e0\/"},"wordCount":414,"commentCount":0,"keywords":["accessibilit\u00e0","Elevatore","Elevatore domestico","Home Comfort","Mobilit\u00e0 domestica","Montascale","Servoscale","Vimec"],"articleSection":["Casa"],"inLanguage":"it-IT","potentialAction":[{"@type":"CommentAction","name":"Comment","target":["https:\/\/www.article-marketing.eu\/comunicati\/casa\/accessibilit%e0-e-mobilit%e0-servoscale-montascale-ed-elevatori-per-vivere-la-propria-casa-in-piena-libert%e0\/#respond"]}]},{"@type":"WebPage","@id":"https:\/\/www.article-marketing.eu\/comunicati\/casa\/accessibilit%e0-e-mobilit%e0-servoscale-montascale-ed-elevatori-per-vivere-la-propria-casa-in-piena-libert%e0\/","url":"https:\/\/www.article-marketing.eu\/comunicati\/casa\/accessibilit%e0-e-mobilit%e0-servoscale-montascale-ed-elevatori-per-vivere-la-propria-casa-in-piena-libert%e0\/","name":"Accessibilit\u00e0 e Mobilit\u00e0: Servoscale, Montascale ed Elevatori per vivere la propria casa in piena libert\u00e0 - Article Marketing","isPartOf":{"@id":"https:\/\/www.article-marketing.eu\/comunicati\/#website"},"datePublished":"2009-05-22T14:11:16+00:00","dateModified":"2018-06-04T18:15:44+00:00","author":{"@id":"https:\/\/www.article-marketing.eu\/comunicati\/#\/schema\/person\/44372e4d4d0fa797b18e03ed1ace9017"},"breadcrumb":{"@id":"https:\/\/www.article-marketing.eu\/comunicati\/casa\/accessibilit%e0-e-mobilit%e0-servoscale-montascale-ed-elevatori-per-vivere-la-propria-casa-in-piena-libert%e0\/#breadcrumb"},"inLanguage":"it-IT","potentialAction":[{"@type":"ReadAction","target":["https:\/\/www.article-marketing.eu\/comunicati\/casa\/accessibilit%e0-e-mobilit%e0-servoscale-montascale-ed-elevatori-per-vivere-la-propria-casa-in-piena-libert%e0\/"]}]},{"@type":"BreadcrumbList","@id":"https:\/\/www.article-marketing.eu\/comunicati\/casa\/accessibilit%e0-e-mobilit%e0-servoscale-montascale-ed-elevatori-per-vivere-la-propria-casa-in-piena-libert%e0\/#breadcrumb","itemListElement":[{"@type":"ListItem","position":1,"name":"Home","item":"https:\/\/www.article-marketing.eu\/comunicati\/"},{"@type":"ListItem","position":2,"name":"Accessibilit\u00e0 e Mobilit\u00e0: Servoscale, Montascale ed Elevatori per vivere la propria casa in piena libert\u00e0"}]},{"@type":"WebSite","@id":"https:\/\/www.article-marketing.eu\/comunicati\/#website","url":"https:\/\/www.article-marketing.eu\/comunicati\/","name":"Article Marketing","description":"article marketing &amp; press release","potentialAction":[{"@type":"SearchAction","target":{"@type":"EntryPoint","urlTemplate":"https:\/\/www.article-marketing.eu\/comunicati\/?s={search_term_string}"},"query-input":{"@type":"PropertyValueSpecification","valueRequired":true,"valueName":"search_term_string"}}],"inLanguage":"it-IT"},{"@type":"Person","@id":"https:\/\/www.article-marketing.eu\/comunicati\/#\/schema\/person\/44372e4d4d0fa797b18e03ed1ace9017","name":"Redazione Comunicati Stampa","image":{"@type":"ImageObject","inLanguage":"it-IT","@id":"https:\/\/www.article-marketing.eu\/comunicati\/#\/schema\/person\/image\/","url":"https:\/\/secure.gravatar.com\/avatar\/50e5c6421d3072f42e7ace803501602c60d75233d34e29fd05feb91c8760b792?s=96&d=mm&r=g","contentUrl":"https:\/\/secure.gravatar.com\/avatar\/50e5c6421d3072f42e7ace803501602c60d75233d34e29fd05feb91c8760b792?s=96&d=mm&r=g","caption":"Redazione Comunicati Stampa"},"url":"https:\/\/www.article-marketing.eu\/comunicati\/author\/redazione-comunicati-stampa\/"}]}},"_links":{"self":[{"href":"https:\/\/www.article-marketing.eu\/comunicati\/wp-json\/wp\/v2\/posts\/2030","targetHints":{"allow":["GET"]}}],"collection":[{"href":"https:\/\/www.article-marketing.eu\/comunicati\/wp-json\/wp\/v2\/posts"}],"about":[{"href":"https:\/\/www.article-marketing.eu\/comunicati\/wp-json\/wp\/v2\/types\/post"}],"author":[{"embeddable":true,"href":"https:\/\/www.article-marketing.eu\/comunicati\/wp-json\/wp\/v2\/users\/10"}],"replies":[{"embeddable":true,"href":"https:\/\/www.article-marketing.eu\/comunicati\/wp-json\/wp\/v2\/comments?post=2030"}],"version-history":[{"count":1,"href":"https:\/\/www.article-marketing.eu\/comunicati\/wp-json\/wp\/v2\/posts\/2030\/revisions"}],"predecessor-version":[{"id":55475,"href":"https:\/\/www.article-marketing.eu\/comunicati\/wp-json\/wp\/v2\/posts\/2030\/revisions\/55475"}],"wp:attachment":[{"href":"https:\/\/www.article-marketing.eu\/comunicati\/wp-json\/wp\/v2\/media?parent=2030"}],"wp:term":[{"taxonomy":"category","embeddable":true,"href":"https:\/\/www.article-marketing.eu\/comunicati\/wp-json\/wp\/v2\/categories?post=2030"},{"taxonomy":"post_tag","embeddable":true,"href":"https:\/\/www.article-marketing.eu\/comunicati\/wp-json\/wp\/v2\/tags?post=2030"}],"curies":[{"name":"wp","href":"https:\/\/api.w.org\/{rel}","templated":true}]}}